{"id":63640,"date":"2012-09-14T12:46:07","date_gmt":"2012-09-14T11:46:07","guid":{"rendered":"http:\/\/www.visit-ulcinj.com\/blog\/?p=63640"},"modified":"2012-09-14T12:46:07","modified_gmt":"2012-09-14T11:46:07","slug":"dafina-zeqiri-jave-e-re-look-i-ri","status":"publish","type":"post","link":"https:\/\/www.visit-ulcinj.com\/blog\/2012\/09\/14\/dafina-zeqiri-jave-e-re-look-i-ri\/","title":{"rendered":"Dafina Zeqiri, jav\u00eb e re, \u201clook\u201d i ri"},"content":{"rendered":"<p><a href=\"http:\/\/www.visit-ulcinj.com\/blog\/wp-content\/uploads\/2012\/09\/dafina-zeqiri.jpg\"><img loading=\"lazy\" class=\"alignleft  wp-image-63641\" title=\"dafina zeqiri\" src=\"http:\/\/www.visit-ulcinj.com\/blog\/wp-content\/uploads\/2012\/09\/dafina-zeqiri.jpg\" alt=\"\" width=\"508\" height=\"360\" \/><\/a>N\u00eb Kosov\u00eb ajo \u00ebsht\u00eb m\u00eb e k\u00ebrkuara dhe m\u00eb e paguara. Dafina Zeqiri ka kaluar nj\u00eb ver\u00eb t\u00eb tejmbushur me koncerte n\u00ebp\u00ebr Kosov\u00eb e Shqip\u00ebri.<\/p>\n<p>K\u00ebng\u00ebt e saj p\u00eblqehen, k\u00ebndohen e klikohen nga nj\u00eb num\u00ebr i madh fansash. Ajo ka t\u00ebrhequr v\u00ebmendje me hitet e saj, me z\u00ebrin e ve\u00e7ant\u00eb, me videoklipet cil\u00ebsore, dhe s\u00eb fundmi edhe me lidhje-ndarjet me Ledrin, k\u00ebng\u00ebtar i suksessh\u00ebm edhe ky.<\/p>\n<p><a href=\"http:\/\/www.visit-ulcinj.com\/blog\/wp-content\/uploads\/2012\/09\/dafinazeqiri.jpg\"><img loading=\"lazy\" class=\"alignleft  wp-image-63642\" title=\"dafinazeqiri\" src=\"http:\/\/www.visit-ulcinj.com\/blog\/wp-content\/uploads\/2012\/09\/dafinazeqiri.jpg\" alt=\"\" width=\"508\" height=\"600\" \/><\/a><\/p>\n<p>Pastaj n\u00eb var\u00ebsi t\u00eb flok\u00ebve ajo na \u00ebsht\u00eb shfaqur me forma grimi nga m\u00eb t\u00eb ekzagjeruarat, deri tek ato m\u00eb t\u00eb thjeshtat, e jo pak her\u00eb uj\u00eb e sapun. Veshjet e zonjush\u00ebs Zeqiri jan\u00eb pjes\u00eb e nj\u00eb gard\u00ebrobe t\u00eb \u00e7mendur. Kombinimet e saj jan\u00eb po ashtu t\u00eb \u00e7uditshme.<\/p>\n<p>E ve\u00e7anta q\u00ebndron n\u00eb identitetin q\u00eb kjo k\u00ebng\u00ebtare ka krijuar. Publiku sheh prej saj nj\u00eb mish-mash ngjyrash e prerjesh e nuk habitet, as lodhet. P\u00ebrkundrazi, ajo p\u00eblqehet! Edhe neve na p\u00eblqen\u2026<\/p>\n<p><strong>Bluetooth<\/strong><\/p>\n<!--YouTube Error: bad URL entered-->\n","protected":false},"excerpt":{"rendered":"<p>N\u00eb Kosov\u00eb ajo \u00ebsht\u00eb m\u00eb e k\u00ebrkuara dhe m\u00eb e paguara. Dafina Zeqiri ka kaluar nj\u00eb ver\u00eb t\u00eb tejmbushur me koncerte n\u00ebp\u00ebr Kosov\u00eb e Shqip\u00ebri. K\u00ebng\u00ebt e saj p\u00eblqehen, k\u00ebndohen e klikohen nga nj\u00eb num\u00ebr i madh fansash. Ajo ka t\u00ebrhequr v\u00ebmendje me hitet e saj, me z\u00ebrin e ve\u00e7ant\u00eb, me videoklipet cil\u00ebsore, dhe s\u00eb [&hellip;]<\/p>\n","protected":false},"author":1,"featured_media":0,"comment_status":"open","ping_status":"closed","sticky":false,"template":"","format":"standard","meta":{"spay_email":"","jetpack_publicize_message":"","jetpack_is_tweetstorm":false,"jetpack_publicize_feature_enabled":true},"categories":[1],"tags":[4926],"jetpack_publicize_connections":[],"yoast_head":"<!-- This site is optimized with the Yoast SEO plugin v19.1 - https:\/\/yoast.com\/wordpress\/plugins\/seo\/ -->\n<title>Dafina Zeqiri, jav\u00eb e re, \u201clook\u201d i ri - Lajme nga Ulqini<\/title>\n<meta name=\"description\" content=\"N\u00eb Kosov\u00eb ajo \u00ebsht\u00eb m\u00eb e k\u00ebrkuara dhe m\u00eb e paguara. Dafina Zeqiri ka kaluar nj\u00eb ver\u00eb t\u00eb tejmbushur me koncerte n\u00ebp\u00ebr Kosov\u00eb e Shqip\u00ebri. K\u00ebng\u00ebt e saj\" \/>\n<meta name=\"robots\" content=\"index, follow, max-snippet:-1, max-image-preview:large, max-video-preview:-1\" \/>\n<link rel=\"canonical\" href=\"https:\/\/www.visit-ulcinj.com\/blog\/2012\/09\/14\/dafina-zeqiri-jave-e-re-look-i-ri\/\" \/>\n<meta property=\"og:locale\" content=\"en_US\" \/>\n<meta property=\"og:type\" content=\"article\" \/>\n<meta property=\"og:title\" content=\"Dafina Zeqiri, jav\u00eb e re, \u201clook\u201d i ri - Lajme nga Ulqini\" \/>\n<meta property=\"og:description\" content=\"N\u00eb Kosov\u00eb ajo \u00ebsht\u00eb m\u00eb e k\u00ebrkuara dhe m\u00eb e paguara. Dafina Zeqiri ka kaluar nj\u00eb ver\u00eb t\u00eb tejmbushur me koncerte n\u00ebp\u00ebr Kosov\u00eb e Shqip\u00ebri. K\u00ebng\u00ebt e saj\" \/>\n<meta property=\"og:url\" content=\"https:\/\/www.visit-ulcinj.com\/blog\/2012\/09\/14\/dafina-zeqiri-jave-e-re-look-i-ri\/\" \/>\n<meta property=\"og:site_name\" content=\"Lajme nga Ulqini\" \/>\n<meta property=\"article:published_time\" content=\"2012-09-14T11:46:07+00:00\" \/>\n<meta property=\"og:image\" content=\"http:\/\/www.visit-ulcinj.com\/blog\/wp-content\/uploads\/2012\/09\/dafina-zeqiri.jpg\" \/>\n<meta name=\"twitter:label1\" content=\"Written by\" \/>\n\t<meta name=\"twitter:data1\" content=\"ulqini\" \/>\n\t<meta name=\"twitter:label2\" content=\"Est. reading time\" \/>\n\t<meta name=\"twitter:data2\" content=\"1 minute\" \/>\n<script type=\"application\/ld+json\" class=\"yoast-schema-graph\">{\"@context\":\"https:\/\/schema.org\",\"@graph\":[{\"@type\":\"WebSite\",\"@id\":\"https:\/\/www.visit-ulcinj.com\/blog\/#website\",\"url\":\"https:\/\/www.visit-ulcinj.com\/blog\/\",\"name\":\"Lajme nga Ulqini\",\"description\":\"Lajme,Vijesti,Ulqini,Ulqin,Crna Gora,Mali i Zi\",\"potentialAction\":[{\"@type\":\"SearchAction\",\"target\":{\"@type\":\"EntryPoint\",\"urlTemplate\":\"https:\/\/www.visit-ulcinj.com\/blog\/?s={search_term_string}\"},\"query-input\":\"required name=search_term_string\"}],\"inLanguage\":\"en-US\"},{\"@type\":\"ImageObject\",\"inLanguage\":\"en-US\",\"@id\":\"https:\/\/www.visit-ulcinj.com\/blog\/2012\/09\/14\/dafina-zeqiri-jave-e-re-look-i-ri\/#primaryimage\",\"url\":\"http:\/\/www.visit-ulcinj.com\/blog\/wp-content\/uploads\/2012\/09\/dafina-zeqiri.jpg\",\"contentUrl\":\"http:\/\/www.visit-ulcinj.com\/blog\/wp-content\/uploads\/2012\/09\/dafina-zeqiri.jpg\"},{\"@type\":\"WebPage\",\"@id\":\"https:\/\/www.visit-ulcinj.com\/blog\/2012\/09\/14\/dafina-zeqiri-jave-e-re-look-i-ri\/#webpage\",\"url\":\"https:\/\/www.visit-ulcinj.com\/blog\/2012\/09\/14\/dafina-zeqiri-jave-e-re-look-i-ri\/\",\"name\":\"Dafina Zeqiri, jav\u00eb e re, \u201clook\u201d i ri - Lajme nga Ulqini\",\"isPartOf\":{\"@id\":\"https:\/\/www.visit-ulcinj.com\/blog\/#website\"},\"primaryImageOfPage\":{\"@id\":\"https:\/\/www.visit-ulcinj.com\/blog\/2012\/09\/14\/dafina-zeqiri-jave-e-re-look-i-ri\/#primaryimage\"},\"datePublished\":\"2012-09-14T11:46:07+00:00\",\"dateModified\":\"2012-09-14T11:46:07+00:00\",\"author\":{\"@id\":\"https:\/\/www.visit-ulcinj.com\/blog\/#\/schema\/person\/dcab619c614d3038751c63bc2aadc06d\"},\"description\":\"N\u00eb Kosov\u00eb ajo \u00ebsht\u00eb m\u00eb e k\u00ebrkuara dhe m\u00eb e paguara. Dafina Zeqiri ka kaluar nj\u00eb ver\u00eb t\u00eb tejmbushur me koncerte n\u00ebp\u00ebr Kosov\u00eb e Shqip\u00ebri. K\u00ebng\u00ebt e saj\",\"breadcrumb\":{\"@id\":\"https:\/\/www.visit-ulcinj.com\/blog\/2012\/09\/14\/dafina-zeqiri-jave-e-re-look-i-ri\/#breadcrumb\"},\"inLanguage\":\"en-US\",\"potentialAction\":[{\"@type\":\"ReadAction\",\"target\":[\"https:\/\/www.visit-ulcinj.com\/blog\/2012\/09\/14\/dafina-zeqiri-jave-e-re-look-i-ri\/\"]}]},{\"@type\":\"BreadcrumbList\",\"@id\":\"https:\/\/www.visit-ulcinj.com\/blog\/2012\/09\/14\/dafina-zeqiri-jave-e-re-look-i-ri\/#breadcrumb\",\"itemListElement\":[{\"@type\":\"ListItem\",\"position\":1,\"name\":\"Dafina Zeqiri, jav\u00eb e re, \u201clook\u201d i ri\"}]},{\"@type\":\"Person\",\"@id\":\"https:\/\/www.visit-ulcinj.com\/blog\/#\/schema\/person\/dcab619c614d3038751c63bc2aadc06d\",\"name\":\"ulqini\",\"sameAs\":[\"http:\/\/www.visit-ulcinj.com\"],\"url\":\"https:\/\/www.visit-ulcinj.com\/blog\/author\/admin\/\"}]}<\/script>\n<!-- \/ Yoast SEO plugin. -->","yoast_head_json":{"title":"Dafina Zeqiri, jav\u00eb e re, \u201clook\u201d i ri - Lajme nga Ulqini","description":"N\u00eb Kosov\u00eb ajo \u00ebsht\u00eb m\u00eb e k\u00ebrkuara dhe m\u00eb e paguara. Dafina Zeqiri ka kaluar nj\u00eb ver\u00eb t\u00eb tejmbushur me koncerte n\u00ebp\u00ebr Kosov\u00eb e Shqip\u00ebri. K\u00ebng\u00ebt e saj","robots":{"index":"index","follow":"follow","max-snippet":"max-snippet:-1","max-image-preview":"max-image-preview:large","max-video-preview":"max-video-preview:-1"},"canonical":"https:\/\/www.visit-ulcinj.com\/blog\/2012\/09\/14\/dafina-zeqiri-jave-e-re-look-i-ri\/","og_locale":"en_US","og_type":"article","og_title":"Dafina Zeqiri, jav\u00eb e re, \u201clook\u201d i ri - Lajme nga Ulqini","og_description":"N\u00eb Kosov\u00eb ajo \u00ebsht\u00eb m\u00eb e k\u00ebrkuara dhe m\u00eb e paguara. Dafina Zeqiri ka kaluar nj\u00eb ver\u00eb t\u00eb tejmbushur me koncerte n\u00ebp\u00ebr Kosov\u00eb e Shqip\u00ebri. K\u00ebng\u00ebt e saj","og_url":"https:\/\/www.visit-ulcinj.com\/blog\/2012\/09\/14\/dafina-zeqiri-jave-e-re-look-i-ri\/","og_site_name":"Lajme nga Ulqini","article_published_time":"2012-09-14T11:46:07+00:00","og_image":[{"url":"http:\/\/www.visit-ulcinj.com\/blog\/wp-content\/uploads\/2012\/09\/dafina-zeqiri.jpg"}],"twitter_misc":{"Written by":"ulqini","Est. reading time":"1 minute"},"schema":{"@context":"https:\/\/schema.org","@graph":[{"@type":"WebSite","@id":"https:\/\/www.visit-ulcinj.com\/blog\/#website","url":"https:\/\/www.visit-ulcinj.com\/blog\/","name":"Lajme nga Ulqini","description":"Lajme,Vijesti,Ulqini,Ulqin,Crna Gora,Mali i Zi","potentialAction":[{"@type":"SearchAction","target":{"@type":"EntryPoint","urlTemplate":"https:\/\/www.visit-ulcinj.com\/blog\/?s={search_term_string}"},"query-input":"required name=search_term_string"}],"inLanguage":"en-US"},{"@type":"ImageObject","inLanguage":"en-US","@id":"https:\/\/www.visit-ulcinj.com\/blog\/2012\/09\/14\/dafina-zeqiri-jave-e-re-look-i-ri\/#primaryimage","url":"http:\/\/www.visit-ulcinj.com\/blog\/wp-content\/uploads\/2012\/09\/dafina-zeqiri.jpg","contentUrl":"http:\/\/www.visit-ulcinj.com\/blog\/wp-content\/uploads\/2012\/09\/dafina-zeqiri.jpg"},{"@type":"WebPage","@id":"https:\/\/www.visit-ulcinj.com\/blog\/2012\/09\/14\/dafina-zeqiri-jave-e-re-look-i-ri\/#webpage","url":"https:\/\/www.visit-ulcinj.com\/blog\/2012\/09\/14\/dafina-zeqiri-jave-e-re-look-i-ri\/","name":"Dafina Zeqiri, jav\u00eb e re, \u201clook\u201d i ri - Lajme nga Ulqini","isPartOf":{"@id":"https:\/\/www.visit-ulcinj.com\/blog\/#website"},"primaryImageOfPage":{"@id":"https:\/\/www.visit-ulcinj.com\/blog\/2012\/09\/14\/dafina-zeqiri-jave-e-re-look-i-ri\/#primaryimage"},"datePublished":"2012-09-14T11:46:07+00:00","dateModified":"2012-09-14T11:46:07+00:00","author":{"@id":"https:\/\/www.visit-ulcinj.com\/blog\/#\/schema\/person\/dcab619c614d3038751c63bc2aadc06d"},"description":"N\u00eb Kosov\u00eb ajo \u00ebsht\u00eb m\u00eb e k\u00ebrkuara dhe m\u00eb e paguara. Dafina Zeqiri ka kaluar nj\u00eb ver\u00eb t\u00eb tejmbushur me koncerte n\u00ebp\u00ebr Kosov\u00eb e Shqip\u00ebri. K\u00ebng\u00ebt e saj","breadcrumb":{"@id":"https:\/\/www.visit-ulcinj.com\/blog\/2012\/09\/14\/dafina-zeqiri-jave-e-re-look-i-ri\/#breadcrumb"},"inLanguage":"en-US","potentialAction":[{"@type":"ReadAction","target":["https:\/\/www.visit-ulcinj.com\/blog\/2012\/09\/14\/dafina-zeqiri-jave-e-re-look-i-ri\/"]}]},{"@type":"BreadcrumbList","@id":"https:\/\/www.visit-ulcinj.com\/blog\/2012\/09\/14\/dafina-zeqiri-jave-e-re-look-i-ri\/#breadcrumb","itemListElement":[{"@type":"ListItem","position":1,"name":"Dafina Zeqiri, jav\u00eb e re, \u201clook\u201d i ri"}]},{"@type":"Person","@id":"https:\/\/www.visit-ulcinj.com\/blog\/#\/schema\/person\/dcab619c614d3038751c63bc2aadc06d","name":"ulqini","sameAs":["http:\/\/www.visit-ulcinj.com"],"url":"https:\/\/www.visit-ulcinj.com\/blog\/author\/admin\/"}]}},"jetpack_featured_media_url":"","jetpack_sharing_enabled":true,"jetpack_shortlink":"https:\/\/wp.me\/pe6lTn-gys","_links":{"self":[{"href":"https:\/\/www.visit-ulcinj.com\/blog\/wp-json\/wp\/v2\/posts\/63640"}],"collection":[{"href":"https:\/\/www.visit-ulcinj.com\/blog\/wp-json\/wp\/v2\/posts"}],"about":[{"href":"https:\/\/www.visit-ulcinj.com\/blog\/wp-json\/wp\/v2\/types\/post"}],"author":[{"embeddable":true,"href":"https:\/\/www.visit-ulcinj.com\/blog\/wp-json\/wp\/v2\/users\/1"}],"replies":[{"embeddable":true,"href":"https:\/\/www.visit-ulcinj.com\/blog\/wp-json\/wp\/v2\/comments?post=63640"}],"version-history":[{"count":1,"href":"https:\/\/www.visit-ulcinj.com\/blog\/wp-json\/wp\/v2\/posts\/63640\/revisions"}],"predecessor-version":[{"id":63643,"href":"https:\/\/www.visit-ulcinj.com\/blog\/wp-json\/wp\/v2\/posts\/63640\/revisions\/63643"}],"wp:attachment":[{"href":"https:\/\/www.visit-ulcinj.com\/blog\/wp-json\/wp\/v2\/media?parent=63640"}],"wp:term":[{"taxonomy":"category","embeddable":true,"href":"https:\/\/www.visit-ulcinj.com\/blog\/wp-json\/wp\/v2\/categories?post=63640"},{"taxonomy":"post_tag","embeddable":true,"href":"https:\/\/www.visit-ulcinj.com\/blog\/wp-json\/wp\/v2\/tags?post=63640"}],"curies":[{"name":"wp","href":"https:\/\/api.w.org\/{rel}","templated":true}]}}