{"id":63647,"date":"2012-09-14T13:08:44","date_gmt":"2012-09-14T12:08:44","guid":{"rendered":"http:\/\/www.visit-ulcinj.com\/blog\/?p=63647"},"modified":"2012-09-14T13:08:44","modified_gmt":"2012-09-14T12:08:44","slug":"kaltrina-selimi-dua-te-kem-binjake","status":"publish","type":"post","link":"https:\/\/www.visit-ulcinj.com\/blog\/2012\/09\/14\/kaltrina-selimi-dua-te-kem-binjake\/","title":{"rendered":"Kaltrina Selimi: Dua t\u00eb kem binjak\u00eb"},"content":{"rendered":"<p><a href=\"http:\/\/www.visit-ulcinj.com\/blog\/wp-content\/uploads\/2012\/09\/kaltrinaselimi.jpg\"><img loading=\"lazy\" class=\"alignleft  wp-image-63648\" title=\"kaltrinaselimi\" src=\"http:\/\/www.visit-ulcinj.com\/blog\/wp-content\/uploads\/2012\/09\/kaltrinaselimi.jpg\" alt=\"\" width=\"508\" height=\"400\" \/><\/a>Kaltrina Selimi do t\u00eb rr\u00ebfej\u00eb sot p\u00ebr faqet e s\u00eb shtun\u00ebs n\u00eb \u201cGSH\u201d t\u00eb rejat n\u00eb jet\u00ebn e saj. Duket se m\u00eb n\u00eb fund k\u00ebt\u00eb ver\u00eb, ka vendosur q\u00eb pas dy vitesh pune intensive, t\u2019i jap\u00eb vetes disa dit\u00eb pushimi\u2026Ama para pushimeve, vera e Kaltrin\u00ebs ka qen\u00eb e mbushur me koncerte, nj\u00eb k\u00ebng\u00eb e re \u00ebsht\u00eb publikuar dhe fundpranvera e ka kthyer at\u00eb n\u00eb zonj\u00eb. Kaltrina \u00ebsht\u00eb martuar, ndon\u00ebse n\u00eb nj\u00eb ceremoni shum\u00eb intime, me prezenc\u00ebn e shum\u00eb pak njer\u00ebzve, k\u00ebng\u00ebtarja e dashur e sken\u00ebs shqiptare nuk mban m\u00eb mbiemrin e f\u00ebmij\u00ebris\u00eb n\u00eb dokumenta, mbiemrin e fam\u00ebs. Lidhur me k\u00ebto ngjarje t\u00eb r\u00ebnd\u00ebsishme n\u00eb jet\u00ebn e saj, por edhe p\u00ebr planet q\u00eb ka n\u00eb t\u00eb ardhmen, n\u00eb t\u00eb cilat p\u00ebrfshihet lindja e f\u00ebmij\u00ebve, Kaltrina do t\u00eb rr\u00ebfehet n\u00eb k\u00ebt\u00eb intervist\u00eb\u2026.<\/p>\n<p><a href=\"http:\/\/www.visit-ulcinj.com\/blog\/wp-content\/uploads\/2012\/09\/kaltrinaselimi_dritoni.jpg\"><img loading=\"lazy\" class=\"alignleft  wp-image-63649\" title=\"kaltrinaselimi_dritoni\" src=\"http:\/\/www.visit-ulcinj.com\/blog\/wp-content\/uploads\/2012\/09\/kaltrinaselimi_dritoni.jpg\" alt=\"\" width=\"508\" height=\"600\" \/><\/a><\/p>\n<p><strong>Kaltrina si po kalon k\u00ebto dit\u00eb?<\/strong><br \/>\nMir\u00eb, p\u00ebrve\u00e7 faktit q\u00eb \u00ebsht\u00eb shum\u00eb e v\u00ebshtir\u00eb p\u00ebr t\u2019i b\u00ebr\u00eb ball\u00eb k\u00ebtyre temperaturave t\u00eb larta.<br \/>\n<strong>Pushime ke b\u00ebr\u00eb k\u00ebt\u00eb ver\u00eb?<\/strong><br \/>\nDuke qen\u00eb se prej dy vitesh nuk kam b\u00ebr\u00eb fare pushime, k\u00ebt\u00eb ver\u00eb i dhash\u00eb vetes disa dit\u00eb pushimi.<br \/>\n<strong>Sa e angazhuar je gjat\u00eb stin\u00ebs s\u00eb nxeht\u00eb me koncerte?<\/strong><br \/>\nShum\u00eb, \u00ebsht\u00eb nj\u00eb k\u00ebnaq\u00ebsi e madhe kur ke ftesa nga vende t\u00eb ndryshme e sidomos kur je pran\u00eb fansave.<br \/>\n<strong>Sa selektive je n\u00eb p\u00ebrzgjedhjen e ofertave?<\/strong><br \/>\nShum\u00eb, jo gjithkund q\u00eb m\u00eb ftojn\u00eb shkoj, n\u00ebse nuk m\u00eb p\u00eblqen di\u00e7ka e refuzoj.<br \/>\n<strong>Nga sa varion \u00e7mimi n\u00eb ver\u00eb?<\/strong><br \/>\nUn\u00eb gjithmon\u00eb e kam \u00e7mimin e nj\u00ebjt\u00eb dhe mendoj q\u00eb kam nj\u00eb \u00e7mim shum\u00eb real.<br \/>\n<strong>A jan\u00eb t\u00eb v\u00ebrteta shifrat q\u00eb kan\u00eb hedhur n\u00eb tavolin\u00eb koleg\u00ebt e tu, 2500-3000 euro? Ti e njeh mir\u00eb tregun, se je vet\u00eb pjes\u00eb e tij.<\/strong><br \/>\nKjo \u00ebsht\u00eb paska private dhe nuk m\u00eb takon t\u00eb flas p\u00ebr \u00e7mimet e t\u00eb tjer\u00ebve.<br \/>\n<strong>A jan\u00eb t\u00eb pasur k\u00ebng\u00ebtar\u00ebt?<\/strong><br \/>\nBesoj se ka edhe nga ata q\u00eb i kan\u00eb kushtet shum\u00eb t\u00eb mira, por jo si\u00e7 mendojn\u00eb t\u00eb tjer\u00ebt.<br \/>\n<strong>Sa shpenzon dhe sa fiton nga nj\u00eb k\u00ebng\u00eb?<\/strong><br \/>\nP\u00ebr realizimin e nj\u00eb k\u00ebnge dhe nj\u00eb klipi shpenzimet jan\u00eb gozha t\u00eb m\u00ebdha, nd\u00ebrsa nuk p\u00ebrfiton asgj\u00eb n\u00eb k\u00ebmbim t\u00eb k\u00ebsaj, as nga produksionet. Fitimi yn\u00eb i vet\u00ebm \u00ebsht\u00eb tek koncertet q\u00eb mbajm\u00eb.<br \/>\n<strong>Cila \u00ebsht\u00eb k\u00ebnga, pas s\u00eb cil\u00ebs ke pasur ofertat m\u00eb t\u00eb m\u00ebdha p\u00ebr koncerte?<\/strong><br \/>\nNuk di \u00e7\u2019t\u00eb them, sepse asnj\u00ebher\u00eb nuk jam bazuar n\u00eb k\u00ebt\u00eb fakt. Kam pasur ftesa gjithmon\u00eb.<br \/>\n<strong>T\u00eb flasim pak tani p\u00ebr k\u00ebng\u00ebn e re. Si lindi ajo?<\/strong><br \/>\nK\u00ebnga ishte thuajse nj\u00eb dhurat\u00eb p\u00ebr mua, sepse kompozitori Elvis Duro m\u00eb ka kontaktuar dhe ma ka propozuar k\u00ebng\u00ebn, e cila m\u00eb p\u00eblqeu q\u00eb n\u00eb fillim. Elvis Duro \u00ebsht\u00eb nj\u00eb kompozitor nga Shqip\u00ebria dhe ky \u00ebsht\u00eb bashk\u00ebpunimi im i par\u00eb me t\u00eb, ndaj dhe dua ta falenderoj q\u00eb ka punuar me shum\u00eb p\u00ebrkushtim p\u00ebr k\u00ebng\u00ebn si n\u00eb orkestrim ashtu dhe n\u00eb \u00e7do detaj q\u00eb kam k\u00ebrkuar.<br \/>\n<strong>K\u00ebt\u00eb her\u00eb vjen me nj\u00eb stil t\u00eb ri, oriental, pse kjo zgjedhje?<\/strong><br \/>\nPatjet\u00ebr q\u00eb secila k\u00ebng\u00eb duhet t\u00eb ndryshoj nga ato paraprake por prap\u00eb se prap\u00eb nuk mendoj q\u00eb kam dal\u00eb nga stili im.<br \/>\n<strong>Po p\u00ebr videoklipin, e jotja ka q\u00ebn\u00eb ideja?<\/strong><br \/>\nDuke u bazuar nga k\u00ebnga nuk kemi mundur ta anashkalojm\u00eb stilin oriental prandaj edhe i jemi qasur k\u00ebsaj ideje, bashk\u00eb me produksonin ASHA, t\u00eb cil\u00ebt e kan\u00eb punuar k\u00ebt\u00eb videoklip.<br \/>\n<strong>Cili \u00ebsht\u00eb synimi i nj\u00eb k\u00ebng\u00ebtari kur realizon nj\u00eb k\u00ebng\u00eb t\u00eb re\u2026Mendon t\u00eb fitoj\u00eb, apo mjafton thjesht t\u00eb p\u00eblqehet?<\/strong><br \/>\nKjo \u00ebsht\u00eb sigurisht reciproke, por \u00ebsht\u00eb k\u00ebnaq\u00ebsi shum\u00eb m\u00eb e madhe kur sjell di\u00e7ka q\u00eb e p\u00eblqen publiku.<br \/>\n<strong>Kaltrina k\u00ebt\u00eb vit ke b\u00ebr\u00eb edhe dasm\u00ebn, e cila ishte tejet intime dhe thuajse e papritur. Pse?<\/strong><br \/>\nEdhe p\u00ebr mua ka q\u00ebn\u00eb e parpitur sepse e kemi vendosur shum\u00eb shpejt. Nuk ka nj\u00eb arsye fikse. Ishte nj\u00eb hap q\u00eb ne kishim koh\u00eb q\u00eb mendonim p\u00ebr ta hedhur, erdhi momenti dhe u martuam.<br \/>\n<strong>Ndikuan dokumentet?<\/strong><br \/>\nEdhe ato ndikuan pak.<\/p>\n<p><a href=\"http:\/\/www.visit-ulcinj.com\/blog\/wp-content\/uploads\/2012\/09\/kaltrinaselimi.1.jpg\"><img loading=\"lazy\" class=\"alignleft  wp-image-63650\" title=\"kaltrinaselimi.1\" src=\"http:\/\/www.visit-ulcinj.com\/blog\/wp-content\/uploads\/2012\/09\/kaltrinaselimi.1.jpg\" alt=\"\" width=\"508\" height=\"600\" \/><\/a><br \/>\n<strong>Po dasm\u00ebn e madhe kur do ta b\u00ebsh?<\/strong><br \/>\nNj\u00ebher\u00eb p\u00ebr nj\u00ebher\u00eb nuk kemi plane p\u00ebr asgj\u00eb, p\u00ebr momentin do ta l\u00ebm\u00eb me kaq.<br \/>\n<strong>E \u00ebnd\u00ebrron veten me t\u00eb bardha?<\/strong><br \/>\nKa qen\u00eb gjithmon\u00eb nj\u00eb d\u00ebshir\u00eb e imja shum\u00eb e madhe, por me koh\u00ebn kjo d\u00ebshir\u00eb m\u00eb \u00ebsht\u00eb zbehur, megjith\u00ebse jo plot\u00ebsisht. Do e vesh besoj fustanin e bardh\u00eb, edhe n\u00ebse jo p\u00ebr das\u00ebm do e provoj ndonj\u00eb q\u00eb ta heq merakun (qesh).<br \/>\n<strong>Po n\u00ebn\u00eb e mendon veten?<\/strong><br \/>\nGjithmon\u00eb.<br \/>\n<strong>A di t\u00eb b\u00ebj\u00eb Kaltrina pun\u00eb sht\u00ebpie?<\/strong><br \/>\nPuna rreth muzik\u00ebs m\u00eb ka l\u00ebn\u00eb anash n\u00eb k\u00ebt\u00eb aspekt, duke m\u00eb b\u00ebr\u00eb paksa p\u00ebrtace, por a di t\u2019i b\u00ebj ato? Di, dhe shum\u00eb-shum\u00eb mir\u00eb, madje.<br \/>\n<strong>Po t\u00eb gatuani?<\/strong><br \/>\nM\u00eb par\u00eb kur m\u00eb b\u00ebhej kjo pyetje vihesha n\u00eb siklet, sepse u p\u00ebrgjigjesha q\u00eb di t\u00eb skuq vez\u00eb, t\u00eb ziej\u00eb makarona, sup\u00eb dhe asgj\u00eb tjet\u00ebr. Nd\u00ebrsa tani m\u00eb p\u00eblqeu shum\u00eb pyetja pasi kam dhe \u00e7far\u00eb t\u2019ju them m\u00eb shum\u00eb. Koh\u00ebve t\u00eb fundit kam m\u00ebsuar t\u00eb gatuaj shum\u00eb gj\u00ebra, edhe pse \u00ebsht\u00eb fillimi, ato q\u00eb po i gatuaj po i b\u00ebj shum\u00eb t\u00eb shijshme.<br \/>\n<strong>\u00cbsht\u00eb n\u00eb planet e af\u00ebrta nj\u00eb f\u00ebmij\u00eb?<\/strong><br \/>\nPo, \u00ebsht\u00eb nj\u00eb prej planeve tona, q\u00eb e bisedojm\u00eb shum\u00eb shpesh dhe \u00ebsht\u00eb d\u00ebshir\u00eb shum\u00eb e madhe e t\u00eb dyve.<br \/>\n<strong>Sa f\u00ebmij\u00eb \u00ebnd\u00ebrron t\u00eb kesh?<\/strong><br \/>\nUn\u00eb i dua 2, sigurisht nj\u00eb djal\u00eb dhe nj\u00eb vajz\u00eb, e sidomos kam d\u00ebshir\u00eb q\u00eb t\u00eb jen\u00eb binjak\u00eb, nd\u00ebrsa e kam nj\u00eb kund\u00ebrshtar t\u00eb madh n\u00eb k\u00ebt\u00eb aspekt sepse Dritoni d\u00ebshiron m\u00eb shum\u00eb f\u00ebmij\u00eb.<\/p>\n<p>Bluetooth<\/p>\n<!--YouTube Error: bad URL entered-->\n","protected":false},"excerpt":{"rendered":"<p>Kaltrina Selimi do t\u00eb rr\u00ebfej\u00eb sot p\u00ebr faqet e s\u00eb shtun\u00ebs n\u00eb \u201cGSH\u201d t\u00eb rejat n\u00eb jet\u00ebn e saj. Duket se m\u00eb n\u00eb fund k\u00ebt\u00eb ver\u00eb, ka vendosur q\u00eb pas dy vitesh pune intensive, t\u2019i jap\u00eb vetes disa dit\u00eb pushimi\u2026Ama para pushimeve, vera e Kaltrin\u00ebs ka qen\u00eb e mbushur me koncerte, nj\u00eb k\u00ebng\u00eb e re [&hellip;]<\/p>\n","protected":false},"author":1,"featured_media":0,"comment_status":"open","ping_status":"closed","sticky":false,"template":"","format":"standard","meta":{"spay_email":"","jetpack_publicize_message":"","jetpack_is_tweetstorm":false,"jetpack_publicize_feature_enabled":true},"categories":[1],"tags":[19677,19806,16036,8966,5572,19514,19511,19459,4684,19460],"jetpack_publicize_connections":[],"yoast_head":"<!-- This site is optimized with the Yoast SEO plugin v19.1 - https:\/\/yoast.com\/wordpress\/plugins\/seo\/ -->\n<title>Kaltrina Selimi: Dua t\u00eb kem binjak\u00eb - Lajme nga Ulqini<\/title>\n<meta name=\"description\" content=\"Kaltrina Selimi do t\u00eb rr\u00ebfej\u00eb sot p\u00ebr faqet e s\u00eb shtun\u00ebs n\u00eb \u201cGSH\u201d t\u00eb rejat n\u00eb jet\u00ebn e saj. Duket se m\u00eb n\u00eb fund k\u00ebt\u00eb ver\u00eb, ka vendosur q\u00eb pas dy vitesh\" \/>\n<meta name=\"robots\" content=\"index, follow, max-snippet:-1, max-image-preview:large, max-video-preview:-1\" \/>\n<link rel=\"canonical\" href=\"https:\/\/www.visit-ulcinj.com\/blog\/2012\/09\/14\/kaltrina-selimi-dua-te-kem-binjake\/\" \/>\n<meta property=\"og:locale\" content=\"en_US\" \/>\n<meta property=\"og:type\" content=\"article\" \/>\n<meta property=\"og:title\" content=\"Kaltrina Selimi: Dua t\u00eb kem binjak\u00eb - Lajme nga Ulqini\" \/>\n<meta property=\"og:description\" content=\"Kaltrina Selimi do t\u00eb rr\u00ebfej\u00eb sot p\u00ebr faqet e s\u00eb shtun\u00ebs n\u00eb \u201cGSH\u201d t\u00eb rejat n\u00eb jet\u00ebn e saj. Duket se m\u00eb n\u00eb fund k\u00ebt\u00eb ver\u00eb, ka vendosur q\u00eb pas dy vitesh\" \/>\n<meta property=\"og:url\" content=\"https:\/\/www.visit-ulcinj.com\/blog\/2012\/09\/14\/kaltrina-selimi-dua-te-kem-binjake\/\" \/>\n<meta property=\"og:site_name\" content=\"Lajme nga Ulqini\" \/>\n<meta property=\"article:published_time\" content=\"2012-09-14T12:08:44+00:00\" \/>\n<meta property=\"og:image\" content=\"http:\/\/www.visit-ulcinj.com\/blog\/wp-content\/uploads\/2012\/09\/kaltrinaselimi.jpg\" \/>\n<meta name=\"twitter:label1\" content=\"Written by\" \/>\n\t<meta name=\"twitter:data1\" content=\"ulqini\" \/>\n\t<meta name=\"twitter:label2\" content=\"Est. reading time\" \/>\n\t<meta name=\"twitter:data2\" content=\"5 minutes\" \/>\n<script type=\"application\/ld+json\" class=\"yoast-schema-graph\">{\"@context\":\"https:\/\/schema.org\",\"@graph\":[{\"@type\":\"WebSite\",\"@id\":\"https:\/\/www.visit-ulcinj.com\/blog\/#website\",\"url\":\"https:\/\/www.visit-ulcinj.com\/blog\/\",\"name\":\"Lajme nga Ulqini\",\"description\":\"Lajme,Vijesti,Ulqini,Ulqin,Crna Gora,Mali i Zi\",\"potentialAction\":[{\"@type\":\"SearchAction\",\"target\":{\"@type\":\"EntryPoint\",\"urlTemplate\":\"https:\/\/www.visit-ulcinj.com\/blog\/?s={search_term_string}\"},\"query-input\":\"required name=search_term_string\"}],\"inLanguage\":\"en-US\"},{\"@type\":\"ImageObject\",\"inLanguage\":\"en-US\",\"@id\":\"https:\/\/www.visit-ulcinj.com\/blog\/2012\/09\/14\/kaltrina-selimi-dua-te-kem-binjake\/#primaryimage\",\"url\":\"http:\/\/www.visit-ulcinj.com\/blog\/wp-content\/uploads\/2012\/09\/kaltrinaselimi.jpg\",\"contentUrl\":\"http:\/\/www.visit-ulcinj.com\/blog\/wp-content\/uploads\/2012\/09\/kaltrinaselimi.jpg\"},{\"@type\":\"WebPage\",\"@id\":\"https:\/\/www.visit-ulcinj.com\/blog\/2012\/09\/14\/kaltrina-selimi-dua-te-kem-binjake\/#webpage\",\"url\":\"https:\/\/www.visit-ulcinj.com\/blog\/2012\/09\/14\/kaltrina-selimi-dua-te-kem-binjake\/\",\"name\":\"Kaltrina Selimi: Dua t\u00eb kem binjak\u00eb - Lajme nga Ulqini\",\"isPartOf\":{\"@id\":\"https:\/\/www.visit-ulcinj.com\/blog\/#website\"},\"primaryImageOfPage\":{\"@id\":\"https:\/\/www.visit-ulcinj.com\/blog\/2012\/09\/14\/kaltrina-selimi-dua-te-kem-binjake\/#primaryimage\"},\"datePublished\":\"2012-09-14T12:08:44+00:00\",\"dateModified\":\"2012-09-14T12:08:44+00:00\",\"author\":{\"@id\":\"https:\/\/www.visit-ulcinj.com\/blog\/#\/schema\/person\/dcab619c614d3038751c63bc2aadc06d\"},\"description\":\"Kaltrina Selimi do t\u00eb rr\u00ebfej\u00eb sot p\u00ebr faqet e s\u00eb shtun\u00ebs n\u00eb \u201cGSH\u201d t\u00eb rejat n\u00eb jet\u00ebn e saj. Duket se m\u00eb n\u00eb fund k\u00ebt\u00eb ver\u00eb, ka vendosur q\u00eb pas dy vitesh\",\"breadcrumb\":{\"@id\":\"https:\/\/www.visit-ulcinj.com\/blog\/2012\/09\/14\/kaltrina-selimi-dua-te-kem-binjake\/#breadcrumb\"},\"inLanguage\":\"en-US\",\"potentialAction\":[{\"@type\":\"ReadAction\",\"target\":[\"https:\/\/www.visit-ulcinj.com\/blog\/2012\/09\/14\/kaltrina-selimi-dua-te-kem-binjake\/\"]}]},{\"@type\":\"BreadcrumbList\",\"@id\":\"https:\/\/www.visit-ulcinj.com\/blog\/2012\/09\/14\/kaltrina-selimi-dua-te-kem-binjake\/#breadcrumb\",\"itemListElement\":[{\"@type\":\"ListItem\",\"position\":1,\"name\":\"Kaltrina Selimi: Dua t\u00eb kem binjak\u00eb\"}]},{\"@type\":\"Person\",\"@id\":\"https:\/\/www.visit-ulcinj.com\/blog\/#\/schema\/person\/dcab619c614d3038751c63bc2aadc06d\",\"name\":\"ulqini\",\"sameAs\":[\"http:\/\/www.visit-ulcinj.com\"],\"url\":\"https:\/\/www.visit-ulcinj.com\/blog\/author\/admin\/\"}]}<\/script>\n<!-- \/ Yoast SEO plugin. -->","yoast_head_json":{"title":"Kaltrina Selimi: Dua t\u00eb kem binjak\u00eb - Lajme nga Ulqini","description":"Kaltrina Selimi do t\u00eb rr\u00ebfej\u00eb sot p\u00ebr faqet e s\u00eb shtun\u00ebs n\u00eb \u201cGSH\u201d t\u00eb rejat n\u00eb jet\u00ebn e saj. Duket se m\u00eb n\u00eb fund k\u00ebt\u00eb ver\u00eb, ka vendosur q\u00eb pas dy vitesh","robots":{"index":"index","follow":"follow","max-snippet":"max-snippet:-1","max-image-preview":"max-image-preview:large","max-video-preview":"max-video-preview:-1"},"canonical":"https:\/\/www.visit-ulcinj.com\/blog\/2012\/09\/14\/kaltrina-selimi-dua-te-kem-binjake\/","og_locale":"en_US","og_type":"article","og_title":"Kaltrina Selimi: Dua t\u00eb kem binjak\u00eb - Lajme nga Ulqini","og_description":"Kaltrina Selimi do t\u00eb rr\u00ebfej\u00eb sot p\u00ebr faqet e s\u00eb shtun\u00ebs n\u00eb \u201cGSH\u201d t\u00eb rejat n\u00eb jet\u00ebn e saj. Duket se m\u00eb n\u00eb fund k\u00ebt\u00eb ver\u00eb, ka vendosur q\u00eb pas dy vitesh","og_url":"https:\/\/www.visit-ulcinj.com\/blog\/2012\/09\/14\/kaltrina-selimi-dua-te-kem-binjake\/","og_site_name":"Lajme nga Ulqini","article_published_time":"2012-09-14T12:08:44+00:00","og_image":[{"url":"http:\/\/www.visit-ulcinj.com\/blog\/wp-content\/uploads\/2012\/09\/kaltrinaselimi.jpg"}],"twitter_misc":{"Written by":"ulqini","Est. reading time":"5 minutes"},"schema":{"@context":"https:\/\/schema.org","@graph":[{"@type":"WebSite","@id":"https:\/\/www.visit-ulcinj.com\/blog\/#website","url":"https:\/\/www.visit-ulcinj.com\/blog\/","name":"Lajme nga Ulqini","description":"Lajme,Vijesti,Ulqini,Ulqin,Crna Gora,Mali i Zi","potentialAction":[{"@type":"SearchAction","target":{"@type":"EntryPoint","urlTemplate":"https:\/\/www.visit-ulcinj.com\/blog\/?s={search_term_string}"},"query-input":"required name=search_term_string"}],"inLanguage":"en-US"},{"@type":"ImageObject","inLanguage":"en-US","@id":"https:\/\/www.visit-ulcinj.com\/blog\/2012\/09\/14\/kaltrina-selimi-dua-te-kem-binjake\/#primaryimage","url":"http:\/\/www.visit-ulcinj.com\/blog\/wp-content\/uploads\/2012\/09\/kaltrinaselimi.jpg","contentUrl":"http:\/\/www.visit-ulcinj.com\/blog\/wp-content\/uploads\/2012\/09\/kaltrinaselimi.jpg"},{"@type":"WebPage","@id":"https:\/\/www.visit-ulcinj.com\/blog\/2012\/09\/14\/kaltrina-selimi-dua-te-kem-binjake\/#webpage","url":"https:\/\/www.visit-ulcinj.com\/blog\/2012\/09\/14\/kaltrina-selimi-dua-te-kem-binjake\/","name":"Kaltrina Selimi: Dua t\u00eb kem binjak\u00eb - Lajme nga Ulqini","isPartOf":{"@id":"https:\/\/www.visit-ulcinj.com\/blog\/#website"},"primaryImageOfPage":{"@id":"https:\/\/www.visit-ulcinj.com\/blog\/2012\/09\/14\/kaltrina-selimi-dua-te-kem-binjake\/#primaryimage"},"datePublished":"2012-09-14T12:08:44+00:00","dateModified":"2012-09-14T12:08:44+00:00","author":{"@id":"https:\/\/www.visit-ulcinj.com\/blog\/#\/schema\/person\/dcab619c614d3038751c63bc2aadc06d"},"description":"Kaltrina Selimi do t\u00eb rr\u00ebfej\u00eb sot p\u00ebr faqet e s\u00eb shtun\u00ebs n\u00eb \u201cGSH\u201d t\u00eb rejat n\u00eb jet\u00ebn e saj. Duket se m\u00eb n\u00eb fund k\u00ebt\u00eb ver\u00eb, ka vendosur q\u00eb pas dy vitesh","breadcrumb":{"@id":"https:\/\/www.visit-ulcinj.com\/blog\/2012\/09\/14\/kaltrina-selimi-dua-te-kem-binjake\/#breadcrumb"},"inLanguage":"en-US","potentialAction":[{"@type":"ReadAction","target":["https:\/\/www.visit-ulcinj.com\/blog\/2012\/09\/14\/kaltrina-selimi-dua-te-kem-binjake\/"]}]},{"@type":"BreadcrumbList","@id":"https:\/\/www.visit-ulcinj.com\/blog\/2012\/09\/14\/kaltrina-selimi-dua-te-kem-binjake\/#breadcrumb","itemListElement":[{"@type":"ListItem","position":1,"name":"Kaltrina Selimi: Dua t\u00eb kem binjak\u00eb"}]},{"@type":"Person","@id":"https:\/\/www.visit-ulcinj.com\/blog\/#\/schema\/person\/dcab619c614d3038751c63bc2aadc06d","name":"ulqini","sameAs":["http:\/\/www.visit-ulcinj.com"],"url":"https:\/\/www.visit-ulcinj.com\/blog\/author\/admin\/"}]}},"jetpack_featured_media_url":"","jetpack_sharing_enabled":true,"jetpack_shortlink":"https:\/\/wp.me\/pe6lTn-gyz","_links":{"self":[{"href":"https:\/\/www.visit-ulcinj.com\/blog\/wp-json\/wp\/v2\/posts\/63647"}],"collection":[{"href":"https:\/\/www.visit-ulcinj.com\/blog\/wp-json\/wp\/v2\/posts"}],"about":[{"href":"https:\/\/www.visit-ulcinj.com\/blog\/wp-json\/wp\/v2\/types\/post"}],"author":[{"embeddable":true,"href":"https:\/\/www.visit-ulcinj.com\/blog\/wp-json\/wp\/v2\/users\/1"}],"replies":[{"embeddable":true,"href":"https:\/\/www.visit-ulcinj.com\/blog\/wp-json\/wp\/v2\/comments?post=63647"}],"version-history":[{"count":1,"href":"https:\/\/www.visit-ulcinj.com\/blog\/wp-json\/wp\/v2\/posts\/63647\/revisions"}],"predecessor-version":[{"id":63651,"href":"https:\/\/www.visit-ulcinj.com\/blog\/wp-json\/wp\/v2\/posts\/63647\/revisions\/63651"}],"wp:attachment":[{"href":"https:\/\/www.visit-ulcinj.com\/blog\/wp-json\/wp\/v2\/media?parent=63647"}],"wp:term":[{"taxonomy":"category","embeddable":true,"href":"https:\/\/www.visit-ulcinj.com\/blog\/wp-json\/wp\/v2\/categories?post=63647"},{"taxonomy":"post_tag","embeddable":true,"href":"https:\/\/www.visit-ulcinj.com\/blog\/wp-json\/wp\/v2\/tags?post=63647"}],"curies":[{"name":"wp","href":"https:\/\/api.w.org\/{rel}","templated":true}]}}