{"id":63652,"date":"2012-09-14T13:32:27","date_gmt":"2012-09-14T12:32:27","guid":{"rendered":"http:\/\/www.visit-ulcinj.com\/blog\/?p=63652"},"modified":"2012-09-14T13:32:27","modified_gmt":"2012-09-14T12:32:27","slug":"shkendija-mujaj-askend-nuk-e-shohe-konkurrente","status":"publish","type":"post","link":"https:\/\/www.visit-ulcinj.com\/blog\/2012\/09\/14\/shkendija-mujaj-askend-nuk-e-shohe-konkurrente\/","title":{"rendered":"Shk\u00ebndija Mujaj: Ask\u00ebnd nuk e shoh\u00eb konkurrente!"},"content":{"rendered":"<p><a href=\"http:\/\/www.visit-ulcinj.com\/blog\/wp-content\/uploads\/2012\/09\/Shk\u00ebndijemujaj.jpg\"><img loading=\"lazy\" class=\"alignleft  wp-image-63653\" title=\"Shk\u00ebndijemujaj\" src=\"http:\/\/www.visit-ulcinj.com\/blog\/wp-content\/uploads\/2012\/09\/Shk\u00ebndijemujaj.jpg\" alt=\"\" width=\"508\" height=\"360\" \/><\/a>K\u00ebng\u00ebtarja shqiptare e cila jeton n\u00eb Zvic\u00ebr, Shk\u00ebndije Mujaj nuk ndihet e konkurruar nga ndonj\u00eb vajz\u00eb shqiptare.<\/p>\n<p>Ajo ka shkruar n\u00eb profilin e saj n\u00eb rrjetin social Facebook k\u00ebshtu: \u201cAsk\u00ebnd nuk e shoh\u00eb si konkurrente!!!!!\u201d.<\/p>\n<p>N\u00eb komunikimin tjet\u00ebr me fansat e saj, Mujaj ka b\u00ebr\u00eb edhe nj\u00eb pyetje interesante por edhe ka dh\u00ebn\u00eb p\u00ebrgjigjet p\u00ebr t\u00eb.<\/p>\n<p>\u201cPyetja e par\u00eb e nj\u00eb mashkulli shqiptar tipik: Sa frajera i ke pas? hehehehheehh p\u00ebrgjigja e nj\u00eb femre shqiptare tipike: ti je i dyti; hahhahahahaahhaah why?????\u201d, ka shkruar Mujaj.<\/p>\n<!--YouTube Error: bad URL entered-->\n\n","protected":false},"excerpt":{"rendered":"<p>K\u00ebng\u00ebtarja shqiptare e cila jeton n\u00eb Zvic\u00ebr, Shk\u00ebndije Mujaj nuk ndihet e konkurruar nga ndonj\u00eb vajz\u00eb shqiptare. Ajo ka shkruar n\u00eb profilin e saj n\u00eb rrjetin social Facebook k\u00ebshtu: \u201cAsk\u00ebnd nuk e shoh\u00eb si konkurrente!!!!!\u201d. N\u00eb komunikimin tjet\u00ebr me fansat e saj, Mujaj ka b\u00ebr\u00eb edhe nj\u00eb pyetje interesante por edhe ka dh\u00ebn\u00eb p\u00ebrgjigjet p\u00ebr [&hellip;]<\/p>\n","protected":false},"author":1,"featured_media":0,"comment_status":"open","ping_status":"closed","sticky":false,"template":"","format":"standard","meta":{"spay_email":"","jetpack_publicize_message":"","jetpack_is_tweetstorm":false,"jetpack_publicize_feature_enabled":true},"categories":[1],"tags":[19677,19806,16036,19514,19511,15434,19513,6693,19679,4684,19460],"jetpack_publicize_connections":[],"yoast_head":"<!-- This site is optimized with the Yoast SEO plugin v19.1 - https:\/\/yoast.com\/wordpress\/plugins\/seo\/ -->\n<title>Shk\u00ebndija Mujaj: Ask\u00ebnd nuk e shoh\u00eb konkurrente! - Lajme nga Ulqini<\/title>\n<meta name=\"description\" content=\"K\u00ebng\u00ebtarja shqiptare e cila jeton n\u00eb Zvic\u00ebr, Shk\u00ebndije Mujaj nuk ndihet e konkurruar nga ndonj\u00eb vajz\u00eb shqiptare. Ajo ka shkruar n\u00eb profilin e saj n\u00eb\" \/>\n<meta name=\"robots\" content=\"index, follow, max-snippet:-1, max-image-preview:large, max-video-preview:-1\" \/>\n<link rel=\"canonical\" href=\"https:\/\/www.visit-ulcinj.com\/blog\/2012\/09\/14\/shkendija-mujaj-askend-nuk-e-shohe-konkurrente\/\" \/>\n<meta property=\"og:locale\" content=\"en_US\" \/>\n<meta property=\"og:type\" content=\"article\" \/>\n<meta property=\"og:title\" content=\"Shk\u00ebndija Mujaj: Ask\u00ebnd nuk e shoh\u00eb konkurrente! - Lajme nga Ulqini\" \/>\n<meta property=\"og:description\" content=\"K\u00ebng\u00ebtarja shqiptare e cila jeton n\u00eb Zvic\u00ebr, Shk\u00ebndije Mujaj nuk ndihet e konkurruar nga ndonj\u00eb vajz\u00eb shqiptare. Ajo ka shkruar n\u00eb profilin e saj n\u00eb\" \/>\n<meta property=\"og:url\" content=\"https:\/\/www.visit-ulcinj.com\/blog\/2012\/09\/14\/shkendija-mujaj-askend-nuk-e-shohe-konkurrente\/\" \/>\n<meta property=\"og:site_name\" content=\"Lajme nga Ulqini\" \/>\n<meta property=\"article:published_time\" content=\"2012-09-14T12:32:27+00:00\" \/>\n<meta property=\"og:image\" content=\"https:\/\/www.visit-ulcinj.com\/blog\/wp-content\/uploads\/2012\/09\/Shk\u00ebndijemujaj-150x150.jpg\" \/>\n<meta name=\"twitter:label1\" content=\"Written by\" \/>\n\t<meta name=\"twitter:data1\" content=\"ulqini\" \/>\n\t<meta name=\"twitter:label2\" content=\"Est. reading time\" \/>\n\t<meta name=\"twitter:data2\" content=\"1 minute\" \/>\n<script type=\"application\/ld+json\" class=\"yoast-schema-graph\">{\"@context\":\"https:\/\/schema.org\",\"@graph\":[{\"@type\":\"WebSite\",\"@id\":\"https:\/\/www.visit-ulcinj.com\/blog\/#website\",\"url\":\"https:\/\/www.visit-ulcinj.com\/blog\/\",\"name\":\"Lajme nga Ulqini\",\"description\":\"Lajme,Vijesti,Ulqini,Ulqin,Crna Gora,Mali i Zi\",\"potentialAction\":[{\"@type\":\"SearchAction\",\"target\":{\"@type\":\"EntryPoint\",\"urlTemplate\":\"https:\/\/www.visit-ulcinj.com\/blog\/?s={search_term_string}\"},\"query-input\":\"required name=search_term_string\"}],\"inLanguage\":\"en-US\"},{\"@type\":\"WebPage\",\"@id\":\"https:\/\/www.visit-ulcinj.com\/blog\/2012\/09\/14\/shkendija-mujaj-askend-nuk-e-shohe-konkurrente\/#webpage\",\"url\":\"https:\/\/www.visit-ulcinj.com\/blog\/2012\/09\/14\/shkendija-mujaj-askend-nuk-e-shohe-konkurrente\/\",\"name\":\"Shk\u00ebndija Mujaj: Ask\u00ebnd nuk e shoh\u00eb konkurrente! - Lajme nga Ulqini\",\"isPartOf\":{\"@id\":\"https:\/\/www.visit-ulcinj.com\/blog\/#website\"},\"datePublished\":\"2012-09-14T12:32:27+00:00\",\"dateModified\":\"2012-09-14T12:32:27+00:00\",\"author\":{\"@id\":\"https:\/\/www.visit-ulcinj.com\/blog\/#\/schema\/person\/dcab619c614d3038751c63bc2aadc06d\"},\"description\":\"K\u00ebng\u00ebtarja shqiptare e cila jeton n\u00eb Zvic\u00ebr, Shk\u00ebndije Mujaj nuk ndihet e konkurruar nga ndonj\u00eb vajz\u00eb shqiptare. Ajo ka shkruar n\u00eb profilin e saj n\u00eb\",\"breadcrumb\":{\"@id\":\"https:\/\/www.visit-ulcinj.com\/blog\/2012\/09\/14\/shkendija-mujaj-askend-nuk-e-shohe-konkurrente\/#breadcrumb\"},\"inLanguage\":\"en-US\",\"potentialAction\":[{\"@type\":\"ReadAction\",\"target\":[\"https:\/\/www.visit-ulcinj.com\/blog\/2012\/09\/14\/shkendija-mujaj-askend-nuk-e-shohe-konkurrente\/\"]}]},{\"@type\":\"BreadcrumbList\",\"@id\":\"https:\/\/www.visit-ulcinj.com\/blog\/2012\/09\/14\/shkendija-mujaj-askend-nuk-e-shohe-konkurrente\/#breadcrumb\",\"itemListElement\":[{\"@type\":\"ListItem\",\"position\":1,\"name\":\"Shk\u00ebndija Mujaj: Ask\u00ebnd nuk e shoh\u00eb konkurrente!\"}]},{\"@type\":\"Person\",\"@id\":\"https:\/\/www.visit-ulcinj.com\/blog\/#\/schema\/person\/dcab619c614d3038751c63bc2aadc06d\",\"name\":\"ulqini\",\"sameAs\":[\"http:\/\/www.visit-ulcinj.com\"],\"url\":\"https:\/\/www.visit-ulcinj.com\/blog\/author\/admin\/\"}]}<\/script>\n<!-- \/ Yoast SEO plugin. -->","yoast_head_json":{"title":"Shk\u00ebndija Mujaj: Ask\u00ebnd nuk e shoh\u00eb konkurrente! - Lajme nga Ulqini","description":"K\u00ebng\u00ebtarja shqiptare e cila jeton n\u00eb Zvic\u00ebr, Shk\u00ebndije Mujaj nuk ndihet e konkurruar nga ndonj\u00eb vajz\u00eb shqiptare. Ajo ka shkruar n\u00eb profilin e saj n\u00eb","robots":{"index":"index","follow":"follow","max-snippet":"max-snippet:-1","max-image-preview":"max-image-preview:large","max-video-preview":"max-video-preview:-1"},"canonical":"https:\/\/www.visit-ulcinj.com\/blog\/2012\/09\/14\/shkendija-mujaj-askend-nuk-e-shohe-konkurrente\/","og_locale":"en_US","og_type":"article","og_title":"Shk\u00ebndija Mujaj: Ask\u00ebnd nuk e shoh\u00eb konkurrente! - Lajme nga Ulqini","og_description":"K\u00ebng\u00ebtarja shqiptare e cila jeton n\u00eb Zvic\u00ebr, Shk\u00ebndije Mujaj nuk ndihet e konkurruar nga ndonj\u00eb vajz\u00eb shqiptare. Ajo ka shkruar n\u00eb profilin e saj n\u00eb","og_url":"https:\/\/www.visit-ulcinj.com\/blog\/2012\/09\/14\/shkendija-mujaj-askend-nuk-e-shohe-konkurrente\/","og_site_name":"Lajme nga Ulqini","article_published_time":"2012-09-14T12:32:27+00:00","og_image":[{"url":"https:\/\/www.visit-ulcinj.com\/blog\/wp-content\/uploads\/2012\/09\/Shk\u00ebndijemujaj-150x150.jpg"}],"twitter_misc":{"Written by":"ulqini","Est. reading time":"1 minute"},"schema":{"@context":"https:\/\/schema.org","@graph":[{"@type":"WebSite","@id":"https:\/\/www.visit-ulcinj.com\/blog\/#website","url":"https:\/\/www.visit-ulcinj.com\/blog\/","name":"Lajme nga Ulqini","description":"Lajme,Vijesti,Ulqini,Ulqin,Crna Gora,Mali i Zi","potentialAction":[{"@type":"SearchAction","target":{"@type":"EntryPoint","urlTemplate":"https:\/\/www.visit-ulcinj.com\/blog\/?s={search_term_string}"},"query-input":"required name=search_term_string"}],"inLanguage":"en-US"},{"@type":"WebPage","@id":"https:\/\/www.visit-ulcinj.com\/blog\/2012\/09\/14\/shkendija-mujaj-askend-nuk-e-shohe-konkurrente\/#webpage","url":"https:\/\/www.visit-ulcinj.com\/blog\/2012\/09\/14\/shkendija-mujaj-askend-nuk-e-shohe-konkurrente\/","name":"Shk\u00ebndija Mujaj: Ask\u00ebnd nuk e shoh\u00eb konkurrente! - Lajme nga Ulqini","isPartOf":{"@id":"https:\/\/www.visit-ulcinj.com\/blog\/#website"},"datePublished":"2012-09-14T12:32:27+00:00","dateModified":"2012-09-14T12:32:27+00:00","author":{"@id":"https:\/\/www.visit-ulcinj.com\/blog\/#\/schema\/person\/dcab619c614d3038751c63bc2aadc06d"},"description":"K\u00ebng\u00ebtarja shqiptare e cila jeton n\u00eb Zvic\u00ebr, Shk\u00ebndije Mujaj nuk ndihet e konkurruar nga ndonj\u00eb vajz\u00eb shqiptare. Ajo ka shkruar n\u00eb profilin e saj n\u00eb","breadcrumb":{"@id":"https:\/\/www.visit-ulcinj.com\/blog\/2012\/09\/14\/shkendija-mujaj-askend-nuk-e-shohe-konkurrente\/#breadcrumb"},"inLanguage":"en-US","potentialAction":[{"@type":"ReadAction","target":["https:\/\/www.visit-ulcinj.com\/blog\/2012\/09\/14\/shkendija-mujaj-askend-nuk-e-shohe-konkurrente\/"]}]},{"@type":"BreadcrumbList","@id":"https:\/\/www.visit-ulcinj.com\/blog\/2012\/09\/14\/shkendija-mujaj-askend-nuk-e-shohe-konkurrente\/#breadcrumb","itemListElement":[{"@type":"ListItem","position":1,"name":"Shk\u00ebndija Mujaj: Ask\u00ebnd nuk e shoh\u00eb konkurrente!"}]},{"@type":"Person","@id":"https:\/\/www.visit-ulcinj.com\/blog\/#\/schema\/person\/dcab619c614d3038751c63bc2aadc06d","name":"ulqini","sameAs":["http:\/\/www.visit-ulcinj.com"],"url":"https:\/\/www.visit-ulcinj.com\/blog\/author\/admin\/"}]}},"jetpack_featured_media_url":"","jetpack_sharing_enabled":true,"jetpack_shortlink":"https:\/\/wp.me\/pe6lTn-gyE","_links":{"self":[{"href":"https:\/\/www.visit-ulcinj.com\/blog\/wp-json\/wp\/v2\/posts\/63652"}],"collection":[{"href":"https:\/\/www.visit-ulcinj.com\/blog\/wp-json\/wp\/v2\/posts"}],"about":[{"href":"https:\/\/www.visit-ulcinj.com\/blog\/wp-json\/wp\/v2\/types\/post"}],"author":[{"embeddable":true,"href":"https:\/\/www.visit-ulcinj.com\/blog\/wp-json\/wp\/v2\/users\/1"}],"replies":[{"embeddable":true,"href":"https:\/\/www.visit-ulcinj.com\/blog\/wp-json\/wp\/v2\/comments?post=63652"}],"version-history":[{"count":2,"href":"https:\/\/www.visit-ulcinj.com\/blog\/wp-json\/wp\/v2\/posts\/63652\/revisions"}],"predecessor-version":[{"id":63660,"href":"https:\/\/www.visit-ulcinj.com\/blog\/wp-json\/wp\/v2\/posts\/63652\/revisions\/63660"}],"wp:attachment":[{"href":"https:\/\/www.visit-ulcinj.com\/blog\/wp-json\/wp\/v2\/media?parent=63652"}],"wp:term":[{"taxonomy":"category","embeddable":true,"href":"https:\/\/www.visit-ulcinj.com\/blog\/wp-json\/wp\/v2\/categories?post=63652"},{"taxonomy":"post_tag","embeddable":true,"href":"https:\/\/www.visit-ulcinj.com\/blog\/wp-json\/wp\/v2\/tags?post=63652"}],"curies":[{"name":"wp","href":"https:\/\/api.w.org\/{rel}","templated":true}]}}