{"id":63661,"date":"2012-09-14T16:51:31","date_gmt":"2012-09-14T15:51:31","guid":{"rendered":"http:\/\/www.visit-ulcinj.com\/blog\/?p=63661"},"modified":"2012-09-14T16:51:31","modified_gmt":"2012-09-14T15:51:31","slug":"reagimi-i-forces-ndaj-tekstit-te-sindikatit-te-hotelit-otrant","status":"publish","type":"post","link":"https:\/\/www.visit-ulcinj.com\/blog\/2012\/09\/14\/reagimi-i-forces-ndaj-tekstit-te-sindikatit-te-hotelit-otrant\/","title":{"rendered":"Reagimi i Forces ndaj tekstit te Sindikatit te hotelit Otrant"},"content":{"rendered":"<p style=\"text-align: center;\"><strong><a href=\"http:\/\/www.visit-ulcinj.com\/blog\/wp-content\/uploads\/2012\/09\/logo-forca.jpg\"><img loading=\"lazy\" class=\"alignleft size-full wp-image-63662\" title=\"logo-forca\" src=\"http:\/\/www.visit-ulcinj.com\/blog\/wp-content\/uploads\/2012\/09\/logo-forca.jpg\" alt=\"\" width=\"248\" height=\"241\" \/><\/a>KUMTES\u00cb P\u00cbR OPINION<\/strong><\/p>\n<p>Jemi t\u00eb vet\u00ebdijsh\u00ebm p\u00ebr d\u00ebmin e shkaktuar ndaj punonj\u00ebsve t\u00eb ngelur pa pun\u00eb t\u00eb Otrantit dhe u kujtojm\u00eb atyre se partia jon\u00eb shum\u00eb her\u00eb ka kund\u00ebrshtuar p\u00ebr privatizimet e dyshimta t\u00eb nd\u00ebrmarrjeve n\u00eb Komun\u00ebn e Ulqinit. Shum\u00eb her\u00eb ka b\u00ebr\u00eb deklarata specifike p\u00ebr Otrantin dhe \u00ebsht\u00eb solidarizuar m\u00eb protestat legjitime t\u00eb pun\u00ebtor\u00ebve t\u00eb mbetur pa vend pune. Prandaj u b\u00ebjm\u00eb thirrje pun\u00ebtor\u00ebve dhe p\u00ebrfaq\u00ebsuesve t\u00eb sindikat\u00ebs t\u00eb mos bien n\u00eb kurth\u00eb t\u00eb instrumentalizimeve posht\u00ebruese politike.<br \/>\nForca e Re Demokratike \u00ebsht\u00eb e prekur thell\u00eb p\u00ebr deklaratat e pav\u00ebrrteta dhe shpreh indinjat\u00ebn e thell\u00eb ndaj k\u00ebtyre deklaratave dashakeqe t\u00eb nxjerra nga sindikata e Otrantit. Njoftojm q\u00eb do t\u00eb b\u00ebjm\u00eb \u00e7ka \u00ebsht\u00eb e mundur q\u00eb ta sqarojm mir\u00eb se kush q\u00ebndron prapa k\u00ebsaj p\u00ebrpjekje p\u00ebr manipulim t\u00eb opinionit publik duke iu drejtuar organeve t\u00eb drejt\u00ebsis\u00eb dhe duke ngritur nj\u00eb padi p\u00ebr shpifje. \u00cbsht\u00eb m\u00eb se e qart\u00eb q\u00eb kjo deklarat\u00eb e sh\u00ebmtuar e nxjerr\u00eb pik\u00ebrisht tani nga sindikata e Otrantit ka prapavij\u00eb politike sepse synon t\u00eb njollos\u00eb Forc\u00ebn e Re Demokratike n\u00eb kuad\u00ebr t\u00eb zgjedhjeve parlamentare q\u00eb po afrojn\u00eb.<br \/>\nSindikata e Otrantit e ka b\u00ebr\u00eb t\u00eb ditur publikisht shum\u00eb koh\u00eb m\u00eb her\u00ebt se kush jan\u00eb personat q\u00eb ato i konsiderojn\u00eb si p\u00ebrgjegj\u00ebs t\u00eb drejtp\u00ebrdrejt\u00eb p\u00ebr ngeljen pa pun\u00eb sepse kan\u00eb ngritur padi ndaj ish-ministrit Nenezic. P\u00ebrkujtojm\u00eb opinionin publik\u00eb dhe puntor\u00ebt e Otrantit t\u00eb mbetur pa pun\u00eb se p\u00ebrmes deputetit Genci Nimanbegu kemi k\u00ebrkuar dorheqjen e Ministrit t\u00eb at\u00ebhersh\u00ebm t\u00eb turizmit Neneziq edhe p\u00ebr arsye t\u00eb privatizimit t\u00eb Otrantit.<br \/>\nFakti q\u00eb befas sindikata ka ndryshuar versionin e saj dhe p\u00ebrpiqet t\u00eb implikoj\u00eb edhe Forc\u00ebn n\u00eb k\u00ebt\u00eb problem na shtyn\u00eb t\u00eb mendojm\u00eb se sindikata, me ose pa dashje, \u00ebsht\u00eb v\u00ebn\u00eb n\u00eb sh\u00ebrbim politik t\u00eb rival\u00ebve t\u00eb Forc\u00ebs t\u00eb cil\u00ebt t\u00eb vet\u00ebdijsh\u00ebm p\u00ebr p\u00ebr potencialin e partis\u00eb son\u00eb p\u00ebr fitore p\u00ebrdorin kund\u00ebr nesh nga d\u00ebshp\u00ebrimi edhe mjet\u00eb t\u00eb ul\u00ebta si trrillimet dhe mashtrimet.<br \/>\nMe p\u00ebrgjegj\u00ebsi t\u00eb plot morale dhe juridike deklarojm\u00eb q\u00eb udh\u00ebheq\u00ebsit e Forc\u00ebs nuk jan\u00eb t\u00eb p\u00ebrfshir\u00eb as n\u00eb m\u00ebnyre t\u00eb drejtp\u00ebrdjerte as indirekte n\u00eb afarizmin e Otrantit dhe se t\u00eb gjitha pretendimet e deklarat\u00ebs s\u00eb sindikat\u00ebs s\u00eb Otrantit jan\u00eb trillime. P\u00ebr ti dh\u00ebn\u00eb fund mashtrimeve q\u00eb kund\u00ebrshtar\u00ebt tan\u00eb politik\u00eb b\u00ebjn\u00eb kund\u00ebr nesh ne kemi vendosur q\u00eb t\u00eb ngrejm\u00eb padi p\u00ebr shpifje ndaj sindikat\u00ebs s\u00eb Otrantit. Kjo padi nuk b\u00ebhet si presion ndaj p\u00ebrfaq\u00ebsuesve t\u00eb sindikat\u00ebs dhe puntor\u00ebve t\u00eb Otrantit, por p\u00ebr shkak q\u00eb mashtruesit, trilluesit dhe nxit\u00ebsit nga rrathat e kund\u00ebrshtar\u00ebve politik\u00eb t\u00eb indentifikohen dhe q\u00eb t\u00eb ken\u00eb p\u00ebrgjegj\u00ebsi morale dhe t\u00eb diskreditohen publikisht.<br \/>\n<strong>Me respekt,<\/strong><br \/>\n<strong> Sh\u00ebrbimi p\u00ebr informim i Forc\u00ebs<\/strong><\/p>\n","protected":false},"excerpt":{"rendered":"<p>KUMTES\u00cb P\u00cbR OPINION Jemi t\u00eb vet\u00ebdijsh\u00ebm p\u00ebr d\u00ebmin e shkaktuar ndaj punonj\u00ebsve t\u00eb ngelur pa pun\u00eb t\u00eb Otrantit dhe u kujtojm\u00eb atyre se partia jon\u00eb shum\u00eb her\u00eb ka kund\u00ebrshtuar p\u00ebr privatizimet e dyshimta t\u00eb nd\u00ebrmarrjeve n\u00eb Komun\u00ebn e Ulqinit. Shum\u00eb her\u00eb ka b\u00ebr\u00eb deklarata specifike p\u00ebr Otrantin dhe \u00ebsht\u00eb solidarizuar m\u00eb protestat legjitime t\u00eb pun\u00ebtor\u00ebve [&hellip;]<\/p>\n","protected":false},"author":1,"featured_media":0,"comment_status":"open","ping_status":"closed","sticky":false,"template":"","format":"standard","meta":{"spay_email":"","jetpack_publicize_message":"","jetpack_is_tweetstorm":false,"jetpack_publicize_feature_enabled":true},"categories":[11],"tags":[672,200],"jetpack_publicize_connections":[],"yoast_head":"<!-- This site is optimized with the Yoast SEO plugin v19.1 - https:\/\/yoast.com\/wordpress\/plugins\/seo\/ -->\n<title>Reagimi i Forces ndaj tekstit te Sindikatit te hotelit Otrant - Lajme nga Ulqini<\/title>\n<meta name=\"description\" content=\"KUMTES\u00cb P\u00cbR OPINION Jemi t\u00eb vet\u00ebdijsh\u00ebm p\u00ebr d\u00ebmin e shkaktuar ndaj punonj\u00ebsve t\u00eb ngelur pa pun\u00eb t\u00eb Otrantit dhe u kujtojm\u00eb atyre se partia jon\u00eb shum\u00eb her\u00eb\" \/>\n<meta name=\"robots\" content=\"index, follow, max-snippet:-1, max-image-preview:large, max-video-preview:-1\" \/>\n<link rel=\"canonical\" href=\"https:\/\/www.visit-ulcinj.com\/blog\/2012\/09\/14\/reagimi-i-forces-ndaj-tekstit-te-sindikatit-te-hotelit-otrant\/\" \/>\n<meta property=\"og:locale\" content=\"en_US\" \/>\n<meta property=\"og:type\" content=\"article\" \/>\n<meta property=\"og:title\" content=\"Reagimi i Forces ndaj tekstit te Sindikatit te hotelit Otrant - Lajme nga Ulqini\" \/>\n<meta property=\"og:description\" content=\"KUMTES\u00cb P\u00cbR OPINION Jemi t\u00eb vet\u00ebdijsh\u00ebm p\u00ebr d\u00ebmin e shkaktuar ndaj punonj\u00ebsve t\u00eb ngelur pa pun\u00eb t\u00eb Otrantit dhe u kujtojm\u00eb atyre se partia jon\u00eb shum\u00eb her\u00eb\" \/>\n<meta property=\"og:url\" content=\"https:\/\/www.visit-ulcinj.com\/blog\/2012\/09\/14\/reagimi-i-forces-ndaj-tekstit-te-sindikatit-te-hotelit-otrant\/\" \/>\n<meta property=\"og:site_name\" content=\"Lajme nga Ulqini\" \/>\n<meta property=\"article:published_time\" content=\"2012-09-14T15:51:31+00:00\" \/>\n<meta property=\"og:image\" content=\"http:\/\/www.visit-ulcinj.com\/blog\/wp-content\/uploads\/2012\/09\/logo-forca.jpg\" \/>\n<meta name=\"twitter:label1\" content=\"Written by\" \/>\n\t<meta name=\"twitter:data1\" content=\"ulqini\" \/>\n\t<meta name=\"twitter:label2\" content=\"Est. reading time\" \/>\n\t<meta name=\"twitter:data2\" content=\"3 minutes\" \/>\n<script type=\"application\/ld+json\" class=\"yoast-schema-graph\">{\"@context\":\"https:\/\/schema.org\",\"@graph\":[{\"@type\":\"WebSite\",\"@id\":\"https:\/\/www.visit-ulcinj.com\/blog\/#website\",\"url\":\"https:\/\/www.visit-ulcinj.com\/blog\/\",\"name\":\"Lajme nga Ulqini\",\"description\":\"Lajme,Vijesti,Ulqini,Ulqin,Crna Gora,Mali i Zi\",\"potentialAction\":[{\"@type\":\"SearchAction\",\"target\":{\"@type\":\"EntryPoint\",\"urlTemplate\":\"https:\/\/www.visit-ulcinj.com\/blog\/?s={search_term_string}\"},\"query-input\":\"required name=search_term_string\"}],\"inLanguage\":\"en-US\"},{\"@type\":\"ImageObject\",\"inLanguage\":\"en-US\",\"@id\":\"https:\/\/www.visit-ulcinj.com\/blog\/2012\/09\/14\/reagimi-i-forces-ndaj-tekstit-te-sindikatit-te-hotelit-otrant\/#primaryimage\",\"url\":\"https:\/\/www.visit-ulcinj.com\/blog\/wp-content\/uploads\/2012\/09\/logo-forca.jpg\",\"contentUrl\":\"https:\/\/www.visit-ulcinj.com\/blog\/wp-content\/uploads\/2012\/09\/logo-forca.jpg\",\"width\":\"248\",\"height\":\"241\"},{\"@type\":\"WebPage\",\"@id\":\"https:\/\/www.visit-ulcinj.com\/blog\/2012\/09\/14\/reagimi-i-forces-ndaj-tekstit-te-sindikatit-te-hotelit-otrant\/#webpage\",\"url\":\"https:\/\/www.visit-ulcinj.com\/blog\/2012\/09\/14\/reagimi-i-forces-ndaj-tekstit-te-sindikatit-te-hotelit-otrant\/\",\"name\":\"Reagimi i Forces ndaj tekstit te Sindikatit te hotelit Otrant - Lajme nga Ulqini\",\"isPartOf\":{\"@id\":\"https:\/\/www.visit-ulcinj.com\/blog\/#website\"},\"primaryImageOfPage\":{\"@id\":\"https:\/\/www.visit-ulcinj.com\/blog\/2012\/09\/14\/reagimi-i-forces-ndaj-tekstit-te-sindikatit-te-hotelit-otrant\/#primaryimage\"},\"datePublished\":\"2012-09-14T15:51:31+00:00\",\"dateModified\":\"2012-09-14T15:51:31+00:00\",\"author\":{\"@id\":\"https:\/\/www.visit-ulcinj.com\/blog\/#\/schema\/person\/dcab619c614d3038751c63bc2aadc06d\"},\"description\":\"KUMTES\u00cb P\u00cbR OPINION Jemi t\u00eb vet\u00ebdijsh\u00ebm p\u00ebr d\u00ebmin e shkaktuar ndaj punonj\u00ebsve t\u00eb ngelur pa pun\u00eb t\u00eb Otrantit dhe u kujtojm\u00eb atyre se partia jon\u00eb shum\u00eb her\u00eb\",\"breadcrumb\":{\"@id\":\"https:\/\/www.visit-ulcinj.com\/blog\/2012\/09\/14\/reagimi-i-forces-ndaj-tekstit-te-sindikatit-te-hotelit-otrant\/#breadcrumb\"},\"inLanguage\":\"en-US\",\"potentialAction\":[{\"@type\":\"ReadAction\",\"target\":[\"https:\/\/www.visit-ulcinj.com\/blog\/2012\/09\/14\/reagimi-i-forces-ndaj-tekstit-te-sindikatit-te-hotelit-otrant\/\"]}]},{\"@type\":\"BreadcrumbList\",\"@id\":\"https:\/\/www.visit-ulcinj.com\/blog\/2012\/09\/14\/reagimi-i-forces-ndaj-tekstit-te-sindikatit-te-hotelit-otrant\/#breadcrumb\",\"itemListElement\":[{\"@type\":\"ListItem\",\"position\":1,\"name\":\"Reagimi i Forces ndaj tekstit te Sindikatit te hotelit Otrant\"}]},{\"@type\":\"Person\",\"@id\":\"https:\/\/www.visit-ulcinj.com\/blog\/#\/schema\/person\/dcab619c614d3038751c63bc2aadc06d\",\"name\":\"ulqini\",\"sameAs\":[\"http:\/\/www.visit-ulcinj.com\"],\"url\":\"https:\/\/www.visit-ulcinj.com\/blog\/author\/admin\/\"}]}<\/script>\n<!-- \/ Yoast SEO plugin. -->","yoast_head_json":{"title":"Reagimi i Forces ndaj tekstit te Sindikatit te hotelit Otrant - Lajme nga Ulqini","description":"KUMTES\u00cb P\u00cbR OPINION Jemi t\u00eb vet\u00ebdijsh\u00ebm p\u00ebr d\u00ebmin e shkaktuar ndaj punonj\u00ebsve t\u00eb ngelur pa pun\u00eb t\u00eb Otrantit dhe u kujtojm\u00eb atyre se partia jon\u00eb shum\u00eb her\u00eb","robots":{"index":"index","follow":"follow","max-snippet":"max-snippet:-1","max-image-preview":"max-image-preview:large","max-video-preview":"max-video-preview:-1"},"canonical":"https:\/\/www.visit-ulcinj.com\/blog\/2012\/09\/14\/reagimi-i-forces-ndaj-tekstit-te-sindikatit-te-hotelit-otrant\/","og_locale":"en_US","og_type":"article","og_title":"Reagimi i Forces ndaj tekstit te Sindikatit te hotelit Otrant - Lajme nga Ulqini","og_description":"KUMTES\u00cb P\u00cbR OPINION Jemi t\u00eb vet\u00ebdijsh\u00ebm p\u00ebr d\u00ebmin e shkaktuar ndaj punonj\u00ebsve t\u00eb ngelur pa pun\u00eb t\u00eb Otrantit dhe u kujtojm\u00eb atyre se partia jon\u00eb shum\u00eb her\u00eb","og_url":"https:\/\/www.visit-ulcinj.com\/blog\/2012\/09\/14\/reagimi-i-forces-ndaj-tekstit-te-sindikatit-te-hotelit-otrant\/","og_site_name":"Lajme nga Ulqini","article_published_time":"2012-09-14T15:51:31+00:00","og_image":[{"url":"http:\/\/www.visit-ulcinj.com\/blog\/wp-content\/uploads\/2012\/09\/logo-forca.jpg"}],"twitter_misc":{"Written by":"ulqini","Est. reading time":"3 minutes"},"schema":{"@context":"https:\/\/schema.org","@graph":[{"@type":"WebSite","@id":"https:\/\/www.visit-ulcinj.com\/blog\/#website","url":"https:\/\/www.visit-ulcinj.com\/blog\/","name":"Lajme nga Ulqini","description":"Lajme,Vijesti,Ulqini,Ulqin,Crna Gora,Mali i Zi","potentialAction":[{"@type":"SearchAction","target":{"@type":"EntryPoint","urlTemplate":"https:\/\/www.visit-ulcinj.com\/blog\/?s={search_term_string}"},"query-input":"required name=search_term_string"}],"inLanguage":"en-US"},{"@type":"ImageObject","inLanguage":"en-US","@id":"https:\/\/www.visit-ulcinj.com\/blog\/2012\/09\/14\/reagimi-i-forces-ndaj-tekstit-te-sindikatit-te-hotelit-otrant\/#primaryimage","url":"https:\/\/www.visit-ulcinj.com\/blog\/wp-content\/uploads\/2012\/09\/logo-forca.jpg","contentUrl":"https:\/\/www.visit-ulcinj.com\/blog\/wp-content\/uploads\/2012\/09\/logo-forca.jpg","width":"248","height":"241"},{"@type":"WebPage","@id":"https:\/\/www.visit-ulcinj.com\/blog\/2012\/09\/14\/reagimi-i-forces-ndaj-tekstit-te-sindikatit-te-hotelit-otrant\/#webpage","url":"https:\/\/www.visit-ulcinj.com\/blog\/2012\/09\/14\/reagimi-i-forces-ndaj-tekstit-te-sindikatit-te-hotelit-otrant\/","name":"Reagimi i Forces ndaj tekstit te Sindikatit te hotelit Otrant - Lajme nga Ulqini","isPartOf":{"@id":"https:\/\/www.visit-ulcinj.com\/blog\/#website"},"primaryImageOfPage":{"@id":"https:\/\/www.visit-ulcinj.com\/blog\/2012\/09\/14\/reagimi-i-forces-ndaj-tekstit-te-sindikatit-te-hotelit-otrant\/#primaryimage"},"datePublished":"2012-09-14T15:51:31+00:00","dateModified":"2012-09-14T15:51:31+00:00","author":{"@id":"https:\/\/www.visit-ulcinj.com\/blog\/#\/schema\/person\/dcab619c614d3038751c63bc2aadc06d"},"description":"KUMTES\u00cb P\u00cbR OPINION Jemi t\u00eb vet\u00ebdijsh\u00ebm p\u00ebr d\u00ebmin e shkaktuar ndaj punonj\u00ebsve t\u00eb ngelur pa pun\u00eb t\u00eb Otrantit dhe u kujtojm\u00eb atyre se partia jon\u00eb shum\u00eb her\u00eb","breadcrumb":{"@id":"https:\/\/www.visit-ulcinj.com\/blog\/2012\/09\/14\/reagimi-i-forces-ndaj-tekstit-te-sindikatit-te-hotelit-otrant\/#breadcrumb"},"inLanguage":"en-US","potentialAction":[{"@type":"ReadAction","target":["https:\/\/www.visit-ulcinj.com\/blog\/2012\/09\/14\/reagimi-i-forces-ndaj-tekstit-te-sindikatit-te-hotelit-otrant\/"]}]},{"@type":"BreadcrumbList","@id":"https:\/\/www.visit-ulcinj.com\/blog\/2012\/09\/14\/reagimi-i-forces-ndaj-tekstit-te-sindikatit-te-hotelit-otrant\/#breadcrumb","itemListElement":[{"@type":"ListItem","position":1,"name":"Reagimi i Forces ndaj tekstit te Sindikatit te hotelit Otrant"}]},{"@type":"Person","@id":"https:\/\/www.visit-ulcinj.com\/blog\/#\/schema\/person\/dcab619c614d3038751c63bc2aadc06d","name":"ulqini","sameAs":["http:\/\/www.visit-ulcinj.com"],"url":"https:\/\/www.visit-ulcinj.com\/blog\/author\/admin\/"}]}},"jetpack_featured_media_url":"","jetpack_sharing_enabled":true,"jetpack_shortlink":"https:\/\/wp.me\/pe6lTn-gyN","_links":{"self":[{"href":"https:\/\/www.visit-ulcinj.com\/blog\/wp-json\/wp\/v2\/posts\/63661"}],"collection":[{"href":"https:\/\/www.visit-ulcinj.com\/blog\/wp-json\/wp\/v2\/posts"}],"about":[{"href":"https:\/\/www.visit-ulcinj.com\/blog\/wp-json\/wp\/v2\/types\/post"}],"author":[{"embeddable":true,"href":"https:\/\/www.visit-ulcinj.com\/blog\/wp-json\/wp\/v2\/users\/1"}],"replies":[{"embeddable":true,"href":"https:\/\/www.visit-ulcinj.com\/blog\/wp-json\/wp\/v2\/comments?post=63661"}],"version-history":[{"count":1,"href":"https:\/\/www.visit-ulcinj.com\/blog\/wp-json\/wp\/v2\/posts\/63661\/revisions"}],"predecessor-version":[{"id":63663,"href":"https:\/\/www.visit-ulcinj.com\/blog\/wp-json\/wp\/v2\/posts\/63661\/revisions\/63663"}],"wp:attachment":[{"href":"https:\/\/www.visit-ulcinj.com\/blog\/wp-json\/wp\/v2\/media?parent=63661"}],"wp:term":[{"taxonomy":"category","embeddable":true,"href":"https:\/\/www.visit-ulcinj.com\/blog\/wp-json\/wp\/v2\/categories?post=63661"},{"taxonomy":"post_tag","embeddable":true,"href":"https:\/\/www.visit-ulcinj.com\/blog\/wp-json\/wp\/v2\/tags?post=63661"}],"curies":[{"name":"wp","href":"https:\/\/api.w.org\/{rel}","templated":true}]}}