{"id":637,"date":"2008-02-25T13:00:13","date_gmt":"2008-02-25T18:00:13","guid":{"rendered":"http:\/\/www.visit-ulcinj.com\/blog\/2008\/02\/25\/ulcinjani-strepe\/"},"modified":"2008-02-27T00:07:31","modified_gmt":"2008-02-27T05:07:31","slug":"ulcinjani-strepe","status":"publish","type":"post","link":"https:\/\/www.visit-ulcinj.com\/blog\/2008\/02\/25\/ulcinjani-strepe\/","title":{"rendered":"ULCINJANI STREPE"},"content":{"rendered":"<p><a rel=\"lightbox[pics-1203962062]\" href=\"http:\/\/www.visit-ulcinj.com\/blog\/wp-content\/uploads\/2008\/02\/munib-abazi-2.jpg\" title=\"Munib Abazi\"><img loading=\"lazy\" align=\"left\" width=\"196\" src=\"http:\/\/www.visit-ulcinj.com\/blog\/wp-content\/uploads\/2008\/02\/munib-abazi-2.thumbnail.jpg\" alt=\"Munib Abazi\" height=\"200\" \/><\/a>Ulcinj 25.02.2008- Ulcinjani strahuju da bi nezavisnost Kosova i eventualno produbljivanje krize u regionu moglo ugroziti nastupaju?u sezonu, ali su odbili da o tome direktno govore. Ipak, turisti?ki poslenici smatraju da ?e &#8220;ukoliko stanje bude stabilno a Crna Gora prizna Kosovo sezona biti dobra i ove godine, ali da je to vi\u0161a politika i da od njih ne zavisi ni\u0161ta&#8221;. Vlasnik poznate turisti?ke agencije &#8220;Bonita&#8221; Munib Abazovi? izrazio o?ekivanje da ?e Crna Gora priznati Kosovo jer bi u tom slu?aju kako je kazao Ulcinj do\u017eivio nezapam?en priliv albanskih turista ne samo sa Kosova ve? i iz cijele dijaspore.<br \/>\n&#8211; Vjerujem da bi u slu?aju da Crna Gora prizna nezavisnost Kosova prije ljeta Ulcinj imao nezapam?enu sezonu makar kada je albanski gost u pitanju, posebno onaj iz dijaspore koji je izvanredan potro\u0161a?. I pored toga do sada osim uobi?ajenih imamo i izvanredne najave iz Ma?arske &#8211; kazao je Abazovi? &#8220;Vijestima&#8221;.<br \/>\nAlbanci sa Kosova dominantna su politi?ka klijentela Ulcinja u posljednjih deceniju i po i vi\u0161e. Direktor turisti?kog centra Kosova \u0160keljzen Rizaj, koji se ju?e nije javljao na telefonske pozive prije izvjesnog vremena u intervjuu &#8220;Vijestima&#8221; kazao je da Kosovari u \u0161picu sezone u Ulcinju dnevno tro\u0161e vi\u0161e od milion eura.<\/p>\n<p>S.A.<\/p>\n<p>www.vijesti.cg.yu<\/p>\n<p><strong>Video Ulqin\/Ulcinj &#8211; Montenegro <\/strong><\/p>\n<!-- vimeo error: not a vimeo video -->\n","protected":false},"excerpt":{"rendered":"<p><img loading=\"lazy\" src=\"http:\/\/www.visit-ulcinj.com\/blog\/wp-content\/uploads\/2008\/02\/munib-abazi-2.thumbnail.jpg\" alt=\"Munib Abazi\" align=\"left\" height=\"140\" width=\"140\" \/><\/p>\n","protected":false},"author":1,"featured_media":0,"comment_status":"open","ping_status":"closed","sticky":false,"template":"","format":"standard","meta":{"spay_email":"","jetpack_publicize_message":"","jetpack_is_tweetstorm":false,"jetpack_publicize_feature_enabled":true},"categories":[15],"tags":[1520,20,1351,1913,49,788,95,1872,79,1881,19,200,22014,1911,1910],"jetpack_publicize_connections":[],"yoast_head":"<!-- This site is optimized with the Yoast SEO plugin v19.1 - https:\/\/yoast.com\/wordpress\/plugins\/seo\/ -->\n<title>ULCINJANI STREPE - Lajme nga Ulqini<\/title>\n<meta name=\"robots\" content=\"index, follow, max-snippet:-1, max-image-preview:large, max-video-preview:-1\" \/>\n<link rel=\"canonical\" href=\"https:\/\/www.visit-ulcinj.com\/blog\/2008\/02\/25\/ulcinjani-strepe\/\" \/>\n<meta property=\"og:locale\" content=\"en_US\" \/>\n<meta property=\"og:type\" content=\"article\" \/>\n<meta property=\"og:title\" content=\"ULCINJANI STREPE - Lajme nga Ulqini\" \/>\n<meta property=\"og:url\" content=\"https:\/\/www.visit-ulcinj.com\/blog\/2008\/02\/25\/ulcinjani-strepe\/\" \/>\n<meta property=\"og:site_name\" content=\"Lajme nga Ulqini\" \/>\n<meta property=\"article:published_time\" content=\"2008-02-25T18:00:13+00:00\" \/>\n<meta property=\"article:modified_time\" content=\"2008-02-27T05:07:31+00:00\" \/>\n<meta property=\"og:image\" content=\"http:\/\/www.visit-ulcinj.com\/blog\/wp-content\/uploads\/2008\/02\/munib-abazi-2.thumbnail.jpg\" \/>\n<meta name=\"twitter:label1\" content=\"Written by\" \/>\n\t<meta name=\"twitter:data1\" content=\"ulqini\" \/>\n\t<meta name=\"twitter:label2\" content=\"Est. reading time\" \/>\n\t<meta name=\"twitter:data2\" content=\"1 minute\" \/>\n<script type=\"application\/ld+json\" class=\"yoast-schema-graph\">{\"@context\":\"https:\/\/schema.org\",\"@graph\":[{\"@type\":\"WebSite\",\"@id\":\"https:\/\/www.visit-ulcinj.com\/blog\/#website\",\"url\":\"https:\/\/www.visit-ulcinj.com\/blog\/\",\"name\":\"Lajme nga Ulqini\",\"description\":\"Lajme,Vijesti,Ulqini,Ulqin,Crna Gora,Mali i Zi\",\"potentialAction\":[{\"@type\":\"SearchAction\",\"target\":{\"@type\":\"EntryPoint\",\"urlTemplate\":\"https:\/\/www.visit-ulcinj.com\/blog\/?s={search_term_string}\"},\"query-input\":\"required name=search_term_string\"}],\"inLanguage\":\"en-US\"},{\"@type\":\"ImageObject\",\"inLanguage\":\"en-US\",\"@id\":\"https:\/\/www.visit-ulcinj.com\/blog\/2008\/02\/25\/ulcinjani-strepe\/#primaryimage\",\"url\":\"http:\/\/www.visit-ulcinj.com\/blog\/wp-content\/uploads\/2008\/02\/munib-abazi-2.thumbnail.jpg\",\"contentUrl\":\"http:\/\/www.visit-ulcinj.com\/blog\/wp-content\/uploads\/2008\/02\/munib-abazi-2.thumbnail.jpg\"},{\"@type\":\"WebPage\",\"@id\":\"https:\/\/www.visit-ulcinj.com\/blog\/2008\/02\/25\/ulcinjani-strepe\/#webpage\",\"url\":\"https:\/\/www.visit-ulcinj.com\/blog\/2008\/02\/25\/ulcinjani-strepe\/\",\"name\":\"ULCINJANI STREPE - Lajme nga Ulqini\",\"isPartOf\":{\"@id\":\"https:\/\/www.visit-ulcinj.com\/blog\/#website\"},\"primaryImageOfPage\":{\"@id\":\"https:\/\/www.visit-ulcinj.com\/blog\/2008\/02\/25\/ulcinjani-strepe\/#primaryimage\"},\"datePublished\":\"2008-02-25T18:00:13+00:00\",\"dateModified\":\"2008-02-27T05:07:31+00:00\",\"author\":{\"@id\":\"https:\/\/www.visit-ulcinj.com\/blog\/#\/schema\/person\/dcab619c614d3038751c63bc2aadc06d\"},\"breadcrumb\":{\"@id\":\"https:\/\/www.visit-ulcinj.com\/blog\/2008\/02\/25\/ulcinjani-strepe\/#breadcrumb\"},\"inLanguage\":\"en-US\",\"potentialAction\":[{\"@type\":\"ReadAction\",\"target\":[\"https:\/\/www.visit-ulcinj.com\/blog\/2008\/02\/25\/ulcinjani-strepe\/\"]}]},{\"@type\":\"BreadcrumbList\",\"@id\":\"https:\/\/www.visit-ulcinj.com\/blog\/2008\/02\/25\/ulcinjani-strepe\/#breadcrumb\",\"itemListElement\":[{\"@type\":\"ListItem\",\"position\":1,\"name\":\"ULCINJANI STREPE\"}]},{\"@type\":\"Person\",\"@id\":\"https:\/\/www.visit-ulcinj.com\/blog\/#\/schema\/person\/dcab619c614d3038751c63bc2aadc06d\",\"name\":\"ulqini\",\"sameAs\":[\"http:\/\/www.visit-ulcinj.com\"],\"url\":\"https:\/\/www.visit-ulcinj.com\/blog\/author\/admin\/\"}]}<\/script>\n<!-- \/ Yoast SEO plugin. -->","yoast_head_json":{"title":"ULCINJANI STREPE - Lajme nga Ulqini","robots":{"index":"index","follow":"follow","max-snippet":"max-snippet:-1","max-image-preview":"max-image-preview:large","max-video-preview":"max-video-preview:-1"},"canonical":"https:\/\/www.visit-ulcinj.com\/blog\/2008\/02\/25\/ulcinjani-strepe\/","og_locale":"en_US","og_type":"article","og_title":"ULCINJANI STREPE - Lajme nga Ulqini","og_url":"https:\/\/www.visit-ulcinj.com\/blog\/2008\/02\/25\/ulcinjani-strepe\/","og_site_name":"Lajme nga Ulqini","article_published_time":"2008-02-25T18:00:13+00:00","article_modified_time":"2008-02-27T05:07:31+00:00","og_image":[{"url":"http:\/\/www.visit-ulcinj.com\/blog\/wp-content\/uploads\/2008\/02\/munib-abazi-2.thumbnail.jpg"}],"twitter_misc":{"Written by":"ulqini","Est. reading time":"1 minute"},"schema":{"@context":"https:\/\/schema.org","@graph":[{"@type":"WebSite","@id":"https:\/\/www.visit-ulcinj.com\/blog\/#website","url":"https:\/\/www.visit-ulcinj.com\/blog\/","name":"Lajme nga Ulqini","description":"Lajme,Vijesti,Ulqini,Ulqin,Crna Gora,Mali i Zi","potentialAction":[{"@type":"SearchAction","target":{"@type":"EntryPoint","urlTemplate":"https:\/\/www.visit-ulcinj.com\/blog\/?s={search_term_string}"},"query-input":"required name=search_term_string"}],"inLanguage":"en-US"},{"@type":"ImageObject","inLanguage":"en-US","@id":"https:\/\/www.visit-ulcinj.com\/blog\/2008\/02\/25\/ulcinjani-strepe\/#primaryimage","url":"http:\/\/www.visit-ulcinj.com\/blog\/wp-content\/uploads\/2008\/02\/munib-abazi-2.thumbnail.jpg","contentUrl":"http:\/\/www.visit-ulcinj.com\/blog\/wp-content\/uploads\/2008\/02\/munib-abazi-2.thumbnail.jpg"},{"@type":"WebPage","@id":"https:\/\/www.visit-ulcinj.com\/blog\/2008\/02\/25\/ulcinjani-strepe\/#webpage","url":"https:\/\/www.visit-ulcinj.com\/blog\/2008\/02\/25\/ulcinjani-strepe\/","name":"ULCINJANI STREPE - Lajme nga Ulqini","isPartOf":{"@id":"https:\/\/www.visit-ulcinj.com\/blog\/#website"},"primaryImageOfPage":{"@id":"https:\/\/www.visit-ulcinj.com\/blog\/2008\/02\/25\/ulcinjani-strepe\/#primaryimage"},"datePublished":"2008-02-25T18:00:13+00:00","dateModified":"2008-02-27T05:07:31+00:00","author":{"@id":"https:\/\/www.visit-ulcinj.com\/blog\/#\/schema\/person\/dcab619c614d3038751c63bc2aadc06d"},"breadcrumb":{"@id":"https:\/\/www.visit-ulcinj.com\/blog\/2008\/02\/25\/ulcinjani-strepe\/#breadcrumb"},"inLanguage":"en-US","potentialAction":[{"@type":"ReadAction","target":["https:\/\/www.visit-ulcinj.com\/blog\/2008\/02\/25\/ulcinjani-strepe\/"]}]},{"@type":"BreadcrumbList","@id":"https:\/\/www.visit-ulcinj.com\/blog\/2008\/02\/25\/ulcinjani-strepe\/#breadcrumb","itemListElement":[{"@type":"ListItem","position":1,"name":"ULCINJANI STREPE"}]},{"@type":"Person","@id":"https:\/\/www.visit-ulcinj.com\/blog\/#\/schema\/person\/dcab619c614d3038751c63bc2aadc06d","name":"ulqini","sameAs":["http:\/\/www.visit-ulcinj.com"],"url":"https:\/\/www.visit-ulcinj.com\/blog\/author\/admin\/"}]}},"jetpack_featured_media_url":"","jetpack_sharing_enabled":true,"jetpack_shortlink":"https:\/\/wp.me\/pe6lTn-ah","_links":{"self":[{"href":"https:\/\/www.visit-ulcinj.com\/blog\/wp-json\/wp\/v2\/posts\/637"}],"collection":[{"href":"https:\/\/www.visit-ulcinj.com\/blog\/wp-json\/wp\/v2\/posts"}],"about":[{"href":"https:\/\/www.visit-ulcinj.com\/blog\/wp-json\/wp\/v2\/types\/post"}],"author":[{"embeddable":true,"href":"https:\/\/www.visit-ulcinj.com\/blog\/wp-json\/wp\/v2\/users\/1"}],"replies":[{"embeddable":true,"href":"https:\/\/www.visit-ulcinj.com\/blog\/wp-json\/wp\/v2\/comments?post=637"}],"version-history":[{"count":0,"href":"https:\/\/www.visit-ulcinj.com\/blog\/wp-json\/wp\/v2\/posts\/637\/revisions"}],"wp:attachment":[{"href":"https:\/\/www.visit-ulcinj.com\/blog\/wp-json\/wp\/v2\/media?parent=637"}],"wp:term":[{"taxonomy":"category","embeddable":true,"href":"https:\/\/www.visit-ulcinj.com\/blog\/wp-json\/wp\/v2\/categories?post=637"},{"taxonomy":"post_tag","embeddable":true,"href":"https:\/\/www.visit-ulcinj.com\/blog\/wp-json\/wp\/v2\/tags?post=637"}],"curies":[{"name":"wp","href":"https:\/\/api.w.org\/{rel}","templated":true}]}}