{"id":63701,"date":"2012-09-16T17:35:20","date_gmt":"2012-09-16T16:35:20","guid":{"rendered":"http:\/\/www.visit-ulcinj.com\/blog\/?p=63701"},"modified":"2012-09-17T23:07:36","modified_gmt":"2012-09-17T22:07:36","slug":"albin-kurti-priti-kryetarin-e-keshillit-nacional-shqiptar-ne-mal-te-zi","status":"publish","type":"post","link":"https:\/\/www.visit-ulcinj.com\/blog\/2012\/09\/16\/albin-kurti-priti-kryetarin-e-keshillit-nacional-shqiptar-ne-mal-te-zi\/","title":{"rendered":"Albin Kurti priti Kryetarin e K\u00ebshillit Nacional Shqiptar n\u00eb Mal t\u00eb Zi"},"content":{"rendered":"<p><a href=\"http:\/\/www.visit-ulcinj.com\/blog\/wp-content\/uploads\/2012\/09\/Albin-Kurti-priti-Kryetarin-e-K\u00ebshillit-Nacional-Shqiptar-n\u00eb-Mal-t\u00eb-Zi_Tahir-Tahiri.jpg\"><img loading=\"lazy\" class=\"alignleft  wp-image-63702\" title=\"Albin Kurti priti Kryetarin e K\u00ebshillit Nacional Shqiptar n\u00eb Mal t\u00eb Zi_Tahir Tahiri\" src=\"http:\/\/www.visit-ulcinj.com\/blog\/wp-content\/uploads\/2012\/09\/Albin-Kurti-priti-Kryetarin-e-K\u00ebshillit-Nacional-Shqiptar-n\u00eb-Mal-t\u00eb-Zi_Tahir-Tahiri-1024x819.jpg\" alt=\"\" width=\"508\" height=\"360\" \/><\/a>Sot, n\u00eb selin\u00eb qendrore t\u00eb L\u00ebvizjes VET\u00cbVENDOSJE!, Kryetari Albin Kurti dhe Sekretari p\u00ebr marr\u00ebdh\u00ebnie me jasht\u00eb Xhelal Sve\u00e7la, prit\u00ebn n\u00eb takim Kryetarin e K\u00ebshillit Nacional Shqiptar n\u00eb Mal t\u00eb Zi, z. Tahir Tahiri.<\/p>\n<p>N\u00eb nj\u00eb takim miq\u00ebsor Albin Kurti e njoftoi z. Tahiri p\u00ebr\u00a0 proceset e d\u00ebmshme politike dhe ekonomike me t\u00eb cilat po ballafaqohet Kosova dhe q\u00ebndrimin e VET\u00cbVENDOSJE!-s p\u00ebr parandalimin e k\u00ebtyre proceseve, n\u00eb\u00a0 mbrojtje t\u00eb interesit t\u00eb vendit e n\u00eb p\u00ebrputhshm\u00ebri me vullnetin e qytetar\u00ebve t\u00eb Kosov\u00ebs.<\/p>\n<p>Nga ana e tij z. Tahiri foli p\u00ebr pozit\u00ebn politike t\u00eb shqiptar\u00ebve n\u00eb Mal t\u00eb Zi dhe problemet t\u00eb cilat i shqet\u00ebsojn\u00eb ata.<\/p>\n<p>N\u00eb takim u bisedua edhe p\u00ebr\u00a0 zgjedhjet\u00a0 e ardhshme parlamentare n\u00eb Mal t\u00eb Zi dhe u theksua nevoja q\u00eb shqiptar\u00ebt n\u00eb Mal t\u00eb Zi duhet\u00a0 t\u00eb dalin me platform\u00eb dhe list\u00eb t\u00eb p\u00ebrbashk\u00ebt t\u00eb kandidat\u00ebve p\u00ebr deputet, duke krijuar mund\u00ebsit\u00eb p\u00ebr p\u00ebrfaq\u00ebsim m\u00eb t\u00eb plot\u00eb, e m\u00eb t\u00eb drejt\u00eb t\u00eb interesave dhe vullnetit politik t\u00eb shqiptar\u00ebve n\u00eb Mal t\u00eb Zi.<\/p>\n<p>&nbsp;<\/p>\n<p><strong>15 shtator 2012 <\/strong><\/p>\n<p><strong>L\u00ebvizja VET\u00cbVENDOSJE!<\/strong><\/p>\n","protected":false},"excerpt":{"rendered":"<p>Sot, n\u00eb selin\u00eb qendrore t\u00eb L\u00ebvizjes VET\u00cbVENDOSJE!, Kryetari Albin Kurti dhe Sekretari p\u00ebr marr\u00ebdh\u00ebnie me jasht\u00eb Xhelal Sve\u00e7la, prit\u00ebn n\u00eb takim Kryetarin e K\u00ebshillit Nacional Shqiptar n\u00eb Mal t\u00eb Zi, z. Tahir Tahiri. N\u00eb nj\u00eb takim miq\u00ebsor Albin Kurti e njoftoi z. Tahiri p\u00ebr\u00a0 proceset e d\u00ebmshme politike dhe ekonomike me t\u00eb cilat po ballafaqohet [&hellip;]<\/p>\n","protected":false},"author":1,"featured_media":0,"comment_status":"open","ping_status":"closed","sticky":false,"template":"","format":"standard","meta":{"spay_email":"","jetpack_publicize_message":"","jetpack_is_tweetstorm":false,"jetpack_publicize_feature_enabled":true},"categories":[1,13],"tags":[20647,899],"jetpack_publicize_connections":[],"yoast_head":"<!-- This site is optimized with the Yoast SEO plugin v19.1 - https:\/\/yoast.com\/wordpress\/plugins\/seo\/ -->\n<title>Albin Kurti priti Kryetarin e K\u00ebshillit Nacional Shqiptar n\u00eb Mal t\u00eb Zi - Lajme nga Ulqini<\/title>\n<meta name=\"description\" content=\"Sot, n\u00eb selin\u00eb qendrore t\u00eb L\u00ebvizjes VET\u00cbVENDOSJE!, Kryetari Albin Kurti dhe Sekretari p\u00ebr marr\u00ebdh\u00ebnie me jasht\u00eb Xhelal Sve\u00e7la, prit\u00ebn n\u00eb takim Kryetarin e\" \/>\n<meta name=\"robots\" content=\"index, follow, max-snippet:-1, max-image-preview:large, max-video-preview:-1\" \/>\n<link rel=\"canonical\" href=\"https:\/\/www.visit-ulcinj.com\/blog\/2012\/09\/16\/albin-kurti-priti-kryetarin-e-keshillit-nacional-shqiptar-ne-mal-te-zi\/\" \/>\n<meta property=\"og:locale\" content=\"en_US\" \/>\n<meta property=\"og:type\" content=\"article\" \/>\n<meta property=\"og:title\" content=\"Albin Kurti priti Kryetarin e K\u00ebshillit Nacional Shqiptar n\u00eb Mal t\u00eb Zi - Lajme nga Ulqini\" \/>\n<meta property=\"og:description\" content=\"Sot, n\u00eb selin\u00eb qendrore t\u00eb L\u00ebvizjes VET\u00cbVENDOSJE!, Kryetari Albin Kurti dhe Sekretari p\u00ebr marr\u00ebdh\u00ebnie me jasht\u00eb Xhelal Sve\u00e7la, prit\u00ebn n\u00eb takim Kryetarin e\" \/>\n<meta property=\"og:url\" content=\"https:\/\/www.visit-ulcinj.com\/blog\/2012\/09\/16\/albin-kurti-priti-kryetarin-e-keshillit-nacional-shqiptar-ne-mal-te-zi\/\" \/>\n<meta property=\"og:site_name\" content=\"Lajme nga Ulqini\" \/>\n<meta property=\"article:published_time\" content=\"2012-09-16T16:35:20+00:00\" \/>\n<meta property=\"article:modified_time\" content=\"2012-09-17T22:07:36+00:00\" \/>\n<meta name=\"twitter:label1\" content=\"Written by\" \/>\n\t<meta name=\"twitter:data1\" content=\"ulqini\" \/>\n\t<meta name=\"twitter:label2\" content=\"Est. reading time\" \/>\n\t<meta name=\"twitter:data2\" content=\"1 minute\" \/>\n<script type=\"application\/ld+json\" class=\"yoast-schema-graph\">{\"@context\":\"https:\/\/schema.org\",\"@graph\":[{\"@type\":\"WebSite\",\"@id\":\"https:\/\/www.visit-ulcinj.com\/blog\/#website\",\"url\":\"https:\/\/www.visit-ulcinj.com\/blog\/\",\"name\":\"Lajme nga Ulqini\",\"description\":\"Lajme,Vijesti,Ulqini,Ulqin,Crna Gora,Mali i Zi\",\"potentialAction\":[{\"@type\":\"SearchAction\",\"target\":{\"@type\":\"EntryPoint\",\"urlTemplate\":\"https:\/\/www.visit-ulcinj.com\/blog\/?s={search_term_string}\"},\"query-input\":\"required name=search_term_string\"}],\"inLanguage\":\"en-US\"},{\"@type\":\"WebPage\",\"@id\":\"https:\/\/www.visit-ulcinj.com\/blog\/2012\/09\/16\/albin-kurti-priti-kryetarin-e-keshillit-nacional-shqiptar-ne-mal-te-zi\/#webpage\",\"url\":\"https:\/\/www.visit-ulcinj.com\/blog\/2012\/09\/16\/albin-kurti-priti-kryetarin-e-keshillit-nacional-shqiptar-ne-mal-te-zi\/\",\"name\":\"Albin Kurti priti Kryetarin e K\u00ebshillit Nacional Shqiptar n\u00eb Mal t\u00eb Zi - Lajme nga Ulqini\",\"isPartOf\":{\"@id\":\"https:\/\/www.visit-ulcinj.com\/blog\/#website\"},\"datePublished\":\"2012-09-16T16:35:20+00:00\",\"dateModified\":\"2012-09-17T22:07:36+00:00\",\"author\":{\"@id\":\"https:\/\/www.visit-ulcinj.com\/blog\/#\/schema\/person\/dcab619c614d3038751c63bc2aadc06d\"},\"description\":\"Sot, n\u00eb selin\u00eb qendrore t\u00eb L\u00ebvizjes VET\u00cbVENDOSJE!, Kryetari Albin Kurti dhe Sekretari p\u00ebr marr\u00ebdh\u00ebnie me jasht\u00eb Xhelal Sve\u00e7la, prit\u00ebn n\u00eb takim Kryetarin e\",\"breadcrumb\":{\"@id\":\"https:\/\/www.visit-ulcinj.com\/blog\/2012\/09\/16\/albin-kurti-priti-kryetarin-e-keshillit-nacional-shqiptar-ne-mal-te-zi\/#breadcrumb\"},\"inLanguage\":\"en-US\",\"potentialAction\":[{\"@type\":\"ReadAction\",\"target\":[\"https:\/\/www.visit-ulcinj.com\/blog\/2012\/09\/16\/albin-kurti-priti-kryetarin-e-keshillit-nacional-shqiptar-ne-mal-te-zi\/\"]}]},{\"@type\":\"BreadcrumbList\",\"@id\":\"https:\/\/www.visit-ulcinj.com\/blog\/2012\/09\/16\/albin-kurti-priti-kryetarin-e-keshillit-nacional-shqiptar-ne-mal-te-zi\/#breadcrumb\",\"itemListElement\":[{\"@type\":\"ListItem\",\"position\":1,\"name\":\"Albin Kurti priti Kryetarin e K\u00ebshillit Nacional Shqiptar n\u00eb Mal t\u00eb Zi\"}]},{\"@type\":\"Person\",\"@id\":\"https:\/\/www.visit-ulcinj.com\/blog\/#\/schema\/person\/dcab619c614d3038751c63bc2aadc06d\",\"name\":\"ulqini\",\"sameAs\":[\"http:\/\/www.visit-ulcinj.com\"],\"url\":\"https:\/\/www.visit-ulcinj.com\/blog\/author\/admin\/\"}]}<\/script>\n<!-- \/ Yoast SEO plugin. -->","yoast_head_json":{"title":"Albin Kurti priti Kryetarin e K\u00ebshillit Nacional Shqiptar n\u00eb Mal t\u00eb Zi - Lajme nga Ulqini","description":"Sot, n\u00eb selin\u00eb qendrore t\u00eb L\u00ebvizjes VET\u00cbVENDOSJE!, Kryetari Albin Kurti dhe Sekretari p\u00ebr marr\u00ebdh\u00ebnie me jasht\u00eb Xhelal Sve\u00e7la, prit\u00ebn n\u00eb takim Kryetarin e","robots":{"index":"index","follow":"follow","max-snippet":"max-snippet:-1","max-image-preview":"max-image-preview:large","max-video-preview":"max-video-preview:-1"},"canonical":"https:\/\/www.visit-ulcinj.com\/blog\/2012\/09\/16\/albin-kurti-priti-kryetarin-e-keshillit-nacional-shqiptar-ne-mal-te-zi\/","og_locale":"en_US","og_type":"article","og_title":"Albin Kurti priti Kryetarin e K\u00ebshillit Nacional Shqiptar n\u00eb Mal t\u00eb Zi - Lajme nga Ulqini","og_description":"Sot, n\u00eb selin\u00eb qendrore t\u00eb L\u00ebvizjes VET\u00cbVENDOSJE!, Kryetari Albin Kurti dhe Sekretari p\u00ebr marr\u00ebdh\u00ebnie me jasht\u00eb Xhelal Sve\u00e7la, prit\u00ebn n\u00eb takim Kryetarin e","og_url":"https:\/\/www.visit-ulcinj.com\/blog\/2012\/09\/16\/albin-kurti-priti-kryetarin-e-keshillit-nacional-shqiptar-ne-mal-te-zi\/","og_site_name":"Lajme nga Ulqini","article_published_time":"2012-09-16T16:35:20+00:00","article_modified_time":"2012-09-17T22:07:36+00:00","twitter_misc":{"Written by":"ulqini","Est. reading time":"1 minute"},"schema":{"@context":"https:\/\/schema.org","@graph":[{"@type":"WebSite","@id":"https:\/\/www.visit-ulcinj.com\/blog\/#website","url":"https:\/\/www.visit-ulcinj.com\/blog\/","name":"Lajme nga Ulqini","description":"Lajme,Vijesti,Ulqini,Ulqin,Crna Gora,Mali i Zi","potentialAction":[{"@type":"SearchAction","target":{"@type":"EntryPoint","urlTemplate":"https:\/\/www.visit-ulcinj.com\/blog\/?s={search_term_string}"},"query-input":"required name=search_term_string"}],"inLanguage":"en-US"},{"@type":"WebPage","@id":"https:\/\/www.visit-ulcinj.com\/blog\/2012\/09\/16\/albin-kurti-priti-kryetarin-e-keshillit-nacional-shqiptar-ne-mal-te-zi\/#webpage","url":"https:\/\/www.visit-ulcinj.com\/blog\/2012\/09\/16\/albin-kurti-priti-kryetarin-e-keshillit-nacional-shqiptar-ne-mal-te-zi\/","name":"Albin Kurti priti Kryetarin e K\u00ebshillit Nacional Shqiptar n\u00eb Mal t\u00eb Zi - Lajme nga Ulqini","isPartOf":{"@id":"https:\/\/www.visit-ulcinj.com\/blog\/#website"},"datePublished":"2012-09-16T16:35:20+00:00","dateModified":"2012-09-17T22:07:36+00:00","author":{"@id":"https:\/\/www.visit-ulcinj.com\/blog\/#\/schema\/person\/dcab619c614d3038751c63bc2aadc06d"},"description":"Sot, n\u00eb selin\u00eb qendrore t\u00eb L\u00ebvizjes VET\u00cbVENDOSJE!, Kryetari Albin Kurti dhe Sekretari p\u00ebr marr\u00ebdh\u00ebnie me jasht\u00eb Xhelal Sve\u00e7la, prit\u00ebn n\u00eb takim Kryetarin e","breadcrumb":{"@id":"https:\/\/www.visit-ulcinj.com\/blog\/2012\/09\/16\/albin-kurti-priti-kryetarin-e-keshillit-nacional-shqiptar-ne-mal-te-zi\/#breadcrumb"},"inLanguage":"en-US","potentialAction":[{"@type":"ReadAction","target":["https:\/\/www.visit-ulcinj.com\/blog\/2012\/09\/16\/albin-kurti-priti-kryetarin-e-keshillit-nacional-shqiptar-ne-mal-te-zi\/"]}]},{"@type":"BreadcrumbList","@id":"https:\/\/www.visit-ulcinj.com\/blog\/2012\/09\/16\/albin-kurti-priti-kryetarin-e-keshillit-nacional-shqiptar-ne-mal-te-zi\/#breadcrumb","itemListElement":[{"@type":"ListItem","position":1,"name":"Albin Kurti priti Kryetarin e K\u00ebshillit Nacional Shqiptar n\u00eb Mal t\u00eb Zi"}]},{"@type":"Person","@id":"https:\/\/www.visit-ulcinj.com\/blog\/#\/schema\/person\/dcab619c614d3038751c63bc2aadc06d","name":"ulqini","sameAs":["http:\/\/www.visit-ulcinj.com"],"url":"https:\/\/www.visit-ulcinj.com\/blog\/author\/admin\/"}]}},"jetpack_featured_media_url":"","jetpack_sharing_enabled":true,"jetpack_shortlink":"https:\/\/wp.me\/pe6lTn-gzr","_links":{"self":[{"href":"https:\/\/www.visit-ulcinj.com\/blog\/wp-json\/wp\/v2\/posts\/63701"}],"collection":[{"href":"https:\/\/www.visit-ulcinj.com\/blog\/wp-json\/wp\/v2\/posts"}],"about":[{"href":"https:\/\/www.visit-ulcinj.com\/blog\/wp-json\/wp\/v2\/types\/post"}],"author":[{"embeddable":true,"href":"https:\/\/www.visit-ulcinj.com\/blog\/wp-json\/wp\/v2\/users\/1"}],"replies":[{"embeddable":true,"href":"https:\/\/www.visit-ulcinj.com\/blog\/wp-json\/wp\/v2\/comments?post=63701"}],"version-history":[{"count":2,"href":"https:\/\/www.visit-ulcinj.com\/blog\/wp-json\/wp\/v2\/posts\/63701\/revisions"}],"predecessor-version":[{"id":63723,"href":"https:\/\/www.visit-ulcinj.com\/blog\/wp-json\/wp\/v2\/posts\/63701\/revisions\/63723"}],"wp:attachment":[{"href":"https:\/\/www.visit-ulcinj.com\/blog\/wp-json\/wp\/v2\/media?parent=63701"}],"wp:term":[{"taxonomy":"category","embeddable":true,"href":"https:\/\/www.visit-ulcinj.com\/blog\/wp-json\/wp\/v2\/categories?post=63701"},{"taxonomy":"post_tag","embeddable":true,"href":"https:\/\/www.visit-ulcinj.com\/blog\/wp-json\/wp\/v2\/tags?post=63701"}],"curies":[{"name":"wp","href":"https:\/\/api.w.org\/{rel}","templated":true}]}}