{"id":63705,"date":"2012-09-16T18:13:07","date_gmt":"2012-09-16T17:13:07","guid":{"rendered":"http:\/\/www.visit-ulcinj.com\/blog\/?p=63705"},"modified":"2012-09-17T05:15:42","modified_gmt":"2012-09-17T04:15:42","slug":"shqetesohet-forumi-demokratik-per-integrim","status":"publish","type":"post","link":"https:\/\/www.visit-ulcinj.com\/blog\/2012\/09\/16\/shqetesohet-forumi-demokratik-per-integrim\/","title":{"rendered":"Shqet\u00ebsohet Forumi Demokratik p\u00ebr Integrim"},"content":{"rendered":"<p><a href=\"http:\/\/www.visit-ulcinj.com\/blog\/wp-content\/uploads\/2012\/09\/Forumi-Demokratik-p\u00ebr-Integrim.png\"><img loading=\"lazy\" class=\"alignleft size-medium wp-image-63706\" title=\"Forumi Demokratik p\u00ebr Integrim\" src=\"http:\/\/www.visit-ulcinj.com\/blog\/wp-content\/uploads\/2012\/09\/Forumi-Demokratik-p\u00ebr-Integrim-300x300.png\" alt=\"\" width=\"300\" height=\"300\" srcset=\"https:\/\/www.visit-ulcinj.com\/blog\/wp-content\/uploads\/2012\/09\/Forumi-Demokratik-p\u00ebr-Integrim-300x300.png 300w, https:\/\/www.visit-ulcinj.com\/blog\/wp-content\/uploads\/2012\/09\/Forumi-Demokratik-p\u00ebr-Integrim-150x150.png 150w, https:\/\/www.visit-ulcinj.com\/blog\/wp-content\/uploads\/2012\/09\/Forumi-Demokratik-p\u00ebr-Integrim.png 646w\" sizes=\"(max-width: 300px) 100vw, 300px\" \/><\/a>Forumi Demokratik p\u00ebr Integrim, me v\u00ebmendje \u00ebsht\u00eb duke p\u00ebrcjellur situat\u00ebn aktuale politike n\u00eb vend dhe jemi t\u00eb shqet\u00ebsuar duke ndjekur dinamik\u00ebn politike e cila \u00ebsht\u00eb vazhdim\u00ebsi e t\u00eb nj\u00ebjt\u00ebs politik\u00eb q\u00eb udh\u00ebhiqet p\u00ebr nj\u00ebzet\u00eb vjet pluraliz\u00ebm. Gjendemi n\u00eb prag t\u00eb dor\u00ebzimit t\u00eb listave p\u00ebr kandidat\u00ebt p\u00ebr deputet n\u00eb Parlamentin e Malit t\u00eb Zi. Shqiptar\u00ebt aktualisht gjenden t\u00eb pozicionuar n\u00eb kat\u00ebr kolona t\u00eb cilat nuk garantojn\u00eb zgjidhjen adekuate p\u00ebr pozit\u00ebn e shqiptar\u00ebve. Jemi tep\u00ebr t\u00eb shqet\u00ebsuar rreth disa kandidat\u00ebve p\u00ebr deputet si nga Mal\u00ebsia ashtu edhe nga Ulqini t\u00eb cil\u00ebt p\u00ebr shkak t\u00eb interesit t\u00eb tyre personal kan\u00eb krijuar k\u00ebt\u00eb lloj situat\u00eb tep\u00ebr t\u00eb pad\u00ebshiruar p\u00ebr shqiptar\u00ebt.<\/p>\n<p>Do filloj t\u00eb analizoj n\u00eb radh\u00eb t\u00eb par\u00eb Mal\u00ebsin\u00eb e cila po kalon nj\u00eb nga \u00e7astet m\u00eb t\u00eb v\u00ebshtira n\u00eb rrafshin politik sepse rrezikon q\u00eb mos t\u00eb ket\u00eb kandidat p\u00ebr deputet dhe n\u00eb k\u00ebt\u00eb m\u00ebnyr\u00eb p\u00ebr nj\u00eb periudh\u00eb Mal\u00ebsia t\u00eb mbes\u00eb pa z\u00eb dhe t\u00eb mos ket\u00eb njeri q\u00eb t\u00eb mund t\u00eb flas p\u00ebr T\u00eb. P\u00ebrfaq\u00ebsuesit politik dhe deputet\u00ebt q\u00eb i kishte Mal\u00ebsia, duke par\u00eb disfat\u00ebn e tyre n\u00eb Mal\u00ebsi, u arratis\u00ebn dhe ik\u00ebn n\u00eb Ulqin duke b\u00ebr\u00eb kualicione n\u00eb d\u00ebm t\u00eb qytetar\u00ebve t\u00eb Mal\u00ebsis\u00eb. Disa nga k\u00ebta kandidat q\u00eb ka Mal\u00ebsia kan\u00eb nd\u00ebrruar nga 7 parti e l\u00ebvizje vet\u00ebm p\u00ebr t\u00eb ruajtur interesin e tyre personal dhe p\u00ebr t\u00eb mbijetuar politikisht, duke mos marr\u00eb asnj\u00ebher\u00eb guxim p\u00ebr t\u00eb k\u00ebrkuar falje p\u00ebrpara elektoratit t\u00eb tyre p\u00ebr t\u00eb gjitha k\u00ebto padrejt\u00ebsi q\u00eb kan\u00eb b\u00ebr\u00eb. Nd\u00ebrsa kandidat\u00ebt e disa partive t\u00eb tjera shqiptare n\u00eb Mal\u00ebsi jan\u00eb p\u00ebrpara shuarjes totale. Tani shtrohet pyetja: mbi baz\u00eb t\u00eb cilave vlera lidhen k\u00ebto kualicione? K\u00ebtu mos sinqeriteti ka arritur kulmin! D\u00ebshp\u00ebrimi i popullit poashtu \u00ebsht\u00eb n\u00eb majat m\u00eb t\u00eb larta. Rinia e Mal\u00ebsis\u00eb bredh\u00eb rrug\u00ebve duke mos patur askush m\u00ebshir\u00eb p\u00ebr ta. Mbi 95% e rinis\u00eb Mal\u00ebsis\u00eb sot gjendet pa pun\u00eb! Nj\u00eb pjes\u00eb e tyre mundohen q\u00eb sa m\u00eb par\u00eb t\u00eb largohen nga vendi p\u00ebr t\u00eb marr\u00eb rrug\u00ebt e m\u00ebrgimit! Kjo p\u00ebr shkak t\u00eb munges\u00ebs s\u00eb p\u00ebrspektiv\u00ebs n\u00eb k\u00ebt\u00eb vend! P\u00ebr k\u00ebto t\u00eb drejta elementare njer\u00ebzore askush nga partit\u00eb politike nuk flet! Por biseda kryesore e tyre \u00ebsht\u00eb radhitja n\u00eb list\u00ebn p\u00ebr deputet; kush do jet\u00eb i pari e kush do jet\u00eb i dyti\u2026!!!<\/p>\n<p>N\u00eb rajonin e Ulqinit, situata \u00ebsht\u00eb e ngjajshme sepse edhe atje p\u00ebr\u00e7arja ka arritur nivelet m\u00eb kritike duke v\u00ebn\u00eb n\u00eb pik\u00ebpyetje t\u00eb madhe edhe pushtetin aktual n\u00eb Komun\u00ebn e Ulqinit. Disa kandidat nga Ulqini s\u00eb bashku me kandidat\u00ebt e tjer\u00eb nga Mal\u00ebsia negociojn\u00eb vet\u00ebm mbi baz\u00ebn e interesave t\u00eb tyre personale dhe asnj\u00ebri nga ata nuk flet p\u00ebr interesat komb\u00ebtare dhe interesat e qytetar\u00ebve duke mohuar n\u00eb m\u00ebnyr\u00eb absolute parimet mbi t\u00eb cilat partit\u00eb politike t\u00eb shqiptar\u00ebve duhet t\u00eb veprojn\u00eb! FDI ka pas rekomanduar q\u00eb t\u00eb prodhohen k\u00ebto forca politike: Mal\u00ebsia t\u00eb ket\u00eb deputetin e saj, Ulqini poashtu t\u00eb ket\u00eb deputetin, Ana e Malit s\u00eb bashku me Kraj\u00ebn te ken\u00eb dputetin e vet dhe Plav\u00eb e Gucia dhe Rozhaja p\u00ebr shkak t\u00eb numrit t\u00eb vog\u00ebl t\u00eb votues\u00ebve t\u00eb bashkangjiten n\u00eb k\u00ebto tre rajone t\u00eb cilat n\u00eb baz\u00eb t\u00eb votues\u00ebve mund t\u00eb fitojn\u00eb deputetin, por k\u00ebrkesat e FDI-s\u00eb nuk jan\u00eb marr\u00eb parasysh asnj\u00ebher\u00eb nga partit\u00eb e shqiptar\u00ebve sepse Ne e dijm\u00eb q\u00eb sigurimi shtet\u00ebror vepron duke u munduar t\u00eb ndalojn\u00eb parimet e sh\u00ebndosha dhe vlerat tona njer\u00ebzore.<\/p>\n<p>Partia n\u00eb pushtet e DPS-s\u00eb, po mundohet q\u00eb p\u00ebrmes satelit\u00ebve t\u00eb saj n\u00eb t\u00eb gjith\u00eb Malin e Zi e ve\u00e7an\u00ebrisht n\u00eb zon\u00ebn e shqiptar\u00ebve t\u00eb krijoj\u00eb p\u00ebr\u00e7arje sa m\u00eb t\u00eb madhe n\u00eb m\u00ebnyr\u00eb q\u00eb shqiptar\u00ebt t\u00eb humbasin mandatet parlamentare! DPS po mundohet q\u00eb p\u00ebrmes ndihmave ushqimore (konzerma peshku, miell, vaj, sheqer etj) t\u00eb blej\u00eb firmat p\u00ebr kandidat\u00ebt dhe votat. Nd\u00ebrsa ata q\u00eb nuk e japin firm\u00ebn p\u00ebr kandidat\u00ebt k\u00ebrc\u00ebnohen me p\u00ebrjashtim nga puna! Kjo tregon nivelin demokratik t\u00eb shtetit t\u00eb Malit t\u00eb Zi! Pra ne jetojm\u00eb n\u00eb nj\u00eb totalitariz\u00ebm q\u00eb as n\u00eb sistemmet e m\u00ebparshme nuk ishte i till\u00eb. Partit\u00eb e shqiptar\u00ebve k\u00ebt\u00eb gj\u00eb e kan\u00eb harruar ta kund\u00ebrshtojn\u00eb! D\u00ebshmi jan\u00eb mjetet e informimit t\u00eb cilat nuk kan\u00eb paraqitur asnj\u00eb deklarat\u00eb nga partit\u00eb e shqiptar\u00ebve p\u00ebr t\u00eb par\u00eb n\u00ebse ndokush nga ato ka b\u00ebr\u00eb apel q\u00eb t\u00eb ndalohen k\u00ebto posht\u00ebrime dhe degradime t\u00eb b\u00ebra nga DPS-ja. FDI i b\u00ebn apel partis\u00eb m\u00eb t\u00eb madhe n\u00eb pushtet DPS-s\u00eb q\u00eb t\u00eb garantoj\u00eb liri p\u00ebr qytetar\u00ebt q\u00eb ata t\u00eb vendosin vet\u00eb p\u00ebr fatin e tyre! T\u2019i lej\u00eb presionet dhe keqp\u00ebrdorimet e popullit shqiptar.<\/p>\n<p>FDI i b\u00ebn thirrje popullit shqiptar n\u00eb Mal t\u00eb Zi q\u00eb t\u00eb vet\u00ebp\u00ebrmbahen p\u00ebrpara k\u00ebtyre fortunave q\u00eb na \u00e7ojn\u00eb drejt e n\u00eb humner\u00eb. Ne garantojm\u00eb q\u00eb jemi n\u00eb \u00e7do moment pran\u00eb popullit dhe do v\u00ebzhgojm\u00eb t\u00eb gjith\u00eb situat\u00ebn e krijuar n\u00eb teren. Do b\u00ebjm\u00eb gjith\u00e7ka q\u00eb Mal\u00ebsia mos t\u00eb mbetet pa deputetin e Saj.<\/p>\n<p>Kryesia e Forumit Demokratik p\u00ebr Integrim<\/p>\n","protected":false},"excerpt":{"rendered":"<p>Forumi Demokratik p\u00ebr Integrim, me v\u00ebmendje \u00ebsht\u00eb duke p\u00ebrcjellur situat\u00ebn aktuale politike n\u00eb vend dhe jemi t\u00eb shqet\u00ebsuar duke ndjekur dinamik\u00ebn politike e cila \u00ebsht\u00eb vazhdim\u00ebsi e t\u00eb nj\u00ebjt\u00ebs politik\u00eb q\u00eb udh\u00ebhiqet p\u00ebr nj\u00ebzet\u00eb vjet pluraliz\u00ebm. Gjendemi n\u00eb prag t\u00eb dor\u00ebzimit t\u00eb listave p\u00ebr kandidat\u00ebt p\u00ebr deputet n\u00eb Parlamentin e Malit t\u00eb Zi. Shqiptar\u00ebt aktualisht [&hellip;]<\/p>\n","protected":false},"author":1,"featured_media":0,"comment_status":"open","ping_status":"closed","sticky":false,"template":"","format":"standard","meta":{"spay_email":"","jetpack_publicize_message":"","jetpack_is_tweetstorm":false,"jetpack_publicize_feature_enabled":true},"categories":[14249,14],"tags":[19636],"jetpack_publicize_connections":[],"yoast_head":"<!-- This site is optimized with the Yoast SEO plugin v19.1 - https:\/\/yoast.com\/wordpress\/plugins\/seo\/ -->\n<title>Shqet\u00ebsohet Forumi Demokratik p\u00ebr Integrim - Lajme nga Ulqini<\/title>\n<meta name=\"description\" content=\"Forumi Demokratik p\u00ebr Integrim, me v\u00ebmendje \u00ebsht\u00eb duke p\u00ebrcjellur situat\u00ebn aktuale politike n\u00eb vend dhe jemi t\u00eb shqet\u00ebsuar duke ndjekur dinamik\u00ebn politike\" \/>\n<meta name=\"robots\" content=\"index, follow, max-snippet:-1, max-image-preview:large, max-video-preview:-1\" \/>\n<link rel=\"canonical\" href=\"https:\/\/www.visit-ulcinj.com\/blog\/2012\/09\/16\/shqetesohet-forumi-demokratik-per-integrim\/\" \/>\n<meta property=\"og:locale\" content=\"en_US\" \/>\n<meta property=\"og:type\" content=\"article\" \/>\n<meta property=\"og:title\" content=\"Shqet\u00ebsohet Forumi Demokratik p\u00ebr Integrim - Lajme nga Ulqini\" \/>\n<meta property=\"og:description\" content=\"Forumi Demokratik p\u00ebr Integrim, me v\u00ebmendje \u00ebsht\u00eb duke p\u00ebrcjellur situat\u00ebn aktuale politike n\u00eb vend dhe jemi t\u00eb shqet\u00ebsuar duke ndjekur dinamik\u00ebn politike\" \/>\n<meta property=\"og:url\" content=\"https:\/\/www.visit-ulcinj.com\/blog\/2012\/09\/16\/shqetesohet-forumi-demokratik-per-integrim\/\" \/>\n<meta property=\"og:site_name\" content=\"Lajme nga Ulqini\" \/>\n<meta property=\"article:published_time\" content=\"2012-09-16T17:13:07+00:00\" \/>\n<meta property=\"article:modified_time\" content=\"2012-09-17T04:15:42+00:00\" \/>\n<meta name=\"twitter:label1\" content=\"Written by\" \/>\n\t<meta name=\"twitter:data1\" content=\"ulqini\" \/>\n\t<meta name=\"twitter:label2\" content=\"Est. reading time\" \/>\n\t<meta name=\"twitter:data2\" content=\"5 minutes\" \/>\n<script type=\"application\/ld+json\" class=\"yoast-schema-graph\">{\"@context\":\"https:\/\/schema.org\",\"@graph\":[{\"@type\":\"WebSite\",\"@id\":\"https:\/\/www.visit-ulcinj.com\/blog\/#website\",\"url\":\"https:\/\/www.visit-ulcinj.com\/blog\/\",\"name\":\"Lajme nga Ulqini\",\"description\":\"Lajme,Vijesti,Ulqini,Ulqin,Crna Gora,Mali i Zi\",\"potentialAction\":[{\"@type\":\"SearchAction\",\"target\":{\"@type\":\"EntryPoint\",\"urlTemplate\":\"https:\/\/www.visit-ulcinj.com\/blog\/?s={search_term_string}\"},\"query-input\":\"required name=search_term_string\"}],\"inLanguage\":\"en-US\"},{\"@type\":\"WebPage\",\"@id\":\"https:\/\/www.visit-ulcinj.com\/blog\/2012\/09\/16\/shqetesohet-forumi-demokratik-per-integrim\/#webpage\",\"url\":\"https:\/\/www.visit-ulcinj.com\/blog\/2012\/09\/16\/shqetesohet-forumi-demokratik-per-integrim\/\",\"name\":\"Shqet\u00ebsohet Forumi Demokratik p\u00ebr Integrim - Lajme nga Ulqini\",\"isPartOf\":{\"@id\":\"https:\/\/www.visit-ulcinj.com\/blog\/#website\"},\"datePublished\":\"2012-09-16T17:13:07+00:00\",\"dateModified\":\"2012-09-17T04:15:42+00:00\",\"author\":{\"@id\":\"https:\/\/www.visit-ulcinj.com\/blog\/#\/schema\/person\/dcab619c614d3038751c63bc2aadc06d\"},\"description\":\"Forumi Demokratik p\u00ebr Integrim, me v\u00ebmendje \u00ebsht\u00eb duke p\u00ebrcjellur situat\u00ebn aktuale politike n\u00eb vend dhe jemi t\u00eb shqet\u00ebsuar duke ndjekur dinamik\u00ebn politike\",\"breadcrumb\":{\"@id\":\"https:\/\/www.visit-ulcinj.com\/blog\/2012\/09\/16\/shqetesohet-forumi-demokratik-per-integrim\/#breadcrumb\"},\"inLanguage\":\"en-US\",\"potentialAction\":[{\"@type\":\"ReadAction\",\"target\":[\"https:\/\/www.visit-ulcinj.com\/blog\/2012\/09\/16\/shqetesohet-forumi-demokratik-per-integrim\/\"]}]},{\"@type\":\"BreadcrumbList\",\"@id\":\"https:\/\/www.visit-ulcinj.com\/blog\/2012\/09\/16\/shqetesohet-forumi-demokratik-per-integrim\/#breadcrumb\",\"itemListElement\":[{\"@type\":\"ListItem\",\"position\":1,\"name\":\"Shqet\u00ebsohet Forumi Demokratik p\u00ebr Integrim\"}]},{\"@type\":\"Person\",\"@id\":\"https:\/\/www.visit-ulcinj.com\/blog\/#\/schema\/person\/dcab619c614d3038751c63bc2aadc06d\",\"name\":\"ulqini\",\"sameAs\":[\"http:\/\/www.visit-ulcinj.com\"],\"url\":\"https:\/\/www.visit-ulcinj.com\/blog\/author\/admin\/\"}]}<\/script>\n<!-- \/ Yoast SEO plugin. -->","yoast_head_json":{"title":"Shqet\u00ebsohet Forumi Demokratik p\u00ebr Integrim - Lajme nga Ulqini","description":"Forumi Demokratik p\u00ebr Integrim, me v\u00ebmendje \u00ebsht\u00eb duke p\u00ebrcjellur situat\u00ebn aktuale politike n\u00eb vend dhe jemi t\u00eb shqet\u00ebsuar duke ndjekur dinamik\u00ebn politike","robots":{"index":"index","follow":"follow","max-snippet":"max-snippet:-1","max-image-preview":"max-image-preview:large","max-video-preview":"max-video-preview:-1"},"canonical":"https:\/\/www.visit-ulcinj.com\/blog\/2012\/09\/16\/shqetesohet-forumi-demokratik-per-integrim\/","og_locale":"en_US","og_type":"article","og_title":"Shqet\u00ebsohet Forumi Demokratik p\u00ebr Integrim - Lajme nga Ulqini","og_description":"Forumi Demokratik p\u00ebr Integrim, me v\u00ebmendje \u00ebsht\u00eb duke p\u00ebrcjellur situat\u00ebn aktuale politike n\u00eb vend dhe jemi t\u00eb shqet\u00ebsuar duke ndjekur dinamik\u00ebn politike","og_url":"https:\/\/www.visit-ulcinj.com\/blog\/2012\/09\/16\/shqetesohet-forumi-demokratik-per-integrim\/","og_site_name":"Lajme nga Ulqini","article_published_time":"2012-09-16T17:13:07+00:00","article_modified_time":"2012-09-17T04:15:42+00:00","twitter_misc":{"Written by":"ulqini","Est. reading time":"5 minutes"},"schema":{"@context":"https:\/\/schema.org","@graph":[{"@type":"WebSite","@id":"https:\/\/www.visit-ulcinj.com\/blog\/#website","url":"https:\/\/www.visit-ulcinj.com\/blog\/","name":"Lajme nga Ulqini","description":"Lajme,Vijesti,Ulqini,Ulqin,Crna Gora,Mali i Zi","potentialAction":[{"@type":"SearchAction","target":{"@type":"EntryPoint","urlTemplate":"https:\/\/www.visit-ulcinj.com\/blog\/?s={search_term_string}"},"query-input":"required name=search_term_string"}],"inLanguage":"en-US"},{"@type":"WebPage","@id":"https:\/\/www.visit-ulcinj.com\/blog\/2012\/09\/16\/shqetesohet-forumi-demokratik-per-integrim\/#webpage","url":"https:\/\/www.visit-ulcinj.com\/blog\/2012\/09\/16\/shqetesohet-forumi-demokratik-per-integrim\/","name":"Shqet\u00ebsohet Forumi Demokratik p\u00ebr Integrim - Lajme nga Ulqini","isPartOf":{"@id":"https:\/\/www.visit-ulcinj.com\/blog\/#website"},"datePublished":"2012-09-16T17:13:07+00:00","dateModified":"2012-09-17T04:15:42+00:00","author":{"@id":"https:\/\/www.visit-ulcinj.com\/blog\/#\/schema\/person\/dcab619c614d3038751c63bc2aadc06d"},"description":"Forumi Demokratik p\u00ebr Integrim, me v\u00ebmendje \u00ebsht\u00eb duke p\u00ebrcjellur situat\u00ebn aktuale politike n\u00eb vend dhe jemi t\u00eb shqet\u00ebsuar duke ndjekur dinamik\u00ebn politike","breadcrumb":{"@id":"https:\/\/www.visit-ulcinj.com\/blog\/2012\/09\/16\/shqetesohet-forumi-demokratik-per-integrim\/#breadcrumb"},"inLanguage":"en-US","potentialAction":[{"@type":"ReadAction","target":["https:\/\/www.visit-ulcinj.com\/blog\/2012\/09\/16\/shqetesohet-forumi-demokratik-per-integrim\/"]}]},{"@type":"BreadcrumbList","@id":"https:\/\/www.visit-ulcinj.com\/blog\/2012\/09\/16\/shqetesohet-forumi-demokratik-per-integrim\/#breadcrumb","itemListElement":[{"@type":"ListItem","position":1,"name":"Shqet\u00ebsohet Forumi Demokratik p\u00ebr Integrim"}]},{"@type":"Person","@id":"https:\/\/www.visit-ulcinj.com\/blog\/#\/schema\/person\/dcab619c614d3038751c63bc2aadc06d","name":"ulqini","sameAs":["http:\/\/www.visit-ulcinj.com"],"url":"https:\/\/www.visit-ulcinj.com\/blog\/author\/admin\/"}]}},"jetpack_featured_media_url":"","jetpack_sharing_enabled":true,"jetpack_shortlink":"https:\/\/wp.me\/pe6lTn-gzv","_links":{"self":[{"href":"https:\/\/www.visit-ulcinj.com\/blog\/wp-json\/wp\/v2\/posts\/63705"}],"collection":[{"href":"https:\/\/www.visit-ulcinj.com\/blog\/wp-json\/wp\/v2\/posts"}],"about":[{"href":"https:\/\/www.visit-ulcinj.com\/blog\/wp-json\/wp\/v2\/types\/post"}],"author":[{"embeddable":true,"href":"https:\/\/www.visit-ulcinj.com\/blog\/wp-json\/wp\/v2\/users\/1"}],"replies":[{"embeddable":true,"href":"https:\/\/www.visit-ulcinj.com\/blog\/wp-json\/wp\/v2\/comments?post=63705"}],"version-history":[{"count":2,"href":"https:\/\/www.visit-ulcinj.com\/blog\/wp-json\/wp\/v2\/posts\/63705\/revisions"}],"predecessor-version":[{"id":63712,"href":"https:\/\/www.visit-ulcinj.com\/blog\/wp-json\/wp\/v2\/posts\/63705\/revisions\/63712"}],"wp:attachment":[{"href":"https:\/\/www.visit-ulcinj.com\/blog\/wp-json\/wp\/v2\/media?parent=63705"}],"wp:term":[{"taxonomy":"category","embeddable":true,"href":"https:\/\/www.visit-ulcinj.com\/blog\/wp-json\/wp\/v2\/categories?post=63705"},{"taxonomy":"post_tag","embeddable":true,"href":"https:\/\/www.visit-ulcinj.com\/blog\/wp-json\/wp\/v2\/tags?post=63705"}],"curies":[{"name":"wp","href":"https:\/\/api.w.org\/{rel}","templated":true}]}}