{"id":63709,"date":"2012-09-17T05:14:05","date_gmt":"2012-09-17T04:14:05","guid":{"rendered":"http:\/\/www.visit-ulcinj.com\/blog\/?p=63709"},"modified":"2012-09-17T05:14:05","modified_gmt":"2012-09-17T04:14:05","slug":"pse-parcializohet-c%cc%a7e%cc%88shtja-shqiptare-ne%cc%88-mal-te%cc%88-zi","status":"publish","type":"post","link":"https:\/\/www.visit-ulcinj.com\/blog\/2012\/09\/17\/pse-parcializohet-c%cc%a7e%cc%88shtja-shqiptare-ne%cc%88-mal-te%cc%88-zi\/","title":{"rendered":"Pse parcializohet c\u0327e\u0308shtja shqiptare ne\u0308 Mal te\u0308 Zi?"},"content":{"rendered":"<p style=\"text-align: center;\"><a href=\"http:\/\/www.visit-ulcinj.com\/blog\/wp-content\/uploads\/2012\/09\/Libri_DIASPORA-DHE-VENDLINDJA_Xheladin-Zeneli.jpg\"><img loading=\"lazy\" class=\"alignleft size-medium wp-image-63710\" title=\"Libri_DIASPORA-DHE-VENDLINDJA_Xheladin-Zeneli\" src=\"http:\/\/www.visit-ulcinj.com\/blog\/wp-content\/uploads\/2012\/09\/Libri_DIASPORA-DHE-VENDLINDJA_Xheladin-Zeneli-200x300.jpg\" alt=\"\" width=\"200\" height=\"300\" srcset=\"https:\/\/www.visit-ulcinj.com\/blog\/wp-content\/uploads\/2012\/09\/Libri_DIASPORA-DHE-VENDLINDJA_Xheladin-Zeneli-200x300.jpg 200w, https:\/\/www.visit-ulcinj.com\/blog\/wp-content\/uploads\/2012\/09\/Libri_DIASPORA-DHE-VENDLINDJA_Xheladin-Zeneli.jpg 330w\" sizes=\"(max-width: 200px) 100vw, 200px\" \/><\/a><strong>Nj\u00eb shkrim i vjet\u00ebr , por me aktualitet t\u00eb tanish\u00ebm<\/strong><\/p>\n<p style=\"text-align: center;\"><strong>\u00a0<\/strong><\/p>\n<p style=\"text-align: center;\"><strong>\u00a0\u00a0\u00a0\u00a0\u00a0\u00a0 PSE PARCIALIZOHET C\u0327E\u0308SHTJA SHQIPTARE NE\u0308 MAL TE\u0308 ZI?<\/strong><\/p>\n<p>&nbsp;<\/p>\n<p>Nje\u0308 nde\u0308r faktore\u0308t kryesore\u0308 qe\u0308 ka ndikuar ne\u0308 ngecjen e zgjidhjes se\u0308 statusit te\u0308 shqiptare\u0308ve ne\u0308 Mal te\u0308 Zi, ka qe\u0308ne\u0308 trajtimi ne\u0308 me\u0308nyre\u0308 te\u0308 pjese\u0308shme te\u0308 ke\u0308saj c\u0327e\u0308shtjeje nga ana e subjekteve politike shqiptare. Megjithe\u0308se ne\u0308 fillim te\u0308 viteve &#8220;90-te\u0308 (pra, pas vendosjes se\u0308 pluralizmit ne\u0308 Mal te\u0308 Zi) pati tendenca pe\u0308r nje\u0308 zgjidhje te\u0308 unifikuar te\u0308 statusit te\u0308 pe\u0308rgjithshe\u0308m te\u0308 shqiptare\u0308ve ne\u0308 ke\u0308te\u0308 republike\u0308, me kalimin e kohe\u0308s dhe me rritjen e numrit te\u0308 subjekteve politike shqiptare, ke\u0308to tendenca jo vete\u0308m qe\u0308 u zbehe\u0308n, por sikurse ato u braktise\u0308n ne\u0308 te\u0308re\u0308si. E\u0308shte\u0308 mange\u0308si e pajustifikueshme qe\u0308 shqiptare\u0308t ne\u0308 Mal te\u0308 Zi, ende deri me\u0308 sot, nuk kane\u0308 nje\u0308 dokument te\u0308 pe\u0308rbashke\u0308t te\u0308 ke\u0308rkesave te\u0308 tyre.<\/p>\n<p>Kur flitet p\u00ebr \u00e7\u00ebshtjen shqiptare n\u00eb Mal t\u00eb Zi, ne\u0308 terminologjine\u0308 e sotme te\u0308 partive politike nacionale rralle\u0308 here\u0308 pe\u0308rdoren apo pothuajse jane\u0308 zhdukur nga pe\u0308rdorimi fjale\u0308t, si psh, \u201cautonomi territoriale\u201d, \u201cplatforme\u0308 e pe\u0308rgjithshme politike\u201d, \u201cstrategji e pe\u0308rbashke\u0308t veprimi\u201d, \u201cunifikim i qe\u0308ndrimeve\u201d, etj. Sot dominon qasja e zgjidhjes se\u0308 pjese\u0308shme te\u0308 pozite\u0308s se\u0308 shqiptare\u0308ve .<\/p>\n<p>S\u2019ka dyshim qe\u0308 aktualisht problemi pare\u0308sor i shqiptare\u0308ve ne\u0308 Mal te\u0308 Zi e\u0308shte\u0308 realizimi i komune\u0308s s\u00eb Tuzit (Male\u0308sise\u0308) me te\u0308 drejta te\u0308 plota, si pjese\u0308 e programit afatshkurte\u0308 te\u0308 shqiptare\u0308ve ne\u0308 Mal te\u0308 Zi. Nje\u0308kohe\u0308sisht duhet te\u0308 pyesim vetvehten se\u0308 c\u0327\u2019po be\u0308het ne\u0308 planin afatgjate\u0308 lidhur me zgjidhjen e statusit te\u0308 pe\u0308rhershe\u0308m te\u0308 shqiptare\u0308ve ne\u0308 ke\u0308te\u0308 shtet!?<\/p>\n<p style=\"text-align: center;\">\u00a0\u00a0\u00a0\u00a0\u00a0\u00a0\u00a0\u00a0\u00a0\u00a0\u00a0\u00a0\u00a0\u00a0\u00a0\u00a0\u00a0\u00a0\u00a0\u00a0<strong>\u00a0 \u00a0\u00a0\u00a0Lokalizmat, si pengese\u0308 kryesore<\/strong><\/p>\n<p>&nbsp;<\/p>\n<p>Faktor tjete\u0308r qe\u0308 ka ndikuar dhe qe\u0308 gjithnje\u0308 po ndikon ne\u0308 trajtimin e pjes\u00ebsh\u00ebm te\u0308 c\u0327e\u0308shtjes shqiptare ne\u0308 Mal te\u0308 Zi, jane\u0308 lokalizmat dhe krahinarizmat e shprehura, pike\u0308se\u0308pari nga ana e lidere\u0308ve politike\u0308 dhe te\u0308 cilat reflektohen te masat e gje\u0308ra. Ne\u0308 vend qe\u0308 te\u0308 luftohen ke\u0308to dukuri negative t\u00eb shoq\u00ebris\u00eb shqiptare, pe\u0308rkundrazi, ato (pra, lokalizmat) inicohen dhe nxiten nga pjesa de\u0308rmuese e faktorit politik shqiptar. Pothuajse ne\u0308 c\u0327do fushate\u0308 parazgjedhore, qe\u0308 nga vendosja e pluralizmit politik e deri me\u0308 sot, dominuan politikat lokale dhe krahinore te\u0308 subjekteve politike shqiptare ne\u0308 Mal te\u0308 Zi.<\/p>\n<p>Edhe ne\u0308 fushate\u0308n parazgjedhore te\u0308 zgjedhjeve t\u00eb fundit parlamentare, n\u00eb mars t\u00eb k\u00ebtij viti,dole\u0308n ne\u0308 pah, si asnje\u0308here\u0308 me\u0308 pare\u0308, ndasite\u0308 krahinore. Ke\u0308shtu qe\u0308 ne\u0308 vend te\u0308 nje\u0308 debati te\u0308 she\u0308ndoshe\u0308 se kush do t\u2019a pe\u0308rfaqe\u0308soje\u0308 me\u0308 mire\u0308 c\u0327e\u0308shtjen dhe problemet e shqiptare\u0308ve ne\u0308 pe\u0308rgjithe\u0308si ne\u0308 Parlamentin e Malit te\u0308 Zi, disa nga kandidate\u0308t pe\u0308r deputete\u0308 te\u0308 subjekteve nacionale shqiptare, u le\u0308shuan ne\u0308 gara parazgjedhore me qe\u0308llim te\u0308 vete\u0308m, se si mund te\u0308 fitonin nje\u0308 mandat ne\u0308 ke\u0308te\u0308 parlament ne\u0308 eme\u0308r te\u0308 ndonje\u0308 krahine (treve) te\u0308 caktuar te\u0308 shqiptare\u0308ve ne\u0308 ke\u0308te\u0308 republike\u0308. Pe\u0308rse\u0308ri, pra, interesi i pe\u0308rgjithshe\u0308m i shqiptare\u0308ve ne\u0308 Mal te\u0308 Zi, u ze\u0308vende\u0308sua me interesin lokal e krahinor, duke luajtur vazhdimisht me ndjenjat krahinore te\u0308 zgjedhe\u0308sve shqiptare\u0308. A nuk mjafton qe\u0308 jemi te\u0308 ndare\u0308 politikisht ne\u0308 disa parti, dhe tani duhet te\u0308 ndahemi edhe ne\u0308 baza krahinore!?<\/p>\n<p>Nje\u0308 lokalize\u0308m i llojit te\u0308 vet, sidomos i shprehur tek banore\u0308t shqiptare\u0308 te\u0308 komune\u0308s se\u0308 Ulqinit, e\u0308shte\u0308 ndarja qytet-katund (fshat). Ke\u0308to ndasi shkojne\u0308 aq larg, sa qe\u0308 tani subjektet politike shqiptare qe\u0308 veprojne\u0308 ne\u0308 ke\u0308te\u0308 komun\u00eb shpesh\u00ebher\u00eb p\u00ebrshkruhen si\u00a0 \u201cparti e qytetar\u00ebve\u201d apo si\u00a0 \u201cparti e katundar\u00ebve\u201d!!<\/p>\n<p>Edhe zgjedhjet e ardhshme lokale (lexo lokaliste) fatkeqe\u0308sisht do te\u0308 ve\u0308rtetojne\u0308 edhe nje\u0308here\u0308 faktin qe\u0308 shume\u0308 pak punohet ne\u0308 eliminimin e ke\u0308saj dukurie negative te\u0308 shoqe\u0308rise\u0308 sone\u0308.<\/p>\n<p>Pe\u0308r nga numri, shqiptare\u0308t ne\u0308 Mal te\u0308 Zi, si popull pakice\u0308 dhe autokton, e\u0308shte\u0308 relativisht i voge\u0308l dhe c\u0327do tentim i trajtimit te\u0308 c\u0327e\u0308shtjes se\u0308 tyre ne\u0308 me\u0308nyre\u0308 parciale nuk do te\u0308 kete\u0308 sukses te\u0308 qe\u0308ndruar dhe afatgjate\u0308. Ve\u0308rtete\u0308 qe\u0308 subjektet politike shqiptare (ne\u0308 zgjedhjet e fundit) fituan kate\u0308r mandate ne\u0308 parlamentin e sote\u0308m te\u0308 Malit te\u0308 Zi, dhe ky ishte nje\u0308 sukses relativ, por une\u0308 jam i bindur qe\u0308 kjo erdhi si pasoje\u0308 e vete\u0308dije\u0308simit te\u0308 elektoratit shqiptar dhe nje\u0308kohe\u0308sisht zhge\u0308njimit te\u0308 ke\u0308tij elektorati ne\u0308 partine\u0308 ne\u0308 pushtet dhe jo si rezultat i strategjise\u0308 lokaliste te\u0308 udhe\u0308hequr nga disa subjekte nacionale.\u00a0\u00a0\u00a0\u00a0\u00a0\u00a0 Gjithashtu, fuqia e faktorit politik shqiptar nuk matet vete\u0308m me numrin e arritur te\u0308 deputete\u0308ve shqiptare\u0308, por me shkalle\u0308n efikasitetit te\u0308 tyre me rastin e prezentimit te\u0308 problemeve si dhe nivelin e bashke\u0308punimit ne\u0308 mes te\u0308 tyre pe\u0308r c\u0327e\u0308shtjet e pe\u0308rgjithshme qe\u0308 preokupojne\u0308 shqiptare\u0308t.<\/p>\n<p>Ne\u0308 nje\u0308 demokraci te\u0308 avancuar te\u0308 stilit pe\u0308rendimor, ku c\u0327e\u0308shtja e popujve pakice\u0308 e\u0308shte\u0308 zgjidhur, ndoshta edhe mund te\u0308 flitet pe\u0308r zone\u0308n e deputetit (distriktin), por ne\u0308 rastin e Malit te\u0308 Zi, ku statusi i shqiptare\u0308ve e\u0308shte\u0308 ende i pazgjidhur dhe ku pushteti malazez udhe\u0308heqe\u0308 te\u0308 nje\u0308jte\u0308n politike\u0308 diskriminuese ndaj shqiptare\u0308ve ne\u0308 pe\u0308rgjithe\u0308si, pa dallim krahine, e\u0308shte\u0308 absurde qe\u0308 te\u0308 flitet pe\u0308r nje\u0308 pe\u0308rfaqe\u0308sim krahinor. Prandaj edhe deputete\u0308t shqiptare\u0308, pa marre\u0308 parasysh nga cila krahine\u0308 vijne\u0308, duhet te\u0308 angazhohen,ne\u0308 rend t\u00eb par\u00eb,pe\u0308r interesat e p\u00ebrgjithshme te\u0308 shqiptare\u0308ve ne\u0308 Mal te\u0308 Zi. Nuk mund te\u0308 kene\u0308, pe\u0308r shembull, ulqinak me te\u0308 drejta te\u0308 plota, derisa male\u0308sore\u0308t diskriminohen ose e kunde\u0308rta. Gjithashtu, nuk mund te\u0308 trajtohen te\u0308 ndara problemet qe\u0308 preokupojne\u0308 shqiptare\u0308t ne\u0308 Male\u0308si, Ulqin, Kraje\u0308, Plave\u0308 e Guci apo Rozhaje\u0308. Kuptohet qe\u0308 secila treve\u0308 ka specifikat e veta, por te\u0308 gjithe\u0308 shqiptare\u0308t qe\u0308 banojne\u0308 ne\u0308 ke\u0308to treva, nje\u0308 gje\u0308 kane\u0308 te\u0308 pe\u0308rbashke\u0308t e kjo \u00ebsht\u00eb se , ne\u0308 nj\u00eb m\u00ebnyr\u00eb apo tjet\u00ebr,kane\u0308 trajtim te\u0308 pabarabarte\u0308 nga pushteti malazez.<\/p>\n<p>Shekulli 21 e\u0308shte\u0308 karakterizuar si shekulli i globalizimit, integrimeve dhe bashkimit te\u0308 kombeve dhe absurdi me\u0308 i madh do te\u0308 ishte sikurse ende te\u0308 vazhdojme\u0308 me ke\u0308to dallime dhe ndasi te\u0308 pakuptimta.<\/p>\n<p>Synimi final i popujve te\u0308 Europe\u0308s Juglindore (duke pe\u0308rfshire\u0308 edhe popullin shqiptar) e\u0308shte\u0308 qe\u0308 ne\u0308 nje\u0308 te\u0308 ardhme te\u0308 afe\u0308rme, te\u0308 jene\u0308 pjese\u0308 e familjes se\u0308 gje\u0308re\u0308 europiane. Gabohemi re\u0308nde\u0308 ne\u0308se mendojme\u0308 se ne do te\u0308 hyjme\u0308 ne\u0308 Europe\u0308n e Bashkuar si ulqinak, anamalas, male\u0308sor, qytetar apo katundar. Ne do te\u0308 integrohemi ne\u0308 ke\u0308te\u0308 Europe\u0308 vete\u0308m si pjese\u0308tare\u0308 te\u0308 nje\u0308 populli te\u0308 lashte\u0308 dhe te\u0308 civilizuar, pra si pjese\u0308tare\u0308 te\u0308 popullit shqiptar.<\/p>\n<p>&nbsp;<\/p>\n<p>&nbsp;<\/p>\n<p>Xheladin Zeneli<\/p>\n<p>&nbsp;<\/p>\n<p>Maj 2009<\/p>\n<p>&nbsp;<\/p>\n<p>(Marr\u00eb nga\u00a0 libri &#8220;Diaspora dhe Vendlindja&#8221;, nga i\u00a0 nj\u00ebjti autor)<\/p>\n<p>&nbsp;<\/p>\n","protected":false},"excerpt":{"rendered":"<p>Nj\u00eb shkrim i vjet\u00ebr , por me aktualitet t\u00eb tanish\u00ebm \u00a0 \u00a0\u00a0\u00a0\u00a0\u00a0\u00a0 PSE PARCIALIZOHET C\u0327E\u0308SHTJA SHQIPTARE NE\u0308 MAL TE\u0308 ZI? &nbsp; Nje\u0308 nde\u0308r faktore\u0308t kryesore\u0308 qe\u0308 ka ndikuar ne\u0308 ngecjen e zgjidhjes se\u0308 statusit te\u0308 shqiptare\u0308ve ne\u0308 Mal te\u0308 Zi, ka qe\u0308ne\u0308 trajtimi ne\u0308 me\u0308nyre\u0308 te\u0308 pjese\u0308shme te\u0308 ke\u0308saj c\u0327e\u0308shtjeje nga ana e subjekteve politike [&hellip;]<\/p>\n","protected":false},"author":1,"featured_media":0,"comment_status":"open","ping_status":"closed","sticky":false,"template":"","format":"standard","meta":{"spay_email":"","jetpack_publicize_message":"","jetpack_is_tweetstorm":false,"jetpack_publicize_feature_enabled":true},"categories":[14249],"tags":[11863],"jetpack_publicize_connections":[],"yoast_head":"<!-- This site is optimized with the Yoast SEO plugin v19.1 - https:\/\/yoast.com\/wordpress\/plugins\/seo\/ -->\n<title>Pse parcializohet c\u0327e\u0308shtja shqiptare ne\u0308 Mal te\u0308 Zi? - Lajme nga Ulqini<\/title>\n<meta name=\"description\" content=\"Nj\u00eb shkrim i vjet\u00ebr , por me aktualitet t\u00eb tanish\u00ebm \u00a0 \u00a0\u00a0\u00a0\u00a0\u00a0\u00a0 PSE PARCIALIZOHET C\u0327E\u0308SHTJA SHQIPTARE NE\u0308 MAL TE\u0308 ZI? &nbsp; Nje\u0308 nde\u0308r faktore\u0308t kryesore\u0308\" \/>\n<meta name=\"robots\" content=\"index, follow, max-snippet:-1, max-image-preview:large, max-video-preview:-1\" \/>\n<link rel=\"canonical\" href=\"https:\/\/www.visit-ulcinj.com\/blog\/2012\/09\/17\/pse-parcializohet-c\u0327e\u0308shtja-shqiptare-ne\u0308-mal-te\u0308-zi\/\" \/>\n<meta property=\"og:locale\" content=\"en_US\" \/>\n<meta property=\"og:type\" content=\"article\" \/>\n<meta property=\"og:title\" content=\"Pse parcializohet c\u0327e\u0308shtja shqiptare ne\u0308 Mal te\u0308 Zi? - Lajme nga Ulqini\" \/>\n<meta property=\"og:description\" content=\"Nj\u00eb shkrim i vjet\u00ebr , por me aktualitet t\u00eb tanish\u00ebm \u00a0 \u00a0\u00a0\u00a0\u00a0\u00a0\u00a0 PSE PARCIALIZOHET C\u0327E\u0308SHTJA SHQIPTARE NE\u0308 MAL TE\u0308 ZI? &nbsp; Nje\u0308 nde\u0308r faktore\u0308t kryesore\u0308\" \/>\n<meta property=\"og:url\" content=\"https:\/\/www.visit-ulcinj.com\/blog\/2012\/09\/17\/pse-parcializohet-c\u0327e\u0308shtja-shqiptare-ne\u0308-mal-te\u0308-zi\/\" \/>\n<meta property=\"og:site_name\" content=\"Lajme nga Ulqini\" \/>\n<meta property=\"article:published_time\" content=\"2012-09-17T04:14:05+00:00\" \/>\n<meta property=\"og:image\" content=\"http:\/\/www.visit-ulcinj.com\/blog\/wp-content\/uploads\/2012\/09\/Libri_DIASPORA-DHE-VENDLINDJA_Xheladin-Zeneli-200x300.jpg\" \/>\n<meta name=\"twitter:label1\" content=\"Written by\" \/>\n\t<meta name=\"twitter:data1\" content=\"ulqini\" \/>\n\t<meta name=\"twitter:label2\" content=\"Est. reading time\" \/>\n\t<meta name=\"twitter:data2\" content=\"6 minutes\" \/>\n<script type=\"application\/ld+json\" class=\"yoast-schema-graph\">{\"@context\":\"https:\/\/schema.org\",\"@graph\":[{\"@type\":\"WebSite\",\"@id\":\"https:\/\/www.visit-ulcinj.com\/blog\/#website\",\"url\":\"https:\/\/www.visit-ulcinj.com\/blog\/\",\"name\":\"Lajme nga Ulqini\",\"description\":\"Lajme,Vijesti,Ulqini,Ulqin,Crna Gora,Mali i Zi\",\"potentialAction\":[{\"@type\":\"SearchAction\",\"target\":{\"@type\":\"EntryPoint\",\"urlTemplate\":\"https:\/\/www.visit-ulcinj.com\/blog\/?s={search_term_string}\"},\"query-input\":\"required name=search_term_string\"}],\"inLanguage\":\"en-US\"},{\"@type\":\"ImageObject\",\"inLanguage\":\"en-US\",\"@id\":\"https:\/\/www.visit-ulcinj.com\/blog\/2012\/09\/17\/pse-parcializohet-c%cc%a7e%cc%88shtja-shqiptare-ne%cc%88-mal-te%cc%88-zi\/#primaryimage\",\"url\":\"https:\/\/www.visit-ulcinj.com\/blog\/wp-content\/uploads\/2012\/09\/Libri_DIASPORA-DHE-VENDLINDJA_Xheladin-Zeneli.jpg\",\"contentUrl\":\"https:\/\/www.visit-ulcinj.com\/blog\/wp-content\/uploads\/2012\/09\/Libri_DIASPORA-DHE-VENDLINDJA_Xheladin-Zeneli.jpg\",\"width\":\"330\",\"height\":\"495\"},{\"@type\":\"WebPage\",\"@id\":\"https:\/\/www.visit-ulcinj.com\/blog\/2012\/09\/17\/pse-parcializohet-c%cc%a7e%cc%88shtja-shqiptare-ne%cc%88-mal-te%cc%88-zi\/#webpage\",\"url\":\"https:\/\/www.visit-ulcinj.com\/blog\/2012\/09\/17\/pse-parcializohet-c%cc%a7e%cc%88shtja-shqiptare-ne%cc%88-mal-te%cc%88-zi\/\",\"name\":\"Pse parcializohet c\u0327e\u0308shtja shqiptare ne\u0308 Mal te\u0308 Zi? - Lajme nga Ulqini\",\"isPartOf\":{\"@id\":\"https:\/\/www.visit-ulcinj.com\/blog\/#website\"},\"primaryImageOfPage\":{\"@id\":\"https:\/\/www.visit-ulcinj.com\/blog\/2012\/09\/17\/pse-parcializohet-c%cc%a7e%cc%88shtja-shqiptare-ne%cc%88-mal-te%cc%88-zi\/#primaryimage\"},\"datePublished\":\"2012-09-17T04:14:05+00:00\",\"dateModified\":\"2012-09-17T04:14:05+00:00\",\"author\":{\"@id\":\"https:\/\/www.visit-ulcinj.com\/blog\/#\/schema\/person\/dcab619c614d3038751c63bc2aadc06d\"},\"description\":\"Nj\u00eb shkrim i vjet\u00ebr , por me aktualitet t\u00eb tanish\u00ebm \u00a0 \u00a0\u00a0\u00a0\u00a0\u00a0\u00a0 PSE PARCIALIZOHET C\u0327E\u0308SHTJA SHQIPTARE NE\u0308 MAL TE\u0308 ZI? &nbsp; Nje\u0308 nde\u0308r faktore\u0308t kryesore\u0308\",\"breadcrumb\":{\"@id\":\"https:\/\/www.visit-ulcinj.com\/blog\/2012\/09\/17\/pse-parcializohet-c%cc%a7e%cc%88shtja-shqiptare-ne%cc%88-mal-te%cc%88-zi\/#breadcrumb\"},\"inLanguage\":\"en-US\",\"potentialAction\":[{\"@type\":\"ReadAction\",\"target\":[\"https:\/\/www.visit-ulcinj.com\/blog\/2012\/09\/17\/pse-parcializohet-c%cc%a7e%cc%88shtja-shqiptare-ne%cc%88-mal-te%cc%88-zi\/\"]}]},{\"@type\":\"BreadcrumbList\",\"@id\":\"https:\/\/www.visit-ulcinj.com\/blog\/2012\/09\/17\/pse-parcializohet-c%cc%a7e%cc%88shtja-shqiptare-ne%cc%88-mal-te%cc%88-zi\/#breadcrumb\",\"itemListElement\":[{\"@type\":\"ListItem\",\"position\":1,\"name\":\"Pse parcializohet c\u0327e\u0308shtja shqiptare ne\u0308 Mal te\u0308 Zi?\"}]},{\"@type\":\"Person\",\"@id\":\"https:\/\/www.visit-ulcinj.com\/blog\/#\/schema\/person\/dcab619c614d3038751c63bc2aadc06d\",\"name\":\"ulqini\",\"sameAs\":[\"http:\/\/www.visit-ulcinj.com\"],\"url\":\"https:\/\/www.visit-ulcinj.com\/blog\/author\/admin\/\"}]}<\/script>\n<!-- \/ Yoast SEO plugin. -->","yoast_head_json":{"title":"Pse parcializohet c\u0327e\u0308shtja shqiptare ne\u0308 Mal te\u0308 Zi? - Lajme nga Ulqini","description":"Nj\u00eb shkrim i vjet\u00ebr , por me aktualitet t\u00eb tanish\u00ebm \u00a0 \u00a0\u00a0\u00a0\u00a0\u00a0\u00a0 PSE PARCIALIZOHET C\u0327E\u0308SHTJA SHQIPTARE NE\u0308 MAL TE\u0308 ZI? &nbsp; Nje\u0308 nde\u0308r faktore\u0308t kryesore\u0308","robots":{"index":"index","follow":"follow","max-snippet":"max-snippet:-1","max-image-preview":"max-image-preview:large","max-video-preview":"max-video-preview:-1"},"canonical":"https:\/\/www.visit-ulcinj.com\/blog\/2012\/09\/17\/pse-parcializohet-c\u0327e\u0308shtja-shqiptare-ne\u0308-mal-te\u0308-zi\/","og_locale":"en_US","og_type":"article","og_title":"Pse parcializohet c\u0327e\u0308shtja shqiptare ne\u0308 Mal te\u0308 Zi? - Lajme nga Ulqini","og_description":"Nj\u00eb shkrim i vjet\u00ebr , por me aktualitet t\u00eb tanish\u00ebm \u00a0 \u00a0\u00a0\u00a0\u00a0\u00a0\u00a0 PSE PARCIALIZOHET C\u0327E\u0308SHTJA SHQIPTARE NE\u0308 MAL TE\u0308 ZI? &nbsp; Nje\u0308 nde\u0308r faktore\u0308t kryesore\u0308","og_url":"https:\/\/www.visit-ulcinj.com\/blog\/2012\/09\/17\/pse-parcializohet-c\u0327e\u0308shtja-shqiptare-ne\u0308-mal-te\u0308-zi\/","og_site_name":"Lajme nga Ulqini","article_published_time":"2012-09-17T04:14:05+00:00","og_image":[{"url":"http:\/\/www.visit-ulcinj.com\/blog\/wp-content\/uploads\/2012\/09\/Libri_DIASPORA-DHE-VENDLINDJA_Xheladin-Zeneli-200x300.jpg"}],"twitter_misc":{"Written by":"ulqini","Est. reading time":"6 minutes"},"schema":{"@context":"https:\/\/schema.org","@graph":[{"@type":"WebSite","@id":"https:\/\/www.visit-ulcinj.com\/blog\/#website","url":"https:\/\/www.visit-ulcinj.com\/blog\/","name":"Lajme nga Ulqini","description":"Lajme,Vijesti,Ulqini,Ulqin,Crna Gora,Mali i Zi","potentialAction":[{"@type":"SearchAction","target":{"@type":"EntryPoint","urlTemplate":"https:\/\/www.visit-ulcinj.com\/blog\/?s={search_term_string}"},"query-input":"required name=search_term_string"}],"inLanguage":"en-US"},{"@type":"ImageObject","inLanguage":"en-US","@id":"https:\/\/www.visit-ulcinj.com\/blog\/2012\/09\/17\/pse-parcializohet-c%cc%a7e%cc%88shtja-shqiptare-ne%cc%88-mal-te%cc%88-zi\/#primaryimage","url":"https:\/\/www.visit-ulcinj.com\/blog\/wp-content\/uploads\/2012\/09\/Libri_DIASPORA-DHE-VENDLINDJA_Xheladin-Zeneli.jpg","contentUrl":"https:\/\/www.visit-ulcinj.com\/blog\/wp-content\/uploads\/2012\/09\/Libri_DIASPORA-DHE-VENDLINDJA_Xheladin-Zeneli.jpg","width":"330","height":"495"},{"@type":"WebPage","@id":"https:\/\/www.visit-ulcinj.com\/blog\/2012\/09\/17\/pse-parcializohet-c%cc%a7e%cc%88shtja-shqiptare-ne%cc%88-mal-te%cc%88-zi\/#webpage","url":"https:\/\/www.visit-ulcinj.com\/blog\/2012\/09\/17\/pse-parcializohet-c%cc%a7e%cc%88shtja-shqiptare-ne%cc%88-mal-te%cc%88-zi\/","name":"Pse parcializohet c\u0327e\u0308shtja shqiptare ne\u0308 Mal te\u0308 Zi? - Lajme nga Ulqini","isPartOf":{"@id":"https:\/\/www.visit-ulcinj.com\/blog\/#website"},"primaryImageOfPage":{"@id":"https:\/\/www.visit-ulcinj.com\/blog\/2012\/09\/17\/pse-parcializohet-c%cc%a7e%cc%88shtja-shqiptare-ne%cc%88-mal-te%cc%88-zi\/#primaryimage"},"datePublished":"2012-09-17T04:14:05+00:00","dateModified":"2012-09-17T04:14:05+00:00","author":{"@id":"https:\/\/www.visit-ulcinj.com\/blog\/#\/schema\/person\/dcab619c614d3038751c63bc2aadc06d"},"description":"Nj\u00eb shkrim i vjet\u00ebr , por me aktualitet t\u00eb tanish\u00ebm \u00a0 \u00a0\u00a0\u00a0\u00a0\u00a0\u00a0 PSE PARCIALIZOHET C\u0327E\u0308SHTJA SHQIPTARE NE\u0308 MAL TE\u0308 ZI? &nbsp; Nje\u0308 nde\u0308r faktore\u0308t kryesore\u0308","breadcrumb":{"@id":"https:\/\/www.visit-ulcinj.com\/blog\/2012\/09\/17\/pse-parcializohet-c%cc%a7e%cc%88shtja-shqiptare-ne%cc%88-mal-te%cc%88-zi\/#breadcrumb"},"inLanguage":"en-US","potentialAction":[{"@type":"ReadAction","target":["https:\/\/www.visit-ulcinj.com\/blog\/2012\/09\/17\/pse-parcializohet-c%cc%a7e%cc%88shtja-shqiptare-ne%cc%88-mal-te%cc%88-zi\/"]}]},{"@type":"BreadcrumbList","@id":"https:\/\/www.visit-ulcinj.com\/blog\/2012\/09\/17\/pse-parcializohet-c%cc%a7e%cc%88shtja-shqiptare-ne%cc%88-mal-te%cc%88-zi\/#breadcrumb","itemListElement":[{"@type":"ListItem","position":1,"name":"Pse parcializohet c\u0327e\u0308shtja shqiptare ne\u0308 Mal te\u0308 Zi?"}]},{"@type":"Person","@id":"https:\/\/www.visit-ulcinj.com\/blog\/#\/schema\/person\/dcab619c614d3038751c63bc2aadc06d","name":"ulqini","sameAs":["http:\/\/www.visit-ulcinj.com"],"url":"https:\/\/www.visit-ulcinj.com\/blog\/author\/admin\/"}]}},"jetpack_featured_media_url":"","jetpack_sharing_enabled":true,"jetpack_shortlink":"https:\/\/wp.me\/pe6lTn-gzz","_links":{"self":[{"href":"https:\/\/www.visit-ulcinj.com\/blog\/wp-json\/wp\/v2\/posts\/63709"}],"collection":[{"href":"https:\/\/www.visit-ulcinj.com\/blog\/wp-json\/wp\/v2\/posts"}],"about":[{"href":"https:\/\/www.visit-ulcinj.com\/blog\/wp-json\/wp\/v2\/types\/post"}],"author":[{"embeddable":true,"href":"https:\/\/www.visit-ulcinj.com\/blog\/wp-json\/wp\/v2\/users\/1"}],"replies":[{"embeddable":true,"href":"https:\/\/www.visit-ulcinj.com\/blog\/wp-json\/wp\/v2\/comments?post=63709"}],"version-history":[{"count":1,"href":"https:\/\/www.visit-ulcinj.com\/blog\/wp-json\/wp\/v2\/posts\/63709\/revisions"}],"predecessor-version":[{"id":63711,"href":"https:\/\/www.visit-ulcinj.com\/blog\/wp-json\/wp\/v2\/posts\/63709\/revisions\/63711"}],"wp:attachment":[{"href":"https:\/\/www.visit-ulcinj.com\/blog\/wp-json\/wp\/v2\/media?parent=63709"}],"wp:term":[{"taxonomy":"category","embeddable":true,"href":"https:\/\/www.visit-ulcinj.com\/blog\/wp-json\/wp\/v2\/categories?post=63709"},{"taxonomy":"post_tag","embeddable":true,"href":"https:\/\/www.visit-ulcinj.com\/blog\/wp-json\/wp\/v2\/tags?post=63709"}],"curies":[{"name":"wp","href":"https:\/\/api.w.org\/{rel}","templated":true}]}}