{"id":63727,"date":"2012-09-18T08:53:47","date_gmt":"2012-09-18T07:53:47","guid":{"rendered":"http:\/\/www.visit-ulcinj.com\/blog\/?p=63727"},"modified":"2012-09-18T08:53:47","modified_gmt":"2012-09-18T07:53:47","slug":"forca-reagira-na-zlonamjerne-izjave-datim-od-strane-sindikata-otranta","status":"publish","type":"post","link":"https:\/\/www.visit-ulcinj.com\/blog\/2012\/09\/18\/forca-reagira-na-zlonamjerne-izjave-datim-od-strane-sindikata-otranta\/","title":{"rendered":"Forca reagira  na zlonamjerne izjave datim od strane sindikata Otranta"},"content":{"rendered":"<p><strong><a href=\"http:\/\/www.visit-ulcinj.com\/blog\/wp-content\/uploads\/2012\/09\/Forca-reagira-na-zlonamjerne-izjave-datim-od-strane-sindikata-Otranta.jpg\"><img loading=\"lazy\" class=\"alignleft  wp-image-63728\" title=\"Forca reagira  na zlonamjerne izjave datim od strane sindikata Otranta\" src=\"http:\/\/www.visit-ulcinj.com\/blog\/wp-content\/uploads\/2012\/09\/Forca-reagira-na-zlonamjerne-izjave-datim-od-strane-sindikata-Otranta.jpg\" alt=\"\" width=\"508\" height=\"315\" \/><\/a>SAOP\u0160TENJE ZA JAVNOST &#8211; 14.09.2012<\/strong><\/p>\n<p>Veoma smo svjesni \u0161tete koja je nanijeta \u00a0prema radnicima Otranta koji su ostali bez posla i podsje\u0107amo ih da se na\u0161a partija dosta\u00a0 puta izjasnila protiv sumnjivih privatizacija preduze\u0107a u Op\u0161tini Ulcinj. Mnogo puta smo davali\u00a0 izjave za Otrant i solidarizovali smo se sa legitimnim protestima radnika koji su ostali bez radnog mjesta. Iz tog razloga pozivamo radnike i predstavnike sindikata da ne nasjedaju na zamke poni\u017eavaju\u0107e instrumentalizacije politike.<\/p>\n<p>Nova demokratska snaga Forca je veoma potre\u0161ena zbog\u00a0 neistinitih izjava i iskazujemo \u00a0veliko\u00a0 ogor\u010denje prema ovim zlonamjernim izjavama datim od strane sindikata Otranta. Obavje\u0161tavamo javnost da \u0107emo uraditi sve \u0161to je mogu\u0107e da se razjasni\u00a0 ko stoji iza ovog poku\u0161aja\u00a0 manipulacije javnog mjenja tako da \u0107emo se obratiti sudksim organima i podnjeti tu\u017ebu za klevetu. Vi\u0161e je nego jasno da ova ru\u017ena izjava data\u00a0 od strane sindikata Otranta u ovom trenutku\u00a0 ima politi\u010dku pozadinu jer poku\u0161ava da baci\u00a0 mrlju na Forcu pred parlamentarnim izborima koji se pribli\u017eavaju.<\/p>\n<p>Sindikat Otranta\u00a0 jo\u0161 ranije je obavijestio javnost ko su ljudi za koje oni smatraju da su direktno\u00a0 odgovorni za njohovo gubljenje radnog mjesta, jer su podnijeli prijavu protiv biv\u0161eg ministra Nenezi\u0107a.Podsje\u0107amo javnost I radnike Otranta koji su ostali bez posla da smo preko poslanika Genci Nimanbegua tra\u017eili ostavku tada\u0161njeg ministra za turizam Nenezi\u0107a i zbog privatizacije Otranta.<\/p>\n<p>\u010cinjenica da je sindikat odjednom promijenio svoju verziju I trudi se da implicira I Forcu u ovu problematiku, tjera nas da mislimo da sindikat sa ili bez namjere se stavio na usluzi politi\u010dkim rivalima Force koji\u00a0 svjesni\u00a0 potencijala na\u0161e partije\u00a0 upotrebljavaju\u00a0 protiv nas iz o\u010daja niske stvari kao\u00a0 izmi\u0161ljotine I obmane.<\/p>\n<p>Sa punom moralnom i pravnom odgovorno\u0161\u0107u izjavljujemo da \u010delnici Force nisu\u00a0 niti\u00a0 direktno niti indirektno uklju\u010deni u poslovne aktivnosti Otranta I da su svi navodi iz izjave sindikata Otranta izmi\u0161ljene. Da bi prekinuli obmane koje na\u0161i politi\u010dki protivnici rade protiv nas odlu\u010dili smo da pokrenemo tu\u017ebu\u00a0 za klevetu prema sindikatu Otranta. Ova tu\u017eba nije radi pritiska na predstavnike sindikata I radnike Otranta ve\u0107 da se prevaranti,la\u017eovi I oni koji ih posti\u010du iz redova politi\u010dkih protivnika identifikuju I da\u00a0 imaju moralnu odgovornost i da se javno diskredituju.<\/p>\n<p><strong>S po\u0161tovanjem,<\/strong><br \/>\n<strong> Informativna slu\u017eba\u00a0 Force<\/strong><\/p>\n","protected":false},"excerpt":{"rendered":"<p>SAOP\u0160TENJE ZA JAVNOST &#8211; 14.09.2012 Veoma smo svjesni \u0161tete koja je nanijeta \u00a0prema radnicima Otranta koji su ostali bez posla i podsje\u0107amo ih da se na\u0161a partija dosta\u00a0 puta izjasnila protiv sumnjivih privatizacija preduze\u0107a u Op\u0161tini Ulcinj. Mnogo puta smo davali\u00a0 izjave za Otrant i solidarizovali smo se sa legitimnim protestima radnika koji su ostali [&hellip;]<\/p>\n","protected":false},"author":1,"featured_media":0,"comment_status":"open","ping_status":"closed","sticky":false,"template":"","format":"standard","meta":{"spay_email":"","jetpack_publicize_message":"","jetpack_is_tweetstorm":false,"jetpack_publicize_feature_enabled":true},"categories":[8337],"tags":[117,19],"jetpack_publicize_connections":[],"yoast_head":"<!-- This site is optimized with the Yoast SEO plugin v19.1 - https:\/\/yoast.com\/wordpress\/plugins\/seo\/ -->\n<title>Forca reagira na zlonamjerne izjave datim od strane sindikata Otranta - Lajme nga Ulqini<\/title>\n<meta name=\"description\" content=\"SAOP\u0160TENJE ZA JAVNOST - 14.09.2012 Veoma smo svjesni \u0161tete koja je nanijeta \u00a0prema radnicima Otranta koji su ostali bez posla i podsje\u0107amo ih da se na\u0161a\" \/>\n<meta name=\"robots\" content=\"index, follow, max-snippet:-1, max-image-preview:large, max-video-preview:-1\" \/>\n<link rel=\"canonical\" href=\"https:\/\/www.visit-ulcinj.com\/blog\/2012\/09\/18\/forca-reagira-na-zlonamjerne-izjave-datim-od-strane-sindikata-otranta\/\" \/>\n<meta property=\"og:locale\" content=\"en_US\" \/>\n<meta property=\"og:type\" content=\"article\" \/>\n<meta property=\"og:title\" content=\"Forca reagira na zlonamjerne izjave datim od strane sindikata Otranta - Lajme nga Ulqini\" \/>\n<meta property=\"og:description\" content=\"SAOP\u0160TENJE ZA JAVNOST - 14.09.2012 Veoma smo svjesni \u0161tete koja je nanijeta \u00a0prema radnicima Otranta koji su ostali bez posla i podsje\u0107amo ih da se na\u0161a\" \/>\n<meta property=\"og:url\" content=\"https:\/\/www.visit-ulcinj.com\/blog\/2012\/09\/18\/forca-reagira-na-zlonamjerne-izjave-datim-od-strane-sindikata-otranta\/\" \/>\n<meta property=\"og:site_name\" content=\"Lajme nga Ulqini\" \/>\n<meta property=\"article:published_time\" content=\"2012-09-18T07:53:47+00:00\" \/>\n<meta property=\"og:image\" content=\"http:\/\/www.visit-ulcinj.com\/blog\/wp-content\/uploads\/2012\/09\/Forca-reagira-na-zlonamjerne-izjave-datim-od-strane-sindikata-Otranta.jpg\" \/>\n<meta name=\"twitter:label1\" content=\"Written by\" \/>\n\t<meta name=\"twitter:data1\" content=\"ulqini\" \/>\n\t<meta name=\"twitter:label2\" content=\"Est. reading time\" \/>\n\t<meta name=\"twitter:data2\" content=\"2 minutes\" \/>\n<script type=\"application\/ld+json\" class=\"yoast-schema-graph\">{\"@context\":\"https:\/\/schema.org\",\"@graph\":[{\"@type\":\"WebSite\",\"@id\":\"https:\/\/www.visit-ulcinj.com\/blog\/#website\",\"url\":\"https:\/\/www.visit-ulcinj.com\/blog\/\",\"name\":\"Lajme nga Ulqini\",\"description\":\"Lajme,Vijesti,Ulqini,Ulqin,Crna Gora,Mali i Zi\",\"potentialAction\":[{\"@type\":\"SearchAction\",\"target\":{\"@type\":\"EntryPoint\",\"urlTemplate\":\"https:\/\/www.visit-ulcinj.com\/blog\/?s={search_term_string}\"},\"query-input\":\"required name=search_term_string\"}],\"inLanguage\":\"en-US\"},{\"@type\":\"ImageObject\",\"inLanguage\":\"en-US\",\"@id\":\"https:\/\/www.visit-ulcinj.com\/blog\/2012\/09\/18\/forca-reagira-na-zlonamjerne-izjave-datim-od-strane-sindikata-otranta\/#primaryimage\",\"url\":\"https:\/\/www.visit-ulcinj.com\/blog\/wp-content\/uploads\/2012\/09\/Forca-reagira-na-zlonamjerne-izjave-datim-od-strane-sindikata-Otranta.jpg\",\"contentUrl\":\"https:\/\/www.visit-ulcinj.com\/blog\/wp-content\/uploads\/2012\/09\/Forca-reagira-na-zlonamjerne-izjave-datim-od-strane-sindikata-Otranta.jpg\",\"width\":\"851\",\"height\":\"315\"},{\"@type\":\"WebPage\",\"@id\":\"https:\/\/www.visit-ulcinj.com\/blog\/2012\/09\/18\/forca-reagira-na-zlonamjerne-izjave-datim-od-strane-sindikata-otranta\/#webpage\",\"url\":\"https:\/\/www.visit-ulcinj.com\/blog\/2012\/09\/18\/forca-reagira-na-zlonamjerne-izjave-datim-od-strane-sindikata-otranta\/\",\"name\":\"Forca reagira na zlonamjerne izjave datim od strane sindikata Otranta - Lajme nga Ulqini\",\"isPartOf\":{\"@id\":\"https:\/\/www.visit-ulcinj.com\/blog\/#website\"},\"primaryImageOfPage\":{\"@id\":\"https:\/\/www.visit-ulcinj.com\/blog\/2012\/09\/18\/forca-reagira-na-zlonamjerne-izjave-datim-od-strane-sindikata-otranta\/#primaryimage\"},\"datePublished\":\"2012-09-18T07:53:47+00:00\",\"dateModified\":\"2012-09-18T07:53:47+00:00\",\"author\":{\"@id\":\"https:\/\/www.visit-ulcinj.com\/blog\/#\/schema\/person\/dcab619c614d3038751c63bc2aadc06d\"},\"description\":\"SAOP\u0160TENJE ZA JAVNOST - 14.09.2012 Veoma smo svjesni \u0161tete koja je nanijeta \u00a0prema radnicima Otranta koji su ostali bez posla i podsje\u0107amo ih da se na\u0161a\",\"breadcrumb\":{\"@id\":\"https:\/\/www.visit-ulcinj.com\/blog\/2012\/09\/18\/forca-reagira-na-zlonamjerne-izjave-datim-od-strane-sindikata-otranta\/#breadcrumb\"},\"inLanguage\":\"en-US\",\"potentialAction\":[{\"@type\":\"ReadAction\",\"target\":[\"https:\/\/www.visit-ulcinj.com\/blog\/2012\/09\/18\/forca-reagira-na-zlonamjerne-izjave-datim-od-strane-sindikata-otranta\/\"]}]},{\"@type\":\"BreadcrumbList\",\"@id\":\"https:\/\/www.visit-ulcinj.com\/blog\/2012\/09\/18\/forca-reagira-na-zlonamjerne-izjave-datim-od-strane-sindikata-otranta\/#breadcrumb\",\"itemListElement\":[{\"@type\":\"ListItem\",\"position\":1,\"name\":\"Forca reagira na zlonamjerne izjave datim od strane sindikata Otranta\"}]},{\"@type\":\"Person\",\"@id\":\"https:\/\/www.visit-ulcinj.com\/blog\/#\/schema\/person\/dcab619c614d3038751c63bc2aadc06d\",\"name\":\"ulqini\",\"sameAs\":[\"http:\/\/www.visit-ulcinj.com\"],\"url\":\"https:\/\/www.visit-ulcinj.com\/blog\/author\/admin\/\"}]}<\/script>\n<!-- \/ Yoast SEO plugin. -->","yoast_head_json":{"title":"Forca reagira na zlonamjerne izjave datim od strane sindikata Otranta - Lajme nga Ulqini","description":"SAOP\u0160TENJE ZA JAVNOST - 14.09.2012 Veoma smo svjesni \u0161tete koja je nanijeta \u00a0prema radnicima Otranta koji su ostali bez posla i podsje\u0107amo ih da se na\u0161a","robots":{"index":"index","follow":"follow","max-snippet":"max-snippet:-1","max-image-preview":"max-image-preview:large","max-video-preview":"max-video-preview:-1"},"canonical":"https:\/\/www.visit-ulcinj.com\/blog\/2012\/09\/18\/forca-reagira-na-zlonamjerne-izjave-datim-od-strane-sindikata-otranta\/","og_locale":"en_US","og_type":"article","og_title":"Forca reagira na zlonamjerne izjave datim od strane sindikata Otranta - Lajme nga Ulqini","og_description":"SAOP\u0160TENJE ZA JAVNOST - 14.09.2012 Veoma smo svjesni \u0161tete koja je nanijeta \u00a0prema radnicima Otranta koji su ostali bez posla i podsje\u0107amo ih da se na\u0161a","og_url":"https:\/\/www.visit-ulcinj.com\/blog\/2012\/09\/18\/forca-reagira-na-zlonamjerne-izjave-datim-od-strane-sindikata-otranta\/","og_site_name":"Lajme nga Ulqini","article_published_time":"2012-09-18T07:53:47+00:00","og_image":[{"url":"http:\/\/www.visit-ulcinj.com\/blog\/wp-content\/uploads\/2012\/09\/Forca-reagira-na-zlonamjerne-izjave-datim-od-strane-sindikata-Otranta.jpg"}],"twitter_misc":{"Written by":"ulqini","Est. reading time":"2 minutes"},"schema":{"@context":"https:\/\/schema.org","@graph":[{"@type":"WebSite","@id":"https:\/\/www.visit-ulcinj.com\/blog\/#website","url":"https:\/\/www.visit-ulcinj.com\/blog\/","name":"Lajme nga Ulqini","description":"Lajme,Vijesti,Ulqini,Ulqin,Crna Gora,Mali i Zi","potentialAction":[{"@type":"SearchAction","target":{"@type":"EntryPoint","urlTemplate":"https:\/\/www.visit-ulcinj.com\/blog\/?s={search_term_string}"},"query-input":"required name=search_term_string"}],"inLanguage":"en-US"},{"@type":"ImageObject","inLanguage":"en-US","@id":"https:\/\/www.visit-ulcinj.com\/blog\/2012\/09\/18\/forca-reagira-na-zlonamjerne-izjave-datim-od-strane-sindikata-otranta\/#primaryimage","url":"https:\/\/www.visit-ulcinj.com\/blog\/wp-content\/uploads\/2012\/09\/Forca-reagira-na-zlonamjerne-izjave-datim-od-strane-sindikata-Otranta.jpg","contentUrl":"https:\/\/www.visit-ulcinj.com\/blog\/wp-content\/uploads\/2012\/09\/Forca-reagira-na-zlonamjerne-izjave-datim-od-strane-sindikata-Otranta.jpg","width":"851","height":"315"},{"@type":"WebPage","@id":"https:\/\/www.visit-ulcinj.com\/blog\/2012\/09\/18\/forca-reagira-na-zlonamjerne-izjave-datim-od-strane-sindikata-otranta\/#webpage","url":"https:\/\/www.visit-ulcinj.com\/blog\/2012\/09\/18\/forca-reagira-na-zlonamjerne-izjave-datim-od-strane-sindikata-otranta\/","name":"Forca reagira na zlonamjerne izjave datim od strane sindikata Otranta - Lajme nga Ulqini","isPartOf":{"@id":"https:\/\/www.visit-ulcinj.com\/blog\/#website"},"primaryImageOfPage":{"@id":"https:\/\/www.visit-ulcinj.com\/blog\/2012\/09\/18\/forca-reagira-na-zlonamjerne-izjave-datim-od-strane-sindikata-otranta\/#primaryimage"},"datePublished":"2012-09-18T07:53:47+00:00","dateModified":"2012-09-18T07:53:47+00:00","author":{"@id":"https:\/\/www.visit-ulcinj.com\/blog\/#\/schema\/person\/dcab619c614d3038751c63bc2aadc06d"},"description":"SAOP\u0160TENJE ZA JAVNOST - 14.09.2012 Veoma smo svjesni \u0161tete koja je nanijeta \u00a0prema radnicima Otranta koji su ostali bez posla i podsje\u0107amo ih da se na\u0161a","breadcrumb":{"@id":"https:\/\/www.visit-ulcinj.com\/blog\/2012\/09\/18\/forca-reagira-na-zlonamjerne-izjave-datim-od-strane-sindikata-otranta\/#breadcrumb"},"inLanguage":"en-US","potentialAction":[{"@type":"ReadAction","target":["https:\/\/www.visit-ulcinj.com\/blog\/2012\/09\/18\/forca-reagira-na-zlonamjerne-izjave-datim-od-strane-sindikata-otranta\/"]}]},{"@type":"BreadcrumbList","@id":"https:\/\/www.visit-ulcinj.com\/blog\/2012\/09\/18\/forca-reagira-na-zlonamjerne-izjave-datim-od-strane-sindikata-otranta\/#breadcrumb","itemListElement":[{"@type":"ListItem","position":1,"name":"Forca reagira na zlonamjerne izjave datim od strane sindikata Otranta"}]},{"@type":"Person","@id":"https:\/\/www.visit-ulcinj.com\/blog\/#\/schema\/person\/dcab619c614d3038751c63bc2aadc06d","name":"ulqini","sameAs":["http:\/\/www.visit-ulcinj.com"],"url":"https:\/\/www.visit-ulcinj.com\/blog\/author\/admin\/"}]}},"jetpack_featured_media_url":"","jetpack_sharing_enabled":true,"jetpack_shortlink":"https:\/\/wp.me\/pe6lTn-gzR","_links":{"self":[{"href":"https:\/\/www.visit-ulcinj.com\/blog\/wp-json\/wp\/v2\/posts\/63727"}],"collection":[{"href":"https:\/\/www.visit-ulcinj.com\/blog\/wp-json\/wp\/v2\/posts"}],"about":[{"href":"https:\/\/www.visit-ulcinj.com\/blog\/wp-json\/wp\/v2\/types\/post"}],"author":[{"embeddable":true,"href":"https:\/\/www.visit-ulcinj.com\/blog\/wp-json\/wp\/v2\/users\/1"}],"replies":[{"embeddable":true,"href":"https:\/\/www.visit-ulcinj.com\/blog\/wp-json\/wp\/v2\/comments?post=63727"}],"version-history":[{"count":1,"href":"https:\/\/www.visit-ulcinj.com\/blog\/wp-json\/wp\/v2\/posts\/63727\/revisions"}],"predecessor-version":[{"id":63729,"href":"https:\/\/www.visit-ulcinj.com\/blog\/wp-json\/wp\/v2\/posts\/63727\/revisions\/63729"}],"wp:attachment":[{"href":"https:\/\/www.visit-ulcinj.com\/blog\/wp-json\/wp\/v2\/media?parent=63727"}],"wp:term":[{"taxonomy":"category","embeddable":true,"href":"https:\/\/www.visit-ulcinj.com\/blog\/wp-json\/wp\/v2\/categories?post=63727"},{"taxonomy":"post_tag","embeddable":true,"href":"https:\/\/www.visit-ulcinj.com\/blog\/wp-json\/wp\/v2\/tags?post=63727"}],"curies":[{"name":"wp","href":"https:\/\/api.w.org\/{rel}","templated":true}]}}