{"id":6373,"date":"2008-11-19T13:13:23","date_gmt":"2008-11-19T18:13:23","guid":{"rendered":"http:\/\/www.visit-ulcinj.com\/blog\/?p=6373"},"modified":"2008-11-19T13:13:23","modified_gmt":"2008-11-19T18:13:23","slug":"nuk-e-degjon-gruan-vazhdon-boksin","status":"publish","type":"post","link":"https:\/\/www.visit-ulcinj.com\/blog\/2008\/11\/19\/nuk-e-degjon-gruan-vazhdon-boksin\/","title":{"rendered":"Nuk e d\u00ebgjon gruan, vazhdon boksin"},"content":{"rendered":"<p><a href=\"http:\/\/www.visit-ulcinj.com\/blog\/wp-content\/uploads\/2008\/11\/luan_krasniqi.jpg\"><img loading=\"lazy\" class=\"alignleft size-medium wp-image-6374\" title=\"luan_krasniqi\" src=\"http:\/\/www.visit-ulcinj.com\/blog\/wp-content\/uploads\/2008\/11\/luan_krasniqi-244x300.jpg\" alt=\"\" width=\"291\" height=\"359\" \/><\/a>Gruaja e Luan Krasniqit e sugjeron at\u00eb q\u00eb t\u2019i thot\u00eb lamtumir\u00eb boksit. Por, boksieri kosovar \u00ebsht\u00eb i gatsh\u00ebm t\u00eb mos i d\u00ebgjoj\u00eb fjal\u00ebt e bashk\u00ebshortes, n\u00ebse promotori i tij Klaus-Peter Kohl i siguron nj\u00eb revansh me Dimitrenkon<br \/>\nLuan Krasniqi nuk e ka nd\u00ebrmend t\u00eb dor\u00ebzohet. Edhe pse t\u00eb shtun\u00ebn e humbi \u2018shansin\u2019 e fundit kund\u00ebr Aleksander Dimitrenkos, kosovari duket se nuk do t\u00eb pensionohet nga boksi profesionist.<br \/>\nEdhe pse gruaja e tij e sugjeron q\u00eb t\u2019i jap\u00eb fund karrier\u00ebs, boksieri me prejardhje nga Juniku nuk e ka nd\u00ebrmend t\u00eb ndalet. Luani \u00ebsht\u00eb i gatsh\u00ebm t\u00eb mos i d\u00ebgjoj\u00eb fjal\u00ebt e bashk\u00ebshortes, n\u00ebse promotori i tij Klaus-Peter Kohl i siguron nj\u00eb revansh me Dimitrenkon.<br \/>\n\u201cUn\u00eb mund ta kund\u00ebrshtoj gruan, me kusht q\u00eb promotori Klaus-Peter Kohl arrin t\u00eb ma siguroj\u00eb nj\u00eb rime\u00e7 me Dimitrenkon\u201d, ka th\u00ebn\u00eb Krasniqi n\u00eb nj\u00eb intervist\u00eb dh\u00ebn\u00eb t\u00eb p\u00ebrditshmes \u201cStuttgarter Zeitung&#8221;.<br \/>\nPas humbjes nga Dimitrenko, Krasniqi vet\u00ebm sa \u00ebsht\u00eb larguar m\u00eb shum\u00eb top 15-shes s\u00eb renditjes bot\u00ebrore. Mir\u00ebpo, 37 vje\u00e7ari me dy fitore radhazi synon ta fitoj\u00eb nj\u00eb rast p\u00ebr t\u00eb luftuar p\u00ebr titullin e kampionit t\u00eb bot\u00ebs.<br \/>\nKrasniqi ka paralajm\u00ebruar se do t\u00eb takohet me t\u00eb af\u00ebrmit e tij, para se t\u00eb vendos\u00eb p\u00ebrfundimisht p\u00ebr t\u00eb ardhmen e tij.<br \/>\n\u201cUn\u00eb vazhdoj st\u00ebrvitjet. Nuk mund t\u00eb ndalem k\u00ebshtu. Bateria edhe m\u00eb tutje \u00ebsht\u00eb e mbushur plot\u00eb, un\u00eb kam shum\u00eb vet\u00ebbesim\u201d, ka th\u00ebn\u00eb Krasniqi.<br \/>\nSipas tij, ai ka edhe m\u00eb tuje premtimin q\u00eb ia ka dh\u00ebn\u00eb legjend\u00ebs s\u00eb boksit gjerman Max Schmeling. \u201cUn\u00eb i kam premtuar di\u00e7ka atij, q\u00eb do ta sjell titullin e kampionit bot\u00ebror n\u00eb Gjermani\u201d, tha Krasniqi i cili n\u00eb boksin profesionist i ka zhvilluar 35 me\u00e7e: prej tyre 30 i ka fituar, 4 i ka humbur, kurse n\u00eb 1 ka barazuar.<br \/>\n<strong>Gazeta Express<\/strong><\/p>\n<!--YouTube Error: bad URL entered-->\n","protected":false},"excerpt":{"rendered":"<p>Gruaja e Luan Krasniqit e sugjeron at\u00eb q\u00eb t\u2019i thot\u00eb lamtumir\u00eb boksit. Por, boksieri kosovar \u00ebsht\u00eb i gatsh\u00ebm t\u00eb mos i d\u00ebgjoj\u00eb fjal\u00ebt e bashk\u00ebshortes, n\u00ebse promotori i tij Klaus-Peter Kohl i siguron nj\u00eb revansh me Dimitrenkon Luan Krasniqi nuk e ka nd\u00ebrmend t\u00eb dor\u00ebzohet. Edhe pse t\u00eb shtun\u00ebn e humbi \u2018shansin\u2019 e fundit kund\u00ebr [&hellip;]<\/p>\n","protected":false},"author":1,"featured_media":0,"comment_status":"open","ping_status":"closed","sticky":false,"template":"","format":"standard","meta":{"spay_email":"","jetpack_publicize_message":"","jetpack_is_tweetstorm":false,"jetpack_publicize_feature_enabled":true},"categories":[12],"tags":[5063],"jetpack_publicize_connections":[],"yoast_head":"<!-- This site is optimized with the Yoast SEO plugin v19.1 - https:\/\/yoast.com\/wordpress\/plugins\/seo\/ -->\n<title>Nuk e d\u00ebgjon gruan, vazhdon boksin - Lajme nga Ulqini<\/title>\n<meta name=\"description\" content=\"Gruaja e Luan Krasniqit e sugjeron at\u00eb q\u00eb t\u2019i thot\u00eb lamtumir\u00eb boksit. Por, boksieri kosovar \u00ebsht\u00eb i gatsh\u00ebm t\u00eb mos i d\u00ebgjoj\u00eb fjal\u00ebt e bashk\u00ebshortes, n\u00ebse\" \/>\n<meta name=\"robots\" content=\"index, follow, max-snippet:-1, max-image-preview:large, max-video-preview:-1\" \/>\n<link rel=\"canonical\" href=\"https:\/\/www.visit-ulcinj.com\/blog\/2008\/11\/19\/nuk-e-degjon-gruan-vazhdon-boksin\/\" \/>\n<meta property=\"og:locale\" content=\"en_US\" \/>\n<meta property=\"og:type\" content=\"article\" \/>\n<meta property=\"og:title\" content=\"Nuk e d\u00ebgjon gruan, vazhdon boksin - Lajme nga Ulqini\" \/>\n<meta property=\"og:description\" content=\"Gruaja e Luan Krasniqit e sugjeron at\u00eb q\u00eb t\u2019i thot\u00eb lamtumir\u00eb boksit. Por, boksieri kosovar \u00ebsht\u00eb i gatsh\u00ebm t\u00eb mos i d\u00ebgjoj\u00eb fjal\u00ebt e bashk\u00ebshortes, n\u00ebse\" \/>\n<meta property=\"og:url\" content=\"https:\/\/www.visit-ulcinj.com\/blog\/2008\/11\/19\/nuk-e-degjon-gruan-vazhdon-boksin\/\" \/>\n<meta property=\"og:site_name\" content=\"Lajme nga Ulqini\" \/>\n<meta property=\"article:published_time\" content=\"2008-11-19T18:13:23+00:00\" \/>\n<meta property=\"og:image\" content=\"http:\/\/www.visit-ulcinj.com\/blog\/wp-content\/uploads\/2008\/11\/luan_krasniqi-244x300.jpg\" \/>\n<meta name=\"twitter:label1\" content=\"Written by\" \/>\n\t<meta name=\"twitter:data1\" content=\"ulqini\" \/>\n\t<meta name=\"twitter:label2\" content=\"Est. reading time\" \/>\n\t<meta name=\"twitter:data2\" content=\"2 minutes\" \/>\n<script type=\"application\/ld+json\" class=\"yoast-schema-graph\">{\"@context\":\"https:\/\/schema.org\",\"@graph\":[{\"@type\":\"WebSite\",\"@id\":\"https:\/\/www.visit-ulcinj.com\/blog\/#website\",\"url\":\"https:\/\/www.visit-ulcinj.com\/blog\/\",\"name\":\"Lajme nga Ulqini\",\"description\":\"Lajme,Vijesti,Ulqini,Ulqin,Crna Gora,Mali i Zi\",\"potentialAction\":[{\"@type\":\"SearchAction\",\"target\":{\"@type\":\"EntryPoint\",\"urlTemplate\":\"https:\/\/www.visit-ulcinj.com\/blog\/?s={search_term_string}\"},\"query-input\":\"required name=search_term_string\"}],\"inLanguage\":\"en-US\"},{\"@type\":\"ImageObject\",\"inLanguage\":\"en-US\",\"@id\":\"https:\/\/www.visit-ulcinj.com\/blog\/2008\/11\/19\/nuk-e-degjon-gruan-vazhdon-boksin\/#primaryimage\",\"url\":\"http:\/\/www.visit-ulcinj.com\/blog\/wp-content\/uploads\/2008\/11\/luan_krasniqi-244x300.jpg\",\"contentUrl\":\"http:\/\/www.visit-ulcinj.com\/blog\/wp-content\/uploads\/2008\/11\/luan_krasniqi-244x300.jpg\"},{\"@type\":\"WebPage\",\"@id\":\"https:\/\/www.visit-ulcinj.com\/blog\/2008\/11\/19\/nuk-e-degjon-gruan-vazhdon-boksin\/#webpage\",\"url\":\"https:\/\/www.visit-ulcinj.com\/blog\/2008\/11\/19\/nuk-e-degjon-gruan-vazhdon-boksin\/\",\"name\":\"Nuk e d\u00ebgjon gruan, vazhdon boksin - Lajme nga Ulqini\",\"isPartOf\":{\"@id\":\"https:\/\/www.visit-ulcinj.com\/blog\/#website\"},\"primaryImageOfPage\":{\"@id\":\"https:\/\/www.visit-ulcinj.com\/blog\/2008\/11\/19\/nuk-e-degjon-gruan-vazhdon-boksin\/#primaryimage\"},\"datePublished\":\"2008-11-19T18:13:23+00:00\",\"dateModified\":\"2008-11-19T18:13:23+00:00\",\"author\":{\"@id\":\"https:\/\/www.visit-ulcinj.com\/blog\/#\/schema\/person\/dcab619c614d3038751c63bc2aadc06d\"},\"description\":\"Gruaja e Luan Krasniqit e sugjeron at\u00eb q\u00eb t\u2019i thot\u00eb lamtumir\u00eb boksit. Por, boksieri kosovar \u00ebsht\u00eb i gatsh\u00ebm t\u00eb mos i d\u00ebgjoj\u00eb fjal\u00ebt e bashk\u00ebshortes, n\u00ebse\",\"breadcrumb\":{\"@id\":\"https:\/\/www.visit-ulcinj.com\/blog\/2008\/11\/19\/nuk-e-degjon-gruan-vazhdon-boksin\/#breadcrumb\"},\"inLanguage\":\"en-US\",\"potentialAction\":[{\"@type\":\"ReadAction\",\"target\":[\"https:\/\/www.visit-ulcinj.com\/blog\/2008\/11\/19\/nuk-e-degjon-gruan-vazhdon-boksin\/\"]}]},{\"@type\":\"BreadcrumbList\",\"@id\":\"https:\/\/www.visit-ulcinj.com\/blog\/2008\/11\/19\/nuk-e-degjon-gruan-vazhdon-boksin\/#breadcrumb\",\"itemListElement\":[{\"@type\":\"ListItem\",\"position\":1,\"name\":\"Nuk e d\u00ebgjon gruan, vazhdon boksin\"}]},{\"@type\":\"Person\",\"@id\":\"https:\/\/www.visit-ulcinj.com\/blog\/#\/schema\/person\/dcab619c614d3038751c63bc2aadc06d\",\"name\":\"ulqini\",\"sameAs\":[\"http:\/\/www.visit-ulcinj.com\"],\"url\":\"https:\/\/www.visit-ulcinj.com\/blog\/author\/admin\/\"}]}<\/script>\n<!-- \/ Yoast SEO plugin. -->","yoast_head_json":{"title":"Nuk e d\u00ebgjon gruan, vazhdon boksin - Lajme nga Ulqini","description":"Gruaja e Luan Krasniqit e sugjeron at\u00eb q\u00eb t\u2019i thot\u00eb lamtumir\u00eb boksit. Por, boksieri kosovar \u00ebsht\u00eb i gatsh\u00ebm t\u00eb mos i d\u00ebgjoj\u00eb fjal\u00ebt e bashk\u00ebshortes, n\u00ebse","robots":{"index":"index","follow":"follow","max-snippet":"max-snippet:-1","max-image-preview":"max-image-preview:large","max-video-preview":"max-video-preview:-1"},"canonical":"https:\/\/www.visit-ulcinj.com\/blog\/2008\/11\/19\/nuk-e-degjon-gruan-vazhdon-boksin\/","og_locale":"en_US","og_type":"article","og_title":"Nuk e d\u00ebgjon gruan, vazhdon boksin - Lajme nga Ulqini","og_description":"Gruaja e Luan Krasniqit e sugjeron at\u00eb q\u00eb t\u2019i thot\u00eb lamtumir\u00eb boksit. Por, boksieri kosovar \u00ebsht\u00eb i gatsh\u00ebm t\u00eb mos i d\u00ebgjoj\u00eb fjal\u00ebt e bashk\u00ebshortes, n\u00ebse","og_url":"https:\/\/www.visit-ulcinj.com\/blog\/2008\/11\/19\/nuk-e-degjon-gruan-vazhdon-boksin\/","og_site_name":"Lajme nga Ulqini","article_published_time":"2008-11-19T18:13:23+00:00","og_image":[{"url":"http:\/\/www.visit-ulcinj.com\/blog\/wp-content\/uploads\/2008\/11\/luan_krasniqi-244x300.jpg"}],"twitter_misc":{"Written by":"ulqini","Est. reading time":"2 minutes"},"schema":{"@context":"https:\/\/schema.org","@graph":[{"@type":"WebSite","@id":"https:\/\/www.visit-ulcinj.com\/blog\/#website","url":"https:\/\/www.visit-ulcinj.com\/blog\/","name":"Lajme nga Ulqini","description":"Lajme,Vijesti,Ulqini,Ulqin,Crna Gora,Mali i Zi","potentialAction":[{"@type":"SearchAction","target":{"@type":"EntryPoint","urlTemplate":"https:\/\/www.visit-ulcinj.com\/blog\/?s={search_term_string}"},"query-input":"required name=search_term_string"}],"inLanguage":"en-US"},{"@type":"ImageObject","inLanguage":"en-US","@id":"https:\/\/www.visit-ulcinj.com\/blog\/2008\/11\/19\/nuk-e-degjon-gruan-vazhdon-boksin\/#primaryimage","url":"http:\/\/www.visit-ulcinj.com\/blog\/wp-content\/uploads\/2008\/11\/luan_krasniqi-244x300.jpg","contentUrl":"http:\/\/www.visit-ulcinj.com\/blog\/wp-content\/uploads\/2008\/11\/luan_krasniqi-244x300.jpg"},{"@type":"WebPage","@id":"https:\/\/www.visit-ulcinj.com\/blog\/2008\/11\/19\/nuk-e-degjon-gruan-vazhdon-boksin\/#webpage","url":"https:\/\/www.visit-ulcinj.com\/blog\/2008\/11\/19\/nuk-e-degjon-gruan-vazhdon-boksin\/","name":"Nuk e d\u00ebgjon gruan, vazhdon boksin - Lajme nga Ulqini","isPartOf":{"@id":"https:\/\/www.visit-ulcinj.com\/blog\/#website"},"primaryImageOfPage":{"@id":"https:\/\/www.visit-ulcinj.com\/blog\/2008\/11\/19\/nuk-e-degjon-gruan-vazhdon-boksin\/#primaryimage"},"datePublished":"2008-11-19T18:13:23+00:00","dateModified":"2008-11-19T18:13:23+00:00","author":{"@id":"https:\/\/www.visit-ulcinj.com\/blog\/#\/schema\/person\/dcab619c614d3038751c63bc2aadc06d"},"description":"Gruaja e Luan Krasniqit e sugjeron at\u00eb q\u00eb t\u2019i thot\u00eb lamtumir\u00eb boksit. Por, boksieri kosovar \u00ebsht\u00eb i gatsh\u00ebm t\u00eb mos i d\u00ebgjoj\u00eb fjal\u00ebt e bashk\u00ebshortes, n\u00ebse","breadcrumb":{"@id":"https:\/\/www.visit-ulcinj.com\/blog\/2008\/11\/19\/nuk-e-degjon-gruan-vazhdon-boksin\/#breadcrumb"},"inLanguage":"en-US","potentialAction":[{"@type":"ReadAction","target":["https:\/\/www.visit-ulcinj.com\/blog\/2008\/11\/19\/nuk-e-degjon-gruan-vazhdon-boksin\/"]}]},{"@type":"BreadcrumbList","@id":"https:\/\/www.visit-ulcinj.com\/blog\/2008\/11\/19\/nuk-e-degjon-gruan-vazhdon-boksin\/#breadcrumb","itemListElement":[{"@type":"ListItem","position":1,"name":"Nuk e d\u00ebgjon gruan, vazhdon boksin"}]},{"@type":"Person","@id":"https:\/\/www.visit-ulcinj.com\/blog\/#\/schema\/person\/dcab619c614d3038751c63bc2aadc06d","name":"ulqini","sameAs":["http:\/\/www.visit-ulcinj.com"],"url":"https:\/\/www.visit-ulcinj.com\/blog\/author\/admin\/"}]}},"jetpack_featured_media_url":"","jetpack_sharing_enabled":true,"jetpack_shortlink":"https:\/\/wp.me\/pe6lTn-1EN","_links":{"self":[{"href":"https:\/\/www.visit-ulcinj.com\/blog\/wp-json\/wp\/v2\/posts\/6373"}],"collection":[{"href":"https:\/\/www.visit-ulcinj.com\/blog\/wp-json\/wp\/v2\/posts"}],"about":[{"href":"https:\/\/www.visit-ulcinj.com\/blog\/wp-json\/wp\/v2\/types\/post"}],"author":[{"embeddable":true,"href":"https:\/\/www.visit-ulcinj.com\/blog\/wp-json\/wp\/v2\/users\/1"}],"replies":[{"embeddable":true,"href":"https:\/\/www.visit-ulcinj.com\/blog\/wp-json\/wp\/v2\/comments?post=6373"}],"version-history":[{"count":0,"href":"https:\/\/www.visit-ulcinj.com\/blog\/wp-json\/wp\/v2\/posts\/6373\/revisions"}],"wp:attachment":[{"href":"https:\/\/www.visit-ulcinj.com\/blog\/wp-json\/wp\/v2\/media?parent=6373"}],"wp:term":[{"taxonomy":"category","embeddable":true,"href":"https:\/\/www.visit-ulcinj.com\/blog\/wp-json\/wp\/v2\/categories?post=6373"},{"taxonomy":"post_tag","embeddable":true,"href":"https:\/\/www.visit-ulcinj.com\/blog\/wp-json\/wp\/v2\/tags?post=6373"}],"curies":[{"name":"wp","href":"https:\/\/api.w.org\/{rel}","templated":true}]}}