{"id":63734,"date":"2012-09-18T15:02:08","date_gmt":"2012-09-18T14:02:08","guid":{"rendered":"http:\/\/www.visit-ulcinj.com\/blog\/?p=63734"},"modified":"2012-09-18T15:02:08","modified_gmt":"2012-09-18T14:02:08","slug":"sinistaj-nastojacemo-da-predamo-listu-sjutra-do-12-sati","status":"publish","type":"post","link":"https:\/\/www.visit-ulcinj.com\/blog\/2012\/09\/18\/sinistaj-nastojacemo-da-predamo-listu-sjutra-do-12-sati\/","title":{"rendered":"Sini\u0161taj: Nastoja\u0107emo da predamo listu sjutra do 12 sati"},"content":{"rendered":"<p><a href=\"http:\/\/www.visit-ulcinj.com\/blog\/wp-content\/uploads\/2012\/09\/vaselj-sinistaj.jpg\"><img loading=\"lazy\" class=\"alignleft  wp-image-63735\" title=\"Vaselj Sinistaj\" src=\"http:\/\/www.visit-ulcinj.com\/blog\/wp-content\/uploads\/2012\/09\/vaselj-sinistaj.jpg\" alt=\"\" width=\"508\" height=\"360\" \/><\/a>Iako je ujedinjen\u00a0 nastup Albanaca\u00a0 14. oktobra malo vjerovatan \u0161ansa da se to desi ipak postoji. Albanske partije sklopile su vi\u0161e manjih koalicija ali jo\u0161 nijesu predale svoje izborne liste. Samo dan uo\u010di predaje Vaselj Sini\u0161taj iz Gra\u0111anske inicijative \u00a0vjeruje da jo\u0161 sjutra mo\u017ee do\u0107i do dogovora.<\/p>\n<p>Predstavnik Gra\u0111anske inicijative Vaselj Sini\u0161taj za Antenu M\u00a0ka\u017ee da \u00a0su Fatmir \u0110eka i Mehmed Barthi ju\u010de sklopili politi\u010dki sporazum:<\/p>\n<p>\u00abJa sam u saznanju da je Demokratska partija sa Demokratskim savezom Albanaca sklopila neki politi\u010dki sporazum sino\u0107\u00bb.<\/p>\n<p>Gra\u0111anska inicijativa Vaselja Sini\u0161taja me\u0111utim jo\u0161 od ranije ima politi\u010dki sporazum sa Forcom i \u00a0ve\u0107 je spremna da preda izbornu listu. I sjutra \u0107e biti spremna za dogovor ukoliko neke albanske partije odlu\u010de da im se priklone pa se zato ka\u017ee nada da ne\u0107e kao prethodnih godina \u010dekati \u00a0posljednji momenat:<\/p>\n<p>\u00abNego \u0107emo u toku sjutra\u0161njeg dana barem do 12h nastojati da mi predamo listu. A ako bude nesto na ivici tog mogu\u0107eg sporazuma za \u0161iru koaliciju, mo\u017eemo sa\u010dekati ipak sjutra do 24:00. Danas u Ulcinju svi poku\u0161avaju da posreduju i objedine maksimalno \u0161to se mo\u017ee objediniti.\u00bb<\/p>\n<p>Jo\u0161 ranije je predsjednik Demokratske unije Mehmet Zenka rekao da je u interesu Albanaca izlazak na izbore u jednoj koloni. Sini\u0161taj ka\u017ee da je \u00a0mogu\u0107 dogovor sa DUOM jer pokazuje spremnost za koaliciju ali postoji i jedna prepreka:<\/p>\n<p>\u00abProblemati\u010dan je redosljed na listi jer bi htjeli da budu prvi misle\u0107i da imaju vi\u0161e glasova nego \u0161to su nekad imali. Mislim da nijesu u pravu jer im je \u010detiri odborni\u010dka mandata uzeo Fatmir \u0110eka tako da nije ba\u0161 jasna situacija.\u00bb<\/p>\n<p>Sini\u0161taj ka\u017ee da je koalicija sa Forcom izvjesna te da se nada da \u0107e ta koalicija biti stub kome \u0107e se priklju\u010diti i ostale albanske partije.<\/p>\n<p><strong>Milica Mandi\u0107<\/strong><\/p>\n<p><strong>Radio Antena M<\/strong><\/p>\n","protected":false},"excerpt":{"rendered":"<p>Iako je ujedinjen\u00a0 nastup Albanaca\u00a0 14. oktobra malo vjerovatan \u0161ansa da se to desi ipak postoji. Albanske partije sklopile su vi\u0161e manjih koalicija ali jo\u0161 nijesu predale svoje izborne liste. Samo dan uo\u010di predaje Vaselj Sini\u0161taj iz Gra\u0111anske inicijative \u00a0vjeruje da jo\u0161 sjutra mo\u017ee do\u0107i do dogovora. Predstavnik Gra\u0111anske inicijative Vaselj Sini\u0161taj za Antenu M\u00a0ka\u017ee [&hellip;]<\/p>\n","protected":false},"author":1,"featured_media":0,"comment_status":"open","ping_status":"closed","sticky":false,"template":"","format":"standard","meta":{"spay_email":"","jetpack_publicize_message":"","jetpack_is_tweetstorm":false,"jetpack_publicize_feature_enabled":true},"categories":[8337],"tags":[2474],"jetpack_publicize_connections":[],"yoast_head":"<!-- This site is optimized with the Yoast SEO plugin v19.1 - https:\/\/yoast.com\/wordpress\/plugins\/seo\/ -->\n<title>Sini\u0161taj: Nastoja\u0107emo da predamo listu sjutra do 12 sati - Lajme nga Ulqini<\/title>\n<meta name=\"description\" content=\"Iako je ujedinjen\u00a0 nastup Albanaca\u00a0 14. oktobra malo vjerovatan \u0161ansa da se to desi ipak postoji. Albanske partije sklopile su vi\u0161e manjih koalicija ali\" \/>\n<meta name=\"robots\" content=\"index, follow, max-snippet:-1, max-image-preview:large, max-video-preview:-1\" \/>\n<link rel=\"canonical\" href=\"https:\/\/www.visit-ulcinj.com\/blog\/2012\/09\/18\/sinistaj-nastojacemo-da-predamo-listu-sjutra-do-12-sati\/\" \/>\n<meta property=\"og:locale\" content=\"en_US\" \/>\n<meta property=\"og:type\" content=\"article\" \/>\n<meta property=\"og:title\" content=\"Sini\u0161taj: Nastoja\u0107emo da predamo listu sjutra do 12 sati - Lajme nga Ulqini\" \/>\n<meta property=\"og:description\" content=\"Iako je ujedinjen\u00a0 nastup Albanaca\u00a0 14. oktobra malo vjerovatan \u0161ansa da se to desi ipak postoji. Albanske partije sklopile su vi\u0161e manjih koalicija ali\" \/>\n<meta property=\"og:url\" content=\"https:\/\/www.visit-ulcinj.com\/blog\/2012\/09\/18\/sinistaj-nastojacemo-da-predamo-listu-sjutra-do-12-sati\/\" \/>\n<meta property=\"og:site_name\" content=\"Lajme nga Ulqini\" \/>\n<meta property=\"article:published_time\" content=\"2012-09-18T14:02:08+00:00\" \/>\n<meta property=\"og:image\" content=\"http:\/\/www.visit-ulcinj.com\/blog\/wp-content\/uploads\/2012\/09\/vaselj-sinistaj.jpg\" \/>\n<meta name=\"twitter:label1\" content=\"Written by\" \/>\n\t<meta name=\"twitter:data1\" content=\"ulqini\" \/>\n\t<meta name=\"twitter:label2\" content=\"Est. reading time\" \/>\n\t<meta name=\"twitter:data2\" content=\"2 minutes\" \/>\n<script type=\"application\/ld+json\" class=\"yoast-schema-graph\">{\"@context\":\"https:\/\/schema.org\",\"@graph\":[{\"@type\":\"WebSite\",\"@id\":\"https:\/\/www.visit-ulcinj.com\/blog\/#website\",\"url\":\"https:\/\/www.visit-ulcinj.com\/blog\/\",\"name\":\"Lajme nga Ulqini\",\"description\":\"Lajme,Vijesti,Ulqini,Ulqin,Crna Gora,Mali i Zi\",\"potentialAction\":[{\"@type\":\"SearchAction\",\"target\":{\"@type\":\"EntryPoint\",\"urlTemplate\":\"https:\/\/www.visit-ulcinj.com\/blog\/?s={search_term_string}\"},\"query-input\":\"required name=search_term_string\"}],\"inLanguage\":\"en-US\"},{\"@type\":\"ImageObject\",\"inLanguage\":\"en-US\",\"@id\":\"https:\/\/www.visit-ulcinj.com\/blog\/2012\/09\/18\/sinistaj-nastojacemo-da-predamo-listu-sjutra-do-12-sati\/#primaryimage\",\"url\":\"https:\/\/www.visit-ulcinj.com\/blog\/wp-content\/uploads\/2012\/09\/vaselj-sinistaj.jpg\",\"contentUrl\":\"https:\/\/www.visit-ulcinj.com\/blog\/wp-content\/uploads\/2012\/09\/vaselj-sinistaj.jpg\",\"width\":\"610\",\"height\":\"482\"},{\"@type\":\"WebPage\",\"@id\":\"https:\/\/www.visit-ulcinj.com\/blog\/2012\/09\/18\/sinistaj-nastojacemo-da-predamo-listu-sjutra-do-12-sati\/#webpage\",\"url\":\"https:\/\/www.visit-ulcinj.com\/blog\/2012\/09\/18\/sinistaj-nastojacemo-da-predamo-listu-sjutra-do-12-sati\/\",\"name\":\"Sini\u0161taj: Nastoja\u0107emo da predamo listu sjutra do 12 sati - Lajme nga Ulqini\",\"isPartOf\":{\"@id\":\"https:\/\/www.visit-ulcinj.com\/blog\/#website\"},\"primaryImageOfPage\":{\"@id\":\"https:\/\/www.visit-ulcinj.com\/blog\/2012\/09\/18\/sinistaj-nastojacemo-da-predamo-listu-sjutra-do-12-sati\/#primaryimage\"},\"datePublished\":\"2012-09-18T14:02:08+00:00\",\"dateModified\":\"2012-09-18T14:02:08+00:00\",\"author\":{\"@id\":\"https:\/\/www.visit-ulcinj.com\/blog\/#\/schema\/person\/dcab619c614d3038751c63bc2aadc06d\"},\"description\":\"Iako je ujedinjen\u00a0 nastup Albanaca\u00a0 14. oktobra malo vjerovatan \u0161ansa da se to desi ipak postoji. Albanske partije sklopile su vi\u0161e manjih koalicija ali\",\"breadcrumb\":{\"@id\":\"https:\/\/www.visit-ulcinj.com\/blog\/2012\/09\/18\/sinistaj-nastojacemo-da-predamo-listu-sjutra-do-12-sati\/#breadcrumb\"},\"inLanguage\":\"en-US\",\"potentialAction\":[{\"@type\":\"ReadAction\",\"target\":[\"https:\/\/www.visit-ulcinj.com\/blog\/2012\/09\/18\/sinistaj-nastojacemo-da-predamo-listu-sjutra-do-12-sati\/\"]}]},{\"@type\":\"BreadcrumbList\",\"@id\":\"https:\/\/www.visit-ulcinj.com\/blog\/2012\/09\/18\/sinistaj-nastojacemo-da-predamo-listu-sjutra-do-12-sati\/#breadcrumb\",\"itemListElement\":[{\"@type\":\"ListItem\",\"position\":1,\"name\":\"Sini\u0161taj: Nastoja\u0107emo da predamo listu sjutra do 12 sati\"}]},{\"@type\":\"Person\",\"@id\":\"https:\/\/www.visit-ulcinj.com\/blog\/#\/schema\/person\/dcab619c614d3038751c63bc2aadc06d\",\"name\":\"ulqini\",\"sameAs\":[\"http:\/\/www.visit-ulcinj.com\"],\"url\":\"https:\/\/www.visit-ulcinj.com\/blog\/author\/admin\/\"}]}<\/script>\n<!-- \/ Yoast SEO plugin. -->","yoast_head_json":{"title":"Sini\u0161taj: Nastoja\u0107emo da predamo listu sjutra do 12 sati - Lajme nga Ulqini","description":"Iako je ujedinjen\u00a0 nastup Albanaca\u00a0 14. oktobra malo vjerovatan \u0161ansa da se to desi ipak postoji. Albanske partije sklopile su vi\u0161e manjih koalicija ali","robots":{"index":"index","follow":"follow","max-snippet":"max-snippet:-1","max-image-preview":"max-image-preview:large","max-video-preview":"max-video-preview:-1"},"canonical":"https:\/\/www.visit-ulcinj.com\/blog\/2012\/09\/18\/sinistaj-nastojacemo-da-predamo-listu-sjutra-do-12-sati\/","og_locale":"en_US","og_type":"article","og_title":"Sini\u0161taj: Nastoja\u0107emo da predamo listu sjutra do 12 sati - Lajme nga Ulqini","og_description":"Iako je ujedinjen\u00a0 nastup Albanaca\u00a0 14. oktobra malo vjerovatan \u0161ansa da se to desi ipak postoji. Albanske partije sklopile su vi\u0161e manjih koalicija ali","og_url":"https:\/\/www.visit-ulcinj.com\/blog\/2012\/09\/18\/sinistaj-nastojacemo-da-predamo-listu-sjutra-do-12-sati\/","og_site_name":"Lajme nga Ulqini","article_published_time":"2012-09-18T14:02:08+00:00","og_image":[{"url":"http:\/\/www.visit-ulcinj.com\/blog\/wp-content\/uploads\/2012\/09\/vaselj-sinistaj.jpg"}],"twitter_misc":{"Written by":"ulqini","Est. reading time":"2 minutes"},"schema":{"@context":"https:\/\/schema.org","@graph":[{"@type":"WebSite","@id":"https:\/\/www.visit-ulcinj.com\/blog\/#website","url":"https:\/\/www.visit-ulcinj.com\/blog\/","name":"Lajme nga Ulqini","description":"Lajme,Vijesti,Ulqini,Ulqin,Crna Gora,Mali i Zi","potentialAction":[{"@type":"SearchAction","target":{"@type":"EntryPoint","urlTemplate":"https:\/\/www.visit-ulcinj.com\/blog\/?s={search_term_string}"},"query-input":"required name=search_term_string"}],"inLanguage":"en-US"},{"@type":"ImageObject","inLanguage":"en-US","@id":"https:\/\/www.visit-ulcinj.com\/blog\/2012\/09\/18\/sinistaj-nastojacemo-da-predamo-listu-sjutra-do-12-sati\/#primaryimage","url":"https:\/\/www.visit-ulcinj.com\/blog\/wp-content\/uploads\/2012\/09\/vaselj-sinistaj.jpg","contentUrl":"https:\/\/www.visit-ulcinj.com\/blog\/wp-content\/uploads\/2012\/09\/vaselj-sinistaj.jpg","width":"610","height":"482"},{"@type":"WebPage","@id":"https:\/\/www.visit-ulcinj.com\/blog\/2012\/09\/18\/sinistaj-nastojacemo-da-predamo-listu-sjutra-do-12-sati\/#webpage","url":"https:\/\/www.visit-ulcinj.com\/blog\/2012\/09\/18\/sinistaj-nastojacemo-da-predamo-listu-sjutra-do-12-sati\/","name":"Sini\u0161taj: Nastoja\u0107emo da predamo listu sjutra do 12 sati - Lajme nga Ulqini","isPartOf":{"@id":"https:\/\/www.visit-ulcinj.com\/blog\/#website"},"primaryImageOfPage":{"@id":"https:\/\/www.visit-ulcinj.com\/blog\/2012\/09\/18\/sinistaj-nastojacemo-da-predamo-listu-sjutra-do-12-sati\/#primaryimage"},"datePublished":"2012-09-18T14:02:08+00:00","dateModified":"2012-09-18T14:02:08+00:00","author":{"@id":"https:\/\/www.visit-ulcinj.com\/blog\/#\/schema\/person\/dcab619c614d3038751c63bc2aadc06d"},"description":"Iako je ujedinjen\u00a0 nastup Albanaca\u00a0 14. oktobra malo vjerovatan \u0161ansa da se to desi ipak postoji. Albanske partije sklopile su vi\u0161e manjih koalicija ali","breadcrumb":{"@id":"https:\/\/www.visit-ulcinj.com\/blog\/2012\/09\/18\/sinistaj-nastojacemo-da-predamo-listu-sjutra-do-12-sati\/#breadcrumb"},"inLanguage":"en-US","potentialAction":[{"@type":"ReadAction","target":["https:\/\/www.visit-ulcinj.com\/blog\/2012\/09\/18\/sinistaj-nastojacemo-da-predamo-listu-sjutra-do-12-sati\/"]}]},{"@type":"BreadcrumbList","@id":"https:\/\/www.visit-ulcinj.com\/blog\/2012\/09\/18\/sinistaj-nastojacemo-da-predamo-listu-sjutra-do-12-sati\/#breadcrumb","itemListElement":[{"@type":"ListItem","position":1,"name":"Sini\u0161taj: Nastoja\u0107emo da predamo listu sjutra do 12 sati"}]},{"@type":"Person","@id":"https:\/\/www.visit-ulcinj.com\/blog\/#\/schema\/person\/dcab619c614d3038751c63bc2aadc06d","name":"ulqini","sameAs":["http:\/\/www.visit-ulcinj.com"],"url":"https:\/\/www.visit-ulcinj.com\/blog\/author\/admin\/"}]}},"jetpack_featured_media_url":"","jetpack_sharing_enabled":true,"jetpack_shortlink":"https:\/\/wp.me\/pe6lTn-gzY","_links":{"self":[{"href":"https:\/\/www.visit-ulcinj.com\/blog\/wp-json\/wp\/v2\/posts\/63734"}],"collection":[{"href":"https:\/\/www.visit-ulcinj.com\/blog\/wp-json\/wp\/v2\/posts"}],"about":[{"href":"https:\/\/www.visit-ulcinj.com\/blog\/wp-json\/wp\/v2\/types\/post"}],"author":[{"embeddable":true,"href":"https:\/\/www.visit-ulcinj.com\/blog\/wp-json\/wp\/v2\/users\/1"}],"replies":[{"embeddable":true,"href":"https:\/\/www.visit-ulcinj.com\/blog\/wp-json\/wp\/v2\/comments?post=63734"}],"version-history":[{"count":1,"href":"https:\/\/www.visit-ulcinj.com\/blog\/wp-json\/wp\/v2\/posts\/63734\/revisions"}],"predecessor-version":[{"id":63736,"href":"https:\/\/www.visit-ulcinj.com\/blog\/wp-json\/wp\/v2\/posts\/63734\/revisions\/63736"}],"wp:attachment":[{"href":"https:\/\/www.visit-ulcinj.com\/blog\/wp-json\/wp\/v2\/media?parent=63734"}],"wp:term":[{"taxonomy":"category","embeddable":true,"href":"https:\/\/www.visit-ulcinj.com\/blog\/wp-json\/wp\/v2\/categories?post=63734"},{"taxonomy":"post_tag","embeddable":true,"href":"https:\/\/www.visit-ulcinj.com\/blog\/wp-json\/wp\/v2\/tags?post=63734"}],"curies":[{"name":"wp","href":"https:\/\/api.w.org\/{rel}","templated":true}]}}