{"id":63737,"date":"2012-09-18T19:39:14","date_gmt":"2012-09-18T18:39:14","guid":{"rendered":"http:\/\/www.visit-ulcinj.com\/blog\/?p=63737"},"modified":"2012-09-23T12:19:33","modified_gmt":"2012-09-23T11:19:33","slug":"shqiptaret-ne-malin-e-zi-deri-diku-te-bashkuar","status":"publish","type":"post","link":"https:\/\/www.visit-ulcinj.com\/blog\/2012\/09\/18\/shqiptaret-ne-malin-e-zi-deri-diku-te-bashkuar\/","title":{"rendered":"Shqiptar\u00ebt n\u00eb Malin e Zi deri diku t\u00eb bashkuar"},"content":{"rendered":"<p><a href=\"http:\/\/www.visit-ulcinj.com\/blog\/wp-content\/uploads\/2012\/09\/logo_partit-shqiptare-ne-mal-te-zi.jpg\"><img loading=\"lazy\" class=\"alignleft  wp-image-63738\" title=\"logo_partit-shqiptare-ne-mal-te-zi\" src=\"http:\/\/www.visit-ulcinj.com\/blog\/wp-content\/uploads\/2012\/09\/logo_partit-shqiptare-ne-mal-te-zi.jpg\" alt=\"\" width=\"508\" height=\"400\" \/><\/a>Dje n\u00eb Mal t\u00eb Zi \u00ebsht\u00eb n\u00ebnshkruar edhe koalicioni i dyt\u00eb p\u00ebr daljen n\u00eb zgjedhjet e ardhshme parlamentare t\u00eb k\u00ebtij vendi, q\u00eb do t\u00eb mbahen m\u00eb 14 tetor, 2012. K\u00ebsaj radhe koalicioni \u00ebsht\u00eb i p\u00ebrb\u00ebr\u00eb nga Lidhja Demokratike n\u00eb Mal t\u00eb Zi (LDn\u00ebMZ) dhe koalicioni m\u00eb i vog\u00ebl i formuar m\u00eb heret e i p\u00ebrb\u00ebr\u00eb nga Partia Demokratike (PD) dhe Alternativa Shqiptare (ASh). Koalicioni LDn\u00ebMZ-PD-ASh do t\u00eb udh\u00ebhiqet nga p\u00ebrfaq\u00ebsuesi i Partis\u00eb Demokratike, nj\u00ebherit edhe kryetari i saj, Fatmir Gjeka, kurse i dyti n\u00eb list\u00eb do t\u00eb jet\u00eb p\u00ebrfaq\u00ebsuesi i Lidhjes Demokratike Mehmet Bardhi.<\/p>\n<p>Sipas marr\u00ebveshjes p\u00ebr koalicion parazgjedhor, Gjeka do t\u00eb jet\u00eb p\u00ebrfaq\u00ebsues i k\u00ebtij koalicioni n\u00eb Kuvendin e Malit t\u00eb Zi p\u00ebr dy vitet e para, kurse Bardhi do t\u00eb z\u00ebv\u00ebnd\u00ebsoj\u00eb at\u00eb n\u00eb dy vitet tjera t\u00eb mandatit i cili duhet t\u00eb zgjas\u00eb gjithsejt kat\u00ebr vite. Por e gjith\u00eb kjo do t\u00eb realizohet n\u00ebse koalicioni arrin\u00eb t\u00eb siguroj\u00eb numrin e mjaftuesh\u00ebm t\u00eb votave p\u00ebr nj\u00eb p\u00ebrfaq\u00ebsues.<\/p>\n<p>K\u00ebshtu politikan\u00ebt shqiptar\u00eb n\u00eb Malin e Zi duket se do t\u00eb dalin n\u00eb zgjedhje disi t\u00eb bashkuar. P\u00ebrve\u00e7 koalicionit t\u00eb lartp\u00ebrmendur, zgjedh\u00ebsit shqiptar\u00eb do t\u00eb ken\u00eb edhe dy mund\u00ebsi tjera, ku nj\u00ebra \u00ebsht\u00eb Forca e Re Demokratike e cila del n\u00eb zgjedhje n\u00eb koalicion me Iniciativ\u00ebn Qytetare, kurse tjetra \u00ebsht\u00eb Unioni Demokratik i Shqiptar\u00ebve i cili duket se do dal\u00eb n\u00eb zgjedhje n\u00eb koalicion me at\u00eb \u00e7ka ka mbetur nga Partia e Prosperitetit Demokratik. Gjithsesi, n\u00eb rastin m\u00eb t\u00eb keq, e q\u00eb e kemi par\u00eb t\u00eb ndodh\u00eb, votuesit shqiptar\u00eb mund t\u00eb p\u00ebrcaktohen edhe p\u00ebr ndonj\u00ebr\u00ebn nga partit\u00eb sllave (serbe, malazez, kroate, boshnjake).<\/p>\n<p>Tre koalicionet shpresojn\u00eb p\u00ebr m\u00eb t\u00eb mir\u00ebn, e ajo \u00ebsht\u00eb marrja e nga nj\u00eb vendi n\u00eb Kuvendin e Malit t\u00eb Zi p\u00ebr t\u00eb p\u00ebrfaq\u00ebsuar shqiptar\u00ebt n\u00eb kat\u00ebr vitet e ardhshme. E k\u00ebto kat\u00ebr vite mund t\u00eb jen\u00eb shum\u00eb fryt\u00ebdh\u00ebn\u00ebse n\u00ebse ata dijn\u00eb t&#8217;i shfryt\u00ebzojn\u00eb pasi q\u00eb jan\u00eb vitet kur Mali i Zi do t\u00eb bisedoj\u00eb rreth an\u00ebtar\u00ebsimit t\u00eb vet n\u00eb Bashkimin Evropian dhe NATO. Shpresojm\u00eb q\u00eb mos ta l\u00ebshojm\u00eb k\u00ebt\u00eb rast p\u00ebr t\u00eb arritur deri tek p\u00ebrmir\u00ebsimi i situat\u00ebs s\u00eb shqiptar\u00ebve n\u00eb Malin e Zi si\u00e7 kemi b\u00ebr\u00eb kur ndihmuam krijimin e shtetit Malazez pa kushte.<\/p>\n<p>Rikujtojm\u00eb se me ndryshimin e ligjit zgjedhor i cili m\u00eb nuk num\u00ebron zonat e banuara me shqiptar\u00eb si zona t\u00eb ve\u00e7anta zgjedhore por e sheh Malin e Zi si nj\u00eb zon\u00eb t\u00eb vetme, partit\u00eb shqiptare duhet t\u00eb kalojn\u00eb pragun e 0.7% si edhe gjith\u00eb t\u00eb tjerat p\u00ebr t\u00eb z\u00ebn\u00eb nj\u00eb v\u00ebnd n\u00eb Kuvend. N\u00ebse n\u00eb zgjedhjet e kaluara jan\u00eb nevojitur rreth 2685 vota p\u00ebr marrjen e nj\u00eb mandati, tani nevojiten nga 3500-4000.<\/p>\n<p><strong>Faqja e Facebook: Shqiptar\u00ebt n\u00eb Malin e Zi &#8211; Albanians in Montenegro<\/strong><\/p>\n","protected":false},"excerpt":{"rendered":"<p>Dje n\u00eb Mal t\u00eb Zi \u00ebsht\u00eb n\u00ebnshkruar edhe koalicioni i dyt\u00eb p\u00ebr daljen n\u00eb zgjedhjet e ardhshme parlamentare t\u00eb k\u00ebtij vendi, q\u00eb do t\u00eb mbahen m\u00eb 14 tetor, 2012. K\u00ebsaj radhe koalicioni \u00ebsht\u00eb i p\u00ebrb\u00ebr\u00eb nga Lidhja Demokratike n\u00eb Mal t\u00eb Zi (LDn\u00ebMZ) dhe koalicioni m\u00eb i vog\u00ebl i formuar m\u00eb heret e i p\u00ebrb\u00ebr\u00eb [&hellip;]<\/p>\n","protected":false},"author":1,"featured_media":0,"comment_status":"open","ping_status":"closed","sticky":false,"template":"","format":"standard","meta":{"spay_email":"","jetpack_publicize_message":"","jetpack_is_tweetstorm":false,"jetpack_publicize_feature_enabled":true},"categories":[14249,12],"tags":[20988,95,200],"jetpack_publicize_connections":[],"yoast_head":"<!-- This site is optimized with the Yoast SEO plugin v19.1 - https:\/\/yoast.com\/wordpress\/plugins\/seo\/ -->\n<title>Shqiptar\u00ebt n\u00eb Malin e Zi deri diku t\u00eb bashkuar - Lajme nga Ulqini<\/title>\n<meta name=\"description\" content=\"Dje n\u00eb Mal t\u00eb Zi \u00ebsht\u00eb n\u00ebnshkruar edhe koalicioni i dyt\u00eb p\u00ebr daljen n\u00eb zgjedhjet e ardhshme parlamentare t\u00eb k\u00ebtij vendi, q\u00eb do t\u00eb mbahen m\u00eb 14 tetor,\" \/>\n<meta name=\"robots\" content=\"index, follow, max-snippet:-1, max-image-preview:large, max-video-preview:-1\" \/>\n<link rel=\"canonical\" href=\"https:\/\/www.visit-ulcinj.com\/blog\/2012\/09\/18\/shqiptaret-ne-malin-e-zi-deri-diku-te-bashkuar\/\" \/>\n<meta property=\"og:locale\" content=\"en_US\" \/>\n<meta property=\"og:type\" content=\"article\" \/>\n<meta property=\"og:title\" content=\"Shqiptar\u00ebt n\u00eb Malin e Zi deri diku t\u00eb bashkuar - Lajme nga Ulqini\" \/>\n<meta property=\"og:description\" content=\"Dje n\u00eb Mal t\u00eb Zi \u00ebsht\u00eb n\u00ebnshkruar edhe koalicioni i dyt\u00eb p\u00ebr daljen n\u00eb zgjedhjet e ardhshme parlamentare t\u00eb k\u00ebtij vendi, q\u00eb do t\u00eb mbahen m\u00eb 14 tetor,\" \/>\n<meta property=\"og:url\" content=\"https:\/\/www.visit-ulcinj.com\/blog\/2012\/09\/18\/shqiptaret-ne-malin-e-zi-deri-diku-te-bashkuar\/\" \/>\n<meta property=\"og:site_name\" content=\"Lajme nga Ulqini\" \/>\n<meta property=\"article:published_time\" content=\"2012-09-18T18:39:14+00:00\" \/>\n<meta property=\"article:modified_time\" content=\"2012-09-23T11:19:33+00:00\" \/>\n<meta property=\"og:image\" content=\"http:\/\/www.visit-ulcinj.com\/blog\/wp-content\/uploads\/2012\/09\/logo_partit-shqiptare-ne-mal-te-zi.jpg\" \/>\n<meta name=\"twitter:label1\" content=\"Written by\" \/>\n\t<meta name=\"twitter:data1\" content=\"ulqini\" \/>\n\t<meta name=\"twitter:label2\" content=\"Est. reading time\" \/>\n\t<meta name=\"twitter:data2\" content=\"3 minutes\" \/>\n<script type=\"application\/ld+json\" class=\"yoast-schema-graph\">{\"@context\":\"https:\/\/schema.org\",\"@graph\":[{\"@type\":\"WebSite\",\"@id\":\"https:\/\/www.visit-ulcinj.com\/blog\/#website\",\"url\":\"https:\/\/www.visit-ulcinj.com\/blog\/\",\"name\":\"Lajme nga Ulqini\",\"description\":\"Lajme,Vijesti,Ulqini,Ulqin,Crna Gora,Mali i Zi\",\"potentialAction\":[{\"@type\":\"SearchAction\",\"target\":{\"@type\":\"EntryPoint\",\"urlTemplate\":\"https:\/\/www.visit-ulcinj.com\/blog\/?s={search_term_string}\"},\"query-input\":\"required name=search_term_string\"}],\"inLanguage\":\"en-US\"},{\"@type\":\"ImageObject\",\"inLanguage\":\"en-US\",\"@id\":\"https:\/\/www.visit-ulcinj.com\/blog\/2012\/09\/18\/shqiptaret-ne-malin-e-zi-deri-diku-te-bashkuar\/#primaryimage\",\"url\":\"https:\/\/www.visit-ulcinj.com\/blog\/wp-content\/uploads\/2012\/09\/logo_partit-shqiptare-ne-mal-te-zi.jpg\",\"contentUrl\":\"https:\/\/www.visit-ulcinj.com\/blog\/wp-content\/uploads\/2012\/09\/logo_partit-shqiptare-ne-mal-te-zi.jpg\",\"width\":\"427\",\"height\":\"412\"},{\"@type\":\"WebPage\",\"@id\":\"https:\/\/www.visit-ulcinj.com\/blog\/2012\/09\/18\/shqiptaret-ne-malin-e-zi-deri-diku-te-bashkuar\/#webpage\",\"url\":\"https:\/\/www.visit-ulcinj.com\/blog\/2012\/09\/18\/shqiptaret-ne-malin-e-zi-deri-diku-te-bashkuar\/\",\"name\":\"Shqiptar\u00ebt n\u00eb Malin e Zi deri diku t\u00eb bashkuar - Lajme nga Ulqini\",\"isPartOf\":{\"@id\":\"https:\/\/www.visit-ulcinj.com\/blog\/#website\"},\"primaryImageOfPage\":{\"@id\":\"https:\/\/www.visit-ulcinj.com\/blog\/2012\/09\/18\/shqiptaret-ne-malin-e-zi-deri-diku-te-bashkuar\/#primaryimage\"},\"datePublished\":\"2012-09-18T18:39:14+00:00\",\"dateModified\":\"2012-09-23T11:19:33+00:00\",\"author\":{\"@id\":\"https:\/\/www.visit-ulcinj.com\/blog\/#\/schema\/person\/dcab619c614d3038751c63bc2aadc06d\"},\"description\":\"Dje n\u00eb Mal t\u00eb Zi \u00ebsht\u00eb n\u00ebnshkruar edhe koalicioni i dyt\u00eb p\u00ebr daljen n\u00eb zgjedhjet e ardhshme parlamentare t\u00eb k\u00ebtij vendi, q\u00eb do t\u00eb mbahen m\u00eb 14 tetor,\",\"breadcrumb\":{\"@id\":\"https:\/\/www.visit-ulcinj.com\/blog\/2012\/09\/18\/shqiptaret-ne-malin-e-zi-deri-diku-te-bashkuar\/#breadcrumb\"},\"inLanguage\":\"en-US\",\"potentialAction\":[{\"@type\":\"ReadAction\",\"target\":[\"https:\/\/www.visit-ulcinj.com\/blog\/2012\/09\/18\/shqiptaret-ne-malin-e-zi-deri-diku-te-bashkuar\/\"]}]},{\"@type\":\"BreadcrumbList\",\"@id\":\"https:\/\/www.visit-ulcinj.com\/blog\/2012\/09\/18\/shqiptaret-ne-malin-e-zi-deri-diku-te-bashkuar\/#breadcrumb\",\"itemListElement\":[{\"@type\":\"ListItem\",\"position\":1,\"name\":\"Shqiptar\u00ebt n\u00eb Malin e Zi deri diku t\u00eb bashkuar\"}]},{\"@type\":\"Person\",\"@id\":\"https:\/\/www.visit-ulcinj.com\/blog\/#\/schema\/person\/dcab619c614d3038751c63bc2aadc06d\",\"name\":\"ulqini\",\"sameAs\":[\"http:\/\/www.visit-ulcinj.com\"],\"url\":\"https:\/\/www.visit-ulcinj.com\/blog\/author\/admin\/\"}]}<\/script>\n<!-- \/ Yoast SEO plugin. -->","yoast_head_json":{"title":"Shqiptar\u00ebt n\u00eb Malin e Zi deri diku t\u00eb bashkuar - Lajme nga Ulqini","description":"Dje n\u00eb Mal t\u00eb Zi \u00ebsht\u00eb n\u00ebnshkruar edhe koalicioni i dyt\u00eb p\u00ebr daljen n\u00eb zgjedhjet e ardhshme parlamentare t\u00eb k\u00ebtij vendi, q\u00eb do t\u00eb mbahen m\u00eb 14 tetor,","robots":{"index":"index","follow":"follow","max-snippet":"max-snippet:-1","max-image-preview":"max-image-preview:large","max-video-preview":"max-video-preview:-1"},"canonical":"https:\/\/www.visit-ulcinj.com\/blog\/2012\/09\/18\/shqiptaret-ne-malin-e-zi-deri-diku-te-bashkuar\/","og_locale":"en_US","og_type":"article","og_title":"Shqiptar\u00ebt n\u00eb Malin e Zi deri diku t\u00eb bashkuar - Lajme nga Ulqini","og_description":"Dje n\u00eb Mal t\u00eb Zi \u00ebsht\u00eb n\u00ebnshkruar edhe koalicioni i dyt\u00eb p\u00ebr daljen n\u00eb zgjedhjet e ardhshme parlamentare t\u00eb k\u00ebtij vendi, q\u00eb do t\u00eb mbahen m\u00eb 14 tetor,","og_url":"https:\/\/www.visit-ulcinj.com\/blog\/2012\/09\/18\/shqiptaret-ne-malin-e-zi-deri-diku-te-bashkuar\/","og_site_name":"Lajme nga Ulqini","article_published_time":"2012-09-18T18:39:14+00:00","article_modified_time":"2012-09-23T11:19:33+00:00","og_image":[{"url":"http:\/\/www.visit-ulcinj.com\/blog\/wp-content\/uploads\/2012\/09\/logo_partit-shqiptare-ne-mal-te-zi.jpg"}],"twitter_misc":{"Written by":"ulqini","Est. reading time":"3 minutes"},"schema":{"@context":"https:\/\/schema.org","@graph":[{"@type":"WebSite","@id":"https:\/\/www.visit-ulcinj.com\/blog\/#website","url":"https:\/\/www.visit-ulcinj.com\/blog\/","name":"Lajme nga Ulqini","description":"Lajme,Vijesti,Ulqini,Ulqin,Crna Gora,Mali i Zi","potentialAction":[{"@type":"SearchAction","target":{"@type":"EntryPoint","urlTemplate":"https:\/\/www.visit-ulcinj.com\/blog\/?s={search_term_string}"},"query-input":"required name=search_term_string"}],"inLanguage":"en-US"},{"@type":"ImageObject","inLanguage":"en-US","@id":"https:\/\/www.visit-ulcinj.com\/blog\/2012\/09\/18\/shqiptaret-ne-malin-e-zi-deri-diku-te-bashkuar\/#primaryimage","url":"https:\/\/www.visit-ulcinj.com\/blog\/wp-content\/uploads\/2012\/09\/logo_partit-shqiptare-ne-mal-te-zi.jpg","contentUrl":"https:\/\/www.visit-ulcinj.com\/blog\/wp-content\/uploads\/2012\/09\/logo_partit-shqiptare-ne-mal-te-zi.jpg","width":"427","height":"412"},{"@type":"WebPage","@id":"https:\/\/www.visit-ulcinj.com\/blog\/2012\/09\/18\/shqiptaret-ne-malin-e-zi-deri-diku-te-bashkuar\/#webpage","url":"https:\/\/www.visit-ulcinj.com\/blog\/2012\/09\/18\/shqiptaret-ne-malin-e-zi-deri-diku-te-bashkuar\/","name":"Shqiptar\u00ebt n\u00eb Malin e Zi deri diku t\u00eb bashkuar - Lajme nga Ulqini","isPartOf":{"@id":"https:\/\/www.visit-ulcinj.com\/blog\/#website"},"primaryImageOfPage":{"@id":"https:\/\/www.visit-ulcinj.com\/blog\/2012\/09\/18\/shqiptaret-ne-malin-e-zi-deri-diku-te-bashkuar\/#primaryimage"},"datePublished":"2012-09-18T18:39:14+00:00","dateModified":"2012-09-23T11:19:33+00:00","author":{"@id":"https:\/\/www.visit-ulcinj.com\/blog\/#\/schema\/person\/dcab619c614d3038751c63bc2aadc06d"},"description":"Dje n\u00eb Mal t\u00eb Zi \u00ebsht\u00eb n\u00ebnshkruar edhe koalicioni i dyt\u00eb p\u00ebr daljen n\u00eb zgjedhjet e ardhshme parlamentare t\u00eb k\u00ebtij vendi, q\u00eb do t\u00eb mbahen m\u00eb 14 tetor,","breadcrumb":{"@id":"https:\/\/www.visit-ulcinj.com\/blog\/2012\/09\/18\/shqiptaret-ne-malin-e-zi-deri-diku-te-bashkuar\/#breadcrumb"},"inLanguage":"en-US","potentialAction":[{"@type":"ReadAction","target":["https:\/\/www.visit-ulcinj.com\/blog\/2012\/09\/18\/shqiptaret-ne-malin-e-zi-deri-diku-te-bashkuar\/"]}]},{"@type":"BreadcrumbList","@id":"https:\/\/www.visit-ulcinj.com\/blog\/2012\/09\/18\/shqiptaret-ne-malin-e-zi-deri-diku-te-bashkuar\/#breadcrumb","itemListElement":[{"@type":"ListItem","position":1,"name":"Shqiptar\u00ebt n\u00eb Malin e Zi deri diku t\u00eb bashkuar"}]},{"@type":"Person","@id":"https:\/\/www.visit-ulcinj.com\/blog\/#\/schema\/person\/dcab619c614d3038751c63bc2aadc06d","name":"ulqini","sameAs":["http:\/\/www.visit-ulcinj.com"],"url":"https:\/\/www.visit-ulcinj.com\/blog\/author\/admin\/"}]}},"jetpack_featured_media_url":"","jetpack_sharing_enabled":true,"jetpack_shortlink":"https:\/\/wp.me\/pe6lTn-gA1","_links":{"self":[{"href":"https:\/\/www.visit-ulcinj.com\/blog\/wp-json\/wp\/v2\/posts\/63737"}],"collection":[{"href":"https:\/\/www.visit-ulcinj.com\/blog\/wp-json\/wp\/v2\/posts"}],"about":[{"href":"https:\/\/www.visit-ulcinj.com\/blog\/wp-json\/wp\/v2\/types\/post"}],"author":[{"embeddable":true,"href":"https:\/\/www.visit-ulcinj.com\/blog\/wp-json\/wp\/v2\/users\/1"}],"replies":[{"embeddable":true,"href":"https:\/\/www.visit-ulcinj.com\/blog\/wp-json\/wp\/v2\/comments?post=63737"}],"version-history":[{"count":2,"href":"https:\/\/www.visit-ulcinj.com\/blog\/wp-json\/wp\/v2\/posts\/63737\/revisions"}],"predecessor-version":[{"id":63884,"href":"https:\/\/www.visit-ulcinj.com\/blog\/wp-json\/wp\/v2\/posts\/63737\/revisions\/63884"}],"wp:attachment":[{"href":"https:\/\/www.visit-ulcinj.com\/blog\/wp-json\/wp\/v2\/media?parent=63737"}],"wp:term":[{"taxonomy":"category","embeddable":true,"href":"https:\/\/www.visit-ulcinj.com\/blog\/wp-json\/wp\/v2\/categories?post=63737"},{"taxonomy":"post_tag","embeddable":true,"href":"https:\/\/www.visit-ulcinj.com\/blog\/wp-json\/wp\/v2\/tags?post=63737"}],"curies":[{"name":"wp","href":"https:\/\/api.w.org\/{rel}","templated":true}]}}