{"id":63740,"date":"2012-09-18T21:09:43","date_gmt":"2012-09-18T20:09:43","guid":{"rendered":"http:\/\/www.visit-ulcinj.com\/blog\/?p=63740"},"modified":"2012-09-18T21:10:13","modified_gmt":"2012-09-18T20:10:13","slug":"sinishtaj-neser-dorezohen-listat-per-zgjedhjet-e-tetorit","status":"publish","type":"post","link":"https:\/\/www.visit-ulcinj.com\/blog\/2012\/09\/18\/sinishtaj-neser-dorezohen-listat-per-zgjedhjet-e-tetorit\/","title":{"rendered":"Sinishtaj: Nes\u00ebr dor\u00ebzohen listat p\u00ebr zgjedhjet e tetorit"},"content":{"rendered":"<p><strong><a href=\"http:\/\/www.visit-ulcinj.com\/blog\/wp-content\/uploads\/2012\/09\/Vasel-Sinishtaj.jpg\"><img loading=\"lazy\" class=\"alignleft size-medium wp-image-63741\" title=\"Vasel-Sinishtaj\" src=\"http:\/\/www.visit-ulcinj.com\/blog\/wp-content\/uploads\/2012\/09\/Vasel-Sinishtaj-300x225.jpg\" alt=\"\" width=\"300\" height=\"225\" srcset=\"https:\/\/www.visit-ulcinj.com\/blog\/wp-content\/uploads\/2012\/09\/Vasel-Sinishtaj-300x225.jpg 300w, https:\/\/www.visit-ulcinj.com\/blog\/wp-content\/uploads\/2012\/09\/Vasel-Sinishtaj.jpg 800w\" sizes=\"(max-width: 300px) 100vw, 300px\" \/><\/a>Partit\u00eb shqiptare kan\u00eb formuar disa koalicione t\u00eb vogla, por nuk kan\u00eb dor\u00ebzuar ende listat e tyre t\u00eb kandidat\u00ebve. Nj\u00eb dit\u00eb para dor\u00ebzimit Vaselj Sinishtaj nga Iniciativa Qytetare beson se nes\u00ebr mund t\u00eb arrihet ndonj\u00eb marr\u00ebveshje e re.\u00a0<\/strong><\/p>\n<p>Sinishtaj p\u00ebr Antena M tha se \u00ebsht\u00eb n\u00eb dijeni se Partia Demokratike e Fatmir Gjek\u00ebs dhe Lidhja Demokratike e Mehmet Bardhit mbr\u00ebm\u00eb n\u00ebnshkruan nj\u00eb marr\u00ebveshje politike.<\/p>\n<p>Tashm\u00eb Iniciativa Qytetare e Vasel Sinishtaj ka formuar koalicionin me Forc\u00ebn dhe jan\u00eb t\u00eb gatsh\u00ebm t\u00eb dor\u00ebzojn\u00eb list\u00ebn zgjedhore, njofton Antena M.<\/p>\n<p>\u201cNe do t\u00eb p\u00ebrpiqemi q\u00eb nes\u00ebr t\u00eb dor\u00ebzojm\u00eb list\u00ebn deri n\u00eb ora 12. Por, n\u00ebse v\u00ebrejm\u00eb ndonj\u00eb l\u00ebvizje n\u00eb prag t\u00eb nj\u00eb marr\u00ebveshjeje t\u00eb mundshme p\u00ebr nj\u00eb koalicion m\u00eb t\u00eb gjer\u00eb, megjithat\u00eb, ne mund t\u00eb presim deri nes\u00ebr n\u00eb ora 24:00. T\u00eb gjitha subjektet sot n\u00eb Ulqin jan\u00eb duke u p\u00ebrpjekur t\u00eb nd\u00ebrmjet\u00ebsojn\u00eb dhe bashkojn\u00eb sa m\u00eb shum\u00eb q\u00eb mund t\u00eb bashkohet,\u201d tha Sinishtaj .<\/p>\n<p>Interesi i shqiptar\u00ebve, sipas kryetarit t\u00eb UDSH-s\u00eb Mehmet Zenka \u00ebsht\u00eb dalja e shqiptar\u00ebve n\u00eb zgjedhje n\u00eb nj\u00eb kolon\u00eb t\u00eb vetme.<\/p>\n<p>Sinishtaj tha se ekziston mund\u00ebsia e marr\u00ebveshjes me UDSH-n\u00eb e cila ka treguar gatishm\u00ebri por ekziston nj\u00eb penges\u00eb.<\/p>\n<p>\u201cRenditja n\u00eb list\u00eb \u00ebsht\u00eb problematike, pasi UDSH pretendon t\u00eb jen\u00eb e para n\u00eb list\u00eb, duke menduar se kan\u00eb m\u00eb shum\u00eb vota sesa kishin n\u00eb t\u00eb kaluar\u00ebn. Mendoj se n\u00eb k\u00ebt\u00eb jan\u00eb gabim\u201d, tha Sinishtaj dhe shtoi se koalicioni Forca-Iniciativa Qytetare \u00ebsht\u00eb nj\u00eb koalicion shtyll\u00eb dhe shpreson se k\u00ebtij koalicioni do t\u00eb ju bashk\u00ebngjiten edhe partit\u00eb tjera shqiptare. \/Malesia.Org\/<\/p>\n","protected":false},"excerpt":{"rendered":"<p>Partit\u00eb shqiptare kan\u00eb formuar disa koalicione t\u00eb vogla, por nuk kan\u00eb dor\u00ebzuar ende listat e tyre t\u00eb kandidat\u00ebve. Nj\u00eb dit\u00eb para dor\u00ebzimit Vaselj Sinishtaj nga Iniciativa Qytetare beson se nes\u00ebr mund t\u00eb arrihet ndonj\u00eb marr\u00ebveshje e re.\u00a0 Sinishtaj p\u00ebr Antena M tha se \u00ebsht\u00eb n\u00eb dijeni se Partia Demokratike e Fatmir Gjek\u00ebs dhe Lidhja Demokratike [&hellip;]<\/p>\n","protected":false},"author":1,"featured_media":0,"comment_status":"open","ping_status":"closed","sticky":false,"template":"","format":"standard","meta":{"spay_email":"","jetpack_publicize_message":"","jetpack_is_tweetstorm":false,"jetpack_publicize_feature_enabled":true},"categories":[6],"tags":[200,2226],"jetpack_publicize_connections":[],"yoast_head":"<!-- This site is optimized with the Yoast SEO plugin v19.1 - https:\/\/yoast.com\/wordpress\/plugins\/seo\/ -->\n<title>Sinishtaj: Nes\u00ebr dor\u00ebzohen listat p\u00ebr zgjedhjet e tetorit - Lajme nga Ulqini<\/title>\n<meta name=\"description\" content=\"Partit\u00eb shqiptare kan\u00eb formuar disa koalicione t\u00eb vogla, por nuk kan\u00eb dor\u00ebzuar ende listat e tyre t\u00eb kandidat\u00ebve. Nj\u00eb dit\u00eb para dor\u00ebzimit Vaselj Sinishtaj\" \/>\n<meta name=\"robots\" content=\"index, follow, max-snippet:-1, max-image-preview:large, max-video-preview:-1\" \/>\n<link rel=\"canonical\" href=\"https:\/\/www.visit-ulcinj.com\/blog\/2012\/09\/18\/sinishtaj-neser-dorezohen-listat-per-zgjedhjet-e-tetorit\/\" \/>\n<meta property=\"og:locale\" content=\"en_US\" \/>\n<meta property=\"og:type\" content=\"article\" \/>\n<meta property=\"og:title\" content=\"Sinishtaj: Nes\u00ebr dor\u00ebzohen listat p\u00ebr zgjedhjet e tetorit - Lajme nga Ulqini\" \/>\n<meta property=\"og:description\" content=\"Partit\u00eb shqiptare kan\u00eb formuar disa koalicione t\u00eb vogla, por nuk kan\u00eb dor\u00ebzuar ende listat e tyre t\u00eb kandidat\u00ebve. Nj\u00eb dit\u00eb para dor\u00ebzimit Vaselj Sinishtaj\" \/>\n<meta property=\"og:url\" content=\"https:\/\/www.visit-ulcinj.com\/blog\/2012\/09\/18\/sinishtaj-neser-dorezohen-listat-per-zgjedhjet-e-tetorit\/\" \/>\n<meta property=\"og:site_name\" content=\"Lajme nga Ulqini\" \/>\n<meta property=\"article:published_time\" content=\"2012-09-18T20:09:43+00:00\" \/>\n<meta property=\"article:modified_time\" content=\"2012-09-18T20:10:13+00:00\" \/>\n<meta property=\"og:image\" content=\"http:\/\/www.visit-ulcinj.com\/blog\/wp-content\/uploads\/2012\/09\/Vasel-Sinishtaj-300x225.jpg\" \/>\n<meta name=\"twitter:label1\" content=\"Written by\" \/>\n\t<meta name=\"twitter:data1\" content=\"ulqini\" \/>\n\t<meta name=\"twitter:label2\" content=\"Est. reading time\" \/>\n\t<meta name=\"twitter:data2\" content=\"1 minute\" \/>\n<script type=\"application\/ld+json\" class=\"yoast-schema-graph\">{\"@context\":\"https:\/\/schema.org\",\"@graph\":[{\"@type\":\"WebSite\",\"@id\":\"https:\/\/www.visit-ulcinj.com\/blog\/#website\",\"url\":\"https:\/\/www.visit-ulcinj.com\/blog\/\",\"name\":\"Lajme nga Ulqini\",\"description\":\"Lajme,Vijesti,Ulqini,Ulqin,Crna Gora,Mali i Zi\",\"potentialAction\":[{\"@type\":\"SearchAction\",\"target\":{\"@type\":\"EntryPoint\",\"urlTemplate\":\"https:\/\/www.visit-ulcinj.com\/blog\/?s={search_term_string}\"},\"query-input\":\"required name=search_term_string\"}],\"inLanguage\":\"en-US\"},{\"@type\":\"ImageObject\",\"inLanguage\":\"en-US\",\"@id\":\"https:\/\/www.visit-ulcinj.com\/blog\/2012\/09\/18\/sinishtaj-neser-dorezohen-listat-per-zgjedhjet-e-tetorit\/#primaryimage\",\"url\":\"https:\/\/www.visit-ulcinj.com\/blog\/wp-content\/uploads\/2012\/09\/Vasel-Sinishtaj.jpg\",\"contentUrl\":\"https:\/\/www.visit-ulcinj.com\/blog\/wp-content\/uploads\/2012\/09\/Vasel-Sinishtaj.jpg\",\"width\":\"800\",\"height\":\"600\"},{\"@type\":\"WebPage\",\"@id\":\"https:\/\/www.visit-ulcinj.com\/blog\/2012\/09\/18\/sinishtaj-neser-dorezohen-listat-per-zgjedhjet-e-tetorit\/#webpage\",\"url\":\"https:\/\/www.visit-ulcinj.com\/blog\/2012\/09\/18\/sinishtaj-neser-dorezohen-listat-per-zgjedhjet-e-tetorit\/\",\"name\":\"Sinishtaj: Nes\u00ebr dor\u00ebzohen listat p\u00ebr zgjedhjet e tetorit - Lajme nga Ulqini\",\"isPartOf\":{\"@id\":\"https:\/\/www.visit-ulcinj.com\/blog\/#website\"},\"primaryImageOfPage\":{\"@id\":\"https:\/\/www.visit-ulcinj.com\/blog\/2012\/09\/18\/sinishtaj-neser-dorezohen-listat-per-zgjedhjet-e-tetorit\/#primaryimage\"},\"datePublished\":\"2012-09-18T20:09:43+00:00\",\"dateModified\":\"2012-09-18T20:10:13+00:00\",\"author\":{\"@id\":\"https:\/\/www.visit-ulcinj.com\/blog\/#\/schema\/person\/dcab619c614d3038751c63bc2aadc06d\"},\"description\":\"Partit\u00eb shqiptare kan\u00eb formuar disa koalicione t\u00eb vogla, por nuk kan\u00eb dor\u00ebzuar ende listat e tyre t\u00eb kandidat\u00ebve. Nj\u00eb dit\u00eb para dor\u00ebzimit Vaselj Sinishtaj\",\"breadcrumb\":{\"@id\":\"https:\/\/www.visit-ulcinj.com\/blog\/2012\/09\/18\/sinishtaj-neser-dorezohen-listat-per-zgjedhjet-e-tetorit\/#breadcrumb\"},\"inLanguage\":\"en-US\",\"potentialAction\":[{\"@type\":\"ReadAction\",\"target\":[\"https:\/\/www.visit-ulcinj.com\/blog\/2012\/09\/18\/sinishtaj-neser-dorezohen-listat-per-zgjedhjet-e-tetorit\/\"]}]},{\"@type\":\"BreadcrumbList\",\"@id\":\"https:\/\/www.visit-ulcinj.com\/blog\/2012\/09\/18\/sinishtaj-neser-dorezohen-listat-per-zgjedhjet-e-tetorit\/#breadcrumb\",\"itemListElement\":[{\"@type\":\"ListItem\",\"position\":1,\"name\":\"Sinishtaj: Nes\u00ebr dor\u00ebzohen listat p\u00ebr zgjedhjet e tetorit\"}]},{\"@type\":\"Person\",\"@id\":\"https:\/\/www.visit-ulcinj.com\/blog\/#\/schema\/person\/dcab619c614d3038751c63bc2aadc06d\",\"name\":\"ulqini\",\"sameAs\":[\"http:\/\/www.visit-ulcinj.com\"],\"url\":\"https:\/\/www.visit-ulcinj.com\/blog\/author\/admin\/\"}]}<\/script>\n<!-- \/ Yoast SEO plugin. -->","yoast_head_json":{"title":"Sinishtaj: Nes\u00ebr dor\u00ebzohen listat p\u00ebr zgjedhjet e tetorit - Lajme nga Ulqini","description":"Partit\u00eb shqiptare kan\u00eb formuar disa koalicione t\u00eb vogla, por nuk kan\u00eb dor\u00ebzuar ende listat e tyre t\u00eb kandidat\u00ebve. Nj\u00eb dit\u00eb para dor\u00ebzimit Vaselj Sinishtaj","robots":{"index":"index","follow":"follow","max-snippet":"max-snippet:-1","max-image-preview":"max-image-preview:large","max-video-preview":"max-video-preview:-1"},"canonical":"https:\/\/www.visit-ulcinj.com\/blog\/2012\/09\/18\/sinishtaj-neser-dorezohen-listat-per-zgjedhjet-e-tetorit\/","og_locale":"en_US","og_type":"article","og_title":"Sinishtaj: Nes\u00ebr dor\u00ebzohen listat p\u00ebr zgjedhjet e tetorit - Lajme nga Ulqini","og_description":"Partit\u00eb shqiptare kan\u00eb formuar disa koalicione t\u00eb vogla, por nuk kan\u00eb dor\u00ebzuar ende listat e tyre t\u00eb kandidat\u00ebve. Nj\u00eb dit\u00eb para dor\u00ebzimit Vaselj Sinishtaj","og_url":"https:\/\/www.visit-ulcinj.com\/blog\/2012\/09\/18\/sinishtaj-neser-dorezohen-listat-per-zgjedhjet-e-tetorit\/","og_site_name":"Lajme nga Ulqini","article_published_time":"2012-09-18T20:09:43+00:00","article_modified_time":"2012-09-18T20:10:13+00:00","og_image":[{"url":"http:\/\/www.visit-ulcinj.com\/blog\/wp-content\/uploads\/2012\/09\/Vasel-Sinishtaj-300x225.jpg"}],"twitter_misc":{"Written by":"ulqini","Est. reading time":"1 minute"},"schema":{"@context":"https:\/\/schema.org","@graph":[{"@type":"WebSite","@id":"https:\/\/www.visit-ulcinj.com\/blog\/#website","url":"https:\/\/www.visit-ulcinj.com\/blog\/","name":"Lajme nga Ulqini","description":"Lajme,Vijesti,Ulqini,Ulqin,Crna Gora,Mali i Zi","potentialAction":[{"@type":"SearchAction","target":{"@type":"EntryPoint","urlTemplate":"https:\/\/www.visit-ulcinj.com\/blog\/?s={search_term_string}"},"query-input":"required name=search_term_string"}],"inLanguage":"en-US"},{"@type":"ImageObject","inLanguage":"en-US","@id":"https:\/\/www.visit-ulcinj.com\/blog\/2012\/09\/18\/sinishtaj-neser-dorezohen-listat-per-zgjedhjet-e-tetorit\/#primaryimage","url":"https:\/\/www.visit-ulcinj.com\/blog\/wp-content\/uploads\/2012\/09\/Vasel-Sinishtaj.jpg","contentUrl":"https:\/\/www.visit-ulcinj.com\/blog\/wp-content\/uploads\/2012\/09\/Vasel-Sinishtaj.jpg","width":"800","height":"600"},{"@type":"WebPage","@id":"https:\/\/www.visit-ulcinj.com\/blog\/2012\/09\/18\/sinishtaj-neser-dorezohen-listat-per-zgjedhjet-e-tetorit\/#webpage","url":"https:\/\/www.visit-ulcinj.com\/blog\/2012\/09\/18\/sinishtaj-neser-dorezohen-listat-per-zgjedhjet-e-tetorit\/","name":"Sinishtaj: Nes\u00ebr dor\u00ebzohen listat p\u00ebr zgjedhjet e tetorit - Lajme nga Ulqini","isPartOf":{"@id":"https:\/\/www.visit-ulcinj.com\/blog\/#website"},"primaryImageOfPage":{"@id":"https:\/\/www.visit-ulcinj.com\/blog\/2012\/09\/18\/sinishtaj-neser-dorezohen-listat-per-zgjedhjet-e-tetorit\/#primaryimage"},"datePublished":"2012-09-18T20:09:43+00:00","dateModified":"2012-09-18T20:10:13+00:00","author":{"@id":"https:\/\/www.visit-ulcinj.com\/blog\/#\/schema\/person\/dcab619c614d3038751c63bc2aadc06d"},"description":"Partit\u00eb shqiptare kan\u00eb formuar disa koalicione t\u00eb vogla, por nuk kan\u00eb dor\u00ebzuar ende listat e tyre t\u00eb kandidat\u00ebve. Nj\u00eb dit\u00eb para dor\u00ebzimit Vaselj Sinishtaj","breadcrumb":{"@id":"https:\/\/www.visit-ulcinj.com\/blog\/2012\/09\/18\/sinishtaj-neser-dorezohen-listat-per-zgjedhjet-e-tetorit\/#breadcrumb"},"inLanguage":"en-US","potentialAction":[{"@type":"ReadAction","target":["https:\/\/www.visit-ulcinj.com\/blog\/2012\/09\/18\/sinishtaj-neser-dorezohen-listat-per-zgjedhjet-e-tetorit\/"]}]},{"@type":"BreadcrumbList","@id":"https:\/\/www.visit-ulcinj.com\/blog\/2012\/09\/18\/sinishtaj-neser-dorezohen-listat-per-zgjedhjet-e-tetorit\/#breadcrumb","itemListElement":[{"@type":"ListItem","position":1,"name":"Sinishtaj: Nes\u00ebr dor\u00ebzohen listat p\u00ebr zgjedhjet e tetorit"}]},{"@type":"Person","@id":"https:\/\/www.visit-ulcinj.com\/blog\/#\/schema\/person\/dcab619c614d3038751c63bc2aadc06d","name":"ulqini","sameAs":["http:\/\/www.visit-ulcinj.com"],"url":"https:\/\/www.visit-ulcinj.com\/blog\/author\/admin\/"}]}},"jetpack_featured_media_url":"","jetpack_sharing_enabled":true,"jetpack_shortlink":"https:\/\/wp.me\/pe6lTn-gA4","_links":{"self":[{"href":"https:\/\/www.visit-ulcinj.com\/blog\/wp-json\/wp\/v2\/posts\/63740"}],"collection":[{"href":"https:\/\/www.visit-ulcinj.com\/blog\/wp-json\/wp\/v2\/posts"}],"about":[{"href":"https:\/\/www.visit-ulcinj.com\/blog\/wp-json\/wp\/v2\/types\/post"}],"author":[{"embeddable":true,"href":"https:\/\/www.visit-ulcinj.com\/blog\/wp-json\/wp\/v2\/users\/1"}],"replies":[{"embeddable":true,"href":"https:\/\/www.visit-ulcinj.com\/blog\/wp-json\/wp\/v2\/comments?post=63740"}],"version-history":[{"count":3,"href":"https:\/\/www.visit-ulcinj.com\/blog\/wp-json\/wp\/v2\/posts\/63740\/revisions"}],"predecessor-version":[{"id":63743,"href":"https:\/\/www.visit-ulcinj.com\/blog\/wp-json\/wp\/v2\/posts\/63740\/revisions\/63743"}],"wp:attachment":[{"href":"https:\/\/www.visit-ulcinj.com\/blog\/wp-json\/wp\/v2\/media?parent=63740"}],"wp:term":[{"taxonomy":"category","embeddable":true,"href":"https:\/\/www.visit-ulcinj.com\/blog\/wp-json\/wp\/v2\/categories?post=63740"},{"taxonomy":"post_tag","embeddable":true,"href":"https:\/\/www.visit-ulcinj.com\/blog\/wp-json\/wp\/v2\/tags?post=63740"}],"curies":[{"name":"wp","href":"https:\/\/api.w.org\/{rel}","templated":true}]}}