{"id":63748,"date":"2012-09-19T10:30:44","date_gmt":"2012-09-19T09:30:44","guid":{"rendered":"http:\/\/www.visit-ulcinj.com\/blog\/?p=63748"},"modified":"2012-09-19T10:30:44","modified_gmt":"2012-09-19T09:30:44","slug":"dua-napustila-pregovore-o-zajednickom-nastupu","status":"publish","type":"post","link":"https:\/\/www.visit-ulcinj.com\/blog\/2012\/09\/19\/dua-napustila-pregovore-o-zajednickom-nastupu\/","title":{"rendered":"DUA napustila pregovore o zajedni\u010dkom nastupu"},"content":{"rendered":"<div id=\"attachment_63749\" style=\"width: 518px\" class=\"wp-caption alignleft\"><a href=\"http:\/\/www.visit-ulcinj.com\/blog\/wp-content\/uploads\/2012\/09\/gencinimanbegu-vaseljsinistaj-mehmetzenka-mehmetbardhi.jpg\"><img aria-describedby=\"caption-attachment-63749\" loading=\"lazy\" class=\" wp-image-63749  \" title=\"gencinimanbegu-vaseljsinistaj-mehmetzenka-mehmetbardhi\" src=\"http:\/\/www.visit-ulcinj.com\/blog\/wp-content\/uploads\/2012\/09\/gencinimanbegu-vaseljsinistaj-mehmetzenka-mehmetbardhi.jpg\" alt=\"\" width=\"508\" height=\"360\" \/><\/a><p id=\"caption-attachment-63749\" class=\"wp-caption-text\">Predstavnici albanskih stranaka (Foto: Luka Zekovic)<\/p><\/div>\n<p>Predsjednik Demokratske unije Albanaca (DUA) Mehmet Zenka napustio je sino\u0107 pregovore o formiranju zajedni\u010dke albanske liste za parlamentarne izbore.<\/p>\n<p>Prema saznanjima \u201eVijesti\u201c Zenka je odustao od daljih pregovora zbog odbijanja ostalih strana\u010dkih prvaka da lider DUA bude prvi na zajedni\u010dkoj listi.<\/p>\n<p>Predstavnici svih albanskih stranaka do kasno sino\u0107 su u ulcinjskom hotelu \u201eOtrant\u201c poku\u0161avali da se dogovore o zajedni\u010dkom nastupu, ali konkretan sporazum nijesu postigli.<\/p>\n<p>Do tog sastanka je do\u0161lo prakti\u010dno u posljednjem momentu s obzirom na to da ve\u010deras u pono\u0107 isti\u010de rok za predaju lista.<\/p>\n<p>U\u010desnici su se slo\u017eili da prije isteka roka za predaju lista treba tra\u017eiti model za zajedni\u010dki nastup, a danas \u0107e poku\u0161ati da se dogovore o redoslijedu na listi.<\/p>\n<p>Na\u010delno je, kakao je Vijestima\u201d kazao jedan od u\u010desnika razgovora, dogovoreno da se u koalicionom sporazumu precizira da sve partije moraju imati jedinstven stav u eventualnim pregovorima o ulasku u Vladu nakon izbora.<\/p>\n<p>Prema tvrdnjama u\u010desnika sastanka, taj predlog bio je jedan od razloga zbog kojih je Zenka odustao od daljih pregovora.<\/p>\n<p><a href=\"http:\/\/www.vijesti.me\/vijesti\/dua-napustila-pregovore-zajednickom-nastupu-clanak-92252\" target=\"_blank\"><strong>Samir Kajo\u0161evi\u0107<br \/>\n<\/strong><strong>Vijesti online<\/strong><\/a><\/p>\n","protected":false},"excerpt":{"rendered":"<p>Predsjednik Demokratske unije Albanaca (DUA) Mehmet Zenka napustio je sino\u0107 pregovore o formiranju zajedni\u010dke albanske liste za parlamentarne izbore. Prema saznanjima \u201eVijesti\u201c Zenka je odustao od daljih pregovora zbog odbijanja ostalih strana\u010dkih prvaka da lider DUA bude prvi na zajedni\u010dkoj listi. Predstavnici svih albanskih stranaka do kasno sino\u0107 su u ulcinjskom hotelu \u201eOtrant\u201c poku\u0161avali da [&hellip;]<\/p>\n","protected":false},"author":1,"featured_media":0,"comment_status":"open","ping_status":"closed","sticky":false,"template":"","format":"standard","meta":{"spay_email":"","jetpack_publicize_message":"","jetpack_is_tweetstorm":false,"jetpack_publicize_feature_enabled":true},"categories":[8337],"tags":[87,855,3371,200],"jetpack_publicize_connections":[],"yoast_head":"<!-- This site is optimized with the Yoast SEO plugin v19.1 - https:\/\/yoast.com\/wordpress\/plugins\/seo\/ -->\n<title>DUA napustila pregovore o zajedni\u010dkom nastupu - Lajme nga Ulqini<\/title>\n<meta name=\"description\" content=\"Predsjednik Demokratske unije Albanaca (DUA) Mehmet Zenka napustio je sino\u0107 pregovore o formiranju zajedni\u010dke albanske liste za parlamentarne izbore.\" \/>\n<meta name=\"robots\" content=\"index, follow, max-snippet:-1, max-image-preview:large, max-video-preview:-1\" \/>\n<link rel=\"canonical\" href=\"https:\/\/www.visit-ulcinj.com\/blog\/2012\/09\/19\/dua-napustila-pregovore-o-zajednickom-nastupu\/\" \/>\n<meta property=\"og:locale\" content=\"en_US\" \/>\n<meta property=\"og:type\" content=\"article\" \/>\n<meta property=\"og:title\" content=\"DUA napustila pregovore o zajedni\u010dkom nastupu - Lajme nga Ulqini\" \/>\n<meta property=\"og:description\" content=\"Predsjednik Demokratske unije Albanaca (DUA) Mehmet Zenka napustio je sino\u0107 pregovore o formiranju zajedni\u010dke albanske liste za parlamentarne izbore.\" \/>\n<meta property=\"og:url\" content=\"https:\/\/www.visit-ulcinj.com\/blog\/2012\/09\/19\/dua-napustila-pregovore-o-zajednickom-nastupu\/\" \/>\n<meta property=\"og:site_name\" content=\"Lajme nga Ulqini\" \/>\n<meta property=\"article:published_time\" content=\"2012-09-19T09:30:44+00:00\" \/>\n<meta property=\"og:image\" content=\"http:\/\/www.visit-ulcinj.com\/blog\/wp-content\/uploads\/2012\/09\/gencinimanbegu-vaseljsinistaj-mehmetzenka-mehmetbardhi.jpg\" \/>\n<meta name=\"twitter:label1\" content=\"Written by\" \/>\n\t<meta name=\"twitter:data1\" content=\"ulqini\" \/>\n\t<meta name=\"twitter:label2\" content=\"Est. reading time\" \/>\n\t<meta name=\"twitter:data2\" content=\"1 minute\" \/>\n<script type=\"application\/ld+json\" class=\"yoast-schema-graph\">{\"@context\":\"https:\/\/schema.org\",\"@graph\":[{\"@type\":\"WebSite\",\"@id\":\"https:\/\/www.visit-ulcinj.com\/blog\/#website\",\"url\":\"https:\/\/www.visit-ulcinj.com\/blog\/\",\"name\":\"Lajme nga Ulqini\",\"description\":\"Lajme,Vijesti,Ulqini,Ulqin,Crna Gora,Mali i Zi\",\"potentialAction\":[{\"@type\":\"SearchAction\",\"target\":{\"@type\":\"EntryPoint\",\"urlTemplate\":\"https:\/\/www.visit-ulcinj.com\/blog\/?s={search_term_string}\"},\"query-input\":\"required name=search_term_string\"}],\"inLanguage\":\"en-US\"},{\"@type\":\"ImageObject\",\"inLanguage\":\"en-US\",\"@id\":\"https:\/\/www.visit-ulcinj.com\/blog\/2012\/09\/19\/dua-napustila-pregovore-o-zajednickom-nastupu\/#primaryimage\",\"url\":\"https:\/\/www.visit-ulcinj.com\/blog\/wp-content\/uploads\/2012\/09\/gencinimanbegu-vaseljsinistaj-mehmetzenka-mehmetbardhi.jpg\",\"contentUrl\":\"https:\/\/www.visit-ulcinj.com\/blog\/wp-content\/uploads\/2012\/09\/gencinimanbegu-vaseljsinistaj-mehmetzenka-mehmetbardhi.jpg\",\"width\":\"1000\",\"height\":\"677\",\"caption\":\"Predstavnici albanskih stranaka (Foto: Luka Zekovi?)\"},{\"@type\":\"WebPage\",\"@id\":\"https:\/\/www.visit-ulcinj.com\/blog\/2012\/09\/19\/dua-napustila-pregovore-o-zajednickom-nastupu\/#webpage\",\"url\":\"https:\/\/www.visit-ulcinj.com\/blog\/2012\/09\/19\/dua-napustila-pregovore-o-zajednickom-nastupu\/\",\"name\":\"DUA napustila pregovore o zajedni\u010dkom nastupu - Lajme nga Ulqini\",\"isPartOf\":{\"@id\":\"https:\/\/www.visit-ulcinj.com\/blog\/#website\"},\"primaryImageOfPage\":{\"@id\":\"https:\/\/www.visit-ulcinj.com\/blog\/2012\/09\/19\/dua-napustila-pregovore-o-zajednickom-nastupu\/#primaryimage\"},\"datePublished\":\"2012-09-19T09:30:44+00:00\",\"dateModified\":\"2012-09-19T09:30:44+00:00\",\"author\":{\"@id\":\"https:\/\/www.visit-ulcinj.com\/blog\/#\/schema\/person\/dcab619c614d3038751c63bc2aadc06d\"},\"description\":\"Predsjednik Demokratske unije Albanaca (DUA) Mehmet Zenka napustio je sino\u0107 pregovore o formiranju zajedni\u010dke albanske liste za parlamentarne izbore.\",\"breadcrumb\":{\"@id\":\"https:\/\/www.visit-ulcinj.com\/blog\/2012\/09\/19\/dua-napustila-pregovore-o-zajednickom-nastupu\/#breadcrumb\"},\"inLanguage\":\"en-US\",\"potentialAction\":[{\"@type\":\"ReadAction\",\"target\":[\"https:\/\/www.visit-ulcinj.com\/blog\/2012\/09\/19\/dua-napustila-pregovore-o-zajednickom-nastupu\/\"]}]},{\"@type\":\"BreadcrumbList\",\"@id\":\"https:\/\/www.visit-ulcinj.com\/blog\/2012\/09\/19\/dua-napustila-pregovore-o-zajednickom-nastupu\/#breadcrumb\",\"itemListElement\":[{\"@type\":\"ListItem\",\"position\":1,\"name\":\"DUA napustila pregovore o zajedni\u010dkom nastupu\"}]},{\"@type\":\"Person\",\"@id\":\"https:\/\/www.visit-ulcinj.com\/blog\/#\/schema\/person\/dcab619c614d3038751c63bc2aadc06d\",\"name\":\"ulqini\",\"sameAs\":[\"http:\/\/www.visit-ulcinj.com\"],\"url\":\"https:\/\/www.visit-ulcinj.com\/blog\/author\/admin\/\"}]}<\/script>\n<!-- \/ Yoast SEO plugin. -->","yoast_head_json":{"title":"DUA napustila pregovore o zajedni\u010dkom nastupu - Lajme nga Ulqini","description":"Predsjednik Demokratske unije Albanaca (DUA) Mehmet Zenka napustio je sino\u0107 pregovore o formiranju zajedni\u010dke albanske liste za parlamentarne izbore.","robots":{"index":"index","follow":"follow","max-snippet":"max-snippet:-1","max-image-preview":"max-image-preview:large","max-video-preview":"max-video-preview:-1"},"canonical":"https:\/\/www.visit-ulcinj.com\/blog\/2012\/09\/19\/dua-napustila-pregovore-o-zajednickom-nastupu\/","og_locale":"en_US","og_type":"article","og_title":"DUA napustila pregovore o zajedni\u010dkom nastupu - Lajme nga Ulqini","og_description":"Predsjednik Demokratske unije Albanaca (DUA) Mehmet Zenka napustio je sino\u0107 pregovore o formiranju zajedni\u010dke albanske liste za parlamentarne izbore.","og_url":"https:\/\/www.visit-ulcinj.com\/blog\/2012\/09\/19\/dua-napustila-pregovore-o-zajednickom-nastupu\/","og_site_name":"Lajme nga Ulqini","article_published_time":"2012-09-19T09:30:44+00:00","og_image":[{"url":"http:\/\/www.visit-ulcinj.com\/blog\/wp-content\/uploads\/2012\/09\/gencinimanbegu-vaseljsinistaj-mehmetzenka-mehmetbardhi.jpg"}],"twitter_misc":{"Written by":"ulqini","Est. reading time":"1 minute"},"schema":{"@context":"https:\/\/schema.org","@graph":[{"@type":"WebSite","@id":"https:\/\/www.visit-ulcinj.com\/blog\/#website","url":"https:\/\/www.visit-ulcinj.com\/blog\/","name":"Lajme nga Ulqini","description":"Lajme,Vijesti,Ulqini,Ulqin,Crna Gora,Mali i Zi","potentialAction":[{"@type":"SearchAction","target":{"@type":"EntryPoint","urlTemplate":"https:\/\/www.visit-ulcinj.com\/blog\/?s={search_term_string}"},"query-input":"required name=search_term_string"}],"inLanguage":"en-US"},{"@type":"ImageObject","inLanguage":"en-US","@id":"https:\/\/www.visit-ulcinj.com\/blog\/2012\/09\/19\/dua-napustila-pregovore-o-zajednickom-nastupu\/#primaryimage","url":"https:\/\/www.visit-ulcinj.com\/blog\/wp-content\/uploads\/2012\/09\/gencinimanbegu-vaseljsinistaj-mehmetzenka-mehmetbardhi.jpg","contentUrl":"https:\/\/www.visit-ulcinj.com\/blog\/wp-content\/uploads\/2012\/09\/gencinimanbegu-vaseljsinistaj-mehmetzenka-mehmetbardhi.jpg","width":"1000","height":"677","caption":"Predstavnici albanskih stranaka (Foto: Luka Zekovi?)"},{"@type":"WebPage","@id":"https:\/\/www.visit-ulcinj.com\/blog\/2012\/09\/19\/dua-napustila-pregovore-o-zajednickom-nastupu\/#webpage","url":"https:\/\/www.visit-ulcinj.com\/blog\/2012\/09\/19\/dua-napustila-pregovore-o-zajednickom-nastupu\/","name":"DUA napustila pregovore o zajedni\u010dkom nastupu - Lajme nga Ulqini","isPartOf":{"@id":"https:\/\/www.visit-ulcinj.com\/blog\/#website"},"primaryImageOfPage":{"@id":"https:\/\/www.visit-ulcinj.com\/blog\/2012\/09\/19\/dua-napustila-pregovore-o-zajednickom-nastupu\/#primaryimage"},"datePublished":"2012-09-19T09:30:44+00:00","dateModified":"2012-09-19T09:30:44+00:00","author":{"@id":"https:\/\/www.visit-ulcinj.com\/blog\/#\/schema\/person\/dcab619c614d3038751c63bc2aadc06d"},"description":"Predsjednik Demokratske unije Albanaca (DUA) Mehmet Zenka napustio je sino\u0107 pregovore o formiranju zajedni\u010dke albanske liste za parlamentarne izbore.","breadcrumb":{"@id":"https:\/\/www.visit-ulcinj.com\/blog\/2012\/09\/19\/dua-napustila-pregovore-o-zajednickom-nastupu\/#breadcrumb"},"inLanguage":"en-US","potentialAction":[{"@type":"ReadAction","target":["https:\/\/www.visit-ulcinj.com\/blog\/2012\/09\/19\/dua-napustila-pregovore-o-zajednickom-nastupu\/"]}]},{"@type":"BreadcrumbList","@id":"https:\/\/www.visit-ulcinj.com\/blog\/2012\/09\/19\/dua-napustila-pregovore-o-zajednickom-nastupu\/#breadcrumb","itemListElement":[{"@type":"ListItem","position":1,"name":"DUA napustila pregovore o zajedni\u010dkom nastupu"}]},{"@type":"Person","@id":"https:\/\/www.visit-ulcinj.com\/blog\/#\/schema\/person\/dcab619c614d3038751c63bc2aadc06d","name":"ulqini","sameAs":["http:\/\/www.visit-ulcinj.com"],"url":"https:\/\/www.visit-ulcinj.com\/blog\/author\/admin\/"}]}},"jetpack_featured_media_url":"","jetpack_sharing_enabled":true,"jetpack_shortlink":"https:\/\/wp.me\/pe6lTn-gAc","_links":{"self":[{"href":"https:\/\/www.visit-ulcinj.com\/blog\/wp-json\/wp\/v2\/posts\/63748"}],"collection":[{"href":"https:\/\/www.visit-ulcinj.com\/blog\/wp-json\/wp\/v2\/posts"}],"about":[{"href":"https:\/\/www.visit-ulcinj.com\/blog\/wp-json\/wp\/v2\/types\/post"}],"author":[{"embeddable":true,"href":"https:\/\/www.visit-ulcinj.com\/blog\/wp-json\/wp\/v2\/users\/1"}],"replies":[{"embeddable":true,"href":"https:\/\/www.visit-ulcinj.com\/blog\/wp-json\/wp\/v2\/comments?post=63748"}],"version-history":[{"count":1,"href":"https:\/\/www.visit-ulcinj.com\/blog\/wp-json\/wp\/v2\/posts\/63748\/revisions"}],"predecessor-version":[{"id":63750,"href":"https:\/\/www.visit-ulcinj.com\/blog\/wp-json\/wp\/v2\/posts\/63748\/revisions\/63750"}],"wp:attachment":[{"href":"https:\/\/www.visit-ulcinj.com\/blog\/wp-json\/wp\/v2\/media?parent=63748"}],"wp:term":[{"taxonomy":"category","embeddable":true,"href":"https:\/\/www.visit-ulcinj.com\/blog\/wp-json\/wp\/v2\/categories?post=63748"},{"taxonomy":"post_tag","embeddable":true,"href":"https:\/\/www.visit-ulcinj.com\/blog\/wp-json\/wp\/v2\/tags?post=63748"}],"curies":[{"name":"wp","href":"https:\/\/api.w.org\/{rel}","templated":true}]}}