{"id":63767,"date":"2012-09-19T12:33:30","date_gmt":"2012-09-19T11:33:30","guid":{"rendered":"http:\/\/www.visit-ulcinj.com\/blog\/?p=63767"},"modified":"2012-09-20T18:51:11","modified_gmt":"2012-09-20T17:51:11","slug":"udsh-braktise-bisedimet-albin-kurti-nuk-arrin-ti-bashkoje-shqiptaret","status":"publish","type":"post","link":"https:\/\/www.visit-ulcinj.com\/blog\/2012\/09\/19\/udsh-braktise-bisedimet-albin-kurti-nuk-arrin-ti-bashkoje-shqiptaret\/","title":{"rendered":"UDSH braktis\u00eb bisedimet &#8211; Albin Kurti nuk arrin ti bashkoj\u00eb shqiptar\u00ebt"},"content":{"rendered":"<p><a href=\"http:\/\/www.visit-ulcinj.com\/blog\/wp-content\/uploads\/2012\/09\/Albin-Kurti-nuk-arrin-ti-bashkoj\u00eb-shqiptar\u00ebt-ne-Mal-te-Zi.jpg\"><img loading=\"lazy\" class=\"alignleft  wp-image-63768\" title=\"Albin Kurti nuk arrin ti bashkoj\u00eb shqiptar\u00ebt ne Mal te Zi\" src=\"http:\/\/www.visit-ulcinj.com\/blog\/wp-content\/uploads\/2012\/09\/Albin-Kurti-nuk-arrin-ti-bashkoj\u00eb-shqiptar\u00ebt-ne-Mal-te-Zi-1024x682.jpg\" alt=\"\" width=\"508\" height=\"360\" \/><\/a><strong><\/strong><\/p>\n<p><strong>As Albin Kurti nuk i bashkoi dot<\/strong><\/p>\n<p>Shqiptar\u00ebt n\u00eb Malin e Zi p\u00ebrs\u00ebri do ken\u00eb shum\u00eb mund\u00ebsi zgjedhjeje n\u00eb Parlamentaret e k\u00ebtij viti pasi q\u00eb politikan\u00ebt e tyre d\u00ebshtuan t\u00eb formojn\u00eb nj\u00eb koalicion t\u00eb gjer\u00eb. Mbr\u00ebm\u00eb n\u00eb mesnat\u00eb ka p\u00ebrfunduar afati i dor\u00ebzimit t\u00eb listave zgjedhore dhe n\u00ebnt\u00eb subjekte shqiptare do t\u00eb paraqiten n\u00eb kat\u00ebr kolona<\/p>\n<p>N\u00eb nj\u00eb kolon\u00eb \u00ebsht\u00eb \u201cKoalicioni Shqiptar\u201d i p\u00ebrb\u00ebr\u00eb nga partia m\u00eb e vjet\u00ebr shqiptare n\u00eb vend Lidhja Demokratike n\u00eb Mal t\u00eb Zi (LDn\u00ebMZ) e udh\u00ebhequr nga Mehmet Bardhi, Partia Demokratike (PD) e udh\u00ebhequr nga Fatmir Gjeka, dhe Alternativa Shqiptare (ASH) e udh\u00ebhequr nga Gjergj Camaj. Dy t\u00eb fundit kan\u00eb hyr\u00eb n\u00eb koalicion me nj\u00ebra tjetr\u00ebn koh\u00eb m\u00eb par\u00eb kurse LDn\u00ebMZ u \u00ebsht\u00eb bashk\u00ebngjitur para tre dit\u00ebve. N\u00eb krye t\u00eb list\u00ebs do t\u00eb jet\u00eb Fatmir Gjeka, kurse mandati, po q\u00eb se fitohet, do t\u00eb ndahet nga Gjeka dhe nj\u00eb p\u00ebrfaq\u00ebsues i LDn\u00ebMZ.<\/p>\n<p>Kolona tjet\u00ebr p\u00ebrb\u00ebhet nga partia Forca e Re Demokratike (Forca) e udh\u00ebhequr nga Nazif Cungu, Iniciativa Qytetare (IQ) e udh\u00ebhequr nga Vasel Sinishtaj dhe L\u00ebvizja Perspektiva e udh\u00ebhequr nga Amir Holli, e t\u00eb cil\u00ebt bashk\u00eb formojn\u00eb \u201cKoalicionin p\u00ebr Bashkim\u201d. Ky koalicion e konsideron t\u00eb garantuar nj\u00eb vend kurse shpreson edhe n\u00eb t\u00eb dytin. N\u00eb krye t\u00eb list\u00ebs \u00ebsht\u00eb deputeti i Forc\u00ebs Genci Nimanbegu i p\u00ebrcjellur nga ai i Iniciativ\u00ebs Qytetare Vasel Sinishtaj.<\/p>\n<p>Kolona e tret\u00eb \u00ebsht\u00eb ajo e Unionit Demokratik t\u00eb Shqiptar\u00ebve (UDSH) e udh\u00ebhequr nga Mehmet Zenka dhe e Partis\u00eb s\u00eb Prosperitetit Demokratik (PPD) e udh\u00ebhequr nga Ali Rexha. Edhe ky koalicion e num\u00ebron t\u00eb fituar nj\u00eb v\u00ebnd n\u00eb Kuvendin e Malit t\u00eb Zi.<\/p>\n<p>Kolon\u00ebn e fundit, e cila u shfaq si surpriz\u00eb p\u00ebr politik\u00ebn shqiptare n\u00eb Mal t\u00eb Zi dhe elektoratin e saj, \u00ebsht\u00eb e ka e sapoformuara Aleanca Rinore Shqiptare (ARSH). K\u00ebtij subjekti t\u00eb ri politik i cili del i vet\u00ebm n\u00eb zgjedhje i prin\u00eb Anton Lulgjuraj.<\/p>\n<p>Kryetari i Vet\u00ebvendosjes Albin Kurti me bashk\u00ebpun\u00ebtor\u00ebt e tij provuan q\u00eb t\u00eb bashkojn\u00eb politik\u00ebn shqiptare n\u00eb k\u00ebt\u00eb vit feste por nuk ia dol\u00ebn. Kurti vizitoi Ulqinin disa her\u00eb dhe k\u00ebt\u00eb e b\u00ebri edhe dje ku zhvilloi nj\u00eb takim me gjith\u00eb politikan\u00ebt shqiptar\u00eb. Sipas informacioneve nga pjes\u00ebmarr\u00ebsit e takimit, ishte Mehmet Zenka, kryetari i UDSH, ai i cili i prishi planet e Kurtit. Thuhet q\u00eb Zenka ka q\u00ebndruar n\u00eb takim shum\u00eb shkurt dhe partit\u00eb tjera nuk kan\u00eb arritur t\u00eb bien dakord me t\u00eb rreth k\u00ebrkes\u00ebs p\u00ebr t\u00eb qen\u00eb bart\u00ebs i list\u00ebs, p\u00ebr t\u00eb mos e ndar\u00eb mandatin me ask\u00eb tjet\u00ebr dhe rreth hyrjes n\u00eb koalicion me partin\u00eb qeveris\u00ebse pas zgjedhjeve pa kushte dhe pa q\u00ebndrim t\u00eb p\u00ebrbashk\u00ebt. K\u00ebshtu d\u00ebshtoi koalicioni gjith\u00ebp\u00ebrfshir\u00ebs.<\/p>\n<p>Kurti nuk u ndal por shkoj edhe m\u00eb tej duke provuar t\u00eb bashkoj\u00eb Koalicionin Shqiptar me Koalicionin p\u00ebr Bashkim por edhe k\u00ebtu ka hasur n\u00eb rezistenc\u00eb. Sipas t\u00eb pranishm\u00ebve ishte Fatmir Gjeka i Partis\u00eb Demokratike i cili d\u00ebshironte t\u00eb jet\u00eb bart\u00ebs i list\u00ebs, gj\u00eb me t\u00eb cil\u00ebn nuk pajtohej Forca.<\/p>\n<p>Zgjedhjet Parlamentare n\u00eb Mal t\u00eb Zi do t\u00eb mbahen m\u00eb 14 tetor dhe n\u00eb gar\u00eb gjithsejt jan\u00eb 13 lista. P\u00ebr marrjen e nj\u00eb mandati nevojiten nga 3500 deri n\u00eb 4000 vota.<\/p>\n<p>&nbsp;<\/p>\n<p><strong>Faqja e Facebook: Shqiptar\u00ebt n\u00eb Malin e Zi \u2013 Albanians in Montenegro<\/strong><\/p>\n<p>&nbsp;<\/p>\n<p>&nbsp;<\/p>\n<p><strong>UDSH braktis\u00eb bisedimet<\/strong><\/p>\n<p>Lideri i \u201cVet\u00ebvendosje\u201ds Albin Kurti dje ishte n\u00eb Ulqin si nd\u00ebrmjet\u00ebs i lider\u00ebve t\u00eb subjekteve politike shqiptare, p\u00ebr krijimin e nj\u00eb koalicioni t\u00eb gjer\u00eb p\u00ebr zgjedhjet parlamentare.<\/p>\n<p>Sipas medieve malazeze, takimi i djesh\u00ebm n\u00eb hotelin \u201cOtrant\u201d n\u00eb Ulqin i cili zgjati deri n\u00eb or\u00ebt e vona t\u00eb nat\u00ebs, p\u00ebrfundoi pa ndonj\u00eb marr\u00ebveshje.<br \/>\nSipas medieve t\u00eb cilat referohen n\u00eb fjal\u00ebt e nj\u00eb pjes\u00ebmarr\u00ebsi t\u00eb k\u00ebtij takimi, marr\u00ebveshja nuk u arrit si shkak i k\u00ebrkesave t\u00eb UDSH-s\u00eb, t\u00eb cil\u00ebt k\u00ebrkuan t\u00eb jen\u00eb t\u00eb par\u00ebt n\u00eb list\u00eb gj\u00eb q\u00eb p\u00ebrfaq\u00ebsuesit e subjekteve tjera nuk e pranuan. P\u00ebrfaq\u00ebsuesit e UDSH-s\u00eb po ashtu nuk pranuan q\u00eb mandatin eventual kat\u00ebr vje\u00e7ar ta ndajn\u00eb me subjektet tjera.<br \/>\nTjet\u00ebr mosmarr\u00ebveshje ishte rreth pjes\u00ebmarrjes eventuale n\u00eb Qeverin\u00eb e ardhshme, ku UDSH nuk ishte e gatshme t\u00eb pranojn\u00eb q\u00eb p\u00ebr ket\u00eb t\u00eb vendosin me konsensus t\u00eb gjitha subjektet pjes\u00ebmarr\u00ebse t\u00eb koalicionit.<br \/>\nSi shkak i k\u00ebtyre mosmarr\u00ebveshjeve, p\u00ebrfaq\u00ebsuesi dhe kryetari i UDSH-s\u00eb Mehmet Zenka u largua nga bisedimet.<\/p>\n<p>Sonte n\u00eb mesnat\u00eb skadon koha p\u00ebr dor\u00ebzimin e listave zgjedhore, dhe n\u00ebse nuk arrihet ndonj\u00eb zgjedhje eventuale, partit\u00eb shqiptare n\u00eb k\u00ebto zgjedhje do t\u00eb dalin ne m\u00eb s\u00eb pakut 3 kolona.<\/p>\n<p>N\u00eb k\u00ebto bisedime mor\u00ebn pjes\u00eb p\u00ebrfaq\u00ebsuesit e t\u00eb gjitha subjekteve politike shqiptare dhe t\u00eb kryetari t\u00eb K\u00ebshillit Nacional t\u00eb Shqiptar\u00ebve n\u00eb Malin e Zi, Tahir Tahiri.<\/p>\n<p>Albin Kurti, me origjin\u00eb nga Ulqini, \u00ebsht\u00eb lideri i \u201cVet\u00ebvendosjes\u201d, subjekti i dyt\u00eb m\u00eb i fort\u00eb n\u00eb parlamentin e Kosov\u00ebs. \/Malesia.Org\/<\/p>\n<p>&nbsp;<\/p>\n","protected":false},"excerpt":{"rendered":"<p>As Albin Kurti nuk i bashkoi dot Shqiptar\u00ebt n\u00eb Malin e Zi p\u00ebrs\u00ebri do ken\u00eb shum\u00eb mund\u00ebsi zgjedhjeje n\u00eb Parlamentaret e k\u00ebtij viti pasi q\u00eb politikan\u00ebt e tyre d\u00ebshtuan t\u00eb formojn\u00eb nj\u00eb koalicion t\u00eb gjer\u00eb. Mbr\u00ebm\u00eb n\u00eb mesnat\u00eb ka p\u00ebrfunduar afati i dor\u00ebzimit t\u00eb listave zgjedhore dhe n\u00ebnt\u00eb subjekte shqiptare do t\u00eb paraqiten n\u00eb kat\u00ebr [&hellip;]<\/p>\n","protected":false},"author":1,"featured_media":0,"comment_status":"open","ping_status":"closed","sticky":false,"template":"","format":"standard","meta":{"spay_email":"","jetpack_publicize_message":"","jetpack_is_tweetstorm":false,"jetpack_publicize_feature_enabled":true},"categories":[1,11],"tags":[20647,7075,200,18],"jetpack_publicize_connections":[],"yoast_head":"<!-- This site is optimized with the Yoast SEO plugin v19.1 - https:\/\/yoast.com\/wordpress\/plugins\/seo\/ -->\n<title>UDSH braktis\u00eb bisedimet - Albin Kurti nuk arrin ti bashkoj\u00eb shqiptar\u00ebt - Lajme nga Ulqini<\/title>\n<meta name=\"description\" content=\"As Albin Kurti nuk i bashkoi dot Shqiptar\u00ebt n\u00eb Malin e Zi p\u00ebrs\u00ebri do ken\u00eb shum\u00eb mund\u00ebsi zgjedhjeje n\u00eb Parlamentaret e k\u00ebtij viti pasi q\u00eb politikan\u00ebt e\" \/>\n<meta name=\"robots\" content=\"index, follow, max-snippet:-1, max-image-preview:large, max-video-preview:-1\" \/>\n<link rel=\"canonical\" href=\"https:\/\/www.visit-ulcinj.com\/blog\/2012\/09\/19\/udsh-braktise-bisedimet-albin-kurti-nuk-arrin-ti-bashkoje-shqiptaret\/\" \/>\n<meta property=\"og:locale\" content=\"en_US\" \/>\n<meta property=\"og:type\" content=\"article\" \/>\n<meta property=\"og:title\" content=\"UDSH braktis\u00eb bisedimet - Albin Kurti nuk arrin ti bashkoj\u00eb shqiptar\u00ebt - Lajme nga Ulqini\" \/>\n<meta property=\"og:description\" content=\"As Albin Kurti nuk i bashkoi dot Shqiptar\u00ebt n\u00eb Malin e Zi p\u00ebrs\u00ebri do ken\u00eb shum\u00eb mund\u00ebsi zgjedhjeje n\u00eb Parlamentaret e k\u00ebtij viti pasi q\u00eb politikan\u00ebt e\" \/>\n<meta property=\"og:url\" content=\"https:\/\/www.visit-ulcinj.com\/blog\/2012\/09\/19\/udsh-braktise-bisedimet-albin-kurti-nuk-arrin-ti-bashkoje-shqiptaret\/\" \/>\n<meta property=\"og:site_name\" content=\"Lajme nga Ulqini\" \/>\n<meta property=\"article:published_time\" content=\"2012-09-19T11:33:30+00:00\" \/>\n<meta property=\"article:modified_time\" content=\"2012-09-20T17:51:11+00:00\" \/>\n<meta name=\"twitter:label1\" content=\"Written by\" \/>\n\t<meta name=\"twitter:data1\" content=\"ulqini\" \/>\n\t<meta name=\"twitter:label2\" content=\"Est. reading time\" \/>\n\t<meta name=\"twitter:data2\" content=\"4 minutes\" \/>\n<script type=\"application\/ld+json\" class=\"yoast-schema-graph\">{\"@context\":\"https:\/\/schema.org\",\"@graph\":[{\"@type\":\"WebSite\",\"@id\":\"https:\/\/www.visit-ulcinj.com\/blog\/#website\",\"url\":\"https:\/\/www.visit-ulcinj.com\/blog\/\",\"name\":\"Lajme nga Ulqini\",\"description\":\"Lajme,Vijesti,Ulqini,Ulqin,Crna Gora,Mali i Zi\",\"potentialAction\":[{\"@type\":\"SearchAction\",\"target\":{\"@type\":\"EntryPoint\",\"urlTemplate\":\"https:\/\/www.visit-ulcinj.com\/blog\/?s={search_term_string}\"},\"query-input\":\"required name=search_term_string\"}],\"inLanguage\":\"en-US\"},{\"@type\":\"WebPage\",\"@id\":\"https:\/\/www.visit-ulcinj.com\/blog\/2012\/09\/19\/udsh-braktise-bisedimet-albin-kurti-nuk-arrin-ti-bashkoje-shqiptaret\/#webpage\",\"url\":\"https:\/\/www.visit-ulcinj.com\/blog\/2012\/09\/19\/udsh-braktise-bisedimet-albin-kurti-nuk-arrin-ti-bashkoje-shqiptaret\/\",\"name\":\"UDSH braktis\u00eb bisedimet - Albin Kurti nuk arrin ti bashkoj\u00eb shqiptar\u00ebt - Lajme nga Ulqini\",\"isPartOf\":{\"@id\":\"https:\/\/www.visit-ulcinj.com\/blog\/#website\"},\"datePublished\":\"2012-09-19T11:33:30+00:00\",\"dateModified\":\"2012-09-20T17:51:11+00:00\",\"author\":{\"@id\":\"https:\/\/www.visit-ulcinj.com\/blog\/#\/schema\/person\/dcab619c614d3038751c63bc2aadc06d\"},\"description\":\"As Albin Kurti nuk i bashkoi dot Shqiptar\u00ebt n\u00eb Malin e Zi p\u00ebrs\u00ebri do ken\u00eb shum\u00eb mund\u00ebsi zgjedhjeje n\u00eb Parlamentaret e k\u00ebtij viti pasi q\u00eb politikan\u00ebt e\",\"breadcrumb\":{\"@id\":\"https:\/\/www.visit-ulcinj.com\/blog\/2012\/09\/19\/udsh-braktise-bisedimet-albin-kurti-nuk-arrin-ti-bashkoje-shqiptaret\/#breadcrumb\"},\"inLanguage\":\"en-US\",\"potentialAction\":[{\"@type\":\"ReadAction\",\"target\":[\"https:\/\/www.visit-ulcinj.com\/blog\/2012\/09\/19\/udsh-braktise-bisedimet-albin-kurti-nuk-arrin-ti-bashkoje-shqiptaret\/\"]}]},{\"@type\":\"BreadcrumbList\",\"@id\":\"https:\/\/www.visit-ulcinj.com\/blog\/2012\/09\/19\/udsh-braktise-bisedimet-albin-kurti-nuk-arrin-ti-bashkoje-shqiptaret\/#breadcrumb\",\"itemListElement\":[{\"@type\":\"ListItem\",\"position\":1,\"name\":\"UDSH braktis\u00eb bisedimet &#8211; Albin Kurti nuk arrin ti bashkoj\u00eb shqiptar\u00ebt\"}]},{\"@type\":\"Person\",\"@id\":\"https:\/\/www.visit-ulcinj.com\/blog\/#\/schema\/person\/dcab619c614d3038751c63bc2aadc06d\",\"name\":\"ulqini\",\"sameAs\":[\"http:\/\/www.visit-ulcinj.com\"],\"url\":\"https:\/\/www.visit-ulcinj.com\/blog\/author\/admin\/\"}]}<\/script>\n<!-- \/ Yoast SEO plugin. -->","yoast_head_json":{"title":"UDSH braktis\u00eb bisedimet - Albin Kurti nuk arrin ti bashkoj\u00eb shqiptar\u00ebt - Lajme nga Ulqini","description":"As Albin Kurti nuk i bashkoi dot Shqiptar\u00ebt n\u00eb Malin e Zi p\u00ebrs\u00ebri do ken\u00eb shum\u00eb mund\u00ebsi zgjedhjeje n\u00eb Parlamentaret e k\u00ebtij viti pasi q\u00eb politikan\u00ebt e","robots":{"index":"index","follow":"follow","max-snippet":"max-snippet:-1","max-image-preview":"max-image-preview:large","max-video-preview":"max-video-preview:-1"},"canonical":"https:\/\/www.visit-ulcinj.com\/blog\/2012\/09\/19\/udsh-braktise-bisedimet-albin-kurti-nuk-arrin-ti-bashkoje-shqiptaret\/","og_locale":"en_US","og_type":"article","og_title":"UDSH braktis\u00eb bisedimet - Albin Kurti nuk arrin ti bashkoj\u00eb shqiptar\u00ebt - Lajme nga Ulqini","og_description":"As Albin Kurti nuk i bashkoi dot Shqiptar\u00ebt n\u00eb Malin e Zi p\u00ebrs\u00ebri do ken\u00eb shum\u00eb mund\u00ebsi zgjedhjeje n\u00eb Parlamentaret e k\u00ebtij viti pasi q\u00eb politikan\u00ebt e","og_url":"https:\/\/www.visit-ulcinj.com\/blog\/2012\/09\/19\/udsh-braktise-bisedimet-albin-kurti-nuk-arrin-ti-bashkoje-shqiptaret\/","og_site_name":"Lajme nga Ulqini","article_published_time":"2012-09-19T11:33:30+00:00","article_modified_time":"2012-09-20T17:51:11+00:00","twitter_misc":{"Written by":"ulqini","Est. reading time":"4 minutes"},"schema":{"@context":"https:\/\/schema.org","@graph":[{"@type":"WebSite","@id":"https:\/\/www.visit-ulcinj.com\/blog\/#website","url":"https:\/\/www.visit-ulcinj.com\/blog\/","name":"Lajme nga Ulqini","description":"Lajme,Vijesti,Ulqini,Ulqin,Crna Gora,Mali i Zi","potentialAction":[{"@type":"SearchAction","target":{"@type":"EntryPoint","urlTemplate":"https:\/\/www.visit-ulcinj.com\/blog\/?s={search_term_string}"},"query-input":"required name=search_term_string"}],"inLanguage":"en-US"},{"@type":"WebPage","@id":"https:\/\/www.visit-ulcinj.com\/blog\/2012\/09\/19\/udsh-braktise-bisedimet-albin-kurti-nuk-arrin-ti-bashkoje-shqiptaret\/#webpage","url":"https:\/\/www.visit-ulcinj.com\/blog\/2012\/09\/19\/udsh-braktise-bisedimet-albin-kurti-nuk-arrin-ti-bashkoje-shqiptaret\/","name":"UDSH braktis\u00eb bisedimet - Albin Kurti nuk arrin ti bashkoj\u00eb shqiptar\u00ebt - Lajme nga Ulqini","isPartOf":{"@id":"https:\/\/www.visit-ulcinj.com\/blog\/#website"},"datePublished":"2012-09-19T11:33:30+00:00","dateModified":"2012-09-20T17:51:11+00:00","author":{"@id":"https:\/\/www.visit-ulcinj.com\/blog\/#\/schema\/person\/dcab619c614d3038751c63bc2aadc06d"},"description":"As Albin Kurti nuk i bashkoi dot Shqiptar\u00ebt n\u00eb Malin e Zi p\u00ebrs\u00ebri do ken\u00eb shum\u00eb mund\u00ebsi zgjedhjeje n\u00eb Parlamentaret e k\u00ebtij viti pasi q\u00eb politikan\u00ebt e","breadcrumb":{"@id":"https:\/\/www.visit-ulcinj.com\/blog\/2012\/09\/19\/udsh-braktise-bisedimet-albin-kurti-nuk-arrin-ti-bashkoje-shqiptaret\/#breadcrumb"},"inLanguage":"en-US","potentialAction":[{"@type":"ReadAction","target":["https:\/\/www.visit-ulcinj.com\/blog\/2012\/09\/19\/udsh-braktise-bisedimet-albin-kurti-nuk-arrin-ti-bashkoje-shqiptaret\/"]}]},{"@type":"BreadcrumbList","@id":"https:\/\/www.visit-ulcinj.com\/blog\/2012\/09\/19\/udsh-braktise-bisedimet-albin-kurti-nuk-arrin-ti-bashkoje-shqiptaret\/#breadcrumb","itemListElement":[{"@type":"ListItem","position":1,"name":"UDSH braktis\u00eb bisedimet &#8211; Albin Kurti nuk arrin ti bashkoj\u00eb shqiptar\u00ebt"}]},{"@type":"Person","@id":"https:\/\/www.visit-ulcinj.com\/blog\/#\/schema\/person\/dcab619c614d3038751c63bc2aadc06d","name":"ulqini","sameAs":["http:\/\/www.visit-ulcinj.com"],"url":"https:\/\/www.visit-ulcinj.com\/blog\/author\/admin\/"}]}},"jetpack_featured_media_url":"","jetpack_sharing_enabled":true,"jetpack_shortlink":"https:\/\/wp.me\/pe6lTn-gAv","_links":{"self":[{"href":"https:\/\/www.visit-ulcinj.com\/blog\/wp-json\/wp\/v2\/posts\/63767"}],"collection":[{"href":"https:\/\/www.visit-ulcinj.com\/blog\/wp-json\/wp\/v2\/posts"}],"about":[{"href":"https:\/\/www.visit-ulcinj.com\/blog\/wp-json\/wp\/v2\/types\/post"}],"author":[{"embeddable":true,"href":"https:\/\/www.visit-ulcinj.com\/blog\/wp-json\/wp\/v2\/users\/1"}],"replies":[{"embeddable":true,"href":"https:\/\/www.visit-ulcinj.com\/blog\/wp-json\/wp\/v2\/comments?post=63767"}],"version-history":[{"count":12,"href":"https:\/\/www.visit-ulcinj.com\/blog\/wp-json\/wp\/v2\/posts\/63767\/revisions"}],"predecessor-version":[{"id":63836,"href":"https:\/\/www.visit-ulcinj.com\/blog\/wp-json\/wp\/v2\/posts\/63767\/revisions\/63836"}],"wp:attachment":[{"href":"https:\/\/www.visit-ulcinj.com\/blog\/wp-json\/wp\/v2\/media?parent=63767"}],"wp:term":[{"taxonomy":"category","embeddable":true,"href":"https:\/\/www.visit-ulcinj.com\/blog\/wp-json\/wp\/v2\/categories?post=63767"},{"taxonomy":"post_tag","embeddable":true,"href":"https:\/\/www.visit-ulcinj.com\/blog\/wp-json\/wp\/v2\/tags?post=63767"}],"curies":[{"name":"wp","href":"https:\/\/api.w.org\/{rel}","templated":true}]}}