{"id":6377,"date":"2008-11-19T13:58:46","date_gmt":"2008-11-19T18:58:46","guid":{"rendered":"http:\/\/www.visit-ulcinj.com\/blog\/?p=6377"},"modified":"2008-11-19T13:58:46","modified_gmt":"2008-11-19T18:58:46","slug":"irma-dhe-eranda-ne-lokal-deri-ne-oret-e-vona","status":"publish","type":"post","link":"https:\/\/www.visit-ulcinj.com\/blog\/2008\/11\/19\/irma-dhe-eranda-ne-lokal-deri-ne-oret-e-vona\/","title":{"rendered":"Irma dhe Eranda n\u00eb lokal deri n\u00eb or\u00ebt e vona&#8230;"},"content":{"rendered":"<p><a href=\"http:\/\/www.visit-ulcinj.com\/blog\/wp-content\/uploads\/2008\/11\/irma-dhe-eranda-libohova.jpg\"><img loading=\"lazy\" class=\"alignleft size-medium wp-image-6378\" title=\"irma-dhe-eranda-libohova\" src=\"http:\/\/www.visit-ulcinj.com\/blog\/wp-content\/uploads\/2008\/11\/irma-dhe-eranda-libohova-300x189.jpg\" alt=\"\" width=\"368\" height=\"232\" \/><\/a>N\u00eb pjes\u00ebn m\u00eb t\u00eb madhe t\u00eb rasteve pasditet i kalojn\u00eb bashk\u00eb. Nuk ndahen kollaj nga nj\u00ebra-tjetra. Bashk\u00eb i shohim n\u00eb koncerte dhe aktivitete t\u00eb ndryshme q\u00eb zhvillohen, ku rrall\u00eb her\u00eb ndodh q\u00eb t\u00eb mos jen\u00eb ftuar t\u00eb dyja. Bashk\u00eb i shohim edhe n\u00eb koncertet e shumta q\u00eb zhvillohen edhe jasht\u00eb vendit, n\u00eb vende ku ka emigrant\u00eb shqiptar\u00eb q\u00eb duan t\u00eb d\u00ebgjojn\u00eb muzik\u00ebn shqipe.<br \/>\nIrma dhe Eranda Libohova kan\u00eb qen\u00eb dy dit\u00eb m\u00eb par\u00eb n\u00eb nj\u00eb prej lokaleve luksoze n\u00eb Tiran\u00eb, pran\u00eb kullave binjake. T\u00eb veshura t\u00eb dyja bardh e zi, dy k\u00ebng\u00ebtaret motra kan\u00eb ndenjur gjat\u00eb n\u00eb lokal n\u00eb or\u00ebt e vona t\u00eb mbr\u00ebmjes nd\u00ebrsa t\u00ebrhiqnin v\u00ebmendjen e shum\u00eb t\u00eb rinjve q\u00eb kalonin aty. Pija e tyre e preferuar ka qen\u00eb si gjithmon\u00eb l\u00ebngu i frutave t\u00eb cilin nuk e ndajn\u00eb asnj\u00ebher\u00eb ku m\u00eb pas me to jan\u00eb bashkuar edhe dy mikesha t\u00eb tjera. Irma dhe Eranda kan\u00eb edhe nj\u00eb mot\u00ebr tjet\u00ebr, me t\u00eb cil\u00ebn shihen m\u00eb rrall\u00eb, kjo p\u00ebr vet\u00eb faktin se bashk\u00eb i lidh ana profesionale.<\/p>\n<p><strong>Bluetooth<\/strong><\/p>\n<!--YouTube Error: bad URL entered-->\n","protected":false},"excerpt":{"rendered":"<p>N\u00eb pjes\u00ebn m\u00eb t\u00eb madhe t\u00eb rasteve pasditet i kalojn\u00eb bashk\u00eb. Nuk ndahen kollaj nga nj\u00ebra-tjetra. Bashk\u00eb i shohim n\u00eb koncerte dhe aktivitete t\u00eb ndryshme q\u00eb zhvillohen, ku rrall\u00eb her\u00eb ndodh q\u00eb t\u00eb mos jen\u00eb ftuar t\u00eb dyja. Bashk\u00eb i shohim edhe n\u00eb koncertet e shumta q\u00eb zhvillohen edhe jasht\u00eb vendit, n\u00eb vende ku ka [&hellip;]<\/p>\n","protected":false},"author":1,"featured_media":0,"comment_status":"open","ping_status":"closed","sticky":false,"template":"","format":"standard","meta":{"spay_email":"","jetpack_publicize_message":"","jetpack_is_tweetstorm":false,"jetpack_publicize_feature_enabled":true},"categories":[1],"tags":[5096],"jetpack_publicize_connections":[],"yoast_head":"<!-- This site is optimized with the Yoast SEO plugin v19.1 - https:\/\/yoast.com\/wordpress\/plugins\/seo\/ -->\n<title>Irma dhe Eranda n\u00eb lokal deri n\u00eb or\u00ebt e vona... - Lajme nga Ulqini<\/title>\n<meta name=\"description\" content=\"N\u00eb pjes\u00ebn m\u00eb t\u00eb madhe t\u00eb rasteve pasditet i kalojn\u00eb bashk\u00eb. Nuk ndahen kollaj nga nj\u00ebra-tjetra. Bashk\u00eb i shohim n\u00eb koncerte dhe aktivitete t\u00eb ndryshme q\u00eb\" \/>\n<meta name=\"robots\" content=\"index, follow, max-snippet:-1, max-image-preview:large, max-video-preview:-1\" \/>\n<link rel=\"canonical\" href=\"https:\/\/www.visit-ulcinj.com\/blog\/2008\/11\/19\/irma-dhe-eranda-ne-lokal-deri-ne-oret-e-vona\/\" \/>\n<meta property=\"og:locale\" content=\"en_US\" \/>\n<meta property=\"og:type\" content=\"article\" \/>\n<meta property=\"og:title\" content=\"Irma dhe Eranda n\u00eb lokal deri n\u00eb or\u00ebt e vona... - Lajme nga Ulqini\" \/>\n<meta property=\"og:description\" content=\"N\u00eb pjes\u00ebn m\u00eb t\u00eb madhe t\u00eb rasteve pasditet i kalojn\u00eb bashk\u00eb. Nuk ndahen kollaj nga nj\u00ebra-tjetra. Bashk\u00eb i shohim n\u00eb koncerte dhe aktivitete t\u00eb ndryshme q\u00eb\" \/>\n<meta property=\"og:url\" content=\"https:\/\/www.visit-ulcinj.com\/blog\/2008\/11\/19\/irma-dhe-eranda-ne-lokal-deri-ne-oret-e-vona\/\" \/>\n<meta property=\"og:site_name\" content=\"Lajme nga Ulqini\" \/>\n<meta property=\"article:published_time\" content=\"2008-11-19T18:58:46+00:00\" \/>\n<meta property=\"og:image\" content=\"http:\/\/www.visit-ulcinj.com\/blog\/wp-content\/uploads\/2008\/11\/irma-dhe-eranda-libohova-300x189.jpg\" \/>\n<meta name=\"twitter:label1\" content=\"Written by\" \/>\n\t<meta name=\"twitter:data1\" content=\"ulqini\" \/>\n\t<meta name=\"twitter:label2\" content=\"Est. reading time\" \/>\n\t<meta name=\"twitter:data2\" content=\"1 minute\" \/>\n<script type=\"application\/ld+json\" class=\"yoast-schema-graph\">{\"@context\":\"https:\/\/schema.org\",\"@graph\":[{\"@type\":\"WebSite\",\"@id\":\"https:\/\/www.visit-ulcinj.com\/blog\/#website\",\"url\":\"https:\/\/www.visit-ulcinj.com\/blog\/\",\"name\":\"Lajme nga Ulqini\",\"description\":\"Lajme,Vijesti,Ulqini,Ulqin,Crna Gora,Mali i Zi\",\"potentialAction\":[{\"@type\":\"SearchAction\",\"target\":{\"@type\":\"EntryPoint\",\"urlTemplate\":\"https:\/\/www.visit-ulcinj.com\/blog\/?s={search_term_string}\"},\"query-input\":\"required name=search_term_string\"}],\"inLanguage\":\"en-US\"},{\"@type\":\"ImageObject\",\"inLanguage\":\"en-US\",\"@id\":\"https:\/\/www.visit-ulcinj.com\/blog\/2008\/11\/19\/irma-dhe-eranda-ne-lokal-deri-ne-oret-e-vona\/#primaryimage\",\"url\":\"http:\/\/www.visit-ulcinj.com\/blog\/wp-content\/uploads\/2008\/11\/irma-dhe-eranda-libohova-300x189.jpg\",\"contentUrl\":\"http:\/\/www.visit-ulcinj.com\/blog\/wp-content\/uploads\/2008\/11\/irma-dhe-eranda-libohova-300x189.jpg\"},{\"@type\":\"WebPage\",\"@id\":\"https:\/\/www.visit-ulcinj.com\/blog\/2008\/11\/19\/irma-dhe-eranda-ne-lokal-deri-ne-oret-e-vona\/#webpage\",\"url\":\"https:\/\/www.visit-ulcinj.com\/blog\/2008\/11\/19\/irma-dhe-eranda-ne-lokal-deri-ne-oret-e-vona\/\",\"name\":\"Irma dhe Eranda n\u00eb lokal deri n\u00eb or\u00ebt e vona... - Lajme nga Ulqini\",\"isPartOf\":{\"@id\":\"https:\/\/www.visit-ulcinj.com\/blog\/#website\"},\"primaryImageOfPage\":{\"@id\":\"https:\/\/www.visit-ulcinj.com\/blog\/2008\/11\/19\/irma-dhe-eranda-ne-lokal-deri-ne-oret-e-vona\/#primaryimage\"},\"datePublished\":\"2008-11-19T18:58:46+00:00\",\"dateModified\":\"2008-11-19T18:58:46+00:00\",\"author\":{\"@id\":\"https:\/\/www.visit-ulcinj.com\/blog\/#\/schema\/person\/dcab619c614d3038751c63bc2aadc06d\"},\"description\":\"N\u00eb pjes\u00ebn m\u00eb t\u00eb madhe t\u00eb rasteve pasditet i kalojn\u00eb bashk\u00eb. Nuk ndahen kollaj nga nj\u00ebra-tjetra. Bashk\u00eb i shohim n\u00eb koncerte dhe aktivitete t\u00eb ndryshme q\u00eb\",\"breadcrumb\":{\"@id\":\"https:\/\/www.visit-ulcinj.com\/blog\/2008\/11\/19\/irma-dhe-eranda-ne-lokal-deri-ne-oret-e-vona\/#breadcrumb\"},\"inLanguage\":\"en-US\",\"potentialAction\":[{\"@type\":\"ReadAction\",\"target\":[\"https:\/\/www.visit-ulcinj.com\/blog\/2008\/11\/19\/irma-dhe-eranda-ne-lokal-deri-ne-oret-e-vona\/\"]}]},{\"@type\":\"BreadcrumbList\",\"@id\":\"https:\/\/www.visit-ulcinj.com\/blog\/2008\/11\/19\/irma-dhe-eranda-ne-lokal-deri-ne-oret-e-vona\/#breadcrumb\",\"itemListElement\":[{\"@type\":\"ListItem\",\"position\":1,\"name\":\"Irma dhe Eranda n\u00eb lokal deri n\u00eb or\u00ebt e vona&#8230;\"}]},{\"@type\":\"Person\",\"@id\":\"https:\/\/www.visit-ulcinj.com\/blog\/#\/schema\/person\/dcab619c614d3038751c63bc2aadc06d\",\"name\":\"ulqini\",\"sameAs\":[\"http:\/\/www.visit-ulcinj.com\"],\"url\":\"https:\/\/www.visit-ulcinj.com\/blog\/author\/admin\/\"}]}<\/script>\n<!-- \/ Yoast SEO plugin. -->","yoast_head_json":{"title":"Irma dhe Eranda n\u00eb lokal deri n\u00eb or\u00ebt e vona... - Lajme nga Ulqini","description":"N\u00eb pjes\u00ebn m\u00eb t\u00eb madhe t\u00eb rasteve pasditet i kalojn\u00eb bashk\u00eb. Nuk ndahen kollaj nga nj\u00ebra-tjetra. Bashk\u00eb i shohim n\u00eb koncerte dhe aktivitete t\u00eb ndryshme q\u00eb","robots":{"index":"index","follow":"follow","max-snippet":"max-snippet:-1","max-image-preview":"max-image-preview:large","max-video-preview":"max-video-preview:-1"},"canonical":"https:\/\/www.visit-ulcinj.com\/blog\/2008\/11\/19\/irma-dhe-eranda-ne-lokal-deri-ne-oret-e-vona\/","og_locale":"en_US","og_type":"article","og_title":"Irma dhe Eranda n\u00eb lokal deri n\u00eb or\u00ebt e vona... - Lajme nga Ulqini","og_description":"N\u00eb pjes\u00ebn m\u00eb t\u00eb madhe t\u00eb rasteve pasditet i kalojn\u00eb bashk\u00eb. Nuk ndahen kollaj nga nj\u00ebra-tjetra. Bashk\u00eb i shohim n\u00eb koncerte dhe aktivitete t\u00eb ndryshme q\u00eb","og_url":"https:\/\/www.visit-ulcinj.com\/blog\/2008\/11\/19\/irma-dhe-eranda-ne-lokal-deri-ne-oret-e-vona\/","og_site_name":"Lajme nga Ulqini","article_published_time":"2008-11-19T18:58:46+00:00","og_image":[{"url":"http:\/\/www.visit-ulcinj.com\/blog\/wp-content\/uploads\/2008\/11\/irma-dhe-eranda-libohova-300x189.jpg"}],"twitter_misc":{"Written by":"ulqini","Est. reading time":"1 minute"},"schema":{"@context":"https:\/\/schema.org","@graph":[{"@type":"WebSite","@id":"https:\/\/www.visit-ulcinj.com\/blog\/#website","url":"https:\/\/www.visit-ulcinj.com\/blog\/","name":"Lajme nga Ulqini","description":"Lajme,Vijesti,Ulqini,Ulqin,Crna Gora,Mali i Zi","potentialAction":[{"@type":"SearchAction","target":{"@type":"EntryPoint","urlTemplate":"https:\/\/www.visit-ulcinj.com\/blog\/?s={search_term_string}"},"query-input":"required name=search_term_string"}],"inLanguage":"en-US"},{"@type":"ImageObject","inLanguage":"en-US","@id":"https:\/\/www.visit-ulcinj.com\/blog\/2008\/11\/19\/irma-dhe-eranda-ne-lokal-deri-ne-oret-e-vona\/#primaryimage","url":"http:\/\/www.visit-ulcinj.com\/blog\/wp-content\/uploads\/2008\/11\/irma-dhe-eranda-libohova-300x189.jpg","contentUrl":"http:\/\/www.visit-ulcinj.com\/blog\/wp-content\/uploads\/2008\/11\/irma-dhe-eranda-libohova-300x189.jpg"},{"@type":"WebPage","@id":"https:\/\/www.visit-ulcinj.com\/blog\/2008\/11\/19\/irma-dhe-eranda-ne-lokal-deri-ne-oret-e-vona\/#webpage","url":"https:\/\/www.visit-ulcinj.com\/blog\/2008\/11\/19\/irma-dhe-eranda-ne-lokal-deri-ne-oret-e-vona\/","name":"Irma dhe Eranda n\u00eb lokal deri n\u00eb or\u00ebt e vona... - Lajme nga Ulqini","isPartOf":{"@id":"https:\/\/www.visit-ulcinj.com\/blog\/#website"},"primaryImageOfPage":{"@id":"https:\/\/www.visit-ulcinj.com\/blog\/2008\/11\/19\/irma-dhe-eranda-ne-lokal-deri-ne-oret-e-vona\/#primaryimage"},"datePublished":"2008-11-19T18:58:46+00:00","dateModified":"2008-11-19T18:58:46+00:00","author":{"@id":"https:\/\/www.visit-ulcinj.com\/blog\/#\/schema\/person\/dcab619c614d3038751c63bc2aadc06d"},"description":"N\u00eb pjes\u00ebn m\u00eb t\u00eb madhe t\u00eb rasteve pasditet i kalojn\u00eb bashk\u00eb. Nuk ndahen kollaj nga nj\u00ebra-tjetra. Bashk\u00eb i shohim n\u00eb koncerte dhe aktivitete t\u00eb ndryshme q\u00eb","breadcrumb":{"@id":"https:\/\/www.visit-ulcinj.com\/blog\/2008\/11\/19\/irma-dhe-eranda-ne-lokal-deri-ne-oret-e-vona\/#breadcrumb"},"inLanguage":"en-US","potentialAction":[{"@type":"ReadAction","target":["https:\/\/www.visit-ulcinj.com\/blog\/2008\/11\/19\/irma-dhe-eranda-ne-lokal-deri-ne-oret-e-vona\/"]}]},{"@type":"BreadcrumbList","@id":"https:\/\/www.visit-ulcinj.com\/blog\/2008\/11\/19\/irma-dhe-eranda-ne-lokal-deri-ne-oret-e-vona\/#breadcrumb","itemListElement":[{"@type":"ListItem","position":1,"name":"Irma dhe Eranda n\u00eb lokal deri n\u00eb or\u00ebt e vona&#8230;"}]},{"@type":"Person","@id":"https:\/\/www.visit-ulcinj.com\/blog\/#\/schema\/person\/dcab619c614d3038751c63bc2aadc06d","name":"ulqini","sameAs":["http:\/\/www.visit-ulcinj.com"],"url":"https:\/\/www.visit-ulcinj.com\/blog\/author\/admin\/"}]}},"jetpack_featured_media_url":"","jetpack_sharing_enabled":true,"jetpack_shortlink":"https:\/\/wp.me\/pe6lTn-1ER","_links":{"self":[{"href":"https:\/\/www.visit-ulcinj.com\/blog\/wp-json\/wp\/v2\/posts\/6377"}],"collection":[{"href":"https:\/\/www.visit-ulcinj.com\/blog\/wp-json\/wp\/v2\/posts"}],"about":[{"href":"https:\/\/www.visit-ulcinj.com\/blog\/wp-json\/wp\/v2\/types\/post"}],"author":[{"embeddable":true,"href":"https:\/\/www.visit-ulcinj.com\/blog\/wp-json\/wp\/v2\/users\/1"}],"replies":[{"embeddable":true,"href":"https:\/\/www.visit-ulcinj.com\/blog\/wp-json\/wp\/v2\/comments?post=6377"}],"version-history":[{"count":0,"href":"https:\/\/www.visit-ulcinj.com\/blog\/wp-json\/wp\/v2\/posts\/6377\/revisions"}],"wp:attachment":[{"href":"https:\/\/www.visit-ulcinj.com\/blog\/wp-json\/wp\/v2\/media?parent=6377"}],"wp:term":[{"taxonomy":"category","embeddable":true,"href":"https:\/\/www.visit-ulcinj.com\/blog\/wp-json\/wp\/v2\/categories?post=6377"},{"taxonomy":"post_tag","embeddable":true,"href":"https:\/\/www.visit-ulcinj.com\/blog\/wp-json\/wp\/v2\/tags?post=6377"}],"curies":[{"name":"wp","href":"https:\/\/api.w.org\/{rel}","templated":true}]}}