{"id":63773,"date":"2012-09-19T13:06:51","date_gmt":"2012-09-19T12:06:51","guid":{"rendered":"http:\/\/www.visit-ulcinj.com\/blog\/?p=63773"},"modified":"2012-09-19T13:06:51","modified_gmt":"2012-09-19T12:06:51","slug":"galip-beqiri-takoi-homolgun-e-tij-shqiptar-ne-mal-te-zi","status":"publish","type":"post","link":"https:\/\/www.visit-ulcinj.com\/blog\/2012\/09\/19\/galip-beqiri-takoi-homolgun-e-tij-shqiptar-ne-mal-te-zi\/","title":{"rendered":"GALIP BEQIRI TAKOI HOMOLGUN E TIJ SHQIPTAR N\u00cb MAL T\u00cb ZI"},"content":{"rendered":"<p><a href=\"http:\/\/www.visit-ulcinj.com\/blog\/wp-content\/uploads\/2012\/09\/nazif-cungu-GALIP-BEQIRI.jpg\"><img loading=\"lazy\" class=\"alignleft  wp-image-63774\" title=\"nazif cungu-GALIP BEQIRI\" src=\"http:\/\/www.visit-ulcinj.com\/blog\/wp-content\/uploads\/2012\/09\/nazif-cungu-GALIP-BEQIRI-1024x682.jpg\" alt=\"\" width=\"508\" height=\"360\" \/><\/a>N\u00eb dy takimet e ndara, kryesisht u biseduan m\u00ebnyrat e bashklpunimit dhe intensifikimin e lidhjeve t\u00eb nd\u00ebrsjella nga se si shqiptar\u00ebt n\u00eb Malin e zi dhe ata n\u00eb Lugin\u00ebn e Preshev\u00ebs, e posa\u00e7\u00ebrisht k\u00ebta t\u00eb fundit, jan\u00eb n\u00eb pozit\u00ebn m\u00eb t\u00eb pa favorshme si dhe n\u00eb represionin e vazhduesh\u00ebm t\u00eb aparatit shtet\u00ebror.<\/p>\n<p>Kryetari i K\u00ebshillit Nacional i Shqiptar\u00ebve n\u00eb Malin e Zi, Tahir Tahiri n\u00eb k\u00ebt\u00eb takim vllez\u00ebror theksoi se k\u00ebt\u00eb jan\u00eb hapat e par\u00eb t\u00eb intensifikimit t\u00eb bashkpunimit me K\u00ebshillin Komb\u00ebtar Shqiptar. Ai m\u00eb tej ngriti \u00e7\u00ebshtjet e r ruajtjes s\u00eb identitetit komb\u00ebtar, shprehur shqet\u00ebsimet n\u00eb mbrojtjen e t\u00eb mirave kulturore, zhvillimin e veprimtaris\u00eb kulturore dhe objektet me r\u00ebnd\u00ebsi p\u00ebr zhvillimin e kultur\u00ebs , gjithashtu n\u00eb l\u00ebmin e arsimit dhe informimit. Kryetari i K\u00ebshilli Komb\u00ebtar Shqiptar Beqiri theksoi se \u201cjet\u00ebsimi i institucioneve t\u00eb kultur\u00ebs s\u00eb Shqiptar\u00ebve n\u00eb Lugin\u00ebn e Preshev\u00ebs \u00ebsht\u00eb nj\u00eb nga \u00e7\u00ebshtjet nga m\u00eb t\u00eb r\u00ebnd\u00ebsishmet. Shqiptar\u00ebt e k\u00ebtyre \u00a0trevave, ma shum\u00eb se gjith\u00eb\u00e7ka, kan\u00eb nevoj\u00eb t\u00eb vendosen n\u00eb raporte partneriteti dhe fundamentimin e k\u00ebrkesave t\u00eb p\u00ebrbashk\u00ebta ndaj shtetit am\u00eb p\u00ebr \u00e7\u00ebshtjet m\u00eb senzibile.<br \/>\n<a href=\"http:\/\/www.visit-ulcinj.com\/blog\/wp-content\/uploads\/2012\/09\/Galip-Beqiri-Tahir-Tahiri.jpg\"><img loading=\"lazy\" class=\"alignleft  wp-image-63775\" title=\"Galip Beqiri - Tahir Tahiri\" src=\"http:\/\/www.visit-ulcinj.com\/blog\/wp-content\/uploads\/2012\/09\/Galip-Beqiri-Tahir-Tahiri.jpg\" alt=\"\" width=\"508\" height=\"300\" \/><\/a><\/p>\n<p>Nd\u00ebrkaq n\u00eb takimin tjet\u00ebr me kryetarin e Komun\u00ebs s\u00eb Ulqinit, Nazif Cungu shprehu knaq\u00ebsin p\u00ebr k\u00ebt\u00eb takim dhe theksoj nevoj\u00ebn e krijimit t\u00eb rrug\u00ebve alternative t\u00eb bashkpunimit nd\u00ebrshqiptar e posa\u00e7\u00ebrisht me institucionet komunale t\u00eb Preshev\u00ebs, Bujanocit dhe Medvegj\u00ebs. Ndon\u00ebse, Beqiri vlersoi lart potencialet e Ulqinit du shprehur gadishm\u00ebrin p\u00ebr t\u00eb intensifikuar bashkpunimin p\u00ebr \u00e7\u00ebshtjet me r\u00ebnd\u00ebsi komb\u00ebtare.<\/p>\n<p>Nga takimet \u00ebsht\u00eb dal\u00eb me konkludime t\u00eb p\u00ebrbashk\u00ebta se \u00ebsht\u00eb momenti i fundit q\u00eb shqiptar\u00ebt nga t\u00eb gjitha trojet t\u00eb intensifikojn\u00eb bashkpunimit dhe inkurajojn institucionet n\u00eb ruajtjen e identitetit komb\u00ebtar si dhe k\u00ebrkes\u00ebn p\u00ebr nj\u00eb rol\u00eb m\u00eb potent nga shteti am\u00eb Shqip\u00ebria.<\/p>\n<p>PreshevaJone<\/p>\n","protected":false},"excerpt":{"rendered":"<p>N\u00eb dy takimet e ndara, kryesisht u biseduan m\u00ebnyrat e bashklpunimit dhe intensifikimin e lidhjeve t\u00eb nd\u00ebrsjella nga se si shqiptar\u00ebt n\u00eb Malin e zi dhe ata n\u00eb Lugin\u00ebn e Preshev\u00ebs, e posa\u00e7\u00ebrisht k\u00ebta t\u00eb fundit, jan\u00eb n\u00eb pozit\u00ebn m\u00eb t\u00eb pa favorshme si dhe n\u00eb represionin e vazhduesh\u00ebm t\u00eb aparatit shtet\u00ebror. Kryetari i K\u00ebshillit [&hellip;]<\/p>\n","protected":false},"author":1,"featured_media":0,"comment_status":"open","ping_status":"closed","sticky":false,"template":"","format":"standard","meta":{"spay_email":"","jetpack_publicize_message":"","jetpack_is_tweetstorm":false,"jetpack_publicize_feature_enabled":true},"categories":[8],"tags":[200],"jetpack_publicize_connections":[],"yoast_head":"<!-- This site is optimized with the Yoast SEO plugin v19.1 - https:\/\/yoast.com\/wordpress\/plugins\/seo\/ -->\n<title>GALIP BEQIRI TAKOI HOMOLGUN E TIJ SHQIPTAR N\u00cb MAL T\u00cb ZI - Lajme nga Ulqini<\/title>\n<meta name=\"description\" content=\"N\u00eb dy takimet e ndara, kryesisht u biseduan m\u00ebnyrat e bashklpunimit dhe intensifikimin e lidhjeve t\u00eb nd\u00ebrsjella nga se si shqiptar\u00ebt n\u00eb Malin e zi dhe ata\" \/>\n<meta name=\"robots\" content=\"index, follow, max-snippet:-1, max-image-preview:large, max-video-preview:-1\" \/>\n<link rel=\"canonical\" href=\"https:\/\/www.visit-ulcinj.com\/blog\/2012\/09\/19\/galip-beqiri-takoi-homolgun-e-tij-shqiptar-ne-mal-te-zi\/\" \/>\n<meta property=\"og:locale\" content=\"en_US\" \/>\n<meta property=\"og:type\" content=\"article\" \/>\n<meta property=\"og:title\" content=\"GALIP BEQIRI TAKOI HOMOLGUN E TIJ SHQIPTAR N\u00cb MAL T\u00cb ZI - Lajme nga Ulqini\" \/>\n<meta property=\"og:description\" content=\"N\u00eb dy takimet e ndara, kryesisht u biseduan m\u00ebnyrat e bashklpunimit dhe intensifikimin e lidhjeve t\u00eb nd\u00ebrsjella nga se si shqiptar\u00ebt n\u00eb Malin e zi dhe ata\" \/>\n<meta property=\"og:url\" content=\"https:\/\/www.visit-ulcinj.com\/blog\/2012\/09\/19\/galip-beqiri-takoi-homolgun-e-tij-shqiptar-ne-mal-te-zi\/\" \/>\n<meta property=\"og:site_name\" content=\"Lajme nga Ulqini\" \/>\n<meta property=\"article:published_time\" content=\"2012-09-19T12:06:51+00:00\" \/>\n<meta property=\"og:image\" content=\"http:\/\/www.visit-ulcinj.com\/blog\/wp-content\/uploads\/2012\/09\/nazif-cungu-GALIP-BEQIRI-1024x682.jpg\" \/>\n<meta name=\"twitter:label1\" content=\"Written by\" \/>\n\t<meta name=\"twitter:data1\" content=\"ulqini\" \/>\n\t<meta name=\"twitter:label2\" content=\"Est. reading time\" \/>\n\t<meta name=\"twitter:data2\" content=\"2 minutes\" \/>\n<script type=\"application\/ld+json\" class=\"yoast-schema-graph\">{\"@context\":\"https:\/\/schema.org\",\"@graph\":[{\"@type\":\"WebSite\",\"@id\":\"https:\/\/www.visit-ulcinj.com\/blog\/#website\",\"url\":\"https:\/\/www.visit-ulcinj.com\/blog\/\",\"name\":\"Lajme nga Ulqini\",\"description\":\"Lajme,Vijesti,Ulqini,Ulqin,Crna Gora,Mali i Zi\",\"potentialAction\":[{\"@type\":\"SearchAction\",\"target\":{\"@type\":\"EntryPoint\",\"urlTemplate\":\"https:\/\/www.visit-ulcinj.com\/blog\/?s={search_term_string}\"},\"query-input\":\"required name=search_term_string\"}],\"inLanguage\":\"en-US\"},{\"@type\":\"ImageObject\",\"inLanguage\":\"en-US\",\"@id\":\"https:\/\/www.visit-ulcinj.com\/blog\/2012\/09\/19\/galip-beqiri-takoi-homolgun-e-tij-shqiptar-ne-mal-te-zi\/#primaryimage\",\"url\":\"https:\/\/www.visit-ulcinj.com\/blog\/wp-content\/uploads\/2012\/09\/nazif-cungu-GALIP-BEQIRI.jpg\",\"contentUrl\":\"https:\/\/www.visit-ulcinj.com\/blog\/wp-content\/uploads\/2012\/09\/nazif-cungu-GALIP-BEQIRI.jpg\",\"width\":\"3888\",\"height\":\"2592\"},{\"@type\":\"WebPage\",\"@id\":\"https:\/\/www.visit-ulcinj.com\/blog\/2012\/09\/19\/galip-beqiri-takoi-homolgun-e-tij-shqiptar-ne-mal-te-zi\/#webpage\",\"url\":\"https:\/\/www.visit-ulcinj.com\/blog\/2012\/09\/19\/galip-beqiri-takoi-homolgun-e-tij-shqiptar-ne-mal-te-zi\/\",\"name\":\"GALIP BEQIRI TAKOI HOMOLGUN E TIJ SHQIPTAR N\u00cb MAL T\u00cb ZI - Lajme nga Ulqini\",\"isPartOf\":{\"@id\":\"https:\/\/www.visit-ulcinj.com\/blog\/#website\"},\"primaryImageOfPage\":{\"@id\":\"https:\/\/www.visit-ulcinj.com\/blog\/2012\/09\/19\/galip-beqiri-takoi-homolgun-e-tij-shqiptar-ne-mal-te-zi\/#primaryimage\"},\"datePublished\":\"2012-09-19T12:06:51+00:00\",\"dateModified\":\"2012-09-19T12:06:51+00:00\",\"author\":{\"@id\":\"https:\/\/www.visit-ulcinj.com\/blog\/#\/schema\/person\/dcab619c614d3038751c63bc2aadc06d\"},\"description\":\"N\u00eb dy takimet e ndara, kryesisht u biseduan m\u00ebnyrat e bashklpunimit dhe intensifikimin e lidhjeve t\u00eb nd\u00ebrsjella nga se si shqiptar\u00ebt n\u00eb Malin e zi dhe ata\",\"breadcrumb\":{\"@id\":\"https:\/\/www.visit-ulcinj.com\/blog\/2012\/09\/19\/galip-beqiri-takoi-homolgun-e-tij-shqiptar-ne-mal-te-zi\/#breadcrumb\"},\"inLanguage\":\"en-US\",\"potentialAction\":[{\"@type\":\"ReadAction\",\"target\":[\"https:\/\/www.visit-ulcinj.com\/blog\/2012\/09\/19\/galip-beqiri-takoi-homolgun-e-tij-shqiptar-ne-mal-te-zi\/\"]}]},{\"@type\":\"BreadcrumbList\",\"@id\":\"https:\/\/www.visit-ulcinj.com\/blog\/2012\/09\/19\/galip-beqiri-takoi-homolgun-e-tij-shqiptar-ne-mal-te-zi\/#breadcrumb\",\"itemListElement\":[{\"@type\":\"ListItem\",\"position\":1,\"name\":\"GALIP BEQIRI TAKOI HOMOLGUN E TIJ SHQIPTAR N\u00cb MAL T\u00cb ZI\"}]},{\"@type\":\"Person\",\"@id\":\"https:\/\/www.visit-ulcinj.com\/blog\/#\/schema\/person\/dcab619c614d3038751c63bc2aadc06d\",\"name\":\"ulqini\",\"sameAs\":[\"http:\/\/www.visit-ulcinj.com\"],\"url\":\"https:\/\/www.visit-ulcinj.com\/blog\/author\/admin\/\"}]}<\/script>\n<!-- \/ Yoast SEO plugin. -->","yoast_head_json":{"title":"GALIP BEQIRI TAKOI HOMOLGUN E TIJ SHQIPTAR N\u00cb MAL T\u00cb ZI - Lajme nga Ulqini","description":"N\u00eb dy takimet e ndara, kryesisht u biseduan m\u00ebnyrat e bashklpunimit dhe intensifikimin e lidhjeve t\u00eb nd\u00ebrsjella nga se si shqiptar\u00ebt n\u00eb Malin e zi dhe ata","robots":{"index":"index","follow":"follow","max-snippet":"max-snippet:-1","max-image-preview":"max-image-preview:large","max-video-preview":"max-video-preview:-1"},"canonical":"https:\/\/www.visit-ulcinj.com\/blog\/2012\/09\/19\/galip-beqiri-takoi-homolgun-e-tij-shqiptar-ne-mal-te-zi\/","og_locale":"en_US","og_type":"article","og_title":"GALIP BEQIRI TAKOI HOMOLGUN E TIJ SHQIPTAR N\u00cb MAL T\u00cb ZI - Lajme nga Ulqini","og_description":"N\u00eb dy takimet e ndara, kryesisht u biseduan m\u00ebnyrat e bashklpunimit dhe intensifikimin e lidhjeve t\u00eb nd\u00ebrsjella nga se si shqiptar\u00ebt n\u00eb Malin e zi dhe ata","og_url":"https:\/\/www.visit-ulcinj.com\/blog\/2012\/09\/19\/galip-beqiri-takoi-homolgun-e-tij-shqiptar-ne-mal-te-zi\/","og_site_name":"Lajme nga Ulqini","article_published_time":"2012-09-19T12:06:51+00:00","og_image":[{"url":"http:\/\/www.visit-ulcinj.com\/blog\/wp-content\/uploads\/2012\/09\/nazif-cungu-GALIP-BEQIRI-1024x682.jpg"}],"twitter_misc":{"Written by":"ulqini","Est. reading time":"2 minutes"},"schema":{"@context":"https:\/\/schema.org","@graph":[{"@type":"WebSite","@id":"https:\/\/www.visit-ulcinj.com\/blog\/#website","url":"https:\/\/www.visit-ulcinj.com\/blog\/","name":"Lajme nga Ulqini","description":"Lajme,Vijesti,Ulqini,Ulqin,Crna Gora,Mali i Zi","potentialAction":[{"@type":"SearchAction","target":{"@type":"EntryPoint","urlTemplate":"https:\/\/www.visit-ulcinj.com\/blog\/?s={search_term_string}"},"query-input":"required name=search_term_string"}],"inLanguage":"en-US"},{"@type":"ImageObject","inLanguage":"en-US","@id":"https:\/\/www.visit-ulcinj.com\/blog\/2012\/09\/19\/galip-beqiri-takoi-homolgun-e-tij-shqiptar-ne-mal-te-zi\/#primaryimage","url":"https:\/\/www.visit-ulcinj.com\/blog\/wp-content\/uploads\/2012\/09\/nazif-cungu-GALIP-BEQIRI.jpg","contentUrl":"https:\/\/www.visit-ulcinj.com\/blog\/wp-content\/uploads\/2012\/09\/nazif-cungu-GALIP-BEQIRI.jpg","width":"3888","height":"2592"},{"@type":"WebPage","@id":"https:\/\/www.visit-ulcinj.com\/blog\/2012\/09\/19\/galip-beqiri-takoi-homolgun-e-tij-shqiptar-ne-mal-te-zi\/#webpage","url":"https:\/\/www.visit-ulcinj.com\/blog\/2012\/09\/19\/galip-beqiri-takoi-homolgun-e-tij-shqiptar-ne-mal-te-zi\/","name":"GALIP BEQIRI TAKOI HOMOLGUN E TIJ SHQIPTAR N\u00cb MAL T\u00cb ZI - Lajme nga Ulqini","isPartOf":{"@id":"https:\/\/www.visit-ulcinj.com\/blog\/#website"},"primaryImageOfPage":{"@id":"https:\/\/www.visit-ulcinj.com\/blog\/2012\/09\/19\/galip-beqiri-takoi-homolgun-e-tij-shqiptar-ne-mal-te-zi\/#primaryimage"},"datePublished":"2012-09-19T12:06:51+00:00","dateModified":"2012-09-19T12:06:51+00:00","author":{"@id":"https:\/\/www.visit-ulcinj.com\/blog\/#\/schema\/person\/dcab619c614d3038751c63bc2aadc06d"},"description":"N\u00eb dy takimet e ndara, kryesisht u biseduan m\u00ebnyrat e bashklpunimit dhe intensifikimin e lidhjeve t\u00eb nd\u00ebrsjella nga se si shqiptar\u00ebt n\u00eb Malin e zi dhe ata","breadcrumb":{"@id":"https:\/\/www.visit-ulcinj.com\/blog\/2012\/09\/19\/galip-beqiri-takoi-homolgun-e-tij-shqiptar-ne-mal-te-zi\/#breadcrumb"},"inLanguage":"en-US","potentialAction":[{"@type":"ReadAction","target":["https:\/\/www.visit-ulcinj.com\/blog\/2012\/09\/19\/galip-beqiri-takoi-homolgun-e-tij-shqiptar-ne-mal-te-zi\/"]}]},{"@type":"BreadcrumbList","@id":"https:\/\/www.visit-ulcinj.com\/blog\/2012\/09\/19\/galip-beqiri-takoi-homolgun-e-tij-shqiptar-ne-mal-te-zi\/#breadcrumb","itemListElement":[{"@type":"ListItem","position":1,"name":"GALIP BEQIRI TAKOI HOMOLGUN E TIJ SHQIPTAR N\u00cb MAL T\u00cb ZI"}]},{"@type":"Person","@id":"https:\/\/www.visit-ulcinj.com\/blog\/#\/schema\/person\/dcab619c614d3038751c63bc2aadc06d","name":"ulqini","sameAs":["http:\/\/www.visit-ulcinj.com"],"url":"https:\/\/www.visit-ulcinj.com\/blog\/author\/admin\/"}]}},"jetpack_featured_media_url":"","jetpack_sharing_enabled":true,"jetpack_shortlink":"https:\/\/wp.me\/pe6lTn-gAB","_links":{"self":[{"href":"https:\/\/www.visit-ulcinj.com\/blog\/wp-json\/wp\/v2\/posts\/63773"}],"collection":[{"href":"https:\/\/www.visit-ulcinj.com\/blog\/wp-json\/wp\/v2\/posts"}],"about":[{"href":"https:\/\/www.visit-ulcinj.com\/blog\/wp-json\/wp\/v2\/types\/post"}],"author":[{"embeddable":true,"href":"https:\/\/www.visit-ulcinj.com\/blog\/wp-json\/wp\/v2\/users\/1"}],"replies":[{"embeddable":true,"href":"https:\/\/www.visit-ulcinj.com\/blog\/wp-json\/wp\/v2\/comments?post=63773"}],"version-history":[{"count":1,"href":"https:\/\/www.visit-ulcinj.com\/blog\/wp-json\/wp\/v2\/posts\/63773\/revisions"}],"predecessor-version":[{"id":63776,"href":"https:\/\/www.visit-ulcinj.com\/blog\/wp-json\/wp\/v2\/posts\/63773\/revisions\/63776"}],"wp:attachment":[{"href":"https:\/\/www.visit-ulcinj.com\/blog\/wp-json\/wp\/v2\/media?parent=63773"}],"wp:term":[{"taxonomy":"category","embeddable":true,"href":"https:\/\/www.visit-ulcinj.com\/blog\/wp-json\/wp\/v2\/categories?post=63773"},{"taxonomy":"post_tag","embeddable":true,"href":"https:\/\/www.visit-ulcinj.com\/blog\/wp-json\/wp\/v2\/tags?post=63773"}],"curies":[{"name":"wp","href":"https:\/\/api.w.org\/{rel}","templated":true}]}}