{"id":63778,"date":"2012-09-19T13:28:50","date_gmt":"2012-09-19T12:28:50","guid":{"rendered":"http:\/\/www.visit-ulcinj.com\/blog\/?p=63778"},"modified":"2012-09-19T13:28:50","modified_gmt":"2012-09-19T12:28:50","slug":"albin-kurti-nije-uspio-da-spoji-albance-u-ulcinju","status":"publish","type":"post","link":"https:\/\/www.visit-ulcinj.com\/blog\/2012\/09\/19\/albin-kurti-nije-uspio-da-spoji-albance-u-ulcinju\/","title":{"rendered":"Albin Kurti nije uspio da spoji Albance u Ulcinju"},"content":{"rendered":"<p><a href=\"http:\/\/www.visit-ulcinj.com\/blog\/wp-content\/uploads\/2012\/09\/Albin-Kurti-nije-uspio-da-spoji-Albance-u-Ulcinju_hotel-otrant.jpg\"><img loading=\"lazy\" class=\"alignleft  wp-image-63779\" title=\"Albin Kurti nije uspio da spoji Albance u Ulcinju_hotel otrant\" src=\"http:\/\/www.visit-ulcinj.com\/blog\/wp-content\/uploads\/2012\/09\/Albin-Kurti-nije-uspio-da-spoji-Albance-u-Ulcinju_hotel-otrant-1024x700.jpg\" alt=\"\" width=\"508\" height=\"360\" \/><\/a>Lider kosovskog pokreta &#8220;Samoopredjeljenje\u201d Albin Kurti okupio je ju\u010de predstavnike albanskih partija u Ulcinju kako bi u neposrednim razgovorima izdejstvovao stvaranje \u0161iroke koalicije na parlamentarnim izborima. Konkretan dogovor ipak nije postignut pa je izvjesno da \u0107e albanske partije na oktobarskim izborima nastupiti u tri kolone, koje \u0107e predvoditi Demokratski savez, Forca i Demokratska unija Albanaca DUA.<\/p>\n<p>Kako Dan saznaje dogovor je izostao jer je Demokratska unija Albanaca tra\u017eila da joj pripadne prvo mjesto na zajedni\u010dkoj listi \u0161to ostali u\u010desnici nijesu prihvatili.<\/p>\n<p>&#8220;Bili smo blizu dogovora ali su predstavnici DUA bili isklju\u010divi da njihov lider Mehmet Zenka bude nosilac zajedni\u010dke liste. Zahtijevali su da im pripadne pun mandat, odnosno nijesu bili spremni da sa ostalim politi\u010dkim subjektima eventualno dijele period od \u010detiri godine. DUA nije bila spremna da prihvati da se o eventualnom ulasku u budu\u0107u vladu odlu\u010duje konsenzusom svih politi\u010dkih partija, koje bi podr\u017eale jednistveni nastup\u201c, kazao je Danu jedan od u\u010desnika tog sastanka.<\/p>\n<p>Lider DUA Mehemet Zenka nije \u017eelio da komentari\u0161e \u0161ta se doga\u0111alo na sastanku u hotelu \u201eOtrant\u201d.<\/p>\n<p>Na skupu, koji je po\u010deo u ranim popodnevnim \u010dasovima i trajao do kasno sino\u0107, prisustvovali su predstavnici svih albanskih stranaka i predsjednik Nacionalnog savjeta Albanaca u Crnoj Gori Tahir Tahiri. Skupu su osim Tahirija prisustvovali Mehmet Zenka (DUA), Mehmet Bardhi iz Demokratskog saveza, Vaselj Sini\u0161taj i Amir Holaj iz koalicije Perspektiva, Nazif Cungu, Genci Nimanbegu i D\u017eevdet Cakuli iz Force, \u0110er\u0111 Camaj i Nik \u0110elo\u0161aj iz Albanske alternative.<\/p>\n<p>Albin Kurti, koji je porijeklom iz Ulcinja, vodi drugu po snazi stranku u kosovskom parlamentu, i va\u017ei za politi\u010dara koji zagovara radikalne stavove. Kurti je jo\u0161 u junu organizovao sli\u010dan sastanak na istoj lokaciji ali vi\u0161e\u010dasovni razgovori albanskih politi\u010dkih prvaka ni tada nijesu dali rezultate.<\/p>\n<p><a href=\"http:\/\/www.cdm.me\/politika\/izbori-2012\/kurti-nije-uspio-da-spoji-albance\" target=\"_blank\"><strong>Izvor: DAN \/ CDM<\/strong><\/a><\/p>\n","protected":false},"excerpt":{"rendered":"<p>Lider kosovskog pokreta &#8220;Samoopredjeljenje\u201d Albin Kurti okupio je ju\u010de predstavnike albanskih partija u Ulcinju kako bi u neposrednim razgovorima izdejstvovao stvaranje \u0161iroke koalicije na parlamentarnim izborima. Konkretan dogovor ipak nije postignut pa je izvjesno da \u0107e albanske partije na oktobarskim izborima nastupiti u tri kolone, koje \u0107e predvoditi Demokratski savez, Forca i Demokratska unija Albanaca [&hellip;]<\/p>\n","protected":false},"author":1,"featured_media":0,"comment_status":"open","ping_status":"closed","sticky":false,"template":"","format":"standard","meta":{"spay_email":"","jetpack_publicize_message":"","jetpack_is_tweetstorm":false,"jetpack_publicize_feature_enabled":true},"categories":[8337],"tags":[20647,855,19],"jetpack_publicize_connections":[],"yoast_head":"<!-- This site is optimized with the Yoast SEO plugin v19.1 - https:\/\/yoast.com\/wordpress\/plugins\/seo\/ -->\n<title>Albin Kurti nije uspio da spoji Albance u Ulcinju - Lajme nga Ulqini<\/title>\n<meta name=\"description\" content=\"Lider kosovskog pokreta &quot;Samoopredjeljenje\u201d Albin Kurti okupio je ju\u010de predstavnike albanskih partija u Ulcinju kako bi u neposrednim razgovorima\" \/>\n<meta name=\"robots\" content=\"index, follow, max-snippet:-1, max-image-preview:large, max-video-preview:-1\" \/>\n<link rel=\"canonical\" href=\"https:\/\/www.visit-ulcinj.com\/blog\/2012\/09\/19\/albin-kurti-nije-uspio-da-spoji-albance-u-ulcinju\/\" \/>\n<meta property=\"og:locale\" content=\"en_US\" \/>\n<meta property=\"og:type\" content=\"article\" \/>\n<meta property=\"og:title\" content=\"Albin Kurti nije uspio da spoji Albance u Ulcinju - Lajme nga Ulqini\" \/>\n<meta property=\"og:description\" content=\"Lider kosovskog pokreta &quot;Samoopredjeljenje\u201d Albin Kurti okupio je ju\u010de predstavnike albanskih partija u Ulcinju kako bi u neposrednim razgovorima\" \/>\n<meta property=\"og:url\" content=\"https:\/\/www.visit-ulcinj.com\/blog\/2012\/09\/19\/albin-kurti-nije-uspio-da-spoji-albance-u-ulcinju\/\" \/>\n<meta property=\"og:site_name\" content=\"Lajme nga Ulqini\" \/>\n<meta property=\"article:published_time\" content=\"2012-09-19T12:28:50+00:00\" \/>\n<meta property=\"og:image\" content=\"http:\/\/www.visit-ulcinj.com\/blog\/wp-content\/uploads\/2012\/09\/Albin-Kurti-nije-uspio-da-spoji-Albance-u-Ulcinju_hotel-otrant-1024x700.jpg\" \/>\n<meta name=\"twitter:label1\" content=\"Written by\" \/>\n\t<meta name=\"twitter:data1\" content=\"ulqini\" \/>\n\t<meta name=\"twitter:label2\" content=\"Est. reading time\" \/>\n\t<meta name=\"twitter:data2\" content=\"2 minutes\" \/>\n<script type=\"application\/ld+json\" class=\"yoast-schema-graph\">{\"@context\":\"https:\/\/schema.org\",\"@graph\":[{\"@type\":\"WebSite\",\"@id\":\"https:\/\/www.visit-ulcinj.com\/blog\/#website\",\"url\":\"https:\/\/www.visit-ulcinj.com\/blog\/\",\"name\":\"Lajme nga Ulqini\",\"description\":\"Lajme,Vijesti,Ulqini,Ulqin,Crna Gora,Mali i Zi\",\"potentialAction\":[{\"@type\":\"SearchAction\",\"target\":{\"@type\":\"EntryPoint\",\"urlTemplate\":\"https:\/\/www.visit-ulcinj.com\/blog\/?s={search_term_string}\"},\"query-input\":\"required name=search_term_string\"}],\"inLanguage\":\"en-US\"},{\"@type\":\"ImageObject\",\"inLanguage\":\"en-US\",\"@id\":\"https:\/\/www.visit-ulcinj.com\/blog\/2012\/09\/19\/albin-kurti-nije-uspio-da-spoji-albance-u-ulcinju\/#primaryimage\",\"url\":\"https:\/\/www.visit-ulcinj.com\/blog\/wp-content\/uploads\/2012\/09\/Albin-Kurti-nije-uspio-da-spoji-Albance-u-Ulcinju_hotel-otrant.jpg\",\"contentUrl\":\"https:\/\/www.visit-ulcinj.com\/blog\/wp-content\/uploads\/2012\/09\/Albin-Kurti-nije-uspio-da-spoji-Albance-u-Ulcinju_hotel-otrant.jpg\",\"width\":\"2340\",\"height\":\"1600\"},{\"@type\":\"WebPage\",\"@id\":\"https:\/\/www.visit-ulcinj.com\/blog\/2012\/09\/19\/albin-kurti-nije-uspio-da-spoji-albance-u-ulcinju\/#webpage\",\"url\":\"https:\/\/www.visit-ulcinj.com\/blog\/2012\/09\/19\/albin-kurti-nije-uspio-da-spoji-albance-u-ulcinju\/\",\"name\":\"Albin Kurti nije uspio da spoji Albance u Ulcinju - Lajme nga Ulqini\",\"isPartOf\":{\"@id\":\"https:\/\/www.visit-ulcinj.com\/blog\/#website\"},\"primaryImageOfPage\":{\"@id\":\"https:\/\/www.visit-ulcinj.com\/blog\/2012\/09\/19\/albin-kurti-nije-uspio-da-spoji-albance-u-ulcinju\/#primaryimage\"},\"datePublished\":\"2012-09-19T12:28:50+00:00\",\"dateModified\":\"2012-09-19T12:28:50+00:00\",\"author\":{\"@id\":\"https:\/\/www.visit-ulcinj.com\/blog\/#\/schema\/person\/dcab619c614d3038751c63bc2aadc06d\"},\"description\":\"Lider kosovskog pokreta \\\"Samoopredjeljenje\u201d Albin Kurti okupio je ju\u010de predstavnike albanskih partija u Ulcinju kako bi u neposrednim razgovorima\",\"breadcrumb\":{\"@id\":\"https:\/\/www.visit-ulcinj.com\/blog\/2012\/09\/19\/albin-kurti-nije-uspio-da-spoji-albance-u-ulcinju\/#breadcrumb\"},\"inLanguage\":\"en-US\",\"potentialAction\":[{\"@type\":\"ReadAction\",\"target\":[\"https:\/\/www.visit-ulcinj.com\/blog\/2012\/09\/19\/albin-kurti-nije-uspio-da-spoji-albance-u-ulcinju\/\"]}]},{\"@type\":\"BreadcrumbList\",\"@id\":\"https:\/\/www.visit-ulcinj.com\/blog\/2012\/09\/19\/albin-kurti-nije-uspio-da-spoji-albance-u-ulcinju\/#breadcrumb\",\"itemListElement\":[{\"@type\":\"ListItem\",\"position\":1,\"name\":\"Albin Kurti nije uspio da spoji Albance u Ulcinju\"}]},{\"@type\":\"Person\",\"@id\":\"https:\/\/www.visit-ulcinj.com\/blog\/#\/schema\/person\/dcab619c614d3038751c63bc2aadc06d\",\"name\":\"ulqini\",\"sameAs\":[\"http:\/\/www.visit-ulcinj.com\"],\"url\":\"https:\/\/www.visit-ulcinj.com\/blog\/author\/admin\/\"}]}<\/script>\n<!-- \/ Yoast SEO plugin. -->","yoast_head_json":{"title":"Albin Kurti nije uspio da spoji Albance u Ulcinju - Lajme nga Ulqini","description":"Lider kosovskog pokreta \"Samoopredjeljenje\u201d Albin Kurti okupio je ju\u010de predstavnike albanskih partija u Ulcinju kako bi u neposrednim razgovorima","robots":{"index":"index","follow":"follow","max-snippet":"max-snippet:-1","max-image-preview":"max-image-preview:large","max-video-preview":"max-video-preview:-1"},"canonical":"https:\/\/www.visit-ulcinj.com\/blog\/2012\/09\/19\/albin-kurti-nije-uspio-da-spoji-albance-u-ulcinju\/","og_locale":"en_US","og_type":"article","og_title":"Albin Kurti nije uspio da spoji Albance u Ulcinju - Lajme nga Ulqini","og_description":"Lider kosovskog pokreta \"Samoopredjeljenje\u201d Albin Kurti okupio je ju\u010de predstavnike albanskih partija u Ulcinju kako bi u neposrednim razgovorima","og_url":"https:\/\/www.visit-ulcinj.com\/blog\/2012\/09\/19\/albin-kurti-nije-uspio-da-spoji-albance-u-ulcinju\/","og_site_name":"Lajme nga Ulqini","article_published_time":"2012-09-19T12:28:50+00:00","og_image":[{"url":"http:\/\/www.visit-ulcinj.com\/blog\/wp-content\/uploads\/2012\/09\/Albin-Kurti-nije-uspio-da-spoji-Albance-u-Ulcinju_hotel-otrant-1024x700.jpg"}],"twitter_misc":{"Written by":"ulqini","Est. reading time":"2 minutes"},"schema":{"@context":"https:\/\/schema.org","@graph":[{"@type":"WebSite","@id":"https:\/\/www.visit-ulcinj.com\/blog\/#website","url":"https:\/\/www.visit-ulcinj.com\/blog\/","name":"Lajme nga Ulqini","description":"Lajme,Vijesti,Ulqini,Ulqin,Crna Gora,Mali i Zi","potentialAction":[{"@type":"SearchAction","target":{"@type":"EntryPoint","urlTemplate":"https:\/\/www.visit-ulcinj.com\/blog\/?s={search_term_string}"},"query-input":"required name=search_term_string"}],"inLanguage":"en-US"},{"@type":"ImageObject","inLanguage":"en-US","@id":"https:\/\/www.visit-ulcinj.com\/blog\/2012\/09\/19\/albin-kurti-nije-uspio-da-spoji-albance-u-ulcinju\/#primaryimage","url":"https:\/\/www.visit-ulcinj.com\/blog\/wp-content\/uploads\/2012\/09\/Albin-Kurti-nije-uspio-da-spoji-Albance-u-Ulcinju_hotel-otrant.jpg","contentUrl":"https:\/\/www.visit-ulcinj.com\/blog\/wp-content\/uploads\/2012\/09\/Albin-Kurti-nije-uspio-da-spoji-Albance-u-Ulcinju_hotel-otrant.jpg","width":"2340","height":"1600"},{"@type":"WebPage","@id":"https:\/\/www.visit-ulcinj.com\/blog\/2012\/09\/19\/albin-kurti-nije-uspio-da-spoji-albance-u-ulcinju\/#webpage","url":"https:\/\/www.visit-ulcinj.com\/blog\/2012\/09\/19\/albin-kurti-nije-uspio-da-spoji-albance-u-ulcinju\/","name":"Albin Kurti nije uspio da spoji Albance u Ulcinju - Lajme nga Ulqini","isPartOf":{"@id":"https:\/\/www.visit-ulcinj.com\/blog\/#website"},"primaryImageOfPage":{"@id":"https:\/\/www.visit-ulcinj.com\/blog\/2012\/09\/19\/albin-kurti-nije-uspio-da-spoji-albance-u-ulcinju\/#primaryimage"},"datePublished":"2012-09-19T12:28:50+00:00","dateModified":"2012-09-19T12:28:50+00:00","author":{"@id":"https:\/\/www.visit-ulcinj.com\/blog\/#\/schema\/person\/dcab619c614d3038751c63bc2aadc06d"},"description":"Lider kosovskog pokreta \"Samoopredjeljenje\u201d Albin Kurti okupio je ju\u010de predstavnike albanskih partija u Ulcinju kako bi u neposrednim razgovorima","breadcrumb":{"@id":"https:\/\/www.visit-ulcinj.com\/blog\/2012\/09\/19\/albin-kurti-nije-uspio-da-spoji-albance-u-ulcinju\/#breadcrumb"},"inLanguage":"en-US","potentialAction":[{"@type":"ReadAction","target":["https:\/\/www.visit-ulcinj.com\/blog\/2012\/09\/19\/albin-kurti-nije-uspio-da-spoji-albance-u-ulcinju\/"]}]},{"@type":"BreadcrumbList","@id":"https:\/\/www.visit-ulcinj.com\/blog\/2012\/09\/19\/albin-kurti-nije-uspio-da-spoji-albance-u-ulcinju\/#breadcrumb","itemListElement":[{"@type":"ListItem","position":1,"name":"Albin Kurti nije uspio da spoji Albance u Ulcinju"}]},{"@type":"Person","@id":"https:\/\/www.visit-ulcinj.com\/blog\/#\/schema\/person\/dcab619c614d3038751c63bc2aadc06d","name":"ulqini","sameAs":["http:\/\/www.visit-ulcinj.com"],"url":"https:\/\/www.visit-ulcinj.com\/blog\/author\/admin\/"}]}},"jetpack_featured_media_url":"","jetpack_sharing_enabled":true,"jetpack_shortlink":"https:\/\/wp.me\/pe6lTn-gAG","_links":{"self":[{"href":"https:\/\/www.visit-ulcinj.com\/blog\/wp-json\/wp\/v2\/posts\/63778"}],"collection":[{"href":"https:\/\/www.visit-ulcinj.com\/blog\/wp-json\/wp\/v2\/posts"}],"about":[{"href":"https:\/\/www.visit-ulcinj.com\/blog\/wp-json\/wp\/v2\/types\/post"}],"author":[{"embeddable":true,"href":"https:\/\/www.visit-ulcinj.com\/blog\/wp-json\/wp\/v2\/users\/1"}],"replies":[{"embeddable":true,"href":"https:\/\/www.visit-ulcinj.com\/blog\/wp-json\/wp\/v2\/comments?post=63778"}],"version-history":[{"count":1,"href":"https:\/\/www.visit-ulcinj.com\/blog\/wp-json\/wp\/v2\/posts\/63778\/revisions"}],"predecessor-version":[{"id":63780,"href":"https:\/\/www.visit-ulcinj.com\/blog\/wp-json\/wp\/v2\/posts\/63778\/revisions\/63780"}],"wp:attachment":[{"href":"https:\/\/www.visit-ulcinj.com\/blog\/wp-json\/wp\/v2\/media?parent=63778"}],"wp:term":[{"taxonomy":"category","embeddable":true,"href":"https:\/\/www.visit-ulcinj.com\/blog\/wp-json\/wp\/v2\/categories?post=63778"},{"taxonomy":"post_tag","embeddable":true,"href":"https:\/\/www.visit-ulcinj.com\/blog\/wp-json\/wp\/v2\/tags?post=63778"}],"curies":[{"name":"wp","href":"https:\/\/api.w.org\/{rel}","templated":true}]}}