{"id":63799,"date":"2012-09-19T15:20:42","date_gmt":"2012-09-19T14:20:42","guid":{"rendered":"http:\/\/www.visit-ulcinj.com\/blog\/?p=63799"},"modified":"2012-09-19T15:21:17","modified_gmt":"2012-09-19T14:21:17","slug":"genti-ismajli-ja-cfare-solli-sezoni-veror","status":"publish","type":"post","link":"https:\/\/www.visit-ulcinj.com\/blog\/2012\/09\/19\/genti-ismajli-ja-cfare-solli-sezoni-veror\/","title":{"rendered":"Genti Ismajli: Ja cfar\u00eb solli sezoni veror"},"content":{"rendered":"<p><strong>Gjithandej pershkruhet si vajza me karakter te forte, si vajza me syte e bukur dhe si vajza qe ne skene eshte e pamundur qe te mos levize. B\u00ebhet fjal\u00eb p\u00ebr Genta Ismajlin me t\u00eb cil\u00ebn Poke ne Top Channel dhe Albana Osmani realizuan lidhjen, p\u00ebr t\u00eb gjith\u00eb fansat. <\/strong><\/p>\n<p><strong><a href=\"http:\/\/www.visit-ulcinj.com\/blog\/wp-content\/uploads\/2012\/09\/Genta-Ismajli-intervista-nga-Top-Channe_osmani.jpg\"><img loading=\"lazy\" class=\"alignleft  wp-image-63800\" title=\"Genta Ismajli intervista nga Top Channe_osmani\" src=\"http:\/\/www.visit-ulcinj.com\/blog\/wp-content\/uploads\/2012\/09\/Genta-Ismajli-intervista-nga-Top-Channe_osmani.jpg\" alt=\"\" width=\"400\" height=\"300\" \/><\/a><\/strong><\/p>\n<p><strong>Albana:<\/strong>\u00a0Pershendetje Genta Ismajli! Pershendetje nga Top Channel.<\/p>\n<p><strong>Genta:<\/strong>\u00a0Pershendetje. Albana:<\/p>\n<p><strong>Albana:<\/strong>\u00a0Kenaqesi shume e madhe te te kem ne kete interviste sot.<\/p>\n<p><strong>Genta:<\/strong>\u00a0Kenaqesia eshte e imja dhe me shume.<\/p>\n<p><strong>Albana:<\/strong>\u00a0Me vjen shume mire. Genta, gjate gjithe sezonit veror ke qene e impenjuar besoj me muziken , me ate cfare ti merresh me se shumti ne jeten tende. Ke patur ture koncertore, ke qene prezent neper vende te ndryshme te botes , aty ku shqiptaret jane. Do doja te dija ndoshta nje rezyme te shkurter cfare ka sjelle sezoni veror per Genta Ismajlin?<br \/>\n<strong><br \/>\nGenta:<\/strong>\u00a0ME ka sjelle shume surpriza kjo vere. Ne pergjithesi koncertet me njerez, me publik kane shkuar\u00a0 shume mire. Une gjithmone perpiqem te jap maksimumin tim ne cdo performance pa marre parasysh se ne cfare gjendje jam ose te them ne cfare skene performoj te mire apo jo te mire , mundohem qe te vleresoj cdo vend njesoj per arsye qe ajo te mos ndikoje ne performancen time. Megjithate obligimi im gjate sezonit veror eshte qe une te respektoj daten e kontaktuar dhe njerezit qe vijne ti kenaq me kengen time dhe me performancen.<\/p>\n<p><strong>Albana:<\/strong>\u00a0Ia del gjithmone mbane. Genta me lejo te te komplimentoj per pamjen tende. Dukesh per mrekulli e dashur.. Dua te di ku je? Je ne shtepine tende? Te pakten pak a shume keshtu rame dakort perpara intervistes qe te gjenim ne ambientet e shtepiese.<br \/>\n<strong><br \/>\nGenta:<\/strong>\u00a0Faleminderit shume. Per momentin gjendem ne Cikago. Ketu eshte ora 9e16 te mengjesit. Jam ne shtepine e axhes dhe tezes dhe po e vizitoj familjen.<\/p>\n<p><strong>Albana:<\/strong>\u00a0Me vjen shume mire . Me familjet pushimet e veres kane qene apo ka ndodhur ndonje risi ne jeten tende personale\u00a0 genta Ismaili?<\/p>\n<p><strong>Genta:\u00a0<\/strong>Pyetja e pare ishte se gjate veres une kam punuar dhe kam pas koncerte . Pushimin po e bej tani, edhe pse po e bej nje interviste , kjo ne fakt eshte\u00a0 se edhe ne pushim po punoj. Te dashur nuk kam. Kam punuar me stafin tim. Pushimin po e bej tani.<br \/>\nAlbana: Thash thash se mos me ardhjen e vjeshtes ka ndryshuar ndonje gje ne anen sentimentale, por s\u2019ka problem genta.<\/p>\n<p><strong>Genta:<\/strong>\u00a0Jo jo Albana.<\/p>\n<p><strong>Albana:<\/strong>\u00a0Mire zemer. Do doja te dilja direkt ne nje tjeter tematike. Ne fakt ne mediat e shkruara ne Shqiperi , ne Kosove sikurse dhe ne portalet online qe padyshim ne tashme nuk mund ti evitojme dot , sepse jane bere pjese i komunikimit virtual te domosdoshem, pjese e diteve qe jetojme , esthe komentuar shume nje incident mes teje dhe dj qe te shoqeronte ty. Realisht une do doja ta dija kete histori te thene nga vete ty per ta zbardhur gjithe te verteten , sepse ka patur raste ndoshta eshte ekzagjeruar si ceshtje ose ndoshta eshte shperfillur\u00a0 ne thonjeza duke dashur t\u2019i japin konotacione negative. Genta, si ka qene kjo histori?<br \/>\n<a href=\"http:\/\/www.youtube.com\/watch?v=deMDHEyGqeA&amp;feature=player_embedded\">http:\/\/www.youtube.com\/watch?v=deMDHEyGqeA&amp;feature=player_embedded<\/a><br \/>\n<strong>Genta:<\/strong>\u00a0Ne fakt une edhe tani nuk e kisha diskutuar kete ceshtje sepse eshte mbyllur. Ka kohe qe eshte mbyllur. Kam informacion qe kane shkruar portalet ne menyra te ndryshme . Po ashtu kam informacion qe edhe vete Dj ka dhene deklarata te ndryshme . Une jam mesuar se rruga e suksesit eshte shume e veshtire, nuk eshte e lehte. Ne rradhe te pare neqoftese do njeriu te arrije dicka duhet te kete dashuri per punen , pastaj per synimin, pastaj duhet te punosh shume , pafundesisht por mbi te gjitha eshte durimi. Po s\u2019i pate keto atehere nuk ka me qene ne rregull. Pastaj vjen edhe presioni i punes. Per mua kam mesuar se presioni eshte privilegj , te vetedijeson , te ben te ditur se je ne vend te duhur\u00a0 dhe shume te forte. Per mua kjo vlen shume . Per dike presioni i punes mund te ndikoje jo mire. Mundet te ndikoje negativisht dhe mund ta hedhe dike ne rruge te gabuar dhe te deshtuar .Megjithate, une te keqen nuk ia mendoj askujt.<\/p>\n<p><strong>Albana:<\/strong>\u00a0Me Dj konkretisht , cfare ishte e gjitha ajo histori qe u perfol kaq gjate megjithese ti e citon qe ka pak kohe qe ka kaluar. Gjithsesi, per ta zbardhur per gjithe publikun qe na ndjek ne ekranin e Top Channel, per ato gazetat e pafundme qe i kane lexuar dhe qe kane ndoshta historine e gabuar. Do doja te dija te verteten Genta.<\/p>\n<p><strong>Genta:<\/strong>\u00a0Presioni i punes i ngaterron ndjenjat njeriut. Dikush mundet ta perballoje dhe dikush jo. Kjo ishte e tera. Kisha pasur deshire ta mbyll kete teme.<\/p>\n<p><strong>Albana:<\/strong>\u00a0Genta, duket sikur nuk eshte aq e lehte jeta e nje artisti dhe ne fakt duke te te ndjekur ty ne intervistat e tua gjithmone flet per triumfin dhe qe ia del dhe ne kete e kemi pare, megjithate nuk le menjane pa cituar edhe ato kohet e veshtira te cilet ti duhet te sakrifikosh deri diku. A ka qene e veshtire karriera jote ne gjithe keto vite? A ka qene e veshtire t\u2019ia dalesh dhe ndoshta te shkosh ne nje koncert ku njerezit nuk sillen ashtu si duhet? A ka qene e veshtire , sepse ndoshta dikush nuk eshte treguar korrekt me pagesen ndaj teje? A ka qene e veshtire sespe te eshte dashur te jesh larg familjes tende, kush e di se sa here?<\/p>\n<p><strong>Genta:<\/strong>\u00a0Cdo arritje eshte shume e veshtire. Rrugae suksesi nuk esthe aspak e lehte. Une jam munduar qe te jem gjithnje korrekt ndaj njerezve, ta kem durimin edhe t\u2019i jap maksimumin tim pavaresisht se cfare me ka rrethuar mua. Ka ndodhur qe nuk jane bere edhe pagesat, ka ndodhur qe te kete probleme gjate rruges, udhetimeve, intervistave. Ndodh gjithcka.<br \/>\n<strong><br \/>\nAlbana:<\/strong>\u00a0Ta bej kete pyetje, me sakte te rendita disa gjera qe i hamendesojme te gjithe qe mund te jene te tilla, por kane edhe nga ata qe e dine shume te lehte , shohin ne facebook Genta Ismailin me 400 mije fansa apo shohin videot e tua ne yotutube , por nuk eshte kaqe lehte.<\/p>\n<p><strong>Genta:<\/strong>\u00a0Shume shume kam punuar\u00a0 per me arrit deri ketu ku jam edhe tani per cdo dite e me shume Albana po ia di vleften e cdo gjeje qe me eshte ofruar dhe qe e kam. Jam shume falenderuese dhe shfrytezoj rastin ti falenderoj nga zemra te gjithe ata njerez qe me suportojne.<br \/>\n<strong><br \/>\nAlbana:<\/strong>\u00a0Genta Ismajli a ka ndodhur ndonjehee qe ke dashur te heqesh dore nga karriera jote dhe te vazhdosh nje tjeter profesion?<\/p>\n<p><strong>Genta:<\/strong>\u00a0E kam menduar te them te drejten. Ka pasur raste kur ndoshta jam lodhur ose nuk e kam ndier veten te shkoj me ndonje koncert apo kam pas nevoje per pushim, por kjo eshte bukuria e gjithe kesaj, sepse ne momentin kur nje artist nuk mundet me performu dhe ka nevoje te pushoje ose ta lere karrieren per pak kohe, atherher e ben punen me se miri dhe atehere e\u00a0 ben me se miri punen e vet.<br \/>\n<strong><br \/>\nAlbana:<\/strong>\u00a0Genta, e di sa e matur je ne pergjigjet e tua? Je nje vajze e matur, nje vajze e rritur.<\/p>\n<p><strong>Genta:\u00a0<\/strong>Po i kam bere 28 vjet.<\/p>\n<!--YouTube Error: bad URL entered-->\n<p><strong>Albana:<\/strong>\u00a0Edhe 100 e dashur. Genta, ne shohim ne tregun shqiptar nje dyndje artistesh, femra flas. Nuk po i drejtohem artisteve meshkuj, sespe per te thene te verteten ata jane me rralle, por megjithate eshte nje konkurence e jashtezakonshme. Cdo dite shfaqen kengetare ne televizionet muzikore shqiptare , flas Shqiperi, Kosove, Maqedoni, te bukura, te sofistifikuara ne pamjen lukun e tyre, deri diku mire edhe me zerin e tyre. A eshte presion per ju qe tashme jeni te konfirmuar ne tregun muzikor? A eshte presion?<\/p>\n<p><strong>Genta:<\/strong>\u00a0Pa konkurence, une per vete nuk kam vullnet . Artistet tona shqiptare punojne shume. Nuk e kane te lehte aspak dhe ato dhe ata te cilet punojne me te vertete jane te njohur . Mundesh menjehere nder gishta se cilet jane. Kam shume respekt dhe duhet njeri-tjetrin ta perkrahim.<\/p>\n<p><strong>Albana:<\/strong>\u00a0Do te kalojme tashme tek albumi jot me i ri. Si ka ecur ne tregun muzikor?<\/p>\n<p><strong>Genta:<\/strong>\u00a0Ka ecur shume mire. Duke patur parasysh qe albumet nuk kane shitje ne tregun muzikor, ka ecur shume mire. Eshte ne duar te gjithe adhuruserve te mi dhe kjo ka qene pika ime ku kam dashur te arrij.<\/p>\n<p><strong>Albana:<\/strong>\u00a0Si vazhdojne planet e tua me te aferta ne karrieren tende muzikoree dhe faleminderit shume per kete interviste dhe per kohen qe na dhe.<\/p>\n<p><strong>Genta:<\/strong>\u00a0Faleminderit shume Albana. Edhe pse kam shume kohe qe nuk kam dhen einterviste isha e emocionuar qe dje. Me duket si intervista e pare. Kam shume respekt per ju. Planet e mia per te ardhmen eshte te jem sot me mire se dje dhe te jem neser me mire se sot.<\/p>\n<p><strong>Albana:<\/strong>\u00a0Me pelqen shume kjo qe the dhe uroj qe neser te jesh me mire se kurre. Te uroj gjithe te mirat e kesaj bote dhe se shpejti me nje dashuri qe te te rrembeje te teren dhe te lesh edhe muuziken per pak kohe. Faleminderit<\/p>\n<p><strong>Genta:<\/strong>\u00a0Faleminnderit shume edhe une ju uroj gjitha te mirat e kesaj bote. Ju pershendes.<\/p>\n","protected":false},"excerpt":{"rendered":"<p>Gjithandej pershkruhet si vajza me karakter te forte, si vajza me syte e bukur dhe si vajza qe ne skene eshte e pamundur qe te mos levize. B\u00ebhet fjal\u00eb p\u00ebr Genta Ismajlin me t\u00eb cil\u00ebn Poke ne Top Channel dhe Albana Osmani realizuan lidhjen, p\u00ebr t\u00eb gjith\u00eb fansat. Albana:\u00a0Pershendetje Genta Ismajli! Pershendetje nga Top Channel. [&hellip;]<\/p>\n","protected":false},"author":1,"featured_media":0,"comment_status":"open","ping_status":"closed","sticky":false,"template":"","format":"standard","meta":{"spay_email":"","jetpack_publicize_message":"","jetpack_is_tweetstorm":false,"jetpack_publicize_feature_enabled":true},"categories":[1],"tags":[19677,19806,4888,16036,8966,19514,19511,19459,6693,4684,19460],"jetpack_publicize_connections":[],"yoast_head":"<!-- This site is optimized with the Yoast SEO plugin v19.1 - https:\/\/yoast.com\/wordpress\/plugins\/seo\/ -->\n<title>Genti Ismajli: Ja cfar\u00eb solli sezoni veror - Lajme nga Ulqini<\/title>\n<meta name=\"description\" content=\"Gjithandej pershkruhet si vajza me karakter te forte, si vajza me syte e bukur dhe si vajza qe ne skene eshte e pamundur qe te mos levize. B\u00ebhet fjal\u00eb p\u00ebr\" \/>\n<meta name=\"robots\" content=\"index, follow, max-snippet:-1, max-image-preview:large, max-video-preview:-1\" \/>\n<link rel=\"canonical\" href=\"https:\/\/www.visit-ulcinj.com\/blog\/2012\/09\/19\/genti-ismajli-ja-cfare-solli-sezoni-veror\/\" \/>\n<meta property=\"og:locale\" content=\"en_US\" \/>\n<meta property=\"og:type\" content=\"article\" \/>\n<meta property=\"og:title\" content=\"Genti Ismajli: Ja cfar\u00eb solli sezoni veror - Lajme nga Ulqini\" \/>\n<meta property=\"og:description\" content=\"Gjithandej pershkruhet si vajza me karakter te forte, si vajza me syte e bukur dhe si vajza qe ne skene eshte e pamundur qe te mos levize. B\u00ebhet fjal\u00eb p\u00ebr\" \/>\n<meta property=\"og:url\" content=\"https:\/\/www.visit-ulcinj.com\/blog\/2012\/09\/19\/genti-ismajli-ja-cfare-solli-sezoni-veror\/\" \/>\n<meta property=\"og:site_name\" content=\"Lajme nga Ulqini\" \/>\n<meta property=\"article:published_time\" content=\"2012-09-19T14:20:42+00:00\" \/>\n<meta property=\"article:modified_time\" content=\"2012-09-19T14:21:17+00:00\" \/>\n<meta property=\"og:image\" content=\"http:\/\/www.visit-ulcinj.com\/blog\/wp-content\/uploads\/2012\/09\/Genta-Ismajli-intervista-nga-Top-Channe_osmani.jpg\" \/>\n<meta name=\"twitter:label1\" content=\"Written by\" \/>\n\t<meta name=\"twitter:data1\" content=\"ulqini\" \/>\n\t<meta name=\"twitter:label2\" content=\"Est. reading time\" \/>\n\t<meta name=\"twitter:data2\" content=\"8 minutes\" \/>\n<script type=\"application\/ld+json\" class=\"yoast-schema-graph\">{\"@context\":\"https:\/\/schema.org\",\"@graph\":[{\"@type\":\"WebSite\",\"@id\":\"https:\/\/www.visit-ulcinj.com\/blog\/#website\",\"url\":\"https:\/\/www.visit-ulcinj.com\/blog\/\",\"name\":\"Lajme nga Ulqini\",\"description\":\"Lajme,Vijesti,Ulqini,Ulqin,Crna Gora,Mali i Zi\",\"potentialAction\":[{\"@type\":\"SearchAction\",\"target\":{\"@type\":\"EntryPoint\",\"urlTemplate\":\"https:\/\/www.visit-ulcinj.com\/blog\/?s={search_term_string}\"},\"query-input\":\"required name=search_term_string\"}],\"inLanguage\":\"en-US\"},{\"@type\":\"ImageObject\",\"inLanguage\":\"en-US\",\"@id\":\"https:\/\/www.visit-ulcinj.com\/blog\/2012\/09\/19\/genti-ismajli-ja-cfare-solli-sezoni-veror\/#primaryimage\",\"url\":\"http:\/\/www.visit-ulcinj.com\/blog\/wp-content\/uploads\/2012\/09\/Genta-Ismajli-intervista-nga-Top-Channe_osmani.jpg\",\"contentUrl\":\"http:\/\/www.visit-ulcinj.com\/blog\/wp-content\/uploads\/2012\/09\/Genta-Ismajli-intervista-nga-Top-Channe_osmani.jpg\"},{\"@type\":\"WebPage\",\"@id\":\"https:\/\/www.visit-ulcinj.com\/blog\/2012\/09\/19\/genti-ismajli-ja-cfare-solli-sezoni-veror\/#webpage\",\"url\":\"https:\/\/www.visit-ulcinj.com\/blog\/2012\/09\/19\/genti-ismajli-ja-cfare-solli-sezoni-veror\/\",\"name\":\"Genti Ismajli: Ja cfar\u00eb solli sezoni veror - Lajme nga Ulqini\",\"isPartOf\":{\"@id\":\"https:\/\/www.visit-ulcinj.com\/blog\/#website\"},\"primaryImageOfPage\":{\"@id\":\"https:\/\/www.visit-ulcinj.com\/blog\/2012\/09\/19\/genti-ismajli-ja-cfare-solli-sezoni-veror\/#primaryimage\"},\"datePublished\":\"2012-09-19T14:20:42+00:00\",\"dateModified\":\"2012-09-19T14:21:17+00:00\",\"author\":{\"@id\":\"https:\/\/www.visit-ulcinj.com\/blog\/#\/schema\/person\/dcab619c614d3038751c63bc2aadc06d\"},\"description\":\"Gjithandej pershkruhet si vajza me karakter te forte, si vajza me syte e bukur dhe si vajza qe ne skene eshte e pamundur qe te mos levize. B\u00ebhet fjal\u00eb p\u00ebr\",\"breadcrumb\":{\"@id\":\"https:\/\/www.visit-ulcinj.com\/blog\/2012\/09\/19\/genti-ismajli-ja-cfare-solli-sezoni-veror\/#breadcrumb\"},\"inLanguage\":\"en-US\",\"potentialAction\":[{\"@type\":\"ReadAction\",\"target\":[\"https:\/\/www.visit-ulcinj.com\/blog\/2012\/09\/19\/genti-ismajli-ja-cfare-solli-sezoni-veror\/\"]}]},{\"@type\":\"BreadcrumbList\",\"@id\":\"https:\/\/www.visit-ulcinj.com\/blog\/2012\/09\/19\/genti-ismajli-ja-cfare-solli-sezoni-veror\/#breadcrumb\",\"itemListElement\":[{\"@type\":\"ListItem\",\"position\":1,\"name\":\"Genti Ismajli: Ja cfar\u00eb solli sezoni veror\"}]},{\"@type\":\"Person\",\"@id\":\"https:\/\/www.visit-ulcinj.com\/blog\/#\/schema\/person\/dcab619c614d3038751c63bc2aadc06d\",\"name\":\"ulqini\",\"sameAs\":[\"http:\/\/www.visit-ulcinj.com\"],\"url\":\"https:\/\/www.visit-ulcinj.com\/blog\/author\/admin\/\"}]}<\/script>\n<!-- \/ Yoast SEO plugin. -->","yoast_head_json":{"title":"Genti Ismajli: Ja cfar\u00eb solli sezoni veror - Lajme nga Ulqini","description":"Gjithandej pershkruhet si vajza me karakter te forte, si vajza me syte e bukur dhe si vajza qe ne skene eshte e pamundur qe te mos levize. B\u00ebhet fjal\u00eb p\u00ebr","robots":{"index":"index","follow":"follow","max-snippet":"max-snippet:-1","max-image-preview":"max-image-preview:large","max-video-preview":"max-video-preview:-1"},"canonical":"https:\/\/www.visit-ulcinj.com\/blog\/2012\/09\/19\/genti-ismajli-ja-cfare-solli-sezoni-veror\/","og_locale":"en_US","og_type":"article","og_title":"Genti Ismajli: Ja cfar\u00eb solli sezoni veror - Lajme nga Ulqini","og_description":"Gjithandej pershkruhet si vajza me karakter te forte, si vajza me syte e bukur dhe si vajza qe ne skene eshte e pamundur qe te mos levize. B\u00ebhet fjal\u00eb p\u00ebr","og_url":"https:\/\/www.visit-ulcinj.com\/blog\/2012\/09\/19\/genti-ismajli-ja-cfare-solli-sezoni-veror\/","og_site_name":"Lajme nga Ulqini","article_published_time":"2012-09-19T14:20:42+00:00","article_modified_time":"2012-09-19T14:21:17+00:00","og_image":[{"url":"http:\/\/www.visit-ulcinj.com\/blog\/wp-content\/uploads\/2012\/09\/Genta-Ismajli-intervista-nga-Top-Channe_osmani.jpg"}],"twitter_misc":{"Written by":"ulqini","Est. reading time":"8 minutes"},"schema":{"@context":"https:\/\/schema.org","@graph":[{"@type":"WebSite","@id":"https:\/\/www.visit-ulcinj.com\/blog\/#website","url":"https:\/\/www.visit-ulcinj.com\/blog\/","name":"Lajme nga Ulqini","description":"Lajme,Vijesti,Ulqini,Ulqin,Crna Gora,Mali i Zi","potentialAction":[{"@type":"SearchAction","target":{"@type":"EntryPoint","urlTemplate":"https:\/\/www.visit-ulcinj.com\/blog\/?s={search_term_string}"},"query-input":"required name=search_term_string"}],"inLanguage":"en-US"},{"@type":"ImageObject","inLanguage":"en-US","@id":"https:\/\/www.visit-ulcinj.com\/blog\/2012\/09\/19\/genti-ismajli-ja-cfare-solli-sezoni-veror\/#primaryimage","url":"http:\/\/www.visit-ulcinj.com\/blog\/wp-content\/uploads\/2012\/09\/Genta-Ismajli-intervista-nga-Top-Channe_osmani.jpg","contentUrl":"http:\/\/www.visit-ulcinj.com\/blog\/wp-content\/uploads\/2012\/09\/Genta-Ismajli-intervista-nga-Top-Channe_osmani.jpg"},{"@type":"WebPage","@id":"https:\/\/www.visit-ulcinj.com\/blog\/2012\/09\/19\/genti-ismajli-ja-cfare-solli-sezoni-veror\/#webpage","url":"https:\/\/www.visit-ulcinj.com\/blog\/2012\/09\/19\/genti-ismajli-ja-cfare-solli-sezoni-veror\/","name":"Genti Ismajli: Ja cfar\u00eb solli sezoni veror - Lajme nga Ulqini","isPartOf":{"@id":"https:\/\/www.visit-ulcinj.com\/blog\/#website"},"primaryImageOfPage":{"@id":"https:\/\/www.visit-ulcinj.com\/blog\/2012\/09\/19\/genti-ismajli-ja-cfare-solli-sezoni-veror\/#primaryimage"},"datePublished":"2012-09-19T14:20:42+00:00","dateModified":"2012-09-19T14:21:17+00:00","author":{"@id":"https:\/\/www.visit-ulcinj.com\/blog\/#\/schema\/person\/dcab619c614d3038751c63bc2aadc06d"},"description":"Gjithandej pershkruhet si vajza me karakter te forte, si vajza me syte e bukur dhe si vajza qe ne skene eshte e pamundur qe te mos levize. B\u00ebhet fjal\u00eb p\u00ebr","breadcrumb":{"@id":"https:\/\/www.visit-ulcinj.com\/blog\/2012\/09\/19\/genti-ismajli-ja-cfare-solli-sezoni-veror\/#breadcrumb"},"inLanguage":"en-US","potentialAction":[{"@type":"ReadAction","target":["https:\/\/www.visit-ulcinj.com\/blog\/2012\/09\/19\/genti-ismajli-ja-cfare-solli-sezoni-veror\/"]}]},{"@type":"BreadcrumbList","@id":"https:\/\/www.visit-ulcinj.com\/blog\/2012\/09\/19\/genti-ismajli-ja-cfare-solli-sezoni-veror\/#breadcrumb","itemListElement":[{"@type":"ListItem","position":1,"name":"Genti Ismajli: Ja cfar\u00eb solli sezoni veror"}]},{"@type":"Person","@id":"https:\/\/www.visit-ulcinj.com\/blog\/#\/schema\/person\/dcab619c614d3038751c63bc2aadc06d","name":"ulqini","sameAs":["http:\/\/www.visit-ulcinj.com"],"url":"https:\/\/www.visit-ulcinj.com\/blog\/author\/admin\/"}]}},"jetpack_featured_media_url":"","jetpack_sharing_enabled":true,"jetpack_shortlink":"https:\/\/wp.me\/pe6lTn-gB1","_links":{"self":[{"href":"https:\/\/www.visit-ulcinj.com\/blog\/wp-json\/wp\/v2\/posts\/63799"}],"collection":[{"href":"https:\/\/www.visit-ulcinj.com\/blog\/wp-json\/wp\/v2\/posts"}],"about":[{"href":"https:\/\/www.visit-ulcinj.com\/blog\/wp-json\/wp\/v2\/types\/post"}],"author":[{"embeddable":true,"href":"https:\/\/www.visit-ulcinj.com\/blog\/wp-json\/wp\/v2\/users\/1"}],"replies":[{"embeddable":true,"href":"https:\/\/www.visit-ulcinj.com\/blog\/wp-json\/wp\/v2\/comments?post=63799"}],"version-history":[{"count":2,"href":"https:\/\/www.visit-ulcinj.com\/blog\/wp-json\/wp\/v2\/posts\/63799\/revisions"}],"predecessor-version":[{"id":63802,"href":"https:\/\/www.visit-ulcinj.com\/blog\/wp-json\/wp\/v2\/posts\/63799\/revisions\/63802"}],"wp:attachment":[{"href":"https:\/\/www.visit-ulcinj.com\/blog\/wp-json\/wp\/v2\/media?parent=63799"}],"wp:term":[{"taxonomy":"category","embeddable":true,"href":"https:\/\/www.visit-ulcinj.com\/blog\/wp-json\/wp\/v2\/categories?post=63799"},{"taxonomy":"post_tag","embeddable":true,"href":"https:\/\/www.visit-ulcinj.com\/blog\/wp-json\/wp\/v2\/tags?post=63799"}],"curies":[{"name":"wp","href":"https:\/\/api.w.org\/{rel}","templated":true}]}}