{"id":63803,"date":"2012-09-19T15:39:21","date_gmt":"2012-09-19T14:39:21","guid":{"rendered":"http:\/\/www.visit-ulcinj.com\/blog\/?p=63803"},"modified":"2012-09-19T15:39:21","modified_gmt":"2012-09-19T14:39:21","slug":"dafina-zeqiri-harron-ledrin-per-nje-mashkull-tjeter","status":"publish","type":"post","link":"https:\/\/www.visit-ulcinj.com\/blog\/2012\/09\/19\/dafina-zeqiri-harron-ledrin-per-nje-mashkull-tjeter\/","title":{"rendered":"Dafina Zeqiri harron Ledrin p\u00ebr nj\u00eb mashkull tjet\u00ebr"},"content":{"rendered":"<p>Dafina ka nisur t\u00eb shoq\u00ebrohet me nj\u00eb mashkull t\u00eb ri. Ende nuk \u00ebsht\u00eb zbuluar identiteti i tij, por m\u00ebsohet se k\u00ebng\u00ebtarja e cila \u00ebsht\u00eb p\u00ebrfolur shum\u00eb p\u00ebr lidhjet e saj romantike po aq sa p\u00ebr sukseset n\u00eb k\u00ebng\u00eb, ka nj\u00eb t\u00eb dashur t\u00eb ri. Dafina Zeqiri, vet\u00eb nuk e ka pranuar zyrtarisht k\u00ebt\u00eb lidhje.<br \/>\n<a href=\"http:\/\/www.visit-ulcinj.com\/blog\/wp-content\/uploads\/2012\/09\/Dafina-Zeqiri-harron-Ledrin-p\u00ebr-nj\u00eb-mashkull-tjet\u00ebr.jpg\"><img loading=\"lazy\" class=\"alignleft  wp-image-63804\" title=\"Dafina Zeqiri harron Ledrin p\u00ebr nj\u00eb mashkull tjet\u00ebr\" src=\"http:\/\/www.visit-ulcinj.com\/blog\/wp-content\/uploads\/2012\/09\/Dafina-Zeqiri-harron-Ledrin-p\u00ebr-nj\u00eb-mashkull-tjet\u00ebr.jpg\" alt=\"\" width=\"508\" height=\"600\" \/><\/a><\/p>\n<p>M\u00ebsohet se i dashuri i saj i ri, n\u00eb fakt nuk \u00ebsht\u00eb dhe aq i ri n\u00eb mosh\u00eb dhe nuk vjen nga bota e show biz-it. Por p\u00ebr t\u00eb zbuluar t\u00eb v\u00ebrtet\u00ebn e k\u00ebsaj historie, duhet t\u00eb presim edhe pak. Si edhe m\u00eb par\u00eb Dafina fillimisht \u00ebsht\u00eb treguar e kujdesshme n\u00eb publikimin e historive t\u00eb saj t\u00eb dashuris\u00eb dhe i ka b\u00ebr\u00eb publike vet\u00ebm kur lidhja \u00ebsht\u00eb b\u00ebr\u00eb serioze. \u00a0Bluetooth<\/p>\n<!--YouTube Error: bad URL entered-->\n","protected":false},"excerpt":{"rendered":"<p>Dafina ka nisur t\u00eb shoq\u00ebrohet me nj\u00eb mashkull t\u00eb ri. Ende nuk \u00ebsht\u00eb zbuluar identiteti i tij, por m\u00ebsohet se k\u00ebng\u00ebtarja e cila \u00ebsht\u00eb p\u00ebrfolur shum\u00eb p\u00ebr lidhjet e saj romantike po aq sa p\u00ebr sukseset n\u00eb k\u00ebng\u00eb, ka nj\u00eb t\u00eb dashur t\u00eb ri. Dafina Zeqiri, vet\u00eb nuk e ka pranuar zyrtarisht k\u00ebt\u00eb lidhje. M\u00ebsohet [&hellip;]<\/p>\n","protected":false},"author":1,"featured_media":0,"comment_status":"open","ping_status":"closed","sticky":false,"template":"","format":"standard","meta":{"spay_email":"","jetpack_publicize_message":"","jetpack_is_tweetstorm":false,"jetpack_publicize_feature_enabled":true},"categories":[1],"tags":[4926],"jetpack_publicize_connections":[],"yoast_head":"<!-- This site is optimized with the Yoast SEO plugin v19.1 - https:\/\/yoast.com\/wordpress\/plugins\/seo\/ -->\n<title>Dafina Zeqiri harron Ledrin p\u00ebr nj\u00eb mashkull tjet\u00ebr - Lajme nga Ulqini<\/title>\n<meta name=\"description\" content=\"Dafina ka nisur t\u00eb shoq\u00ebrohet me nj\u00eb mashkull t\u00eb ri. Ende nuk \u00ebsht\u00eb zbuluar identiteti i tij, por m\u00ebsohet se k\u00ebng\u00ebtarja e cila \u00ebsht\u00eb p\u00ebrfolur shum\u00eb p\u00ebr\" \/>\n<meta name=\"robots\" content=\"index, follow, max-snippet:-1, max-image-preview:large, max-video-preview:-1\" \/>\n<link rel=\"canonical\" href=\"https:\/\/www.visit-ulcinj.com\/blog\/2012\/09\/19\/dafina-zeqiri-harron-ledrin-per-nje-mashkull-tjeter\/\" \/>\n<meta property=\"og:locale\" content=\"en_US\" \/>\n<meta property=\"og:type\" content=\"article\" \/>\n<meta property=\"og:title\" content=\"Dafina Zeqiri harron Ledrin p\u00ebr nj\u00eb mashkull tjet\u00ebr - Lajme nga Ulqini\" \/>\n<meta property=\"og:description\" content=\"Dafina ka nisur t\u00eb shoq\u00ebrohet me nj\u00eb mashkull t\u00eb ri. Ende nuk \u00ebsht\u00eb zbuluar identiteti i tij, por m\u00ebsohet se k\u00ebng\u00ebtarja e cila \u00ebsht\u00eb p\u00ebrfolur shum\u00eb p\u00ebr\" \/>\n<meta property=\"og:url\" content=\"https:\/\/www.visit-ulcinj.com\/blog\/2012\/09\/19\/dafina-zeqiri-harron-ledrin-per-nje-mashkull-tjeter\/\" \/>\n<meta property=\"og:site_name\" content=\"Lajme nga Ulqini\" \/>\n<meta property=\"article:published_time\" content=\"2012-09-19T14:39:21+00:00\" \/>\n<meta name=\"twitter:label1\" content=\"Written by\" \/>\n\t<meta name=\"twitter:data1\" content=\"ulqini\" \/>\n\t<meta name=\"twitter:label2\" content=\"Est. reading time\" \/>\n\t<meta name=\"twitter:data2\" content=\"1 minute\" \/>\n<script type=\"application\/ld+json\" class=\"yoast-schema-graph\">{\"@context\":\"https:\/\/schema.org\",\"@graph\":[{\"@type\":\"WebSite\",\"@id\":\"https:\/\/www.visit-ulcinj.com\/blog\/#website\",\"url\":\"https:\/\/www.visit-ulcinj.com\/blog\/\",\"name\":\"Lajme nga Ulqini\",\"description\":\"Lajme,Vijesti,Ulqini,Ulqin,Crna Gora,Mali i Zi\",\"potentialAction\":[{\"@type\":\"SearchAction\",\"target\":{\"@type\":\"EntryPoint\",\"urlTemplate\":\"https:\/\/www.visit-ulcinj.com\/blog\/?s={search_term_string}\"},\"query-input\":\"required name=search_term_string\"}],\"inLanguage\":\"en-US\"},{\"@type\":\"WebPage\",\"@id\":\"https:\/\/www.visit-ulcinj.com\/blog\/2012\/09\/19\/dafina-zeqiri-harron-ledrin-per-nje-mashkull-tjeter\/#webpage\",\"url\":\"https:\/\/www.visit-ulcinj.com\/blog\/2012\/09\/19\/dafina-zeqiri-harron-ledrin-per-nje-mashkull-tjeter\/\",\"name\":\"Dafina Zeqiri harron Ledrin p\u00ebr nj\u00eb mashkull tjet\u00ebr - Lajme nga Ulqini\",\"isPartOf\":{\"@id\":\"https:\/\/www.visit-ulcinj.com\/blog\/#website\"},\"datePublished\":\"2012-09-19T14:39:21+00:00\",\"dateModified\":\"2012-09-19T14:39:21+00:00\",\"author\":{\"@id\":\"https:\/\/www.visit-ulcinj.com\/blog\/#\/schema\/person\/dcab619c614d3038751c63bc2aadc06d\"},\"description\":\"Dafina ka nisur t\u00eb shoq\u00ebrohet me nj\u00eb mashkull t\u00eb ri. Ende nuk \u00ebsht\u00eb zbuluar identiteti i tij, por m\u00ebsohet se k\u00ebng\u00ebtarja e cila \u00ebsht\u00eb p\u00ebrfolur shum\u00eb p\u00ebr\",\"breadcrumb\":{\"@id\":\"https:\/\/www.visit-ulcinj.com\/blog\/2012\/09\/19\/dafina-zeqiri-harron-ledrin-per-nje-mashkull-tjeter\/#breadcrumb\"},\"inLanguage\":\"en-US\",\"potentialAction\":[{\"@type\":\"ReadAction\",\"target\":[\"https:\/\/www.visit-ulcinj.com\/blog\/2012\/09\/19\/dafina-zeqiri-harron-ledrin-per-nje-mashkull-tjeter\/\"]}]},{\"@type\":\"BreadcrumbList\",\"@id\":\"https:\/\/www.visit-ulcinj.com\/blog\/2012\/09\/19\/dafina-zeqiri-harron-ledrin-per-nje-mashkull-tjeter\/#breadcrumb\",\"itemListElement\":[{\"@type\":\"ListItem\",\"position\":1,\"name\":\"Dafina Zeqiri harron Ledrin p\u00ebr nj\u00eb mashkull tjet\u00ebr\"}]},{\"@type\":\"Person\",\"@id\":\"https:\/\/www.visit-ulcinj.com\/blog\/#\/schema\/person\/dcab619c614d3038751c63bc2aadc06d\",\"name\":\"ulqini\",\"sameAs\":[\"http:\/\/www.visit-ulcinj.com\"],\"url\":\"https:\/\/www.visit-ulcinj.com\/blog\/author\/admin\/\"}]}<\/script>\n<!-- \/ Yoast SEO plugin. -->","yoast_head_json":{"title":"Dafina Zeqiri harron Ledrin p\u00ebr nj\u00eb mashkull tjet\u00ebr - Lajme nga Ulqini","description":"Dafina ka nisur t\u00eb shoq\u00ebrohet me nj\u00eb mashkull t\u00eb ri. Ende nuk \u00ebsht\u00eb zbuluar identiteti i tij, por m\u00ebsohet se k\u00ebng\u00ebtarja e cila \u00ebsht\u00eb p\u00ebrfolur shum\u00eb p\u00ebr","robots":{"index":"index","follow":"follow","max-snippet":"max-snippet:-1","max-image-preview":"max-image-preview:large","max-video-preview":"max-video-preview:-1"},"canonical":"https:\/\/www.visit-ulcinj.com\/blog\/2012\/09\/19\/dafina-zeqiri-harron-ledrin-per-nje-mashkull-tjeter\/","og_locale":"en_US","og_type":"article","og_title":"Dafina Zeqiri harron Ledrin p\u00ebr nj\u00eb mashkull tjet\u00ebr - Lajme nga Ulqini","og_description":"Dafina ka nisur t\u00eb shoq\u00ebrohet me nj\u00eb mashkull t\u00eb ri. Ende nuk \u00ebsht\u00eb zbuluar identiteti i tij, por m\u00ebsohet se k\u00ebng\u00ebtarja e cila \u00ebsht\u00eb p\u00ebrfolur shum\u00eb p\u00ebr","og_url":"https:\/\/www.visit-ulcinj.com\/blog\/2012\/09\/19\/dafina-zeqiri-harron-ledrin-per-nje-mashkull-tjeter\/","og_site_name":"Lajme nga Ulqini","article_published_time":"2012-09-19T14:39:21+00:00","twitter_misc":{"Written by":"ulqini","Est. reading time":"1 minute"},"schema":{"@context":"https:\/\/schema.org","@graph":[{"@type":"WebSite","@id":"https:\/\/www.visit-ulcinj.com\/blog\/#website","url":"https:\/\/www.visit-ulcinj.com\/blog\/","name":"Lajme nga Ulqini","description":"Lajme,Vijesti,Ulqini,Ulqin,Crna Gora,Mali i Zi","potentialAction":[{"@type":"SearchAction","target":{"@type":"EntryPoint","urlTemplate":"https:\/\/www.visit-ulcinj.com\/blog\/?s={search_term_string}"},"query-input":"required name=search_term_string"}],"inLanguage":"en-US"},{"@type":"WebPage","@id":"https:\/\/www.visit-ulcinj.com\/blog\/2012\/09\/19\/dafina-zeqiri-harron-ledrin-per-nje-mashkull-tjeter\/#webpage","url":"https:\/\/www.visit-ulcinj.com\/blog\/2012\/09\/19\/dafina-zeqiri-harron-ledrin-per-nje-mashkull-tjeter\/","name":"Dafina Zeqiri harron Ledrin p\u00ebr nj\u00eb mashkull tjet\u00ebr - Lajme nga Ulqini","isPartOf":{"@id":"https:\/\/www.visit-ulcinj.com\/blog\/#website"},"datePublished":"2012-09-19T14:39:21+00:00","dateModified":"2012-09-19T14:39:21+00:00","author":{"@id":"https:\/\/www.visit-ulcinj.com\/blog\/#\/schema\/person\/dcab619c614d3038751c63bc2aadc06d"},"description":"Dafina ka nisur t\u00eb shoq\u00ebrohet me nj\u00eb mashkull t\u00eb ri. Ende nuk \u00ebsht\u00eb zbuluar identiteti i tij, por m\u00ebsohet se k\u00ebng\u00ebtarja e cila \u00ebsht\u00eb p\u00ebrfolur shum\u00eb p\u00ebr","breadcrumb":{"@id":"https:\/\/www.visit-ulcinj.com\/blog\/2012\/09\/19\/dafina-zeqiri-harron-ledrin-per-nje-mashkull-tjeter\/#breadcrumb"},"inLanguage":"en-US","potentialAction":[{"@type":"ReadAction","target":["https:\/\/www.visit-ulcinj.com\/blog\/2012\/09\/19\/dafina-zeqiri-harron-ledrin-per-nje-mashkull-tjeter\/"]}]},{"@type":"BreadcrumbList","@id":"https:\/\/www.visit-ulcinj.com\/blog\/2012\/09\/19\/dafina-zeqiri-harron-ledrin-per-nje-mashkull-tjeter\/#breadcrumb","itemListElement":[{"@type":"ListItem","position":1,"name":"Dafina Zeqiri harron Ledrin p\u00ebr nj\u00eb mashkull tjet\u00ebr"}]},{"@type":"Person","@id":"https:\/\/www.visit-ulcinj.com\/blog\/#\/schema\/person\/dcab619c614d3038751c63bc2aadc06d","name":"ulqini","sameAs":["http:\/\/www.visit-ulcinj.com"],"url":"https:\/\/www.visit-ulcinj.com\/blog\/author\/admin\/"}]}},"jetpack_featured_media_url":"","jetpack_sharing_enabled":true,"jetpack_shortlink":"https:\/\/wp.me\/pe6lTn-gB5","_links":{"self":[{"href":"https:\/\/www.visit-ulcinj.com\/blog\/wp-json\/wp\/v2\/posts\/63803"}],"collection":[{"href":"https:\/\/www.visit-ulcinj.com\/blog\/wp-json\/wp\/v2\/posts"}],"about":[{"href":"https:\/\/www.visit-ulcinj.com\/blog\/wp-json\/wp\/v2\/types\/post"}],"author":[{"embeddable":true,"href":"https:\/\/www.visit-ulcinj.com\/blog\/wp-json\/wp\/v2\/users\/1"}],"replies":[{"embeddable":true,"href":"https:\/\/www.visit-ulcinj.com\/blog\/wp-json\/wp\/v2\/comments?post=63803"}],"version-history":[{"count":2,"href":"https:\/\/www.visit-ulcinj.com\/blog\/wp-json\/wp\/v2\/posts\/63803\/revisions"}],"predecessor-version":[{"id":63806,"href":"https:\/\/www.visit-ulcinj.com\/blog\/wp-json\/wp\/v2\/posts\/63803\/revisions\/63806"}],"wp:attachment":[{"href":"https:\/\/www.visit-ulcinj.com\/blog\/wp-json\/wp\/v2\/media?parent=63803"}],"wp:term":[{"taxonomy":"category","embeddable":true,"href":"https:\/\/www.visit-ulcinj.com\/blog\/wp-json\/wp\/v2\/categories?post=63803"},{"taxonomy":"post_tag","embeddable":true,"href":"https:\/\/www.visit-ulcinj.com\/blog\/wp-json\/wp\/v2\/tags?post=63803"}],"curies":[{"name":"wp","href":"https:\/\/api.w.org\/{rel}","templated":true}]}}