{"id":63807,"date":"2012-09-19T17:10:37","date_gmt":"2012-09-19T16:10:37","guid":{"rendered":"http:\/\/www.visit-ulcinj.com\/blog\/?p=63807"},"modified":"2012-09-23T12:20:17","modified_gmt":"2012-09-23T11:20:17","slug":"ali-salaj-memorandumi-i-vitit-1992-metamorfozat-e-tranzicionit","status":"publish","type":"post","link":"https:\/\/www.visit-ulcinj.com\/blog\/2012\/09\/19\/ali-salaj-memorandumi-i-vitit-1992-metamorfozat-e-tranzicionit\/","title":{"rendered":"Ali Salaj: Memorandumi i vitit 1992 &#8211; Metamorfozat e tranzicionit"},"content":{"rendered":"<p><a href=\"http:\/\/www.visit-ulcinj.com\/blog\/wp-content\/uploads\/2012\/09\/Ali-Salaj_-Memorandumi-i-vitit-1992-Metamorfozat-e-tranzicionit.jpg\"><img loading=\"lazy\" class=\"alignleft  wp-image-63808\" title=\"Ali Salaj_ Memorandumi i vitit 1992 - Metamorfozat e tranzicionit\" src=\"http:\/\/www.visit-ulcinj.com\/blog\/wp-content\/uploads\/2012\/09\/Ali-Salaj_-Memorandumi-i-vitit-1992-Metamorfozat-e-tranzicionit.jpg\" alt=\"\" width=\"350\" height=\"400\" \/><\/a>Duke analizuar sistemin partiak t\u00eb shqiptar\u00ebve n\u00eb rajon, analisti dhe publicisti i njohur ,Elez Biberaj n\u00eb vepr\u00ebn e tij \u201cShqip\u00ebria n\u00eb Tranzicion- Rruga e v\u00ebshtir\u00eb drejt Demokracis\u00eb\u201d v\u00eb n\u00eb dukje sistemin e paq\u00ebndruesh\u00ebm partiak , i cili mbret\u00ebron gati n\u00eb t\u00ebr\u00eb hap\u00ebsir\u00ebn shqiptare ku \u201c shumica e partive p\u00ebsuan p\u00ebr\u00e7arje, t\u00eb shkaktuara m\u00eb fort nga rivalitete personale dhe intriga sesa nga parimet politike\u201d. N\u00eb k\u00ebt\u00eb kuad\u00ebr kuptohet edhe pluralizmi i shqiptar\u00ebve n\u00eb Mal t\u00eb Zi, i cili\u00a0 p\u00ebrjetoi devijime dhe metamorfoza nd\u00ebr m\u00eb t\u00eb skajshmet. Ky tranzicion edhe pas m\u00eb shum\u00eb se dy dekada vazhdon t\u00eb jet\u00eb i v\u00ebshtir\u00eb dhe me polarizime\u00a0 brenda spektrit politik shqiptar duke i l\u00ebne n\u00eb margjina problemet e nj\u00ebmend\u00ebta t\u00eb shqiptar\u00ebve n\u00eb Mal t\u00eb Zi.<\/p>\n<p>Shirli Diogardi, k\u00ebshilltare e Lidhjes Qytetare Shqiptaro-Amerikane p\u00ebr Ballkanin n\u00eb nj\u00eb analiz\u00eb politike me titull \u201c\u00c7\u00ebshtja e pap\u00ebrfunduar e t\u00eb drejtave t\u00eb shqiptar\u00ebve n\u00eb Mal t\u00eb Zi\u201d v\u00eb n\u00eb dukje se shumica e zyrtar\u00ebve t\u00eb Bashkimit Evropian dhe t\u00eb Shteteve t\u00eb Bashkuara t\u00eb Amerik\u00ebs din\u00eb fare pak p\u00ebr problemet e shqiptar\u00ebve n\u00eb k\u00ebt\u00eb vend. Kjo ndodh sepse subjekti politik shqiptar nuk arriti ti imponohet faktorit nd\u00ebrkomb\u00ebtar dhe pas tyre nuk ekzistonte asnj\u00eb platform\u00eb e p\u00ebrbashk\u00ebt \u00e7ka do ti b\u00ebnte ata serioz para institucioneve amerikane dhe evropiane.<\/p>\n<p>P\u00ebr k\u00ebt\u00eb arsye p\u00ebrkujtohet si nj\u00eb veprim madhor\u00a0 Memorandumi i vitit 1992 t\u00eb Forumit Demokratik t\u00eb Shqiptar\u00ebve n\u00eb Mal t\u00eb Zi ku p\u00ebr her\u00eb t\u00eb par\u00eb shqiptar\u00ebt fol\u00ebn nj\u00ebz\u00ebri\u00a0 duke paraqitur k\u00ebrkesat e tyre para faktorit nd\u00ebrkomb\u00ebtar. P\u00ebr her\u00eb t\u00eb par\u00eb delegacioni i shqiptar\u00ebve n\u00eb Mal t\u00eb Zi mori pjes\u00eb n\u00eb Konferenc\u00ebn e Gjenev\u00ebs p\u00ebr ish-Jugosllavin\u00eb. Edhepse duket pak e tepruar por\u00a0 ky\u00a0 Memorandum mund t\u00eb cil\u00ebsohet si m\u00eb i r\u00ebnd\u00ebsishmi p\u00ebr shqiptar\u00ebt n\u00eb Mal t\u00eb Zi pas Memorandumit t\u00eb Gre\u00e7\u00ebs kur shqiptar\u00ebt e veriut p\u00ebrpiluan programin komb\u00ebtar n\u00eb t\u00eb cilin aderuan t\u00eb gjith\u00eb shqiptar\u00ebt.<\/p>\n<p>Ky Memorandum ka mbetur si nj\u00eb relike e shqiptar\u00ebve n\u00eb Mal t\u00eb Zi drejt k\u00ebrkes\u00ebs s\u00eb tyre legjitime p\u00ebr drejt\u00ebsi dhe barazi , por t\u00eb k\u00ebrkosh riaktivizimin e tij dhe t\u00eb Forumit do t\u00eb ishte nj\u00eb veprim politik tejet naiv. Ky dokument \u00ebsht\u00eb vjet\u00ebruar dhe nuk p\u00ebrkon as\u00a0 me realitetin aktual t\u00eb shqiptar\u00ebve n\u00eb Mal t\u00eb Zi. Nd\u00ebrkoh\u00eb q\u00eb sot funksionon nj\u00eb subjekt mbipartiak si\u00e7 \u00ebsh\u00ebt\u00a0 K\u00ebshilli Nacional i Shqiptar\u00ebve , i cili duhet t\u00eb shnd\u00ebrrohet n\u00eb nj\u00eb strumbullar t\u00eb k\u00ebrkesave reale t\u00eb shqiptar\u00ebve n\u00eb Mal t\u00eb Zi dhe kurrsesi t\u00eb mos injorohet dhe t\u00eb p\u00ebrjetoje fatin e Forumit Demokratik t\u00eb Shqiptar\u00ebve n\u00eb Mal t\u00eb Zi.<\/p>\n","protected":false},"excerpt":{"rendered":"<p>Duke analizuar sistemin partiak t\u00eb shqiptar\u00ebve n\u00eb rajon, analisti dhe publicisti i njohur ,Elez Biberaj n\u00eb vepr\u00ebn e tij \u201cShqip\u00ebria n\u00eb Tranzicion- Rruga e v\u00ebshtir\u00eb drejt Demokracis\u00eb\u201d v\u00eb n\u00eb dukje sistemin e paq\u00ebndruesh\u00ebm partiak , i cili mbret\u00ebron gati n\u00eb t\u00ebr\u00eb hap\u00ebsir\u00ebn shqiptare ku \u201c shumica e partive p\u00ebsuan p\u00ebr\u00e7arje, t\u00eb shkaktuara m\u00eb fort nga [&hellip;]<\/p>\n","protected":false},"author":1,"featured_media":0,"comment_status":"open","ping_status":"closed","sticky":false,"template":"","format":"standard","meta":{"spay_email":"","jetpack_publicize_message":"","jetpack_is_tweetstorm":false,"jetpack_publicize_feature_enabled":true},"categories":[4],"tags":[4995,200],"jetpack_publicize_connections":[],"yoast_head":"<!-- This site is optimized with the Yoast SEO plugin v19.1 - https:\/\/yoast.com\/wordpress\/plugins\/seo\/ -->\n<title>Ali Salaj: Memorandumi i vitit 1992 - Metamorfozat e tranzicionit - Lajme nga Ulqini<\/title>\n<meta name=\"description\" content=\"Duke analizuar sistemin partiak t\u00eb shqiptar\u00ebve n\u00eb rajon, analisti dhe publicisti i njohur ,Elez Biberaj n\u00eb vepr\u00ebn e tij \u201cShqip\u00ebria n\u00eb Tranzicion- Rruga e\" \/>\n<meta name=\"robots\" content=\"index, follow, max-snippet:-1, max-image-preview:large, max-video-preview:-1\" \/>\n<link rel=\"canonical\" href=\"https:\/\/www.visit-ulcinj.com\/blog\/2012\/09\/19\/ali-salaj-memorandumi-i-vitit-1992-metamorfozat-e-tranzicionit\/\" \/>\n<meta property=\"og:locale\" content=\"en_US\" \/>\n<meta property=\"og:type\" content=\"article\" \/>\n<meta property=\"og:title\" content=\"Ali Salaj: Memorandumi i vitit 1992 - Metamorfozat e tranzicionit - Lajme nga Ulqini\" \/>\n<meta property=\"og:description\" content=\"Duke analizuar sistemin partiak t\u00eb shqiptar\u00ebve n\u00eb rajon, analisti dhe publicisti i njohur ,Elez Biberaj n\u00eb vepr\u00ebn e tij \u201cShqip\u00ebria n\u00eb Tranzicion- Rruga e\" \/>\n<meta property=\"og:url\" content=\"https:\/\/www.visit-ulcinj.com\/blog\/2012\/09\/19\/ali-salaj-memorandumi-i-vitit-1992-metamorfozat-e-tranzicionit\/\" \/>\n<meta property=\"og:site_name\" content=\"Lajme nga Ulqini\" \/>\n<meta property=\"article:published_time\" content=\"2012-09-19T16:10:37+00:00\" \/>\n<meta property=\"article:modified_time\" content=\"2012-09-23T11:20:17+00:00\" \/>\n<meta property=\"og:image\" content=\"http:\/\/www.visit-ulcinj.com\/blog\/wp-content\/uploads\/2012\/09\/Ali-Salaj_-Memorandumi-i-vitit-1992-Metamorfozat-e-tranzicionit.jpg\" \/>\n<meta name=\"twitter:label1\" content=\"Written by\" \/>\n\t<meta name=\"twitter:data1\" content=\"ulqini\" \/>\n\t<meta name=\"twitter:label2\" content=\"Est. reading time\" \/>\n\t<meta name=\"twitter:data2\" content=\"2 minutes\" \/>\n<script type=\"application\/ld+json\" class=\"yoast-schema-graph\">{\"@context\":\"https:\/\/schema.org\",\"@graph\":[{\"@type\":\"WebSite\",\"@id\":\"https:\/\/www.visit-ulcinj.com\/blog\/#website\",\"url\":\"https:\/\/www.visit-ulcinj.com\/blog\/\",\"name\":\"Lajme nga Ulqini\",\"description\":\"Lajme,Vijesti,Ulqini,Ulqin,Crna Gora,Mali i Zi\",\"potentialAction\":[{\"@type\":\"SearchAction\",\"target\":{\"@type\":\"EntryPoint\",\"urlTemplate\":\"https:\/\/www.visit-ulcinj.com\/blog\/?s={search_term_string}\"},\"query-input\":\"required name=search_term_string\"}],\"inLanguage\":\"en-US\"},{\"@type\":\"ImageObject\",\"inLanguage\":\"en-US\",\"@id\":\"https:\/\/www.visit-ulcinj.com\/blog\/2012\/09\/19\/ali-salaj-memorandumi-i-vitit-1992-metamorfozat-e-tranzicionit\/#primaryimage\",\"url\":\"https:\/\/www.visit-ulcinj.com\/blog\/wp-content\/uploads\/2012\/09\/Ali-Salaj_-Memorandumi-i-vitit-1992-Metamorfozat-e-tranzicionit.jpg\",\"contentUrl\":\"https:\/\/www.visit-ulcinj.com\/blog\/wp-content\/uploads\/2012\/09\/Ali-Salaj_-Memorandumi-i-vitit-1992-Metamorfozat-e-tranzicionit.jpg\",\"width\":\"424\",\"height\":\"461\"},{\"@type\":\"WebPage\",\"@id\":\"https:\/\/www.visit-ulcinj.com\/blog\/2012\/09\/19\/ali-salaj-memorandumi-i-vitit-1992-metamorfozat-e-tranzicionit\/#webpage\",\"url\":\"https:\/\/www.visit-ulcinj.com\/blog\/2012\/09\/19\/ali-salaj-memorandumi-i-vitit-1992-metamorfozat-e-tranzicionit\/\",\"name\":\"Ali Salaj: Memorandumi i vitit 1992 - Metamorfozat e tranzicionit - Lajme nga Ulqini\",\"isPartOf\":{\"@id\":\"https:\/\/www.visit-ulcinj.com\/blog\/#website\"},\"primaryImageOfPage\":{\"@id\":\"https:\/\/www.visit-ulcinj.com\/blog\/2012\/09\/19\/ali-salaj-memorandumi-i-vitit-1992-metamorfozat-e-tranzicionit\/#primaryimage\"},\"datePublished\":\"2012-09-19T16:10:37+00:00\",\"dateModified\":\"2012-09-23T11:20:17+00:00\",\"author\":{\"@id\":\"https:\/\/www.visit-ulcinj.com\/blog\/#\/schema\/person\/dcab619c614d3038751c63bc2aadc06d\"},\"description\":\"Duke analizuar sistemin partiak t\u00eb shqiptar\u00ebve n\u00eb rajon, analisti dhe publicisti i njohur ,Elez Biberaj n\u00eb vepr\u00ebn e tij \u201cShqip\u00ebria n\u00eb Tranzicion- Rruga e\",\"breadcrumb\":{\"@id\":\"https:\/\/www.visit-ulcinj.com\/blog\/2012\/09\/19\/ali-salaj-memorandumi-i-vitit-1992-metamorfozat-e-tranzicionit\/#breadcrumb\"},\"inLanguage\":\"en-US\",\"potentialAction\":[{\"@type\":\"ReadAction\",\"target\":[\"https:\/\/www.visit-ulcinj.com\/blog\/2012\/09\/19\/ali-salaj-memorandumi-i-vitit-1992-metamorfozat-e-tranzicionit\/\"]}]},{\"@type\":\"BreadcrumbList\",\"@id\":\"https:\/\/www.visit-ulcinj.com\/blog\/2012\/09\/19\/ali-salaj-memorandumi-i-vitit-1992-metamorfozat-e-tranzicionit\/#breadcrumb\",\"itemListElement\":[{\"@type\":\"ListItem\",\"position\":1,\"name\":\"Ali Salaj: Memorandumi i vitit 1992 &#8211; Metamorfozat e tranzicionit\"}]},{\"@type\":\"Person\",\"@id\":\"https:\/\/www.visit-ulcinj.com\/blog\/#\/schema\/person\/dcab619c614d3038751c63bc2aadc06d\",\"name\":\"ulqini\",\"sameAs\":[\"http:\/\/www.visit-ulcinj.com\"],\"url\":\"https:\/\/www.visit-ulcinj.com\/blog\/author\/admin\/\"}]}<\/script>\n<!-- \/ Yoast SEO plugin. -->","yoast_head_json":{"title":"Ali Salaj: Memorandumi i vitit 1992 - Metamorfozat e tranzicionit - Lajme nga Ulqini","description":"Duke analizuar sistemin partiak t\u00eb shqiptar\u00ebve n\u00eb rajon, analisti dhe publicisti i njohur ,Elez Biberaj n\u00eb vepr\u00ebn e tij \u201cShqip\u00ebria n\u00eb Tranzicion- Rruga e","robots":{"index":"index","follow":"follow","max-snippet":"max-snippet:-1","max-image-preview":"max-image-preview:large","max-video-preview":"max-video-preview:-1"},"canonical":"https:\/\/www.visit-ulcinj.com\/blog\/2012\/09\/19\/ali-salaj-memorandumi-i-vitit-1992-metamorfozat-e-tranzicionit\/","og_locale":"en_US","og_type":"article","og_title":"Ali Salaj: Memorandumi i vitit 1992 - Metamorfozat e tranzicionit - Lajme nga Ulqini","og_description":"Duke analizuar sistemin partiak t\u00eb shqiptar\u00ebve n\u00eb rajon, analisti dhe publicisti i njohur ,Elez Biberaj n\u00eb vepr\u00ebn e tij \u201cShqip\u00ebria n\u00eb Tranzicion- Rruga e","og_url":"https:\/\/www.visit-ulcinj.com\/blog\/2012\/09\/19\/ali-salaj-memorandumi-i-vitit-1992-metamorfozat-e-tranzicionit\/","og_site_name":"Lajme nga Ulqini","article_published_time":"2012-09-19T16:10:37+00:00","article_modified_time":"2012-09-23T11:20:17+00:00","og_image":[{"url":"http:\/\/www.visit-ulcinj.com\/blog\/wp-content\/uploads\/2012\/09\/Ali-Salaj_-Memorandumi-i-vitit-1992-Metamorfozat-e-tranzicionit.jpg"}],"twitter_misc":{"Written by":"ulqini","Est. reading time":"2 minutes"},"schema":{"@context":"https:\/\/schema.org","@graph":[{"@type":"WebSite","@id":"https:\/\/www.visit-ulcinj.com\/blog\/#website","url":"https:\/\/www.visit-ulcinj.com\/blog\/","name":"Lajme nga Ulqini","description":"Lajme,Vijesti,Ulqini,Ulqin,Crna Gora,Mali i Zi","potentialAction":[{"@type":"SearchAction","target":{"@type":"EntryPoint","urlTemplate":"https:\/\/www.visit-ulcinj.com\/blog\/?s={search_term_string}"},"query-input":"required name=search_term_string"}],"inLanguage":"en-US"},{"@type":"ImageObject","inLanguage":"en-US","@id":"https:\/\/www.visit-ulcinj.com\/blog\/2012\/09\/19\/ali-salaj-memorandumi-i-vitit-1992-metamorfozat-e-tranzicionit\/#primaryimage","url":"https:\/\/www.visit-ulcinj.com\/blog\/wp-content\/uploads\/2012\/09\/Ali-Salaj_-Memorandumi-i-vitit-1992-Metamorfozat-e-tranzicionit.jpg","contentUrl":"https:\/\/www.visit-ulcinj.com\/blog\/wp-content\/uploads\/2012\/09\/Ali-Salaj_-Memorandumi-i-vitit-1992-Metamorfozat-e-tranzicionit.jpg","width":"424","height":"461"},{"@type":"WebPage","@id":"https:\/\/www.visit-ulcinj.com\/blog\/2012\/09\/19\/ali-salaj-memorandumi-i-vitit-1992-metamorfozat-e-tranzicionit\/#webpage","url":"https:\/\/www.visit-ulcinj.com\/blog\/2012\/09\/19\/ali-salaj-memorandumi-i-vitit-1992-metamorfozat-e-tranzicionit\/","name":"Ali Salaj: Memorandumi i vitit 1992 - Metamorfozat e tranzicionit - Lajme nga Ulqini","isPartOf":{"@id":"https:\/\/www.visit-ulcinj.com\/blog\/#website"},"primaryImageOfPage":{"@id":"https:\/\/www.visit-ulcinj.com\/blog\/2012\/09\/19\/ali-salaj-memorandumi-i-vitit-1992-metamorfozat-e-tranzicionit\/#primaryimage"},"datePublished":"2012-09-19T16:10:37+00:00","dateModified":"2012-09-23T11:20:17+00:00","author":{"@id":"https:\/\/www.visit-ulcinj.com\/blog\/#\/schema\/person\/dcab619c614d3038751c63bc2aadc06d"},"description":"Duke analizuar sistemin partiak t\u00eb shqiptar\u00ebve n\u00eb rajon, analisti dhe publicisti i njohur ,Elez Biberaj n\u00eb vepr\u00ebn e tij \u201cShqip\u00ebria n\u00eb Tranzicion- Rruga e","breadcrumb":{"@id":"https:\/\/www.visit-ulcinj.com\/blog\/2012\/09\/19\/ali-salaj-memorandumi-i-vitit-1992-metamorfozat-e-tranzicionit\/#breadcrumb"},"inLanguage":"en-US","potentialAction":[{"@type":"ReadAction","target":["https:\/\/www.visit-ulcinj.com\/blog\/2012\/09\/19\/ali-salaj-memorandumi-i-vitit-1992-metamorfozat-e-tranzicionit\/"]}]},{"@type":"BreadcrumbList","@id":"https:\/\/www.visit-ulcinj.com\/blog\/2012\/09\/19\/ali-salaj-memorandumi-i-vitit-1992-metamorfozat-e-tranzicionit\/#breadcrumb","itemListElement":[{"@type":"ListItem","position":1,"name":"Ali Salaj: Memorandumi i vitit 1992 &#8211; Metamorfozat e tranzicionit"}]},{"@type":"Person","@id":"https:\/\/www.visit-ulcinj.com\/blog\/#\/schema\/person\/dcab619c614d3038751c63bc2aadc06d","name":"ulqini","sameAs":["http:\/\/www.visit-ulcinj.com"],"url":"https:\/\/www.visit-ulcinj.com\/blog\/author\/admin\/"}]}},"jetpack_featured_media_url":"","jetpack_sharing_enabled":true,"jetpack_shortlink":"https:\/\/wp.me\/pe6lTn-gB9","_links":{"self":[{"href":"https:\/\/www.visit-ulcinj.com\/blog\/wp-json\/wp\/v2\/posts\/63807"}],"collection":[{"href":"https:\/\/www.visit-ulcinj.com\/blog\/wp-json\/wp\/v2\/posts"}],"about":[{"href":"https:\/\/www.visit-ulcinj.com\/blog\/wp-json\/wp\/v2\/types\/post"}],"author":[{"embeddable":true,"href":"https:\/\/www.visit-ulcinj.com\/blog\/wp-json\/wp\/v2\/users\/1"}],"replies":[{"embeddable":true,"href":"https:\/\/www.visit-ulcinj.com\/blog\/wp-json\/wp\/v2\/comments?post=63807"}],"version-history":[{"count":2,"href":"https:\/\/www.visit-ulcinj.com\/blog\/wp-json\/wp\/v2\/posts\/63807\/revisions"}],"predecessor-version":[{"id":63885,"href":"https:\/\/www.visit-ulcinj.com\/blog\/wp-json\/wp\/v2\/posts\/63807\/revisions\/63885"}],"wp:attachment":[{"href":"https:\/\/www.visit-ulcinj.com\/blog\/wp-json\/wp\/v2\/media?parent=63807"}],"wp:term":[{"taxonomy":"category","embeddable":true,"href":"https:\/\/www.visit-ulcinj.com\/blog\/wp-json\/wp\/v2\/categories?post=63807"},{"taxonomy":"post_tag","embeddable":true,"href":"https:\/\/www.visit-ulcinj.com\/blog\/wp-json\/wp\/v2\/tags?post=63807"}],"curies":[{"name":"wp","href":"https:\/\/api.w.org\/{rel}","templated":true}]}}