{"id":63810,"date":"2012-09-19T17:31:31","date_gmt":"2012-09-19T16:31:31","guid":{"rendered":"http:\/\/www.visit-ulcinj.com\/blog\/?p=63810"},"modified":"2012-09-19T17:31:31","modified_gmt":"2012-09-19T16:31:31","slug":"abaz-recica-pse-miu-nuk-di-kur-%d1%91sht%d1%91-boll","status":"publish","type":"post","link":"https:\/\/www.visit-ulcinj.com\/blog\/2012\/09\/19\/abaz-recica-pse-miu-nuk-di-kur-%d1%91sht%d1%91-boll\/","title":{"rendered":"Abaz Re\u00e7ica: Pse miu nuk di kur \u0451sht\u0451 boll?"},"content":{"rendered":"<p><a href=\"http:\/\/www.visit-ulcinj.com\/blog\/wp-content\/uploads\/2012\/09\/Abaz-Recica.jpg\"><img loading=\"lazy\" class=\"alignleft  wp-image-63811\" title=\"Abaz Recica\" src=\"http:\/\/www.visit-ulcinj.com\/blog\/wp-content\/uploads\/2012\/09\/Abaz-Recica.jpg\" alt=\"\" width=\"350\" height=\"400\" \/><\/a>N\u0451 nj\u0451 laborator, nj\u0451 grup i shkenc\u0451tar\u0451ve kishte mbajtur t\u0451 uritur nj\u0451 mi p\u0451r nj\u0451 koh\u0451 t\u0451 gjat\u0451. Pastaj ia ofrojn\u0451 nj\u0451 konserv\u0451 t\u0451 madhe me ushqimin e tij m\u0451 t\u0451 k\u0451ndsh\u0451m. L\u0451shohet, si mi, dhe e g\u0451lltit ushqimin me furi dhe kur st\u0451rngopet i molisur bie shtrir\u0451. Shkenc\u0451tar\u0451t ia fusin n\u00eb kafaz nj\u0451 shok mi, gjithashtu shum\u0451 t\u0451 uritur. Edhe ky, bash si shoku i m\u0451parsh\u0451m, i v\u0451rsulet en\u0451s. Miu i pamundur ngrihet dhe i bashk\u00ebngjitet mysafirit t\u0451 pad\u0451shiruar. Pas pak kafshatave, p\u0451rmbyset i ngordhur nga st\u0451rngr\u0451nia.<\/p>\n<p>Diagnoza p\u0451rfundimtare: Ngordhi nga gryk\u0451sia e tep\u0451ruar. Nga \u2018gjygji i popullit\u2019, shkenc\u0451tar\u0451t u akuzuan p\u0451r trajtim johuman t\u0451 minjve. Ishte faji i tyre q\u0451 i lejuan atyre t\u0451 tejkalojn\u0451 aft\u0451sit\u0451 e tyre absorbuese! Por edhe \u2018k\u0451shilli i minjve\u2019 shprehu pak\u0451naq\u0451sin\u0451 e tij: \u201cshok\u0451t tan\u0451 vet\u0451m kan\u0451 zbatuar rregullat e konkurrenc\u0451s, ne nuk jemi t\u0451 krijuar e as \u2018t\u0451 programuar\u2019 p\u0451r bashk\u0451kpunim dhe ndarje t\u0451 t\u0451 mirave jet\u0451sore, si\u00e7 k\u0451rkojn\u0451 disa \u2018mendje t\u0451 ndritura\u2019 tuaja!\u201d.<\/p>\n<p>Po njeriun, si e ka programuar Krijuesi?<\/p>\n<p>P\u0451r dallim nga t\u00eb gjitha krijesat tjera, at\u00eb e ka shp\u0451rblyer me aft\u0451sin\u0451 p\u00ebr t\u00eb vendosur dhe p\u0451r t\u0451 zgjedhur. At\u00eb, si krijes\u0451, e privilegjoi me vullnet t\u0451 lir\u0451. Bleta e vyeshme gjeniale krijon hojet e saj me p\u0451rpik\u0451ri teknike dhe artistike, t\u0451 cilat mund t\u2019i b\u0451jn\u0451 xheloz\u00eb edhe inxhinier\u0451t dhe dizajner\u0451t m\u0451 t\u0451 talentuar. Mir\u0451po, ajo nuk mund t\u2019i z\u0451vend\u0451soj\u0451 format drejtk\u0451ndshe me rrumbullak\u0451 apo me forma trek\u0451nd\u00ebshe. N\u0451 t\u0451 kund\u0451rt\u0451n, specia njeri sjell vendime p\u0451rher\u0451 n\u0451 \u00e7do moment me vullnet t\u0451 lir\u0451 q\u0451 nga zgjimi deri n\u0451 gjum\u0451. Disa cinik\u0451 k\u0451t\u0451 e gjykojn\u0451 si \u201caventur\u0451n m\u0451 t\u0451 madhe, t\u0451 cil\u0451n Zoti e ka nd\u0451rmarr\u00eb gjat\u0451 gjith\u0451 krijimit t\u0451 gjith\u0451sis\u0451!\u201d.<\/p>\n<p>Fatkeq\u0451sisht, n\u0451 periudh\u0451n e pasluft\u0451s, n\u0451 Kosov\u0451, shum\u0451 biznese jan\u0451 drejtuar nga natyra e programuar e miut. Gryk\u0451sia e pakufizuar dhe e pakontrolluar ka drejtuar menaxhimin e tyre. \u0401sht\u0451 trondit\u0451s dhe d\u0451shp\u00ebrues bot\u0451kuptimi dhe filozofia e biznesit, t\u0451 cil\u0451n ata kan\u0451: n\u0451 ekonomin\u0451 e tregut t\u0451 lir\u0451, mashtrimi, hajnia, rrena e disa vese t\u00eb tjera jan\u0451 t\u0451 lejuara dhe t\u0451 domosdoshme p\u0451r sukses dhe p\u0451rfitim. N\u0451 fakt, suksesi i nj\u0451 biznesmeni apo bizneswomene, matet me aft\u0451sin\u0451 dhe kapacitetin p\u00ebr t\u00eb mashtruar. Nd\u0451rmarr\u0451si mund t\u0451 p\u0451rfitoj\u0451 vet\u0451m n\u0451 d\u0451m t\u0451 konsumatorit, shtetit, ambientit dhe konkurrenc\u0451s!<\/p>\n<p>Eureka p\u0451r t\u0451 gjith\u0451 ideolog\u0451t dhe filozof\u0451t e k\u0451till\u0451 t\u0451 biznesit: vet\u0451 fjala kompani rrjedh nga kombinimi i fjal\u0451ve t\u0451 vjetra latine: cum panis, q\u0451 do t\u0451 thot\u0451 t\u00eb thyesh (t\u00eb ndash) buk\u0451n. Pra, q\u0451llimi i kompanis\u0451 \u0451sht\u0451 t\u00eb krijoj\u00eb vler\u0451 dhe ta shp\u0451rndaj\u00eb n\u0451 t\u0451 gjith\u0451 pjes\u0451marr\u0451sit me interes: pronar\u0451, pun\u0451tor\u0451, konsumator\u0451, shtet, shoq\u0451ri dhe natyr\u0451. Profiti \u0451sht\u0451 bashk\u0451prodhim e jo i vetmi q\u0451llim i aktivitetit t\u0451 biznesit, nd\u0451rsa plot\u0451simi i nevojave njer\u0451zore n\u0451 bashk\u0451punim dhe respekt ndaj burimeve natyrore dhe ambientit, \u0451sht\u0451 roli dhe caku p\u0451rfundimtar.<\/p>\n<p>Shkurt dhe thjesht, biznesi duhet t\u0451 jet\u0451 profitabil, por duhet t\u0451 jet\u0451 edhe i dobish\u0451m p\u0451r shoq\u0451ri dhe ta ruaj\u0451 ambientin. K\u0451sisoji, biznesi do t\u0451 siguroj\u0451 p\u0451rparim dhe q\u0451ndrueshm\u0451ri, e nuk do ta pres\u0451 deg\u0451n mbi t\u0451 cil\u0451n jeton. Ngjarjet si \u2018Okupo Wall Street\u2019 n\u0451 NYC dhe p\u0451rhapja dhe shkall\u0451zimi i shpejt\u0451 n\u0451 mbar\u0451 globin shpreh k\u0451t\u0451 sentiment.<\/p>\n<p>Sjelljet joetike dhe gryk\u0451se po u kushtojn\u0451 edhe financiarisht k\u0451tyre gjiganteve t\u0451 biznesit. Shoqatat aktiviste si Greenpeace, Sierra Club, Aavaz, 350.org, e shum\u0451 t\u0451 tjera po rreshtojn\u0451 p\u0451r \u00e7do dit\u0451 suksese n\u0451 sforcimin e Nestle, Nike, BP, Wallmart, t\u0451 ngren\u00eb p\u0451rgjegj\u0451sin\u0451 shoq\u0451rore n\u0451 ruajtjen e ambientit, (mos)pun\u0451simin e t\u0451 miturve, p\u0451rmirsimin e kushteve t\u0451 pun\u0451s, ngritjen e pagave e k\u0451shtu me radh\u0451.<\/p>\n<p>Num\u0451r i madh i kompanive globale, n\u0451 politikat zhvillimore t\u0451 tyre, vend t\u0451 posa\u00e7\u0451m po i dedikojn\u0451 p\u0451rgjegj\u0451sis\u0451 shoq\u0451rore dhe kujdesit ndaj ambientit. Hewlet Packard sh\u0451rben si pionier i fuqish\u0451m me \u201craportin vjetor t\u0451 q\u0451ndrueshm\u0451ris\u0451\u201d. Avon, prodhuesi 120-vje\u00e7ar i kozmetik\u0451s, n\u0451 k\u0451t\u0451 frym\u0451 dhe trend, aplikon politik\u0451n shum\u0451 t\u0451 mir\u0451pritur nga konsumator\u0451t, sipas s\u0451 cil\u0451s p\u0451r \u00e7do shitje mbi 10 dollar\u0451 mbjell nj\u0451 dru n\u0451 Amazon, \u201cmushk\u0451rit\u0451 e planetit\u201d.<\/p>\n<p>Kompania Interface Inc., prodhuesi m\u0451 i madh n\u0451 bot\u0451 i shtrojeve industriale, \u0451sht\u0451 n\u0451 rrug\u0451 t\u0451 arrij\u0451 q\u0451llimin e ish-pronarit t\u0451 iluminuar, Ray Anderson, \u2018zero emission\u2019, \u2018zero ndotje\u2019 t\u0451 ambientit. Edhe n\u0451 Tiran\u0451, l\u0451vizje pozitive po \u2018mbijn\u0451\u2019 me mbjelljen e pem\u0451ve n\u0451 sheshe dhe rrug\u0451 t\u0451 qytetit t\u0451 sponsorizuara n\u0451 form\u0451 t\u0451 partneritetit publik-privat n\u0451 mes Eagle mobile, Tirana bank, dhe Bashk\u0451sis\u0451 s\u0451 Tiran\u0451s.<\/p>\n<p>N\u0451 filozofin\u0451 ton\u0451 tradicionale, esnaf\u0451t kishin konsiderat\u0451 t\u0451 lart\u0451 p\u0451r etik\u0451n n\u0451 biznes. Tregtar\u0451ve t\u0451 Shkodr\u0451s, fabrikant\u0451t n\u0451 Itali, i jepnin mallra me vlera t\u0451 m\u0451dha veresie, derisa atyre italian\u00eb nuk ia besonin k\u0451t\u0451 sh\u0451rbim. Malsor\u0451t imigrant\u00ebn\u0451 n\u00eb Amerik\u0451 i huazonin nj\u0451ri-jetrit shuma qindra mij\u0451ra dollar\u0451shepa kontrat\u0451 t\u0451 n\u0451nshkruar e vulosur, me fjal\u0451n e dh\u0451n\u0451 &#8211; n\u0451 bes\u0451, gj\u0451 q\u0451 i b\u0451nte bankier\u0451t dhe avokat\u0451t t\u2019i shikonin me habi. Edhe n\u0451 Lipjan, gjyshi im tregtar dhe besimtar, n\u0451 dyqanin, t\u0451 cilin ia konfiskuan \u201c\u00e7lirimtar\u0451t\u201d serb\u00eb dhe \u201cv\u0451ll\u0451z\u0451rit\u201d proletar\u00eb kosovar\u0451, shpesh e kishte k\u0451shilluar babain tim: \u201cBiro, barku kurr\u00eb nuk t\u00eb thot\u0451 faleminderit!\u201d<\/p>\n<p>Disa grupe t\u0451 spektrit progresiv t\u0451 shoq\u0451ris\u0451 shkojn\u0451 edhe m\u0451 larg, ata avokojn\u0451 q\u0451 gryk\u0451sin\u0451 ta fusin n\u0451 kategorin\u0451 e s\u0451mundjeve dhe t\u00eb \u00e7rregullimeve mentale dhe emocionale, si\u00e7 \u0451sht\u0451 skizofrenia p.sh..<\/p>\n<p>Nj\u0451 biznesmen kishte pyetur se sa kushton sh\u0451rimi, dhe pas p\u0451rgjigjes kishte vazhduar edhe me nj\u0451 pyetje: A e paguan shteti?<\/p>\n<p>Infermierja me kurs t\u0451 kryer n\u0451 p\u0451rgjegj\u0451sin\u0451 shoq\u0451rore t\u0451 biznesit ishte p\u0451rgjigjur: \u201cPaguan, n\u0451se ti i paguan taksat!\u201d.<\/p>\n<p><strong>(Autori \u00ebsht\u00eb themelues dhe drejtor i Qendr\u00ebs p\u00ebr Zhvillim t\u00eb Q\u00ebndruesh\u00ebm \u2013 FRYMA, si dhe profesor n\u00eb Universitetin AAB Riinvest)<\/strong><\/p>\n<p><strong>Z\u00ebri<\/strong><\/p>\n","protected":false},"excerpt":{"rendered":"<p>N\u0451 nj\u0451 laborator, nj\u0451 grup i shkenc\u0451tar\u0451ve kishte mbajtur t\u0451 uritur nj\u0451 mi p\u0451r nj\u0451 koh\u0451 t\u0451 gjat\u0451. Pastaj ia ofrojn\u0451 nj\u0451 konserv\u0451 t\u0451 madhe me ushqimin e tij m\u0451 t\u0451 k\u0451ndsh\u0451m. L\u0451shohet, si mi, dhe e g\u0451lltit ushqimin me furi dhe kur st\u0451rngopet i molisur bie shtrir\u0451. Shkenc\u0451tar\u0451t ia fusin n\u00eb kafaz nj\u0451 shok [&hellip;]<\/p>\n","protected":false},"author":1,"featured_media":0,"comment_status":"open","ping_status":"closed","sticky":false,"template":"","format":"standard","meta":{"spay_email":"","jetpack_publicize_message":"","jetpack_is_tweetstorm":false,"jetpack_publicize_feature_enabled":true},"categories":[10],"tags":[20992,40,200,18],"jetpack_publicize_connections":[],"yoast_head":"<!-- This site is optimized with the Yoast SEO plugin v19.1 - https:\/\/yoast.com\/wordpress\/plugins\/seo\/ -->\n<title>Abaz Re\u00e7ica: Pse miu nuk di kur \u0451sht\u0451 boll? - Lajme nga Ulqini<\/title>\n<meta name=\"description\" content=\"N\u0451 nj\u0451 laborator, nj\u0451 grup i shkenc\u0451tar\u0451ve kishte mbajtur t\u0451 uritur nj\u0451 mi p\u0451r nj\u0451 koh\u0451 t\u0451 gjat\u0451. Pastaj ia ofrojn\u0451 nj\u0451 konserv\u0451 t\u0451 madhe me ushqimin e\" \/>\n<meta name=\"robots\" content=\"index, follow, max-snippet:-1, max-image-preview:large, max-video-preview:-1\" \/>\n<link rel=\"canonical\" href=\"https:\/\/www.visit-ulcinj.com\/blog\/2012\/09\/19\/abaz-recica-pse-miu-nuk-di-kur-\u0451sht\u0451-boll\/\" \/>\n<meta property=\"og:locale\" content=\"en_US\" \/>\n<meta property=\"og:type\" content=\"article\" \/>\n<meta property=\"og:title\" content=\"Abaz Re\u00e7ica: Pse miu nuk di kur \u0451sht\u0451 boll? - Lajme nga Ulqini\" \/>\n<meta property=\"og:description\" content=\"N\u0451 nj\u0451 laborator, nj\u0451 grup i shkenc\u0451tar\u0451ve kishte mbajtur t\u0451 uritur nj\u0451 mi p\u0451r nj\u0451 koh\u0451 t\u0451 gjat\u0451. Pastaj ia ofrojn\u0451 nj\u0451 konserv\u0451 t\u0451 madhe me ushqimin e\" \/>\n<meta property=\"og:url\" content=\"https:\/\/www.visit-ulcinj.com\/blog\/2012\/09\/19\/abaz-recica-pse-miu-nuk-di-kur-\u0451sht\u0451-boll\/\" \/>\n<meta property=\"og:site_name\" content=\"Lajme nga Ulqini\" \/>\n<meta property=\"article:published_time\" content=\"2012-09-19T16:31:31+00:00\" \/>\n<meta property=\"og:image\" content=\"http:\/\/www.visit-ulcinj.com\/blog\/wp-content\/uploads\/2012\/09\/Abaz-Recica.jpg\" \/>\n<meta name=\"twitter:label1\" content=\"Written by\" \/>\n\t<meta name=\"twitter:data1\" content=\"ulqini\" \/>\n\t<meta name=\"twitter:label2\" content=\"Est. reading time\" \/>\n\t<meta name=\"twitter:data2\" content=\"5 minutes\" \/>\n<script type=\"application\/ld+json\" class=\"yoast-schema-graph\">{\"@context\":\"https:\/\/schema.org\",\"@graph\":[{\"@type\":\"WebSite\",\"@id\":\"https:\/\/www.visit-ulcinj.com\/blog\/#website\",\"url\":\"https:\/\/www.visit-ulcinj.com\/blog\/\",\"name\":\"Lajme nga Ulqini\",\"description\":\"Lajme,Vijesti,Ulqini,Ulqin,Crna Gora,Mali i Zi\",\"potentialAction\":[{\"@type\":\"SearchAction\",\"target\":{\"@type\":\"EntryPoint\",\"urlTemplate\":\"https:\/\/www.visit-ulcinj.com\/blog\/?s={search_term_string}\"},\"query-input\":\"required name=search_term_string\"}],\"inLanguage\":\"en-US\"},{\"@type\":\"ImageObject\",\"inLanguage\":\"en-US\",\"@id\":\"https:\/\/www.visit-ulcinj.com\/blog\/2012\/09\/19\/abaz-recica-pse-miu-nuk-di-kur-%d1%91sht%d1%91-boll\/#primaryimage\",\"url\":\"https:\/\/www.visit-ulcinj.com\/blog\/wp-content\/uploads\/2012\/09\/Abaz-Recica.jpg\",\"contentUrl\":\"https:\/\/www.visit-ulcinj.com\/blog\/wp-content\/uploads\/2012\/09\/Abaz-Recica.jpg\",\"width\":\"337\",\"height\":\"523\"},{\"@type\":\"WebPage\",\"@id\":\"https:\/\/www.visit-ulcinj.com\/blog\/2012\/09\/19\/abaz-recica-pse-miu-nuk-di-kur-%d1%91sht%d1%91-boll\/#webpage\",\"url\":\"https:\/\/www.visit-ulcinj.com\/blog\/2012\/09\/19\/abaz-recica-pse-miu-nuk-di-kur-%d1%91sht%d1%91-boll\/\",\"name\":\"Abaz Re\u00e7ica: Pse miu nuk di kur \u0451sht\u0451 boll? - Lajme nga Ulqini\",\"isPartOf\":{\"@id\":\"https:\/\/www.visit-ulcinj.com\/blog\/#website\"},\"primaryImageOfPage\":{\"@id\":\"https:\/\/www.visit-ulcinj.com\/blog\/2012\/09\/19\/abaz-recica-pse-miu-nuk-di-kur-%d1%91sht%d1%91-boll\/#primaryimage\"},\"datePublished\":\"2012-09-19T16:31:31+00:00\",\"dateModified\":\"2012-09-19T16:31:31+00:00\",\"author\":{\"@id\":\"https:\/\/www.visit-ulcinj.com\/blog\/#\/schema\/person\/dcab619c614d3038751c63bc2aadc06d\"},\"description\":\"N\u0451 nj\u0451 laborator, nj\u0451 grup i shkenc\u0451tar\u0451ve kishte mbajtur t\u0451 uritur nj\u0451 mi p\u0451r nj\u0451 koh\u0451 t\u0451 gjat\u0451. Pastaj ia ofrojn\u0451 nj\u0451 konserv\u0451 t\u0451 madhe me ushqimin e\",\"breadcrumb\":{\"@id\":\"https:\/\/www.visit-ulcinj.com\/blog\/2012\/09\/19\/abaz-recica-pse-miu-nuk-di-kur-%d1%91sht%d1%91-boll\/#breadcrumb\"},\"inLanguage\":\"en-US\",\"potentialAction\":[{\"@type\":\"ReadAction\",\"target\":[\"https:\/\/www.visit-ulcinj.com\/blog\/2012\/09\/19\/abaz-recica-pse-miu-nuk-di-kur-%d1%91sht%d1%91-boll\/\"]}]},{\"@type\":\"BreadcrumbList\",\"@id\":\"https:\/\/www.visit-ulcinj.com\/blog\/2012\/09\/19\/abaz-recica-pse-miu-nuk-di-kur-%d1%91sht%d1%91-boll\/#breadcrumb\",\"itemListElement\":[{\"@type\":\"ListItem\",\"position\":1,\"name\":\"Abaz Re\u00e7ica: Pse miu nuk di kur \u0451sht\u0451 boll?\"}]},{\"@type\":\"Person\",\"@id\":\"https:\/\/www.visit-ulcinj.com\/blog\/#\/schema\/person\/dcab619c614d3038751c63bc2aadc06d\",\"name\":\"ulqini\",\"sameAs\":[\"http:\/\/www.visit-ulcinj.com\"],\"url\":\"https:\/\/www.visit-ulcinj.com\/blog\/author\/admin\/\"}]}<\/script>\n<!-- \/ Yoast SEO plugin. -->","yoast_head_json":{"title":"Abaz Re\u00e7ica: Pse miu nuk di kur \u0451sht\u0451 boll? - Lajme nga Ulqini","description":"N\u0451 nj\u0451 laborator, nj\u0451 grup i shkenc\u0451tar\u0451ve kishte mbajtur t\u0451 uritur nj\u0451 mi p\u0451r nj\u0451 koh\u0451 t\u0451 gjat\u0451. Pastaj ia ofrojn\u0451 nj\u0451 konserv\u0451 t\u0451 madhe me ushqimin e","robots":{"index":"index","follow":"follow","max-snippet":"max-snippet:-1","max-image-preview":"max-image-preview:large","max-video-preview":"max-video-preview:-1"},"canonical":"https:\/\/www.visit-ulcinj.com\/blog\/2012\/09\/19\/abaz-recica-pse-miu-nuk-di-kur-\u0451sht\u0451-boll\/","og_locale":"en_US","og_type":"article","og_title":"Abaz Re\u00e7ica: Pse miu nuk di kur \u0451sht\u0451 boll? - Lajme nga Ulqini","og_description":"N\u0451 nj\u0451 laborator, nj\u0451 grup i shkenc\u0451tar\u0451ve kishte mbajtur t\u0451 uritur nj\u0451 mi p\u0451r nj\u0451 koh\u0451 t\u0451 gjat\u0451. Pastaj ia ofrojn\u0451 nj\u0451 konserv\u0451 t\u0451 madhe me ushqimin e","og_url":"https:\/\/www.visit-ulcinj.com\/blog\/2012\/09\/19\/abaz-recica-pse-miu-nuk-di-kur-\u0451sht\u0451-boll\/","og_site_name":"Lajme nga Ulqini","article_published_time":"2012-09-19T16:31:31+00:00","og_image":[{"url":"http:\/\/www.visit-ulcinj.com\/blog\/wp-content\/uploads\/2012\/09\/Abaz-Recica.jpg"}],"twitter_misc":{"Written by":"ulqini","Est. reading time":"5 minutes"},"schema":{"@context":"https:\/\/schema.org","@graph":[{"@type":"WebSite","@id":"https:\/\/www.visit-ulcinj.com\/blog\/#website","url":"https:\/\/www.visit-ulcinj.com\/blog\/","name":"Lajme nga Ulqini","description":"Lajme,Vijesti,Ulqini,Ulqin,Crna Gora,Mali i Zi","potentialAction":[{"@type":"SearchAction","target":{"@type":"EntryPoint","urlTemplate":"https:\/\/www.visit-ulcinj.com\/blog\/?s={search_term_string}"},"query-input":"required name=search_term_string"}],"inLanguage":"en-US"},{"@type":"ImageObject","inLanguage":"en-US","@id":"https:\/\/www.visit-ulcinj.com\/blog\/2012\/09\/19\/abaz-recica-pse-miu-nuk-di-kur-%d1%91sht%d1%91-boll\/#primaryimage","url":"https:\/\/www.visit-ulcinj.com\/blog\/wp-content\/uploads\/2012\/09\/Abaz-Recica.jpg","contentUrl":"https:\/\/www.visit-ulcinj.com\/blog\/wp-content\/uploads\/2012\/09\/Abaz-Recica.jpg","width":"337","height":"523"},{"@type":"WebPage","@id":"https:\/\/www.visit-ulcinj.com\/blog\/2012\/09\/19\/abaz-recica-pse-miu-nuk-di-kur-%d1%91sht%d1%91-boll\/#webpage","url":"https:\/\/www.visit-ulcinj.com\/blog\/2012\/09\/19\/abaz-recica-pse-miu-nuk-di-kur-%d1%91sht%d1%91-boll\/","name":"Abaz Re\u00e7ica: Pse miu nuk di kur \u0451sht\u0451 boll? - Lajme nga Ulqini","isPartOf":{"@id":"https:\/\/www.visit-ulcinj.com\/blog\/#website"},"primaryImageOfPage":{"@id":"https:\/\/www.visit-ulcinj.com\/blog\/2012\/09\/19\/abaz-recica-pse-miu-nuk-di-kur-%d1%91sht%d1%91-boll\/#primaryimage"},"datePublished":"2012-09-19T16:31:31+00:00","dateModified":"2012-09-19T16:31:31+00:00","author":{"@id":"https:\/\/www.visit-ulcinj.com\/blog\/#\/schema\/person\/dcab619c614d3038751c63bc2aadc06d"},"description":"N\u0451 nj\u0451 laborator, nj\u0451 grup i shkenc\u0451tar\u0451ve kishte mbajtur t\u0451 uritur nj\u0451 mi p\u0451r nj\u0451 koh\u0451 t\u0451 gjat\u0451. Pastaj ia ofrojn\u0451 nj\u0451 konserv\u0451 t\u0451 madhe me ushqimin e","breadcrumb":{"@id":"https:\/\/www.visit-ulcinj.com\/blog\/2012\/09\/19\/abaz-recica-pse-miu-nuk-di-kur-%d1%91sht%d1%91-boll\/#breadcrumb"},"inLanguage":"en-US","potentialAction":[{"@type":"ReadAction","target":["https:\/\/www.visit-ulcinj.com\/blog\/2012\/09\/19\/abaz-recica-pse-miu-nuk-di-kur-%d1%91sht%d1%91-boll\/"]}]},{"@type":"BreadcrumbList","@id":"https:\/\/www.visit-ulcinj.com\/blog\/2012\/09\/19\/abaz-recica-pse-miu-nuk-di-kur-%d1%91sht%d1%91-boll\/#breadcrumb","itemListElement":[{"@type":"ListItem","position":1,"name":"Abaz Re\u00e7ica: Pse miu nuk di kur \u0451sht\u0451 boll?"}]},{"@type":"Person","@id":"https:\/\/www.visit-ulcinj.com\/blog\/#\/schema\/person\/dcab619c614d3038751c63bc2aadc06d","name":"ulqini","sameAs":["http:\/\/www.visit-ulcinj.com"],"url":"https:\/\/www.visit-ulcinj.com\/blog\/author\/admin\/"}]}},"jetpack_featured_media_url":"","jetpack_sharing_enabled":true,"jetpack_shortlink":"https:\/\/wp.me\/pe6lTn-gBc","_links":{"self":[{"href":"https:\/\/www.visit-ulcinj.com\/blog\/wp-json\/wp\/v2\/posts\/63810"}],"collection":[{"href":"https:\/\/www.visit-ulcinj.com\/blog\/wp-json\/wp\/v2\/posts"}],"about":[{"href":"https:\/\/www.visit-ulcinj.com\/blog\/wp-json\/wp\/v2\/types\/post"}],"author":[{"embeddable":true,"href":"https:\/\/www.visit-ulcinj.com\/blog\/wp-json\/wp\/v2\/users\/1"}],"replies":[{"embeddable":true,"href":"https:\/\/www.visit-ulcinj.com\/blog\/wp-json\/wp\/v2\/comments?post=63810"}],"version-history":[{"count":1,"href":"https:\/\/www.visit-ulcinj.com\/blog\/wp-json\/wp\/v2\/posts\/63810\/revisions"}],"predecessor-version":[{"id":63812,"href":"https:\/\/www.visit-ulcinj.com\/blog\/wp-json\/wp\/v2\/posts\/63810\/revisions\/63812"}],"wp:attachment":[{"href":"https:\/\/www.visit-ulcinj.com\/blog\/wp-json\/wp\/v2\/media?parent=63810"}],"wp:term":[{"taxonomy":"category","embeddable":true,"href":"https:\/\/www.visit-ulcinj.com\/blog\/wp-json\/wp\/v2\/categories?post=63810"},{"taxonomy":"post_tag","embeddable":true,"href":"https:\/\/www.visit-ulcinj.com\/blog\/wp-json\/wp\/v2\/tags?post=63810"}],"curies":[{"name":"wp","href":"https:\/\/api.w.org\/{rel}","templated":true}]}}