{"id":63819,"date":"2012-09-20T15:29:36","date_gmt":"2012-09-20T14:29:36","guid":{"rendered":"http:\/\/www.visit-ulcinj.com\/blog\/?p=63819"},"modified":"2012-09-20T15:29:48","modified_gmt":"2012-09-20T14:29:48","slug":"dr-nail-draga-diskursi-politik-20-vjet-nga-memorandumi","status":"publish","type":"post","link":"https:\/\/www.visit-ulcinj.com\/blog\/2012\/09\/20\/dr-nail-draga-diskursi-politik-20-vjet-nga-memorandumi\/","title":{"rendered":"Dr.Nail Draga: Diskursi politik, 20 vjet nga Memorandumi"},"content":{"rendered":"<p align=\"center\"><strong>MEMORANDUMI DOKUMENT P\u00cbR BARAZI QYTETARE DHE NACIONALE <\/strong><\/p>\n<p align=\"center\"><strong>\u00a0<\/strong><\/p>\n<p align=\"center\"><strong>Dr.Nail Draga<\/strong><\/p>\n<p><strong>\u00a0<\/strong><\/p>\n<p><a href=\"http:\/\/www.visit-ulcinj.com\/blog\/wp-content\/uploads\/2012\/09\/DR.NAIL-DRAGA.jpg\"><img loading=\"lazy\" class=\"alignleft  wp-image-63820\" title=\"DR.NAIL DRAGA\" src=\"http:\/\/www.visit-ulcinj.com\/blog\/wp-content\/uploads\/2012\/09\/DR.NAIL-DRAGA.jpg\" alt=\"\" width=\"300\" height=\"400\" srcset=\"https:\/\/www.visit-ulcinj.com\/blog\/wp-content\/uploads\/2012\/09\/DR.NAIL-DRAGA.jpg 542w, https:\/\/www.visit-ulcinj.com\/blog\/wp-content\/uploads\/2012\/09\/DR.NAIL-DRAGA-225x300.jpg 225w\" sizes=\"(max-width: 300px) 100vw, 300px\" \/><\/a>Periudha kohore nga miratimi i pluralizmit n\u00eb Mal t\u00eb Zi dhe mbajtj\u00ebs s\u00eb zgjedhjeve t\u00eb para pluraliste(09.12.1990) e deri m\u00eb sot paraqet \u00e7\u00ebshtje t\u00eb ve\u00e7ant\u00eb me qasje shum\u00ebdimensionale sepse \u00a0shqiptar\u00ebt n\u00eb ket\u00eb mjedis jan\u00eb ballafaqur m\u00eb rrethana t\u00eb ndryshme shoq\u00ebrore.<\/p>\n<p>Ndonse t\u00eb pa p\u00ebrvoj\u00eb politike dhe munges\u00ebs s\u00eb\u00a0 kuadrave p\u00ebrkat\u00ebse, shqiptar\u00ebt megjithate\u00a0 jan\u00eb angazhuar n\u00eb m\u00ebnyr\u00eb permanente \u00a0n\u00eb prezantimin e k\u00ebrkesave p\u00ebr avansimin e pozit\u00ebs dhe statusit t\u00eb tyre politik. Nj\u00eb veprim i till\u00eb ka ngritur kurajon komb\u00ebtare te shqiptar\u00ebt sepse p\u00ebr t\u00eb par\u00ebn her\u00eb \u00e7\u00ebshtjet e ndryshme jan\u00eb prezantuar haptas pa pasur frig\u00eb nga pasojat e koh\u00ebs s\u00eb monizmit, qe ishte kontribut p\u00ebr proceset \u00a0\u00a0demokratike n\u00eb ket\u00eb mjedis multinacional dhe multikulturor.<\/p>\n<p>Viti 1990, paraqet dat\u00eb t\u00eb ve\u00e7ant\u00eb sepse ne ket\u00eb vit u zyrtarizu r\u00ebnia e sistemit monist, p\u00ebrkat\u00ebsisht miratimi i pluralizmit, ku edhe t\u00eb shqiptar\u00ebt u paraqit rasti \u00a0p\u00ebr vetorganizim politik. Filimisht n\u00eb saj\u00eb t\u00eb angazhimit t\u00eb nj\u00eb grupi intelektual\u00ebsh dhe aktivist\u00ebsh t\u00eb ndrysh\u00ebm n\u00eb Ulqin u themelu <strong>Forumi Demokratik i Shqiptar\u00ebve n\u00eb Mal t\u00eb Z<\/strong>i(26.8.1990). Formimi i k\u00ebtij subjekti jopolitik \u00a0i papapriu themelimit t\u00eb K\u00ebshillit inicues t\u00eb subjektit t\u00eb par\u00eb politik t\u00eb shqiptar\u00ebve n\u00eb Mal t\u00eb Zi, qe u mbajt n\u00eb nj\u00eb sht\u00ebpi private n\u00eb Kodra t\u00eb Ulqinit po at\u00eb dit\u00eb(26.8.1990), q\u00eb m\u00eb pas u zyrtarizu me kuvendin themelues n\u00eb Tuz me 09.9.1990, me emrin <strong>Lidhja Demokratike n\u00eb Mal t\u00eb Zi(LDMZ).<\/strong><\/p>\n<p>N\u00eb zgjedhjet e para pluraliste n\u00eb Mal t\u00eb Zi(9.12.1990), shqiptar\u00ebt p\u00ebrkrahen n\u00eb m\u00ebnyr\u00eb plebishitare LDMZ, sepse ajo m\u00eb tep\u00ebr kishte karakterin e nj\u00eb Levizje komb\u00ebtare se sa t\u00eb nj\u00eb subjekti politik. S\u00eb bashku n\u00eb koalicion me partin\u00eb e boshnjak\u00ebve(SDA) nga gjithsej 11 deputet shqiptar\u00ebt fituan 4 deputet, t\u00eb cil\u00ebt ishin p\u00ebrfaq\u00ebsuesit e par\u00eb autentik n\u00eb Kuvendin e Malit t\u00eb Zi, t\u00eb zgjedhur me vot\u00ebn e popullit. K\u00ebta deputet p\u00ebr t\u00eb par\u00ebn her\u00eb n\u00eb foltoren e Kuvendit prezantuan k\u00ebrkesat e shqiptar\u00ebve p\u00ebr barazi qytetare dhe nacionale, duke njoftuar opinionin e gjer\u00eb se shqiptar\u00ebt luftojn\u00eb me mjete politike p\u00ebr t\u00eb qen\u00eb t\u00eb barabart\u00eb me t\u00eb tjer\u00ebt sipas standardeve nd\u00ebrkomb\u00ebtare.<\/p>\n<p>Por, t\u00eb gjith\u00eb jemi d\u00ebshmitar\u00eb se m\u00eb von\u00eb ne ket\u00eb \u00a0subjekt politik filluan mospajtimet e brendshme, ku u krijuan p\u00ebr\u00e7arje dhe me pas u formuan subjekte t\u00eb tjera politike (UDSH,PPD,BDSH,FORCA,ASH etj), qe ndikoj n\u00eb sken\u00ebn politike t\u00eb shqiptar\u00ebt n\u00eb Mal t\u00eb Zi, si n\u00eb aspektin lokal dhe ate qendror. K\u00ebshtu nga nj\u00eb homogjenizim nacional, elektorati shqiptar u fragmentarizu sipas interesave te individeve, klaneve apo grupeve t\u00eb ndryshme, q\u00eb jan\u00eb t\u00eb pranishme deri sot.<\/p>\n<p>Ngjarje e ve\u00e7ant\u00eb p\u00ebr shqiptar\u00ebt n\u00eb Mal t\u00eb Zi sh\u00ebnohet n\u00eb vitin 1992, sepse p\u00ebrmes Forumit Demokratik, u organizu mbledhja p\u00ebrkat\u00ebse e cila u mbajt me 22 gusht dhe u vazhdu me 12 shtator 1992, ku u miratu teksti i <strong>Memorandumit p\u00ebr Statusin Special t\u00eb Shqiptar\u00ebve n\u00eb Mal t\u00eb Zi<\/strong>, t\u00eb cilin e kan\u00eb n\u00ebnshkruar 39 pjes\u00ebmarr\u00ebs me kryetar Gjergj Gjokaj. Dhe ashtu si\u00e7 pritej nj\u00eb akt i till\u00eb u mir\u00ebprit nga subjektet shqiptare an\u00eb e k\u00ebnd hap\u00ebsir\u00ebs etnogjeografike shqiptare, nd\u00ebrsa u sulmu nga subjektet politike n\u00eb Mal t\u00eb Zi, qofshin ata nga pozita apo opozita, ku p\u00ebrjashtim b\u00ebn vetm\u00a0 partia e boshnjak\u00ebve(SDA).<\/p>\n<p>Memorandumi kishte vler\u00eb t\u00eb ve\u00e7ant\u00eb jo vet\u00ebm p\u00ebr momentin por edhe m\u00eb pas, sepse ky ishte dokumenti i par\u00eb p\u00ebr shqiptar\u00ebt n\u00eb pluraliz\u00ebm, i miratuar n\u00eb m\u00ebnyr\u00eb publike, nga nj\u00eb subjekt jopolitik. Ne ket\u00eb jan\u00eb paraqitur n\u00eb m\u00ebnyr\u00eb taksative k\u00ebrkesat e shqiptar\u00ebve ne lidhje me pozit\u00ebn dhe statusin e shqiptar\u00ebve n\u00eb kuad\u00ebr t\u00eb Malit t\u00eb Zi. Nj\u00eb veprim i till\u00eb ishte logjik, sepse n\u00eb hap\u00ebsir\u00ebn e ish-Jugosllavis\u00eb popujt e ndrysh\u00ebm n\u00eb opinion kishin dalur me k\u00ebrkesat e tyre politike, madje disa p\u00ebr statusin e tyre kan\u00eb organizuar edhe referendume. Andaj, edhe deklarimi i shqiptar\u00ebve p\u00ebrmes Forumit, nuk ishte di\u00e7ka risi, por realitet i situat\u00ebs politike ne vend.<\/p>\n<p>Memorandumi n\u00eb form\u00eb t\u00eb amandamentit \u00ebsht\u00eb paraqitur edhe n\u00eb Kuvendin e Malit t\u00eb Zi nga deputetet shqiptar\u00eb, por ai u majorizua nga shumica parlamentare e pushtetit. Nd\u00ebrsa me rastin e miratimit t\u00eb Kushtetut\u00ebs s\u00eb Malit t\u00eb Zi(1992), deputetet shqiptar\u00eb e cil\u00ebsuan si t\u00eb papranueshme dhe e l\u00ebshuan mbledhjen.<\/p>\n<p>Pasi p\u00ebr ish-Jugosllavin\u00eb kishin filluar takimet nd\u00ebrkomb\u00ebtare p\u00ebr t\u00eb gjetur nj\u00eb zgjidhje optimale ne ato konferenca tash mund t\u00eb merrnin pjes\u00eb edhe shqiptar\u00ebt nga Mali i Zi, me dokumentin p\u00ebrkat\u00ebs q\u00eb paraqiste k\u00ebrkesat optimale p\u00ebr zgjidhjen e statusit t\u00eb tyre e ky ishte Memorandumi i 12 shtatorit t\u00eb vitit 1992. Me ket\u00eb dokument tash shqiptar\u00ebt ishin pal\u00eb\u00a0 dhe partner n\u00eb bisedime, sikurse ishin n\u00eb <strong>Konferenc\u00ebn \u00a0e Gjenev\u00ebs p\u00ebr ish-Jugosllavin\u00eb<\/strong> t\u00eb ftuar nga organizator\u00ebt qe ishte \u00a0fatkeqsisht takimi i par\u00eb dhe i fundit.<\/p>\n<p>Statusi special ishte nj\u00eb modifikim terminologjik p\u00ebr <strong>autonomin\u00eb bashk\u00ebkohore<\/strong> q\u00eb e ka burimin nga faktori nd\u00ebrkomb\u00ebtar(anglezet) i cili ishte ky\u00e7ur p\u00ebr t\u00eb zgjidhur statusin e serbeve n\u00eb Kroaci. Dhe t\u00eb nxitur nga nj\u00eb situat\u00eb e till\u00eb autonomia u b\u00eb k\u00ebrkes\u00eb p\u00ebr pjes\u00ebtar\u00eb t\u00eb shum\u00eb popujve n\u00eb ish-Jugosllavi, ku as shqiptar\u00ebt n\u00eb Mal t\u00eb Zi nuk ishin p\u00ebrjashtim, sepse ajo \u00ebsht\u00eb forma me optimale \u00a0praktike e barazis\u00eb nacionale dhe qytetare n\u00eb mjedise t\u00eb caktuara.<\/p>\n<p>Nd\u00ebrsa disa dit\u00eb pas miratimit t\u00eb Memorandumit, p\u00ebr hir t\u00eb efikasitetit praktik Forumi ne nj\u00eb mbledhje t\u00eb ve\u00e7ant\u00eb formoi <strong>K\u00ebshillin p\u00ebr realizimin e Memorandumit<\/strong>, me kryetar avokatin Mustafa \u00c7apuni, cili do te merrej enkas me organizimin e takimeve dhe formimit t\u00eb komisioneve t\u00eb ndryshme p\u00ebr elaborimin e \u00e7\u00ebshtjeve p\u00ebrkat\u00ebse qe ishin pjes\u00eb e k\u00ebrkesave t\u00eb prezantuara. Por, pun\u00ebt nuk shkuan ashtu si\u00e7 ishin parapar\u00eb, sepse qe nga fillimi nuk ekzistonte pajtueshm\u00ebri nga ana e LDMZ. Andaj, p\u00ebr t\u00eb mos krijuar paraleliz\u00ebm dhe p\u00ebr t\u00eb mos dal\u00eb qesharak para opiniuonit, pas pes\u00eb takimeve, K\u00ebshilli i sapoformuar e nderpreu veprimin e vet. Dhe nga nj\u00eb gjendje e till\u00eb plot animozitet dhe ataviz\u00ebm politik, Forumi nga nj\u00eb aktivitet dinamik, kaloi n\u00eb pasivitet t\u00eb plot\u00eb, duke e nderpre aktivitetin t\u00ebr\u00ebsisht m\u00eb pas.<\/p>\n<p>Por, edhe pas 20 viteve n\u00ebse analizojm\u00eb k\u00ebrkesat e parashtruara n\u00eb Memorandum n\u00eb m\u00ebnyr\u00eb taksative, del qart\u00eb se shqiptar\u00ebt vazhdojn\u00eb ne pozit\u00ebn e status quos, sepse me ndonj\u00eb ndryshim minimal kan\u00eb mbetur aty ku ishin m\u00eb par\u00eb,\u00a0 sa i p\u00ebrket realizimit t\u00eb drejtave qytetare dhe nacionale.<\/p>\n<p>N\u00ebse n\u00eb vitin 1997, kur u b\u00eb ndarja e par\u00eb n\u00eb DPS, shqiptar\u00ebt p\u00ebr t\u00eb par\u00ebn her\u00eb u b\u00ebn pjes\u00eb e Qeveris\u00eb, nuk kishin k\u00ebrkesa t\u00eb shkruara, n\u00eb m\u00ebnyr\u00eb taksative, me rastin e Referendumit p\u00ebr Pavar\u00ebsi(21 maj 2006), ka qen\u00eb rasti ideal p\u00ebr nj\u00eb akt t\u00eb till\u00eb. Por, t\u00eb pakoordinuar dhe qasje ataviste, shqiptar\u00ebt p\u00ebrmes subjekteve nacionale politike mbeshteten Pavar\u00ebsin\u00eb e Malit t\u00eb Zi, pa asnj\u00eb k\u00ebrkes\u00eb te shkruar p\u00ebr barazi nacionale dhe qytetare. Ishte ky l\u00ebshim i pafalsh\u00ebm i subjekteve politike ku \u00a0pasojat jan\u00eb evidente n\u00eb shum\u00eb aspekte.<\/p>\n<p>Sepse, sot ne Malin e Zi t\u00eb pavarur, me konceptin e ashtuquajtur qytetar, kemi te b\u00ebjm\u00eb me padrejt\u00ebsi praktike, sepse kemi te b\u00ebjm\u00eb jo me shtetin qytetar por tipik ate nacional-partiak, ku kemi \u00a0institucionet partiake dhe kuadrat partiake. N\u00ebse analizojm\u00eb vet\u00ebm fush\u00ebn e arsimit, del se p\u00ebrve\u00e7 drejtorave partiak, kemi edhe k\u00ebshillat e shkollave partiak, te pun\u00ebsuarit partiak, qofshin me koh\u00eb t\u00eb kufizuar apo praktikant, t\u00eb gjith\u00eb nga partia n\u00eb pushtet, nga del qart\u00eb se jemi te diskriminuar ne aspektin qytetar, sepse ata qe nuk i takojn\u00eb partis\u00eb n\u00eb pushtet(DPS) jan\u00eb jasht\u00eb \u00e7do mund\u00ebsie p\u00ebr t\u00eb udh\u00ebhequr me shkolla apo p\u00ebr tu pun\u00ebsuar. Nj\u00eb veprim i till\u00eb nuk ka dilem\u00eb s\u00eb \u00ebsht\u00eb me keq se ne koh\u00ebn e monizmit.<\/p>\n<p>Nga ana tjet\u00ebr mos p\u00ebrfaq\u00ebsimi proporcional n\u00eb pun\u00ebsim vazhdon gjithnj\u00eb, nga del se kemi pabarazi nacionale, ku institucionet qeveritare e ato lokale jan\u00eb sh\u00ebmbull praktik i k\u00ebsaj dukurie.<\/p>\n<p>Sa iu p\u00ebrket planprogrameve m\u00ebsimore dhe teksteve shkollore, n\u00eb l\u00ebndet e identitetit komb\u00ebtar (histori, kultur\u00eb muzikore, dituri natyre, art figurativ etj.) gjendja \u00ebsht\u00eb skandaloze,\u00a0 sepse jan\u00eb diskriminuese p\u00ebr shqiptar\u00ebt, q\u00eb t\u00eb kujton koh\u00ebn pas vitit 1981, kur u zyrtarizu fushata antishqiptare.<\/p>\n<p>Nd\u00ebrsa eliminimi i t\u00eb drejtave t\u00eb realizuara, sikurse \u00ebsht\u00eb ligji zgjedhor p\u00ebr zgjedhjen e deputeteve dhe k\u00ebshilltarve, q\u00eb u miratu n\u00eb Parlament me shumic\u00eb votash pa votat e deputet\u00ebve t\u00eb partive nacionale shqiptare, d\u00ebshmon majorizimin\u00a0 e shumic\u00ebs ndaj pakic\u00ebs.<\/p>\n<p>Mos gadishm\u00ebria e decentralizimit t\u00eb pushtetit e sidomos refuzimi i \u00a0realizimit n\u00eb menyr\u00eb permanente t\u00eb \u00a0Komun\u00ebs s\u00eb Mal\u00ebsis\u00eb d\u00ebshmon centralizimin e pushtetit, p\u00ebr interesa partiake e jo t\u00eb qytetar\u00ebve.<\/p>\n<p>Mos investimi n\u00eb viset shqiptare si dhe privatizimi i d\u00ebshtuar, ka ndikuar n\u00eb keq\u00ebsimin e gjendjen sociale t\u00eb shqiptareve andaj kemi dukurin\u00eb e\u00a0 emigrimit \u00a0t\u00eb shqiptar\u00ebve e me ket\u00eb zvoglimin e tyre demografik nga nj\u00eb regjistrim n\u00eb tjetrin, nga del se k\u00ebtu kemi n\u00eb praktik\u00eb\u00a0 pastrim t\u00eb heshtur etnik.<\/p>\n<p>K\u00ebrkesat nga Memorandumi jan\u00eb aktuale edhe sot pas 20 viteve dhe ato presin realizim praktik, p\u00ebr t\u00eb eliminuar pabarazin\u00eb qytetare dhe nacionale n\u00eb Mal t\u00eb Zi. Pavar\u00ebsisht s\u00eb k\u00ebrkesat e shqiptar\u00ebve nuk jan\u00eb kund\u00ebr t\u00eb tjer\u00ebve, pushteti i Malit t\u00eb Zi, deri me tash nuk ka shprehur gadishm\u00ebri p\u00ebr zhvillimin e nj\u00eb dialogu me shqiptar\u00ebt, sepse iu \u00a0mungon vullneti politik.<\/p>\n<p>Andaj \u00ebsht\u00eb koha e fundit q\u00eb t\u00eb filloj nj\u00eb dialog i till\u00eb n\u00eb mes Qeveris\u00eb s\u00eb Malit t\u00eb Zi dhe shqiptar\u00ebve t\u00eb p\u00ebrfaq\u00ebsuar nga <strong>K\u00ebshilli Nacional i Shqiptar\u00ebve,<\/strong> si p\u00ebrfaq\u00ebsuesi i tyre ne ket\u00eb mjedis.P\u00ebrmes nj\u00eb <strong>dialogu konstruktiv<\/strong> duhet t\u00eb krijohen <strong>raporte t\u00eb partneritetit <\/strong>p\u00ebr t\u00eb gjetur zgjidhje t\u00eb pranueshme sipas standard\u00ebve nd\u00ebrkomb\u00ebtare.<\/p>\n<p>Ne ket\u00eb aspekt vazhdimisht duhet \u00a0te kontaktohet dhe informohet <strong>faktori nd\u00ebrkomb\u00ebtar<\/strong>, duke iu ofruar argumente n\u00eb lidhje me \u00e7\u00ebshtjet p\u00ebrkat\u00ebse. Sepse \u00e7\u00ebshtjet e barazis\u00eb nacionale ne nj\u00eb mjedis multinacional, nuk jan\u00eb m\u00eb \u00e7\u00ebshtje te shtetit p\u00ebrkat\u00ebs, por kan\u00eb karakter nd\u00ebrkomb\u00ebtar.<\/p>\n<p>Nuk ka dilem\u00eb s\u00eb kur trajtohet\u00a0 pozita dhe statusi i shqiptar\u00ebve n\u00eb Mal t\u00eb Zi, Memorandumi \u00ebsht\u00eb referenc\u00eb e domosdoshme p\u00ebr \u00e7do qasje apo analiz\u00eb n\u00eb ket\u00eb drejtim, sepse ai paraqet baz\u00ebn e k\u00ebrkesave p\u00ebr barazi qytetare dhe nacionale n\u00eb ket\u00eb mjedis multinacional dhe multikulturor. Andaj, si i till\u00eb \u00ebsht\u00eb b\u00ebr\u00eb pjes\u00eb p\u00ebrb\u00ebr\u00ebse e platformave politike t\u00eb subjekteve politike nacionale t\u00eb shqiptar\u00ebve n\u00eb Malin e Zi.<\/p>\n<p>Dhe n\u00eb fund e themi pa hezitim\u00a0 se derisa \u00a0ende nuk do t\u00eb realizohen n\u00eb praktik\u00eb k\u00ebrkesat p\u00ebr barazi qytetare dhe nacionale sipas standardeve nd\u00ebrkomb\u00ebtare, <strong>\u00e7\u00ebshtja shqiptare n\u00eb Mal t\u00eb Zi\u00a0 mbetet e hapur<\/strong>.<\/p>\n<p>&nbsp;<\/p>\n<p>&nbsp;<\/p>\n<p align=\"right\">(Fjala e rastit\u00a0 n\u00eb\u00a0 Tryez\u00ebn\u00a0 e rrumbullak\u00ebt:<\/p>\n<p align=\"right\"><strong>SHQIPTAR\u00cbT DHE PLURALIZMI N\u00cb MAL T\u00cb ZI <\/strong><\/p>\n<p align=\"right\"><strong>(20 vjet nga Memorandumi 1992-2012)<\/strong><\/p>\n<p align=\"right\"><strong>\u00a0<\/strong>mbajtur me 18 shtator 2012 n\u00eb Ulqin n\u00eb organizim<\/p>\n<p align=\"right\">t\u00eb Qendr\u00ebs Kulturore dhe Art Club-it)<\/p>\n","protected":false},"excerpt":{"rendered":"<p>MEMORANDUMI DOKUMENT P\u00cbR BARAZI QYTETARE DHE NACIONALE \u00a0 Dr.Nail Draga \u00a0 Periudha kohore nga miratimi i pluralizmit n\u00eb Mal t\u00eb Zi dhe mbajtj\u00ebs s\u00eb zgjedhjeve t\u00eb para pluraliste(09.12.1990) e deri m\u00eb sot paraqet \u00e7\u00ebshtje t\u00eb ve\u00e7ant\u00eb me qasje shum\u00ebdimensionale sepse \u00a0shqiptar\u00ebt n\u00eb ket\u00eb mjedis jan\u00eb ballafaqur m\u00eb rrethana t\u00eb ndryshme shoq\u00ebrore. Ndonse t\u00eb pa p\u00ebrvoj\u00eb [&hellip;]<\/p>\n","protected":false},"author":1,"featured_media":0,"comment_status":"open","ping_status":"closed","sticky":false,"template":"","format":"standard","meta":{"spay_email":"","jetpack_publicize_message":"","jetpack_is_tweetstorm":false,"jetpack_publicize_feature_enabled":true},"categories":[13],"tags":[2761,95,200],"jetpack_publicize_connections":[],"yoast_head":"<!-- This site is optimized with the Yoast SEO plugin v19.1 - https:\/\/yoast.com\/wordpress\/plugins\/seo\/ -->\n<title>Dr.Nail Draga: Diskursi politik, 20 vjet nga Memorandumi - Lajme nga Ulqini<\/title>\n<meta name=\"description\" content=\"MEMORANDUMI DOKUMENT P\u00cbR BARAZI QYTETARE DHE NACIONALE \u00a0 Dr.Nail Draga \u00a0 Periudha kohore nga miratimi i pluralizmit n\u00eb Mal t\u00eb Zi dhe mbajtj\u00ebs s\u00eb\" \/>\n<meta name=\"robots\" content=\"index, follow, max-snippet:-1, max-image-preview:large, max-video-preview:-1\" \/>\n<link rel=\"canonical\" href=\"https:\/\/www.visit-ulcinj.com\/blog\/2012\/09\/20\/dr-nail-draga-diskursi-politik-20-vjet-nga-memorandumi\/\" \/>\n<meta property=\"og:locale\" content=\"en_US\" \/>\n<meta property=\"og:type\" content=\"article\" \/>\n<meta property=\"og:title\" content=\"Dr.Nail Draga: Diskursi politik, 20 vjet nga Memorandumi - Lajme nga Ulqini\" \/>\n<meta property=\"og:description\" content=\"MEMORANDUMI DOKUMENT P\u00cbR BARAZI QYTETARE DHE NACIONALE \u00a0 Dr.Nail Draga \u00a0 Periudha kohore nga miratimi i pluralizmit n\u00eb Mal t\u00eb Zi dhe mbajtj\u00ebs s\u00eb\" \/>\n<meta property=\"og:url\" content=\"https:\/\/www.visit-ulcinj.com\/blog\/2012\/09\/20\/dr-nail-draga-diskursi-politik-20-vjet-nga-memorandumi\/\" \/>\n<meta property=\"og:site_name\" content=\"Lajme nga Ulqini\" \/>\n<meta property=\"article:published_time\" content=\"2012-09-20T14:29:36+00:00\" \/>\n<meta property=\"article:modified_time\" content=\"2012-09-20T14:29:48+00:00\" \/>\n<meta property=\"og:image\" content=\"http:\/\/www.visit-ulcinj.com\/blog\/wp-content\/uploads\/2012\/09\/DR.NAIL-DRAGA.jpg\" \/>\n<meta name=\"twitter:label1\" content=\"Written by\" \/>\n\t<meta name=\"twitter:data1\" content=\"ulqini\" \/>\n\t<meta name=\"twitter:label2\" content=\"Est. reading time\" \/>\n\t<meta name=\"twitter:data2\" content=\"10 minutes\" \/>\n<script type=\"application\/ld+json\" class=\"yoast-schema-graph\">{\"@context\":\"https:\/\/schema.org\",\"@graph\":[{\"@type\":\"WebSite\",\"@id\":\"https:\/\/www.visit-ulcinj.com\/blog\/#website\",\"url\":\"https:\/\/www.visit-ulcinj.com\/blog\/\",\"name\":\"Lajme nga Ulqini\",\"description\":\"Lajme,Vijesti,Ulqini,Ulqin,Crna Gora,Mali i Zi\",\"potentialAction\":[{\"@type\":\"SearchAction\",\"target\":{\"@type\":\"EntryPoint\",\"urlTemplate\":\"https:\/\/www.visit-ulcinj.com\/blog\/?s={search_term_string}\"},\"query-input\":\"required name=search_term_string\"}],\"inLanguage\":\"en-US\"},{\"@type\":\"ImageObject\",\"inLanguage\":\"en-US\",\"@id\":\"https:\/\/www.visit-ulcinj.com\/blog\/2012\/09\/20\/dr-nail-draga-diskursi-politik-20-vjet-nga-memorandumi\/#primaryimage\",\"url\":\"https:\/\/www.visit-ulcinj.com\/blog\/wp-content\/uploads\/2012\/09\/DR.NAIL-DRAGA.jpg\",\"contentUrl\":\"https:\/\/www.visit-ulcinj.com\/blog\/wp-content\/uploads\/2012\/09\/DR.NAIL-DRAGA.jpg\",\"width\":\"542\",\"height\":\"720\"},{\"@type\":\"WebPage\",\"@id\":\"https:\/\/www.visit-ulcinj.com\/blog\/2012\/09\/20\/dr-nail-draga-diskursi-politik-20-vjet-nga-memorandumi\/#webpage\",\"url\":\"https:\/\/www.visit-ulcinj.com\/blog\/2012\/09\/20\/dr-nail-draga-diskursi-politik-20-vjet-nga-memorandumi\/\",\"name\":\"Dr.Nail Draga: Diskursi politik, 20 vjet nga Memorandumi - Lajme nga Ulqini\",\"isPartOf\":{\"@id\":\"https:\/\/www.visit-ulcinj.com\/blog\/#website\"},\"primaryImageOfPage\":{\"@id\":\"https:\/\/www.visit-ulcinj.com\/blog\/2012\/09\/20\/dr-nail-draga-diskursi-politik-20-vjet-nga-memorandumi\/#primaryimage\"},\"datePublished\":\"2012-09-20T14:29:36+00:00\",\"dateModified\":\"2012-09-20T14:29:48+00:00\",\"author\":{\"@id\":\"https:\/\/www.visit-ulcinj.com\/blog\/#\/schema\/person\/dcab619c614d3038751c63bc2aadc06d\"},\"description\":\"MEMORANDUMI DOKUMENT P\u00cbR BARAZI QYTETARE DHE NACIONALE \u00a0 Dr.Nail Draga \u00a0 Periudha kohore nga miratimi i pluralizmit n\u00eb Mal t\u00eb Zi dhe mbajtj\u00ebs s\u00eb\",\"breadcrumb\":{\"@id\":\"https:\/\/www.visit-ulcinj.com\/blog\/2012\/09\/20\/dr-nail-draga-diskursi-politik-20-vjet-nga-memorandumi\/#breadcrumb\"},\"inLanguage\":\"en-US\",\"potentialAction\":[{\"@type\":\"ReadAction\",\"target\":[\"https:\/\/www.visit-ulcinj.com\/blog\/2012\/09\/20\/dr-nail-draga-diskursi-politik-20-vjet-nga-memorandumi\/\"]}]},{\"@type\":\"BreadcrumbList\",\"@id\":\"https:\/\/www.visit-ulcinj.com\/blog\/2012\/09\/20\/dr-nail-draga-diskursi-politik-20-vjet-nga-memorandumi\/#breadcrumb\",\"itemListElement\":[{\"@type\":\"ListItem\",\"position\":1,\"name\":\"Dr.Nail Draga: Diskursi politik, 20 vjet nga Memorandumi\"}]},{\"@type\":\"Person\",\"@id\":\"https:\/\/www.visit-ulcinj.com\/blog\/#\/schema\/person\/dcab619c614d3038751c63bc2aadc06d\",\"name\":\"ulqini\",\"sameAs\":[\"http:\/\/www.visit-ulcinj.com\"],\"url\":\"https:\/\/www.visit-ulcinj.com\/blog\/author\/admin\/\"}]}<\/script>\n<!-- \/ Yoast SEO plugin. -->","yoast_head_json":{"title":"Dr.Nail Draga: Diskursi politik, 20 vjet nga Memorandumi - Lajme nga Ulqini","description":"MEMORANDUMI DOKUMENT P\u00cbR BARAZI QYTETARE DHE NACIONALE \u00a0 Dr.Nail Draga \u00a0 Periudha kohore nga miratimi i pluralizmit n\u00eb Mal t\u00eb Zi dhe mbajtj\u00ebs s\u00eb","robots":{"index":"index","follow":"follow","max-snippet":"max-snippet:-1","max-image-preview":"max-image-preview:large","max-video-preview":"max-video-preview:-1"},"canonical":"https:\/\/www.visit-ulcinj.com\/blog\/2012\/09\/20\/dr-nail-draga-diskursi-politik-20-vjet-nga-memorandumi\/","og_locale":"en_US","og_type":"article","og_title":"Dr.Nail Draga: Diskursi politik, 20 vjet nga Memorandumi - Lajme nga Ulqini","og_description":"MEMORANDUMI DOKUMENT P\u00cbR BARAZI QYTETARE DHE NACIONALE \u00a0 Dr.Nail Draga \u00a0 Periudha kohore nga miratimi i pluralizmit n\u00eb Mal t\u00eb Zi dhe mbajtj\u00ebs s\u00eb","og_url":"https:\/\/www.visit-ulcinj.com\/blog\/2012\/09\/20\/dr-nail-draga-diskursi-politik-20-vjet-nga-memorandumi\/","og_site_name":"Lajme nga Ulqini","article_published_time":"2012-09-20T14:29:36+00:00","article_modified_time":"2012-09-20T14:29:48+00:00","og_image":[{"url":"http:\/\/www.visit-ulcinj.com\/blog\/wp-content\/uploads\/2012\/09\/DR.NAIL-DRAGA.jpg"}],"twitter_misc":{"Written by":"ulqini","Est. reading time":"10 minutes"},"schema":{"@context":"https:\/\/schema.org","@graph":[{"@type":"WebSite","@id":"https:\/\/www.visit-ulcinj.com\/blog\/#website","url":"https:\/\/www.visit-ulcinj.com\/blog\/","name":"Lajme nga Ulqini","description":"Lajme,Vijesti,Ulqini,Ulqin,Crna Gora,Mali i Zi","potentialAction":[{"@type":"SearchAction","target":{"@type":"EntryPoint","urlTemplate":"https:\/\/www.visit-ulcinj.com\/blog\/?s={search_term_string}"},"query-input":"required name=search_term_string"}],"inLanguage":"en-US"},{"@type":"ImageObject","inLanguage":"en-US","@id":"https:\/\/www.visit-ulcinj.com\/blog\/2012\/09\/20\/dr-nail-draga-diskursi-politik-20-vjet-nga-memorandumi\/#primaryimage","url":"https:\/\/www.visit-ulcinj.com\/blog\/wp-content\/uploads\/2012\/09\/DR.NAIL-DRAGA.jpg","contentUrl":"https:\/\/www.visit-ulcinj.com\/blog\/wp-content\/uploads\/2012\/09\/DR.NAIL-DRAGA.jpg","width":"542","height":"720"},{"@type":"WebPage","@id":"https:\/\/www.visit-ulcinj.com\/blog\/2012\/09\/20\/dr-nail-draga-diskursi-politik-20-vjet-nga-memorandumi\/#webpage","url":"https:\/\/www.visit-ulcinj.com\/blog\/2012\/09\/20\/dr-nail-draga-diskursi-politik-20-vjet-nga-memorandumi\/","name":"Dr.Nail Draga: Diskursi politik, 20 vjet nga Memorandumi - Lajme nga Ulqini","isPartOf":{"@id":"https:\/\/www.visit-ulcinj.com\/blog\/#website"},"primaryImageOfPage":{"@id":"https:\/\/www.visit-ulcinj.com\/blog\/2012\/09\/20\/dr-nail-draga-diskursi-politik-20-vjet-nga-memorandumi\/#primaryimage"},"datePublished":"2012-09-20T14:29:36+00:00","dateModified":"2012-09-20T14:29:48+00:00","author":{"@id":"https:\/\/www.visit-ulcinj.com\/blog\/#\/schema\/person\/dcab619c614d3038751c63bc2aadc06d"},"description":"MEMORANDUMI DOKUMENT P\u00cbR BARAZI QYTETARE DHE NACIONALE \u00a0 Dr.Nail Draga \u00a0 Periudha kohore nga miratimi i pluralizmit n\u00eb Mal t\u00eb Zi dhe mbajtj\u00ebs s\u00eb","breadcrumb":{"@id":"https:\/\/www.visit-ulcinj.com\/blog\/2012\/09\/20\/dr-nail-draga-diskursi-politik-20-vjet-nga-memorandumi\/#breadcrumb"},"inLanguage":"en-US","potentialAction":[{"@type":"ReadAction","target":["https:\/\/www.visit-ulcinj.com\/blog\/2012\/09\/20\/dr-nail-draga-diskursi-politik-20-vjet-nga-memorandumi\/"]}]},{"@type":"BreadcrumbList","@id":"https:\/\/www.visit-ulcinj.com\/blog\/2012\/09\/20\/dr-nail-draga-diskursi-politik-20-vjet-nga-memorandumi\/#breadcrumb","itemListElement":[{"@type":"ListItem","position":1,"name":"Dr.Nail Draga: Diskursi politik, 20 vjet nga Memorandumi"}]},{"@type":"Person","@id":"https:\/\/www.visit-ulcinj.com\/blog\/#\/schema\/person\/dcab619c614d3038751c63bc2aadc06d","name":"ulqini","sameAs":["http:\/\/www.visit-ulcinj.com"],"url":"https:\/\/www.visit-ulcinj.com\/blog\/author\/admin\/"}]}},"jetpack_featured_media_url":"","jetpack_sharing_enabled":true,"jetpack_shortlink":"https:\/\/wp.me\/pe6lTn-gBl","_links":{"self":[{"href":"https:\/\/www.visit-ulcinj.com\/blog\/wp-json\/wp\/v2\/posts\/63819"}],"collection":[{"href":"https:\/\/www.visit-ulcinj.com\/blog\/wp-json\/wp\/v2\/posts"}],"about":[{"href":"https:\/\/www.visit-ulcinj.com\/blog\/wp-json\/wp\/v2\/types\/post"}],"author":[{"embeddable":true,"href":"https:\/\/www.visit-ulcinj.com\/blog\/wp-json\/wp\/v2\/users\/1"}],"replies":[{"embeddable":true,"href":"https:\/\/www.visit-ulcinj.com\/blog\/wp-json\/wp\/v2\/comments?post=63819"}],"version-history":[{"count":3,"href":"https:\/\/www.visit-ulcinj.com\/blog\/wp-json\/wp\/v2\/posts\/63819\/revisions"}],"predecessor-version":[{"id":63850,"href":"https:\/\/www.visit-ulcinj.com\/blog\/wp-json\/wp\/v2\/posts\/63819\/revisions\/63850"}],"wp:attachment":[{"href":"https:\/\/www.visit-ulcinj.com\/blog\/wp-json\/wp\/v2\/media?parent=63819"}],"wp:term":[{"taxonomy":"category","embeddable":true,"href":"https:\/\/www.visit-ulcinj.com\/blog\/wp-json\/wp\/v2\/categories?post=63819"},{"taxonomy":"post_tag","embeddable":true,"href":"https:\/\/www.visit-ulcinj.com\/blog\/wp-json\/wp\/v2\/tags?post=63819"}],"curies":[{"name":"wp","href":"https:\/\/api.w.org\/{rel}","templated":true}]}}