{"id":63823,"date":"2012-09-20T16:28:10","date_gmt":"2012-09-20T15:28:10","guid":{"rendered":"http:\/\/www.visit-ulcinj.com\/blog\/?p=63823"},"modified":"2012-09-20T16:48:20","modified_gmt":"2012-09-20T15:48:20","slug":"lista-e-unionit-demokratik-te-shqiptareve-ne-mal-te-zi","status":"publish","type":"post","link":"https:\/\/www.visit-ulcinj.com\/blog\/2012\/09\/20\/lista-e-unionit-demokratik-te-shqiptareve-ne-mal-te-zi\/","title":{"rendered":"Lista e Unionit Demokratik t\u00eb Shqiptar\u00ebve n\u00eb Mal t\u00eb Zi"},"content":{"rendered":"<p><a href=\"http:\/\/www.visit-ulcinj.com\/blog\/wp-content\/uploads\/2012\/09\/Voto-UDSH.jpg\"><img loading=\"lazy\" class=\"alignleft  wp-image-63824\" title=\"Voto UDSH\" src=\"http:\/\/www.visit-ulcinj.com\/blog\/wp-content\/uploads\/2012\/09\/Voto-UDSH.jpg\" alt=\"\" width=\"300\" height=\"150\" \/><\/a>Mbram\u00eb n\u00eb mesnat\u00eb skadoj afati p\u00ebr dor\u00ebzimin e listave t\u00eb kandidat\u00ebve p\u00ebr deputet\u00eb p\u00ebr zgjedhjet parlamentare t\u00eb 14 tetorit n\u00eb Mal t\u00eb Zi.Nd\u00ebrkoh\u00eb, Unioni Demokratik i Shqiptar\u00ebve ka prezantuar kandidat\u00ebt e saj n\u00eb nj\u00eb tubim me p\u00ebrkrah\u00ebsit e partis\u00eb. Holl\u00ebsit\u00eb na i sjell korrespondenti yn\u00eb nga Facebook UDSH nga Ulqini.<\/p>\n<p>Sot u dorzua lista e Unionit Demokratik t\u00eb Shqiptar\u00ebve &#8211; UDSH p\u00ebr Zgjedhjet parlamentare t\u00eb 14 tetorit.<br \/>\nKandidat\u00ebt e UDSH-s\u00eb jan\u00eb:<\/p>\n<p>1. Mehmed Zenka<br \/>\n2. Hamdi Hasani<\/p>\n<p>3. Hadixha Gjoni<br \/>\n4. G\u00ebzim Hajdinaga<br \/>\n5. Enver Dedushaj<br \/>\n6. Fadil Kajoshaj<br \/>\n7. Skender Kaleziq<br \/>\n8. Zeqa Daciq<br \/>\n9. Beqir Zati<br \/>\n10. Jasmina Hasa<br \/>\n11. Ali Dukaj<br \/>\n12. Deda Zadrima<br \/>\n13. Anita Nikaj<br \/>\n14. Ramo Sinanaj<br \/>\n15. Dr Xhelal Myrtja<br \/>\n16. Anton Lucoviq<br \/>\n17. Husein Dervishi<br \/>\n18. Izedina Axhoviq Shkriiel<br \/>\n19. Astrit Hoxha<br \/>\n20. Nuro Shata<br \/>\n21. Luljeta Sefa<br \/>\n22. Enis Gjokaj<br \/>\n23. Kasem Hoxhiq<br \/>\n24. Valbona Malokraja<br \/>\n25. Nazif Hoxhaj<br \/>\n26. Rizo Mulazeqiri<br \/>\n27. Vjollca Abazi<br \/>\n28. Junuz Muharremoviq<br \/>\n29. Sead Orahovac<br \/>\n30. Arijeta Muhoviq<br \/>\n31. Enis Lulanoviq<br \/>\n32. Selim Karamanaga<br \/>\n33. Florinda Karamanaga<br \/>\n34. Rina Kasmi<br \/>\n35. Mexhida Zatoviq<br \/>\n36. Suzana Kraja<br \/>\n37. Gazmond Kaleziq<br \/>\n38. Samir Tafili<br \/>\n39. Floridin Vogliq<br \/>\n40. Zana Sefa<br \/>\n41. Lavdim Caushi<br \/>\n42. Arben Truma<br \/>\n43. Almir Lulanaj<br \/>\n44. Senad Duraku<\/p>\n<p><a href=\"https:\/\/www.facebook.com\/forumirinor.udsh?ref=ts\" target=\"_blank\"><strong>E marrur nga UDSH Facebook<\/strong><\/a><\/p>\n<!--YouTube Error: bad URL entered-->\n","protected":false},"excerpt":{"rendered":"<p>Mbram\u00eb n\u00eb mesnat\u00eb skadoj afati p\u00ebr dor\u00ebzimin e listave t\u00eb kandidat\u00ebve p\u00ebr deputet\u00eb p\u00ebr zgjedhjet parlamentare t\u00eb 14 tetorit n\u00eb Mal t\u00eb Zi.Nd\u00ebrkoh\u00eb, Unioni Demokratik i Shqiptar\u00ebve ka prezantuar kandidat\u00ebt e saj n\u00eb nj\u00eb tubim me p\u00ebrkrah\u00ebsit e partis\u00eb. Holl\u00ebsit\u00eb na i sjell korrespondenti yn\u00eb nga Facebook UDSH nga Ulqini. Sot u dorzua lista e [&hellip;]<\/p>\n","protected":false},"author":1,"featured_media":0,"comment_status":"open","ping_status":"closed","sticky":false,"template":"","format":"standard","meta":{"spay_email":"","jetpack_publicize_message":"","jetpack_is_tweetstorm":false,"jetpack_publicize_feature_enabled":true},"categories":[6],"tags":[5144],"jetpack_publicize_connections":[],"yoast_head":"<!-- This site is optimized with the Yoast SEO plugin v19.1 - https:\/\/yoast.com\/wordpress\/plugins\/seo\/ -->\n<title>Lista e Unionit Demokratik t\u00eb Shqiptar\u00ebve n\u00eb Mal t\u00eb Zi - Lajme nga Ulqini<\/title>\n<meta name=\"description\" content=\"Mbram\u00eb n\u00eb mesnat\u00eb skadoj afati p\u00ebr dor\u00ebzimin e listave t\u00eb kandidat\u00ebve p\u00ebr deputet\u00eb p\u00ebr zgjedhjet parlamentare t\u00eb 14 tetorit n\u00eb Mal t\u00eb Zi.Nd\u00ebrkoh\u00eb, Unioni\" \/>\n<meta name=\"robots\" content=\"index, follow, max-snippet:-1, max-image-preview:large, max-video-preview:-1\" \/>\n<link rel=\"canonical\" href=\"https:\/\/www.visit-ulcinj.com\/blog\/2012\/09\/20\/lista-e-unionit-demokratik-te-shqiptareve-ne-mal-te-zi\/\" \/>\n<meta property=\"og:locale\" content=\"en_US\" \/>\n<meta property=\"og:type\" content=\"article\" \/>\n<meta property=\"og:title\" content=\"Lista e Unionit Demokratik t\u00eb Shqiptar\u00ebve n\u00eb Mal t\u00eb Zi - Lajme nga Ulqini\" \/>\n<meta property=\"og:description\" content=\"Mbram\u00eb n\u00eb mesnat\u00eb skadoj afati p\u00ebr dor\u00ebzimin e listave t\u00eb kandidat\u00ebve p\u00ebr deputet\u00eb p\u00ebr zgjedhjet parlamentare t\u00eb 14 tetorit n\u00eb Mal t\u00eb Zi.Nd\u00ebrkoh\u00eb, Unioni\" \/>\n<meta property=\"og:url\" content=\"https:\/\/www.visit-ulcinj.com\/blog\/2012\/09\/20\/lista-e-unionit-demokratik-te-shqiptareve-ne-mal-te-zi\/\" \/>\n<meta property=\"og:site_name\" content=\"Lajme nga Ulqini\" \/>\n<meta property=\"article:published_time\" content=\"2012-09-20T15:28:10+00:00\" \/>\n<meta property=\"article:modified_time\" content=\"2012-09-20T15:48:20+00:00\" \/>\n<meta property=\"og:image\" content=\"http:\/\/www.visit-ulcinj.com\/blog\/wp-content\/uploads\/2012\/09\/Voto-UDSH.jpg\" \/>\n<meta name=\"twitter:label1\" content=\"Written by\" \/>\n\t<meta name=\"twitter:data1\" content=\"ulqini\" \/>\n\t<meta name=\"twitter:label2\" content=\"Est. reading time\" \/>\n\t<meta name=\"twitter:data2\" content=\"1 minute\" \/>\n<script type=\"application\/ld+json\" class=\"yoast-schema-graph\">{\"@context\":\"https:\/\/schema.org\",\"@graph\":[{\"@type\":\"WebSite\",\"@id\":\"https:\/\/www.visit-ulcinj.com\/blog\/#website\",\"url\":\"https:\/\/www.visit-ulcinj.com\/blog\/\",\"name\":\"Lajme nga Ulqini\",\"description\":\"Lajme,Vijesti,Ulqini,Ulqin,Crna Gora,Mali i Zi\",\"potentialAction\":[{\"@type\":\"SearchAction\",\"target\":{\"@type\":\"EntryPoint\",\"urlTemplate\":\"https:\/\/www.visit-ulcinj.com\/blog\/?s={search_term_string}\"},\"query-input\":\"required name=search_term_string\"}],\"inLanguage\":\"en-US\"},{\"@type\":\"ImageObject\",\"inLanguage\":\"en-US\",\"@id\":\"https:\/\/www.visit-ulcinj.com\/blog\/2012\/09\/20\/lista-e-unionit-demokratik-te-shqiptareve-ne-mal-te-zi\/#primaryimage\",\"url\":\"https:\/\/www.visit-ulcinj.com\/blog\/wp-content\/uploads\/2012\/09\/Voto-UDSH.jpg\",\"contentUrl\":\"https:\/\/www.visit-ulcinj.com\/blog\/wp-content\/uploads\/2012\/09\/Voto-UDSH.jpg\",\"width\":\"250\",\"height\":\"80\"},{\"@type\":\"WebPage\",\"@id\":\"https:\/\/www.visit-ulcinj.com\/blog\/2012\/09\/20\/lista-e-unionit-demokratik-te-shqiptareve-ne-mal-te-zi\/#webpage\",\"url\":\"https:\/\/www.visit-ulcinj.com\/blog\/2012\/09\/20\/lista-e-unionit-demokratik-te-shqiptareve-ne-mal-te-zi\/\",\"name\":\"Lista e Unionit Demokratik t\u00eb Shqiptar\u00ebve n\u00eb Mal t\u00eb Zi - Lajme nga Ulqini\",\"isPartOf\":{\"@id\":\"https:\/\/www.visit-ulcinj.com\/blog\/#website\"},\"primaryImageOfPage\":{\"@id\":\"https:\/\/www.visit-ulcinj.com\/blog\/2012\/09\/20\/lista-e-unionit-demokratik-te-shqiptareve-ne-mal-te-zi\/#primaryimage\"},\"datePublished\":\"2012-09-20T15:28:10+00:00\",\"dateModified\":\"2012-09-20T15:48:20+00:00\",\"author\":{\"@id\":\"https:\/\/www.visit-ulcinj.com\/blog\/#\/schema\/person\/dcab619c614d3038751c63bc2aadc06d\"},\"description\":\"Mbram\u00eb n\u00eb mesnat\u00eb skadoj afati p\u00ebr dor\u00ebzimin e listave t\u00eb kandidat\u00ebve p\u00ebr deputet\u00eb p\u00ebr zgjedhjet parlamentare t\u00eb 14 tetorit n\u00eb Mal t\u00eb Zi.Nd\u00ebrkoh\u00eb, Unioni\",\"breadcrumb\":{\"@id\":\"https:\/\/www.visit-ulcinj.com\/blog\/2012\/09\/20\/lista-e-unionit-demokratik-te-shqiptareve-ne-mal-te-zi\/#breadcrumb\"},\"inLanguage\":\"en-US\",\"potentialAction\":[{\"@type\":\"ReadAction\",\"target\":[\"https:\/\/www.visit-ulcinj.com\/blog\/2012\/09\/20\/lista-e-unionit-demokratik-te-shqiptareve-ne-mal-te-zi\/\"]}]},{\"@type\":\"BreadcrumbList\",\"@id\":\"https:\/\/www.visit-ulcinj.com\/blog\/2012\/09\/20\/lista-e-unionit-demokratik-te-shqiptareve-ne-mal-te-zi\/#breadcrumb\",\"itemListElement\":[{\"@type\":\"ListItem\",\"position\":1,\"name\":\"Lista e Unionit Demokratik t\u00eb Shqiptar\u00ebve n\u00eb Mal t\u00eb Zi\"}]},{\"@type\":\"Person\",\"@id\":\"https:\/\/www.visit-ulcinj.com\/blog\/#\/schema\/person\/dcab619c614d3038751c63bc2aadc06d\",\"name\":\"ulqini\",\"sameAs\":[\"http:\/\/www.visit-ulcinj.com\"],\"url\":\"https:\/\/www.visit-ulcinj.com\/blog\/author\/admin\/\"}]}<\/script>\n<!-- \/ Yoast SEO plugin. -->","yoast_head_json":{"title":"Lista e Unionit Demokratik t\u00eb Shqiptar\u00ebve n\u00eb Mal t\u00eb Zi - Lajme nga Ulqini","description":"Mbram\u00eb n\u00eb mesnat\u00eb skadoj afati p\u00ebr dor\u00ebzimin e listave t\u00eb kandidat\u00ebve p\u00ebr deputet\u00eb p\u00ebr zgjedhjet parlamentare t\u00eb 14 tetorit n\u00eb Mal t\u00eb Zi.Nd\u00ebrkoh\u00eb, Unioni","robots":{"index":"index","follow":"follow","max-snippet":"max-snippet:-1","max-image-preview":"max-image-preview:large","max-video-preview":"max-video-preview:-1"},"canonical":"https:\/\/www.visit-ulcinj.com\/blog\/2012\/09\/20\/lista-e-unionit-demokratik-te-shqiptareve-ne-mal-te-zi\/","og_locale":"en_US","og_type":"article","og_title":"Lista e Unionit Demokratik t\u00eb Shqiptar\u00ebve n\u00eb Mal t\u00eb Zi - Lajme nga Ulqini","og_description":"Mbram\u00eb n\u00eb mesnat\u00eb skadoj afati p\u00ebr dor\u00ebzimin e listave t\u00eb kandidat\u00ebve p\u00ebr deputet\u00eb p\u00ebr zgjedhjet parlamentare t\u00eb 14 tetorit n\u00eb Mal t\u00eb Zi.Nd\u00ebrkoh\u00eb, Unioni","og_url":"https:\/\/www.visit-ulcinj.com\/blog\/2012\/09\/20\/lista-e-unionit-demokratik-te-shqiptareve-ne-mal-te-zi\/","og_site_name":"Lajme nga Ulqini","article_published_time":"2012-09-20T15:28:10+00:00","article_modified_time":"2012-09-20T15:48:20+00:00","og_image":[{"url":"http:\/\/www.visit-ulcinj.com\/blog\/wp-content\/uploads\/2012\/09\/Voto-UDSH.jpg"}],"twitter_misc":{"Written by":"ulqini","Est. reading time":"1 minute"},"schema":{"@context":"https:\/\/schema.org","@graph":[{"@type":"WebSite","@id":"https:\/\/www.visit-ulcinj.com\/blog\/#website","url":"https:\/\/www.visit-ulcinj.com\/blog\/","name":"Lajme nga Ulqini","description":"Lajme,Vijesti,Ulqini,Ulqin,Crna Gora,Mali i Zi","potentialAction":[{"@type":"SearchAction","target":{"@type":"EntryPoint","urlTemplate":"https:\/\/www.visit-ulcinj.com\/blog\/?s={search_term_string}"},"query-input":"required name=search_term_string"}],"inLanguage":"en-US"},{"@type":"ImageObject","inLanguage":"en-US","@id":"https:\/\/www.visit-ulcinj.com\/blog\/2012\/09\/20\/lista-e-unionit-demokratik-te-shqiptareve-ne-mal-te-zi\/#primaryimage","url":"https:\/\/www.visit-ulcinj.com\/blog\/wp-content\/uploads\/2012\/09\/Voto-UDSH.jpg","contentUrl":"https:\/\/www.visit-ulcinj.com\/blog\/wp-content\/uploads\/2012\/09\/Voto-UDSH.jpg","width":"250","height":"80"},{"@type":"WebPage","@id":"https:\/\/www.visit-ulcinj.com\/blog\/2012\/09\/20\/lista-e-unionit-demokratik-te-shqiptareve-ne-mal-te-zi\/#webpage","url":"https:\/\/www.visit-ulcinj.com\/blog\/2012\/09\/20\/lista-e-unionit-demokratik-te-shqiptareve-ne-mal-te-zi\/","name":"Lista e Unionit Demokratik t\u00eb Shqiptar\u00ebve n\u00eb Mal t\u00eb Zi - Lajme nga Ulqini","isPartOf":{"@id":"https:\/\/www.visit-ulcinj.com\/blog\/#website"},"primaryImageOfPage":{"@id":"https:\/\/www.visit-ulcinj.com\/blog\/2012\/09\/20\/lista-e-unionit-demokratik-te-shqiptareve-ne-mal-te-zi\/#primaryimage"},"datePublished":"2012-09-20T15:28:10+00:00","dateModified":"2012-09-20T15:48:20+00:00","author":{"@id":"https:\/\/www.visit-ulcinj.com\/blog\/#\/schema\/person\/dcab619c614d3038751c63bc2aadc06d"},"description":"Mbram\u00eb n\u00eb mesnat\u00eb skadoj afati p\u00ebr dor\u00ebzimin e listave t\u00eb kandidat\u00ebve p\u00ebr deputet\u00eb p\u00ebr zgjedhjet parlamentare t\u00eb 14 tetorit n\u00eb Mal t\u00eb Zi.Nd\u00ebrkoh\u00eb, Unioni","breadcrumb":{"@id":"https:\/\/www.visit-ulcinj.com\/blog\/2012\/09\/20\/lista-e-unionit-demokratik-te-shqiptareve-ne-mal-te-zi\/#breadcrumb"},"inLanguage":"en-US","potentialAction":[{"@type":"ReadAction","target":["https:\/\/www.visit-ulcinj.com\/blog\/2012\/09\/20\/lista-e-unionit-demokratik-te-shqiptareve-ne-mal-te-zi\/"]}]},{"@type":"BreadcrumbList","@id":"https:\/\/www.visit-ulcinj.com\/blog\/2012\/09\/20\/lista-e-unionit-demokratik-te-shqiptareve-ne-mal-te-zi\/#breadcrumb","itemListElement":[{"@type":"ListItem","position":1,"name":"Lista e Unionit Demokratik t\u00eb Shqiptar\u00ebve n\u00eb Mal t\u00eb Zi"}]},{"@type":"Person","@id":"https:\/\/www.visit-ulcinj.com\/blog\/#\/schema\/person\/dcab619c614d3038751c63bc2aadc06d","name":"ulqini","sameAs":["http:\/\/www.visit-ulcinj.com"],"url":"https:\/\/www.visit-ulcinj.com\/blog\/author\/admin\/"}]}},"jetpack_featured_media_url":"","jetpack_sharing_enabled":true,"jetpack_shortlink":"https:\/\/wp.me\/pe6lTn-gBp","_links":{"self":[{"href":"https:\/\/www.visit-ulcinj.com\/blog\/wp-json\/wp\/v2\/posts\/63823"}],"collection":[{"href":"https:\/\/www.visit-ulcinj.com\/blog\/wp-json\/wp\/v2\/posts"}],"about":[{"href":"https:\/\/www.visit-ulcinj.com\/blog\/wp-json\/wp\/v2\/types\/post"}],"author":[{"embeddable":true,"href":"https:\/\/www.visit-ulcinj.com\/blog\/wp-json\/wp\/v2\/users\/1"}],"replies":[{"embeddable":true,"href":"https:\/\/www.visit-ulcinj.com\/blog\/wp-json\/wp\/v2\/comments?post=63823"}],"version-history":[{"count":3,"href":"https:\/\/www.visit-ulcinj.com\/blog\/wp-json\/wp\/v2\/posts\/63823\/revisions"}],"predecessor-version":[{"id":63829,"href":"https:\/\/www.visit-ulcinj.com\/blog\/wp-json\/wp\/v2\/posts\/63823\/revisions\/63829"}],"wp:attachment":[{"href":"https:\/\/www.visit-ulcinj.com\/blog\/wp-json\/wp\/v2\/media?parent=63823"}],"wp:term":[{"taxonomy":"category","embeddable":true,"href":"https:\/\/www.visit-ulcinj.com\/blog\/wp-json\/wp\/v2\/categories?post=63823"},{"taxonomy":"post_tag","embeddable":true,"href":"https:\/\/www.visit-ulcinj.com\/blog\/wp-json\/wp\/v2\/tags?post=63823"}],"curies":[{"name":"wp","href":"https:\/\/api.w.org\/{rel}","templated":true}]}}