{"id":6384,"date":"2008-11-20T12:50:32","date_gmt":"2008-11-20T17:50:32","guid":{"rendered":"http:\/\/www.visit-ulcinj.com\/blog\/?p=6384"},"modified":"2008-11-24T11:05:28","modified_gmt":"2008-11-24T16:05:28","slug":"ambasador-albanije-posjetio-ulcinj","status":"publish","type":"post","link":"https:\/\/www.visit-ulcinj.com\/blog\/2008\/11\/20\/ambasador-albanije-posjetio-ulcinj\/","title":{"rendered":"Ambasador Albanije posjetio Ulcinj"},"content":{"rendered":"<p><a href=\"http:\/\/www.visit-ulcinj.com\/blog\/wp-content\/uploads\/2008\/11\/gezim-hajdinaga_tonin-beci.jpg\"><img loading=\"lazy\" class=\"alignleft size-medium wp-image-6581\" title=\"gezim-hajdinaga_tonin-beci\" src=\"http:\/\/www.visit-ulcinj.com\/blog\/wp-content\/uploads\/2008\/11\/gezim-hajdinaga_tonin-beci-300x251.jpg\" alt=\"\" width=\"300\" height=\"251\" srcset=\"https:\/\/www.visit-ulcinj.com\/blog\/wp-content\/uploads\/2008\/11\/gezim-hajdinaga_tonin-beci-300x251.jpg 300w, https:\/\/www.visit-ulcinj.com\/blog\/wp-content\/uploads\/2008\/11\/gezim-hajdinaga_tonin-beci.jpg 535w\" sizes=\"(max-width: 300px) 100vw, 300px\" \/><\/a>Ulcinj &#8211; Ambasador Albanije u Crnoj Gori Tonin Beci boravio je ju?e u slu\u017ebenoj posjeti Ulcinju, gdje je sa gradona?elnikom Gzimom Hajdinagom razgovarao o projektima u vezi sa ulaganjem u turizam i infrastrukturu, o?uvanju \u017eivotne sredine i ja?anju me?usobne saradnje izme?u dvije susjedne dr\u017eave.<br \/>\n&#8211; Sagovornici su se slo\u017eili da su odnosi izme?u Crne Gore i Albanije izuzetno dobri, da su obje strane posve?ene afirmaciji ukupnih dobrosusjedskih odnosa i da je konstruktivna uloga Albanaca u Crnoj Gori umnogome pomogla zbli\u017eavanju dviju dr\u017eava. Oni su izrazili uvjerenje da ?e predstoje?e posjete visokih zvani?nika jo\u0161 vi\u0161e unaprijediti ovu saradnju &#8211; navodi se u saop\u0161tenju iz Hajdinaginog kabineta.<br \/>\n<strong>S.A.<br \/>\nIzvor \/ Vijesti<\/strong><\/p>\n<!--YouTube Error: bad URL entered-->\n","protected":false},"excerpt":{"rendered":"<p>Ulcinj &#8211; Ambasador Albanije u Crnoj Gori Tonin Beci boravio je ju?e u slu\u017ebenoj posjeti Ulcinju, gdje je sa gradona?elnikom Gzimom Hajdinagom razgovarao o projektima u vezi sa ulaganjem u turizam i infrastrukturu, o?uvanju \u017eivotne sredine i ja?anju me?usobne saradnje izme?u dvije susjedne dr\u017eave. &#8211; Sagovornici su se slo\u017eili da su odnosi izme?u Crne Gore [&hellip;]<\/p>\n","protected":false},"author":1,"featured_media":0,"comment_status":"open","ping_status":"closed","sticky":false,"template":"","format":"standard","meta":{"spay_email":"","jetpack_publicize_message":"","jetpack_is_tweetstorm":false,"jetpack_publicize_feature_enabled":true},"categories":[6],"tags":[2417,4261,19],"jetpack_publicize_connections":[],"yoast_head":"<!-- This site is optimized with the Yoast SEO plugin v19.1 - https:\/\/yoast.com\/wordpress\/plugins\/seo\/ -->\n<title>Ambasador Albanije posjetio Ulcinj - Lajme nga Ulqini<\/title>\n<meta name=\"description\" content=\"Ulcinj - Ambasador Albanije u Crnoj Gori Tonin Beci boravio je ju?e u slu\u017ebenoj posjeti Ulcinju, gdje je sa gradona?elnikom Gzimom Hajdinagom razgovarao o\" \/>\n<meta name=\"robots\" content=\"index, follow, max-snippet:-1, max-image-preview:large, max-video-preview:-1\" \/>\n<link rel=\"canonical\" href=\"https:\/\/www.visit-ulcinj.com\/blog\/2008\/11\/20\/ambasador-albanije-posjetio-ulcinj\/\" \/>\n<meta property=\"og:locale\" content=\"en_US\" \/>\n<meta property=\"og:type\" content=\"article\" \/>\n<meta property=\"og:title\" content=\"Ambasador Albanije posjetio Ulcinj - Lajme nga Ulqini\" \/>\n<meta property=\"og:description\" content=\"Ulcinj - Ambasador Albanije u Crnoj Gori Tonin Beci boravio je ju?e u slu\u017ebenoj posjeti Ulcinju, gdje je sa gradona?elnikom Gzimom Hajdinagom razgovarao o\" \/>\n<meta property=\"og:url\" content=\"https:\/\/www.visit-ulcinj.com\/blog\/2008\/11\/20\/ambasador-albanije-posjetio-ulcinj\/\" \/>\n<meta property=\"og:site_name\" content=\"Lajme nga Ulqini\" \/>\n<meta property=\"article:published_time\" content=\"2008-11-20T17:50:32+00:00\" \/>\n<meta property=\"article:modified_time\" content=\"2008-11-24T16:05:28+00:00\" \/>\n<meta property=\"og:image\" content=\"http:\/\/www.visit-ulcinj.com\/blog\/wp-content\/uploads\/2008\/11\/gezim-hajdinaga_tonin-beci-300x251.jpg\" \/>\n<meta name=\"twitter:label1\" content=\"Written by\" \/>\n\t<meta name=\"twitter:data1\" content=\"ulqini\" \/>\n\t<meta name=\"twitter:label2\" content=\"Est. reading time\" \/>\n\t<meta name=\"twitter:data2\" content=\"1 minute\" \/>\n<script type=\"application\/ld+json\" class=\"yoast-schema-graph\">{\"@context\":\"https:\/\/schema.org\",\"@graph\":[{\"@type\":\"WebSite\",\"@id\":\"https:\/\/www.visit-ulcinj.com\/blog\/#website\",\"url\":\"https:\/\/www.visit-ulcinj.com\/blog\/\",\"name\":\"Lajme nga Ulqini\",\"description\":\"Lajme,Vijesti,Ulqini,Ulqin,Crna Gora,Mali i Zi\",\"potentialAction\":[{\"@type\":\"SearchAction\",\"target\":{\"@type\":\"EntryPoint\",\"urlTemplate\":\"https:\/\/www.visit-ulcinj.com\/blog\/?s={search_term_string}\"},\"query-input\":\"required name=search_term_string\"}],\"inLanguage\":\"en-US\"},{\"@type\":\"ImageObject\",\"inLanguage\":\"en-US\",\"@id\":\"https:\/\/www.visit-ulcinj.com\/blog\/2008\/11\/20\/ambasador-albanije-posjetio-ulcinj\/#primaryimage\",\"url\":\"http:\/\/www.visit-ulcinj.com\/blog\/wp-content\/uploads\/2008\/11\/gezim-hajdinaga_tonin-beci-300x251.jpg\",\"contentUrl\":\"http:\/\/www.visit-ulcinj.com\/blog\/wp-content\/uploads\/2008\/11\/gezim-hajdinaga_tonin-beci-300x251.jpg\"},{\"@type\":\"WebPage\",\"@id\":\"https:\/\/www.visit-ulcinj.com\/blog\/2008\/11\/20\/ambasador-albanije-posjetio-ulcinj\/#webpage\",\"url\":\"https:\/\/www.visit-ulcinj.com\/blog\/2008\/11\/20\/ambasador-albanije-posjetio-ulcinj\/\",\"name\":\"Ambasador Albanije posjetio Ulcinj - Lajme nga Ulqini\",\"isPartOf\":{\"@id\":\"https:\/\/www.visit-ulcinj.com\/blog\/#website\"},\"primaryImageOfPage\":{\"@id\":\"https:\/\/www.visit-ulcinj.com\/blog\/2008\/11\/20\/ambasador-albanije-posjetio-ulcinj\/#primaryimage\"},\"datePublished\":\"2008-11-20T17:50:32+00:00\",\"dateModified\":\"2008-11-24T16:05:28+00:00\",\"author\":{\"@id\":\"https:\/\/www.visit-ulcinj.com\/blog\/#\/schema\/person\/dcab619c614d3038751c63bc2aadc06d\"},\"description\":\"Ulcinj - Ambasador Albanije u Crnoj Gori Tonin Beci boravio je ju?e u slu\u017ebenoj posjeti Ulcinju, gdje je sa gradona?elnikom Gzimom Hajdinagom razgovarao o\",\"breadcrumb\":{\"@id\":\"https:\/\/www.visit-ulcinj.com\/blog\/2008\/11\/20\/ambasador-albanije-posjetio-ulcinj\/#breadcrumb\"},\"inLanguage\":\"en-US\",\"potentialAction\":[{\"@type\":\"ReadAction\",\"target\":[\"https:\/\/www.visit-ulcinj.com\/blog\/2008\/11\/20\/ambasador-albanije-posjetio-ulcinj\/\"]}]},{\"@type\":\"BreadcrumbList\",\"@id\":\"https:\/\/www.visit-ulcinj.com\/blog\/2008\/11\/20\/ambasador-albanije-posjetio-ulcinj\/#breadcrumb\",\"itemListElement\":[{\"@type\":\"ListItem\",\"position\":1,\"name\":\"Ambasador Albanije posjetio Ulcinj\"}]},{\"@type\":\"Person\",\"@id\":\"https:\/\/www.visit-ulcinj.com\/blog\/#\/schema\/person\/dcab619c614d3038751c63bc2aadc06d\",\"name\":\"ulqini\",\"sameAs\":[\"http:\/\/www.visit-ulcinj.com\"],\"url\":\"https:\/\/www.visit-ulcinj.com\/blog\/author\/admin\/\"}]}<\/script>\n<!-- \/ Yoast SEO plugin. -->","yoast_head_json":{"title":"Ambasador Albanije posjetio Ulcinj - Lajme nga Ulqini","description":"Ulcinj - Ambasador Albanije u Crnoj Gori Tonin Beci boravio je ju?e u slu\u017ebenoj posjeti Ulcinju, gdje je sa gradona?elnikom Gzimom Hajdinagom razgovarao o","robots":{"index":"index","follow":"follow","max-snippet":"max-snippet:-1","max-image-preview":"max-image-preview:large","max-video-preview":"max-video-preview:-1"},"canonical":"https:\/\/www.visit-ulcinj.com\/blog\/2008\/11\/20\/ambasador-albanije-posjetio-ulcinj\/","og_locale":"en_US","og_type":"article","og_title":"Ambasador Albanije posjetio Ulcinj - Lajme nga Ulqini","og_description":"Ulcinj - Ambasador Albanije u Crnoj Gori Tonin Beci boravio je ju?e u slu\u017ebenoj posjeti Ulcinju, gdje je sa gradona?elnikom Gzimom Hajdinagom razgovarao o","og_url":"https:\/\/www.visit-ulcinj.com\/blog\/2008\/11\/20\/ambasador-albanije-posjetio-ulcinj\/","og_site_name":"Lajme nga Ulqini","article_published_time":"2008-11-20T17:50:32+00:00","article_modified_time":"2008-11-24T16:05:28+00:00","og_image":[{"url":"http:\/\/www.visit-ulcinj.com\/blog\/wp-content\/uploads\/2008\/11\/gezim-hajdinaga_tonin-beci-300x251.jpg"}],"twitter_misc":{"Written by":"ulqini","Est. reading time":"1 minute"},"schema":{"@context":"https:\/\/schema.org","@graph":[{"@type":"WebSite","@id":"https:\/\/www.visit-ulcinj.com\/blog\/#website","url":"https:\/\/www.visit-ulcinj.com\/blog\/","name":"Lajme nga Ulqini","description":"Lajme,Vijesti,Ulqini,Ulqin,Crna Gora,Mali i Zi","potentialAction":[{"@type":"SearchAction","target":{"@type":"EntryPoint","urlTemplate":"https:\/\/www.visit-ulcinj.com\/blog\/?s={search_term_string}"},"query-input":"required name=search_term_string"}],"inLanguage":"en-US"},{"@type":"ImageObject","inLanguage":"en-US","@id":"https:\/\/www.visit-ulcinj.com\/blog\/2008\/11\/20\/ambasador-albanije-posjetio-ulcinj\/#primaryimage","url":"http:\/\/www.visit-ulcinj.com\/blog\/wp-content\/uploads\/2008\/11\/gezim-hajdinaga_tonin-beci-300x251.jpg","contentUrl":"http:\/\/www.visit-ulcinj.com\/blog\/wp-content\/uploads\/2008\/11\/gezim-hajdinaga_tonin-beci-300x251.jpg"},{"@type":"WebPage","@id":"https:\/\/www.visit-ulcinj.com\/blog\/2008\/11\/20\/ambasador-albanije-posjetio-ulcinj\/#webpage","url":"https:\/\/www.visit-ulcinj.com\/blog\/2008\/11\/20\/ambasador-albanije-posjetio-ulcinj\/","name":"Ambasador Albanije posjetio Ulcinj - Lajme nga Ulqini","isPartOf":{"@id":"https:\/\/www.visit-ulcinj.com\/blog\/#website"},"primaryImageOfPage":{"@id":"https:\/\/www.visit-ulcinj.com\/blog\/2008\/11\/20\/ambasador-albanije-posjetio-ulcinj\/#primaryimage"},"datePublished":"2008-11-20T17:50:32+00:00","dateModified":"2008-11-24T16:05:28+00:00","author":{"@id":"https:\/\/www.visit-ulcinj.com\/blog\/#\/schema\/person\/dcab619c614d3038751c63bc2aadc06d"},"description":"Ulcinj - Ambasador Albanije u Crnoj Gori Tonin Beci boravio je ju?e u slu\u017ebenoj posjeti Ulcinju, gdje je sa gradona?elnikom Gzimom Hajdinagom razgovarao o","breadcrumb":{"@id":"https:\/\/www.visit-ulcinj.com\/blog\/2008\/11\/20\/ambasador-albanije-posjetio-ulcinj\/#breadcrumb"},"inLanguage":"en-US","potentialAction":[{"@type":"ReadAction","target":["https:\/\/www.visit-ulcinj.com\/blog\/2008\/11\/20\/ambasador-albanije-posjetio-ulcinj\/"]}]},{"@type":"BreadcrumbList","@id":"https:\/\/www.visit-ulcinj.com\/blog\/2008\/11\/20\/ambasador-albanije-posjetio-ulcinj\/#breadcrumb","itemListElement":[{"@type":"ListItem","position":1,"name":"Ambasador Albanije posjetio Ulcinj"}]},{"@type":"Person","@id":"https:\/\/www.visit-ulcinj.com\/blog\/#\/schema\/person\/dcab619c614d3038751c63bc2aadc06d","name":"ulqini","sameAs":["http:\/\/www.visit-ulcinj.com"],"url":"https:\/\/www.visit-ulcinj.com\/blog\/author\/admin\/"}]}},"jetpack_featured_media_url":"","jetpack_sharing_enabled":true,"jetpack_shortlink":"https:\/\/wp.me\/pe6lTn-1EY","_links":{"self":[{"href":"https:\/\/www.visit-ulcinj.com\/blog\/wp-json\/wp\/v2\/posts\/6384"}],"collection":[{"href":"https:\/\/www.visit-ulcinj.com\/blog\/wp-json\/wp\/v2\/posts"}],"about":[{"href":"https:\/\/www.visit-ulcinj.com\/blog\/wp-json\/wp\/v2\/types\/post"}],"author":[{"embeddable":true,"href":"https:\/\/www.visit-ulcinj.com\/blog\/wp-json\/wp\/v2\/users\/1"}],"replies":[{"embeddable":true,"href":"https:\/\/www.visit-ulcinj.com\/blog\/wp-json\/wp\/v2\/comments?post=6384"}],"version-history":[{"count":0,"href":"https:\/\/www.visit-ulcinj.com\/blog\/wp-json\/wp\/v2\/posts\/6384\/revisions"}],"wp:attachment":[{"href":"https:\/\/www.visit-ulcinj.com\/blog\/wp-json\/wp\/v2\/media?parent=6384"}],"wp:term":[{"taxonomy":"category","embeddable":true,"href":"https:\/\/www.visit-ulcinj.com\/blog\/wp-json\/wp\/v2\/categories?post=6384"},{"taxonomy":"post_tag","embeddable":true,"href":"https:\/\/www.visit-ulcinj.com\/blog\/wp-json\/wp\/v2\/tags?post=6384"}],"curies":[{"name":"wp","href":"https:\/\/api.w.org\/{rel}","templated":true}]}}