{"id":63847,"date":"2012-09-21T15:40:44","date_gmt":"2012-09-21T14:40:44","guid":{"rendered":"http:\/\/www.visit-ulcinj.com\/blog\/?p=63847"},"modified":"2012-09-21T15:40:44","modified_gmt":"2012-09-21T14:40:44","slug":"pds-i-ulqinit-kerkone-seance-te-jashtezakonshme-te-kuvendit-te-ulqinit","status":"publish","type":"post","link":"https:\/\/www.visit-ulcinj.com\/blog\/2012\/09\/21\/pds-i-ulqinit-kerkone-seance-te-jashtezakonshme-te-kuvendit-te-ulqinit\/","title":{"rendered":"PDS i Ulqinit k\u00ebrkon\u00eb seanc\u00eb t\u00eb jasht\u00ebzakonshme t\u00eb Kuvendit t\u00eb Ulqinit"},"content":{"rendered":"<p><a href=\"http:\/\/www.visit-ulcinj.com\/blog\/wp-content\/uploads\/2012\/09\/Partia-Demokratike-e-Socialist\u00ebve-Ulqin.jpg\"><img loading=\"lazy\" class=\"alignleft  wp-image-63848\" title=\"Partia Demokratike e Socialist\u00ebve-Ulqin\" src=\"http:\/\/www.visit-ulcinj.com\/blog\/wp-content\/uploads\/2012\/09\/Partia-Demokratike-e-Socialist\u00ebve-Ulqin.jpg\" alt=\"\" width=\"508\" height=\"316\" \/><\/a>Partia Demokratike e Socialist\u00ebve e Milo Djukanovic-it, dega n\u00eb Ulqin, subjekti m\u00eb i madh opozitar k\u00ebtu, ka k\u00ebrkuar urgjentisht q\u00eb m\u00eb 24 t\u00eb k\u00ebtij muaji t\u00eb mbahet nj\u00eb seanc\u00eb e jasht\u00ebzakonshme e Kuvendit t\u00eb Ulqinit p\u00ebr shkak se nuk \u00ebsht\u00eb e p\u00ebrfaq\u00ebsuar n\u00eb Komisionin Zgjedhor Komunal njofton<a href=\"http:\/\/www.kosovalive.com\/?cid=1,2,85741\" target=\"_blank\"> KosovaLive<\/a>.<\/p>\n<p>&nbsp;<\/p>\n<p>&nbsp;<\/p>\n","protected":false},"excerpt":{"rendered":"<p>Partia Demokratike e Socialist\u00ebve e Milo Djukanovic-it, dega n\u00eb Ulqin, subjekti m\u00eb i madh opozitar k\u00ebtu, ka k\u00ebrkuar urgjentisht q\u00eb m\u00eb 24 t\u00eb k\u00ebtij muaji t\u00eb mbahet nj\u00eb seanc\u00eb e jasht\u00ebzakonshme e Kuvendit t\u00eb Ulqinit p\u00ebr shkak se nuk \u00ebsht\u00eb e p\u00ebrfaq\u00ebsuar n\u00eb Komisionin Zgjedhor Komunal njofton KosovaLive. &nbsp; &nbsp;<\/p>\n","protected":false},"author":1,"featured_media":0,"comment_status":"open","ping_status":"closed","sticky":false,"template":"","format":"standard","meta":{"spay_email":"","jetpack_publicize_message":"","jetpack_is_tweetstorm":false,"jetpack_publicize_feature_enabled":true},"categories":[13],"tags":[200,20993],"jetpack_publicize_connections":[],"yoast_head":"<!-- This site is optimized with the Yoast SEO plugin v19.1 - https:\/\/yoast.com\/wordpress\/plugins\/seo\/ -->\n<title>PDS i Ulqinit k\u00ebrkon\u00eb seanc\u00eb t\u00eb jasht\u00ebzakonshme t\u00eb Kuvendit t\u00eb Ulqinit - Lajme nga Ulqini<\/title>\n<meta name=\"description\" content=\"Partia Demokratike e Socialist\u00ebve e Milo Djukanovic-it, dega n\u00eb Ulqin, subjekti m\u00eb i madh opozitar k\u00ebtu, ka k\u00ebrkuar urgjentisht q\u00eb m\u00eb 24 t\u00eb k\u00ebtij muaji t\u00eb\" \/>\n<meta name=\"robots\" content=\"index, follow, max-snippet:-1, max-image-preview:large, max-video-preview:-1\" \/>\n<link rel=\"canonical\" href=\"https:\/\/www.visit-ulcinj.com\/blog\/2012\/09\/21\/pds-i-ulqinit-kerkone-seance-te-jashtezakonshme-te-kuvendit-te-ulqinit\/\" \/>\n<meta property=\"og:locale\" content=\"en_US\" \/>\n<meta property=\"og:type\" content=\"article\" \/>\n<meta property=\"og:title\" content=\"PDS i Ulqinit k\u00ebrkon\u00eb seanc\u00eb t\u00eb jasht\u00ebzakonshme t\u00eb Kuvendit t\u00eb Ulqinit - Lajme nga Ulqini\" \/>\n<meta property=\"og:description\" content=\"Partia Demokratike e Socialist\u00ebve e Milo Djukanovic-it, dega n\u00eb Ulqin, subjekti m\u00eb i madh opozitar k\u00ebtu, ka k\u00ebrkuar urgjentisht q\u00eb m\u00eb 24 t\u00eb k\u00ebtij muaji t\u00eb\" \/>\n<meta property=\"og:url\" content=\"https:\/\/www.visit-ulcinj.com\/blog\/2012\/09\/21\/pds-i-ulqinit-kerkone-seance-te-jashtezakonshme-te-kuvendit-te-ulqinit\/\" \/>\n<meta property=\"og:site_name\" content=\"Lajme nga Ulqini\" \/>\n<meta property=\"article:published_time\" content=\"2012-09-21T14:40:44+00:00\" \/>\n<meta name=\"twitter:label1\" content=\"Written by\" \/>\n\t<meta name=\"twitter:data1\" content=\"ulqini\" \/>\n<script type=\"application\/ld+json\" class=\"yoast-schema-graph\">{\"@context\":\"https:\/\/schema.org\",\"@graph\":[{\"@type\":\"WebSite\",\"@id\":\"https:\/\/www.visit-ulcinj.com\/blog\/#website\",\"url\":\"https:\/\/www.visit-ulcinj.com\/blog\/\",\"name\":\"Lajme nga Ulqini\",\"description\":\"Lajme,Vijesti,Ulqini,Ulqin,Crna Gora,Mali i Zi\",\"potentialAction\":[{\"@type\":\"SearchAction\",\"target\":{\"@type\":\"EntryPoint\",\"urlTemplate\":\"https:\/\/www.visit-ulcinj.com\/blog\/?s={search_term_string}\"},\"query-input\":\"required name=search_term_string\"}],\"inLanguage\":\"en-US\"},{\"@type\":\"WebPage\",\"@id\":\"https:\/\/www.visit-ulcinj.com\/blog\/2012\/09\/21\/pds-i-ulqinit-kerkone-seance-te-jashtezakonshme-te-kuvendit-te-ulqinit\/#webpage\",\"url\":\"https:\/\/www.visit-ulcinj.com\/blog\/2012\/09\/21\/pds-i-ulqinit-kerkone-seance-te-jashtezakonshme-te-kuvendit-te-ulqinit\/\",\"name\":\"PDS i Ulqinit k\u00ebrkon\u00eb seanc\u00eb t\u00eb jasht\u00ebzakonshme t\u00eb Kuvendit t\u00eb Ulqinit - Lajme nga Ulqini\",\"isPartOf\":{\"@id\":\"https:\/\/www.visit-ulcinj.com\/blog\/#website\"},\"datePublished\":\"2012-09-21T14:40:44+00:00\",\"dateModified\":\"2012-09-21T14:40:44+00:00\",\"author\":{\"@id\":\"https:\/\/www.visit-ulcinj.com\/blog\/#\/schema\/person\/dcab619c614d3038751c63bc2aadc06d\"},\"description\":\"Partia Demokratike e Socialist\u00ebve e Milo Djukanovic-it, dega n\u00eb Ulqin, subjekti m\u00eb i madh opozitar k\u00ebtu, ka k\u00ebrkuar urgjentisht q\u00eb m\u00eb 24 t\u00eb k\u00ebtij muaji t\u00eb\",\"breadcrumb\":{\"@id\":\"https:\/\/www.visit-ulcinj.com\/blog\/2012\/09\/21\/pds-i-ulqinit-kerkone-seance-te-jashtezakonshme-te-kuvendit-te-ulqinit\/#breadcrumb\"},\"inLanguage\":\"en-US\",\"potentialAction\":[{\"@type\":\"ReadAction\",\"target\":[\"https:\/\/www.visit-ulcinj.com\/blog\/2012\/09\/21\/pds-i-ulqinit-kerkone-seance-te-jashtezakonshme-te-kuvendit-te-ulqinit\/\"]}]},{\"@type\":\"BreadcrumbList\",\"@id\":\"https:\/\/www.visit-ulcinj.com\/blog\/2012\/09\/21\/pds-i-ulqinit-kerkone-seance-te-jashtezakonshme-te-kuvendit-te-ulqinit\/#breadcrumb\",\"itemListElement\":[{\"@type\":\"ListItem\",\"position\":1,\"name\":\"PDS i Ulqinit k\u00ebrkon\u00eb seanc\u00eb t\u00eb jasht\u00ebzakonshme t\u00eb Kuvendit t\u00eb Ulqinit\"}]},{\"@type\":\"Person\",\"@id\":\"https:\/\/www.visit-ulcinj.com\/blog\/#\/schema\/person\/dcab619c614d3038751c63bc2aadc06d\",\"name\":\"ulqini\",\"sameAs\":[\"http:\/\/www.visit-ulcinj.com\"],\"url\":\"https:\/\/www.visit-ulcinj.com\/blog\/author\/admin\/\"}]}<\/script>\n<!-- \/ Yoast SEO plugin. -->","yoast_head_json":{"title":"PDS i Ulqinit k\u00ebrkon\u00eb seanc\u00eb t\u00eb jasht\u00ebzakonshme t\u00eb Kuvendit t\u00eb Ulqinit - Lajme nga Ulqini","description":"Partia Demokratike e Socialist\u00ebve e Milo Djukanovic-it, dega n\u00eb Ulqin, subjekti m\u00eb i madh opozitar k\u00ebtu, ka k\u00ebrkuar urgjentisht q\u00eb m\u00eb 24 t\u00eb k\u00ebtij muaji t\u00eb","robots":{"index":"index","follow":"follow","max-snippet":"max-snippet:-1","max-image-preview":"max-image-preview:large","max-video-preview":"max-video-preview:-1"},"canonical":"https:\/\/www.visit-ulcinj.com\/blog\/2012\/09\/21\/pds-i-ulqinit-kerkone-seance-te-jashtezakonshme-te-kuvendit-te-ulqinit\/","og_locale":"en_US","og_type":"article","og_title":"PDS i Ulqinit k\u00ebrkon\u00eb seanc\u00eb t\u00eb jasht\u00ebzakonshme t\u00eb Kuvendit t\u00eb Ulqinit - Lajme nga Ulqini","og_description":"Partia Demokratike e Socialist\u00ebve e Milo Djukanovic-it, dega n\u00eb Ulqin, subjekti m\u00eb i madh opozitar k\u00ebtu, ka k\u00ebrkuar urgjentisht q\u00eb m\u00eb 24 t\u00eb k\u00ebtij muaji t\u00eb","og_url":"https:\/\/www.visit-ulcinj.com\/blog\/2012\/09\/21\/pds-i-ulqinit-kerkone-seance-te-jashtezakonshme-te-kuvendit-te-ulqinit\/","og_site_name":"Lajme nga Ulqini","article_published_time":"2012-09-21T14:40:44+00:00","twitter_misc":{"Written by":"ulqini"},"schema":{"@context":"https:\/\/schema.org","@graph":[{"@type":"WebSite","@id":"https:\/\/www.visit-ulcinj.com\/blog\/#website","url":"https:\/\/www.visit-ulcinj.com\/blog\/","name":"Lajme nga Ulqini","description":"Lajme,Vijesti,Ulqini,Ulqin,Crna Gora,Mali i Zi","potentialAction":[{"@type":"SearchAction","target":{"@type":"EntryPoint","urlTemplate":"https:\/\/www.visit-ulcinj.com\/blog\/?s={search_term_string}"},"query-input":"required name=search_term_string"}],"inLanguage":"en-US"},{"@type":"WebPage","@id":"https:\/\/www.visit-ulcinj.com\/blog\/2012\/09\/21\/pds-i-ulqinit-kerkone-seance-te-jashtezakonshme-te-kuvendit-te-ulqinit\/#webpage","url":"https:\/\/www.visit-ulcinj.com\/blog\/2012\/09\/21\/pds-i-ulqinit-kerkone-seance-te-jashtezakonshme-te-kuvendit-te-ulqinit\/","name":"PDS i Ulqinit k\u00ebrkon\u00eb seanc\u00eb t\u00eb jasht\u00ebzakonshme t\u00eb Kuvendit t\u00eb Ulqinit - Lajme nga Ulqini","isPartOf":{"@id":"https:\/\/www.visit-ulcinj.com\/blog\/#website"},"datePublished":"2012-09-21T14:40:44+00:00","dateModified":"2012-09-21T14:40:44+00:00","author":{"@id":"https:\/\/www.visit-ulcinj.com\/blog\/#\/schema\/person\/dcab619c614d3038751c63bc2aadc06d"},"description":"Partia Demokratike e Socialist\u00ebve e Milo Djukanovic-it, dega n\u00eb Ulqin, subjekti m\u00eb i madh opozitar k\u00ebtu, ka k\u00ebrkuar urgjentisht q\u00eb m\u00eb 24 t\u00eb k\u00ebtij muaji t\u00eb","breadcrumb":{"@id":"https:\/\/www.visit-ulcinj.com\/blog\/2012\/09\/21\/pds-i-ulqinit-kerkone-seance-te-jashtezakonshme-te-kuvendit-te-ulqinit\/#breadcrumb"},"inLanguage":"en-US","potentialAction":[{"@type":"ReadAction","target":["https:\/\/www.visit-ulcinj.com\/blog\/2012\/09\/21\/pds-i-ulqinit-kerkone-seance-te-jashtezakonshme-te-kuvendit-te-ulqinit\/"]}]},{"@type":"BreadcrumbList","@id":"https:\/\/www.visit-ulcinj.com\/blog\/2012\/09\/21\/pds-i-ulqinit-kerkone-seance-te-jashtezakonshme-te-kuvendit-te-ulqinit\/#breadcrumb","itemListElement":[{"@type":"ListItem","position":1,"name":"PDS i Ulqinit k\u00ebrkon\u00eb seanc\u00eb t\u00eb jasht\u00ebzakonshme t\u00eb Kuvendit t\u00eb Ulqinit"}]},{"@type":"Person","@id":"https:\/\/www.visit-ulcinj.com\/blog\/#\/schema\/person\/dcab619c614d3038751c63bc2aadc06d","name":"ulqini","sameAs":["http:\/\/www.visit-ulcinj.com"],"url":"https:\/\/www.visit-ulcinj.com\/blog\/author\/admin\/"}]}},"jetpack_featured_media_url":"","jetpack_sharing_enabled":true,"jetpack_shortlink":"https:\/\/wp.me\/pe6lTn-gBN","_links":{"self":[{"href":"https:\/\/www.visit-ulcinj.com\/blog\/wp-json\/wp\/v2\/posts\/63847"}],"collection":[{"href":"https:\/\/www.visit-ulcinj.com\/blog\/wp-json\/wp\/v2\/posts"}],"about":[{"href":"https:\/\/www.visit-ulcinj.com\/blog\/wp-json\/wp\/v2\/types\/post"}],"author":[{"embeddable":true,"href":"https:\/\/www.visit-ulcinj.com\/blog\/wp-json\/wp\/v2\/users\/1"}],"replies":[{"embeddable":true,"href":"https:\/\/www.visit-ulcinj.com\/blog\/wp-json\/wp\/v2\/comments?post=63847"}],"version-history":[{"count":1,"href":"https:\/\/www.visit-ulcinj.com\/blog\/wp-json\/wp\/v2\/posts\/63847\/revisions"}],"predecessor-version":[{"id":63849,"href":"https:\/\/www.visit-ulcinj.com\/blog\/wp-json\/wp\/v2\/posts\/63847\/revisions\/63849"}],"wp:attachment":[{"href":"https:\/\/www.visit-ulcinj.com\/blog\/wp-json\/wp\/v2\/media?parent=63847"}],"wp:term":[{"taxonomy":"category","embeddable":true,"href":"https:\/\/www.visit-ulcinj.com\/blog\/wp-json\/wp\/v2\/categories?post=63847"},{"taxonomy":"post_tag","embeddable":true,"href":"https:\/\/www.visit-ulcinj.com\/blog\/wp-json\/wp\/v2\/tags?post=63847"}],"curies":[{"name":"wp","href":"https:\/\/api.w.org\/{rel}","templated":true}]}}