{"id":63851,"date":"2012-09-22T17:51:59","date_gmt":"2012-09-22T16:51:59","guid":{"rendered":"http:\/\/www.visit-ulcinj.com\/blog\/?p=63851"},"modified":"2012-09-22T17:51:59","modified_gmt":"2012-09-22T16:51:59","slug":"zenka-nadamo-se-da-cemo-imati-tri-poslanika","status":"publish","type":"post","link":"https:\/\/www.visit-ulcinj.com\/blog\/2012\/09\/22\/zenka-nadamo-se-da-cemo-imati-tri-poslanika\/","title":{"rendered":"Zenka: Nadamo se da \u0107emo imati tri poslanika"},"content":{"rendered":"<p><a href=\"http:\/\/www.visit-ulcinj.com\/blog\/wp-content\/uploads\/2012\/09\/Mehmet-Zenka_.jpg\"><img loading=\"lazy\" class=\"alignleft size-full wp-image-63852\" title=\"Mehmet-Zenka_\" src=\"http:\/\/www.visit-ulcinj.com\/blog\/wp-content\/uploads\/2012\/09\/Mehmet-Zenka_.jpg\" alt=\"\" width=\"253\" height=\"323\" srcset=\"https:\/\/www.visit-ulcinj.com\/blog\/wp-content\/uploads\/2012\/09\/Mehmet-Zenka_.jpg 253w, https:\/\/www.visit-ulcinj.com\/blog\/wp-content\/uploads\/2012\/09\/Mehmet-Zenka_-234x300.jpg 234w\" sizes=\"(max-width: 253px) 100vw, 253px\" \/><\/a>Nosilac liste Demokratske unije Albanaca DUA i Partije demokratskog prosperiteta Mehmed Zenka, pozvao je Albance da glasaju jednu od \u010detiri liste koje predstavljaju tu populaciju, navode\u0107i da se nada da \u0107e nakon izbora tri poslanika u parlamentu predstavljati albansku manjinu.<\/p>\n<p>Izborne liste su predali jo\u0161 i koalicija Za jedinstvo, koju \u010dine Forca, Gra\u0111anska inicijativa i Pokret Perspektiva, Albanska koalicija &#8211; Demokratski savez u Crnoj Gori, Demokratska partija i Albanska alternativa, kao i grupa gra\u0111ana Albanska omladinska alijansa.<\/p>\n<p>\u201cIako nije do\u0161lo do formiranja albanske koalicije, ipak bih \u017eelio da Albanci, i ovako razjedinjeni, nakon ovih izbora imaju tri mandata za svoje predstavnike\u201d,, rekao je Zenka agenciji MINA.<\/p>\n<p>On je, kako je rekao, optimisti\u010dan da \u0107e to i posti\u0107i.<\/p>\n<p>\u201c\u017delio bih da pozovem Albance da, ako nijesu raspolo\u017eeni da glasaju za DUA, ne prosipaju svoj glas, da glasaju za ostale albanske subjekte koji nastupaju\u201d, dodao je on.<\/p>\n<p>Zenka je ocijenio da grupa gra\u0111ana Albanska omladinska alijansa izgleda kao \u201c\u010disto rasipanje glasova\u201d, dodaju\u0107i da ne vidi da to ima neku svrhu u korist dobijanja albanskih poslanika.<\/p>\n<p>\u201cSve u svemu, \u017eelim svima uspjeh i daj bo\u017ee da se vidimo na kraju izbora sa tri poslanika za Albance\u201d, poru\u010dio je on.<\/p>\n<p>Nosilac liste koalicije Za jedinstvo Vaselj Sini\u0161taj, rekao je da o\u010dekuju makar jedan mandat, a da \u0107e u\u010diniti sve da dobiju i dva.<\/p>\n<p>Prema njegovim rije\u010dima, da je bilo realnog prilaza, bila bi daleko \u0161ira koalicija, vjerovatno bi bila mogu\u0107nost i\u0107i i jedinstvenom listom.<\/p>\n<p>\u201cUradi\u0107emo sve do izbora da doka\u017eemo kod bira\u010da da je jedinstvo kod albanskog naroda u Crnoj Gori, i jedina mogu\u0107nost jedinstvene politi\u010dke borbe za popravljanje politi\u010dkog statusa, a u narednim vremenima \u0107emo itekako morati voditi ra\u010duna i o ekonomskim pitanjima, jer je to \u017eivot, a ne politika\u201d, ocijenio je Sini\u0161taj.<\/p>\n<p>On je dodao i da je razvoj u sredinama gdje su Albanci dosad bio zapostavljen.<\/p>\n<p>Sini\u0161taj je kazao i da su dodirne ta\u010dke Force i Gra\u0111anske inicijative punopravan status op\u0161tine Malesija, pitanja nacionalnih obilje\u017eja, zagarantovanih mandata, kao i Morskog dobra.<\/p>\n<p>On smatra da njihova te\u017enja ostaje rad na ujedinjenju albanskih partija, \u201c\u0161to prije, to bolj<\/p>\n<p><strong>Izvor\u00a0: MINA \/ CDM<\/strong><\/p>\n","protected":false},"excerpt":{"rendered":"<p>Nosilac liste Demokratske unije Albanaca DUA i Partije demokratskog prosperiteta Mehmed Zenka, pozvao je Albance da glasaju jednu od \u010detiri liste koje predstavljaju tu populaciju, navode\u0107i da se nada da \u0107e nakon izbora tri poslanika u parlamentu predstavljati albansku manjinu. Izborne liste su predali jo\u0161 i koalicija Za jedinstvo, koju \u010dine Forca, Gra\u0111anska inicijativa i [&hellip;]<\/p>\n","protected":false},"author":1,"featured_media":0,"comment_status":"open","ping_status":"closed","sticky":false,"template":"","format":"standard","meta":{"spay_email":"","jetpack_publicize_message":"","jetpack_is_tweetstorm":false,"jetpack_publicize_feature_enabled":true},"categories":[8337],"tags":[3371,19],"jetpack_publicize_connections":[],"yoast_head":"<!-- This site is optimized with the Yoast SEO plugin v19.1 - https:\/\/yoast.com\/wordpress\/plugins\/seo\/ -->\n<title>Zenka: Nadamo se da \u0107emo imati tri poslanika - Lajme nga Ulqini<\/title>\n<meta name=\"description\" content=\"Nosilac liste Demokratske unije Albanaca DUA i Partije demokratskog prosperiteta Mehmed Zenka, pozvao je Albance da glasaju jednu od \u010detiri liste koje\" \/>\n<meta name=\"robots\" content=\"index, follow, max-snippet:-1, max-image-preview:large, max-video-preview:-1\" \/>\n<link rel=\"canonical\" href=\"https:\/\/www.visit-ulcinj.com\/blog\/2012\/09\/22\/zenka-nadamo-se-da-cemo-imati-tri-poslanika\/\" \/>\n<meta property=\"og:locale\" content=\"en_US\" \/>\n<meta property=\"og:type\" content=\"article\" \/>\n<meta property=\"og:title\" content=\"Zenka: Nadamo se da \u0107emo imati tri poslanika - Lajme nga Ulqini\" \/>\n<meta property=\"og:description\" content=\"Nosilac liste Demokratske unije Albanaca DUA i Partije demokratskog prosperiteta Mehmed Zenka, pozvao je Albance da glasaju jednu od \u010detiri liste koje\" \/>\n<meta property=\"og:url\" content=\"https:\/\/www.visit-ulcinj.com\/blog\/2012\/09\/22\/zenka-nadamo-se-da-cemo-imati-tri-poslanika\/\" \/>\n<meta property=\"og:site_name\" content=\"Lajme nga Ulqini\" \/>\n<meta property=\"article:published_time\" content=\"2012-09-22T16:51:59+00:00\" \/>\n<meta property=\"og:image\" content=\"http:\/\/www.visit-ulcinj.com\/blog\/wp-content\/uploads\/2012\/09\/Mehmet-Zenka_.jpg\" \/>\n<meta name=\"twitter:label1\" content=\"Written by\" \/>\n\t<meta name=\"twitter:data1\" content=\"ulqini\" \/>\n\t<meta name=\"twitter:label2\" content=\"Est. reading time\" \/>\n\t<meta name=\"twitter:data2\" content=\"2 minutes\" \/>\n<script type=\"application\/ld+json\" class=\"yoast-schema-graph\">{\"@context\":\"https:\/\/schema.org\",\"@graph\":[{\"@type\":\"WebSite\",\"@id\":\"https:\/\/www.visit-ulcinj.com\/blog\/#website\",\"url\":\"https:\/\/www.visit-ulcinj.com\/blog\/\",\"name\":\"Lajme nga Ulqini\",\"description\":\"Lajme,Vijesti,Ulqini,Ulqin,Crna Gora,Mali i Zi\",\"potentialAction\":[{\"@type\":\"SearchAction\",\"target\":{\"@type\":\"EntryPoint\",\"urlTemplate\":\"https:\/\/www.visit-ulcinj.com\/blog\/?s={search_term_string}\"},\"query-input\":\"required name=search_term_string\"}],\"inLanguage\":\"en-US\"},{\"@type\":\"ImageObject\",\"inLanguage\":\"en-US\",\"@id\":\"https:\/\/www.visit-ulcinj.com\/blog\/2012\/09\/22\/zenka-nadamo-se-da-cemo-imati-tri-poslanika\/#primaryimage\",\"url\":\"https:\/\/www.visit-ulcinj.com\/blog\/wp-content\/uploads\/2012\/09\/Mehmet-Zenka_.jpg\",\"contentUrl\":\"https:\/\/www.visit-ulcinj.com\/blog\/wp-content\/uploads\/2012\/09\/Mehmet-Zenka_.jpg\",\"width\":\"253\",\"height\":\"323\"},{\"@type\":\"WebPage\",\"@id\":\"https:\/\/www.visit-ulcinj.com\/blog\/2012\/09\/22\/zenka-nadamo-se-da-cemo-imati-tri-poslanika\/#webpage\",\"url\":\"https:\/\/www.visit-ulcinj.com\/blog\/2012\/09\/22\/zenka-nadamo-se-da-cemo-imati-tri-poslanika\/\",\"name\":\"Zenka: Nadamo se da \u0107emo imati tri poslanika - Lajme nga Ulqini\",\"isPartOf\":{\"@id\":\"https:\/\/www.visit-ulcinj.com\/blog\/#website\"},\"primaryImageOfPage\":{\"@id\":\"https:\/\/www.visit-ulcinj.com\/blog\/2012\/09\/22\/zenka-nadamo-se-da-cemo-imati-tri-poslanika\/#primaryimage\"},\"datePublished\":\"2012-09-22T16:51:59+00:00\",\"dateModified\":\"2012-09-22T16:51:59+00:00\",\"author\":{\"@id\":\"https:\/\/www.visit-ulcinj.com\/blog\/#\/schema\/person\/dcab619c614d3038751c63bc2aadc06d\"},\"description\":\"Nosilac liste Demokratske unije Albanaca DUA i Partije demokratskog prosperiteta Mehmed Zenka, pozvao je Albance da glasaju jednu od \u010detiri liste koje\",\"breadcrumb\":{\"@id\":\"https:\/\/www.visit-ulcinj.com\/blog\/2012\/09\/22\/zenka-nadamo-se-da-cemo-imati-tri-poslanika\/#breadcrumb\"},\"inLanguage\":\"en-US\",\"potentialAction\":[{\"@type\":\"ReadAction\",\"target\":[\"https:\/\/www.visit-ulcinj.com\/blog\/2012\/09\/22\/zenka-nadamo-se-da-cemo-imati-tri-poslanika\/\"]}]},{\"@type\":\"BreadcrumbList\",\"@id\":\"https:\/\/www.visit-ulcinj.com\/blog\/2012\/09\/22\/zenka-nadamo-se-da-cemo-imati-tri-poslanika\/#breadcrumb\",\"itemListElement\":[{\"@type\":\"ListItem\",\"position\":1,\"name\":\"Zenka: Nadamo se da \u0107emo imati tri poslanika\"}]},{\"@type\":\"Person\",\"@id\":\"https:\/\/www.visit-ulcinj.com\/blog\/#\/schema\/person\/dcab619c614d3038751c63bc2aadc06d\",\"name\":\"ulqini\",\"sameAs\":[\"http:\/\/www.visit-ulcinj.com\"],\"url\":\"https:\/\/www.visit-ulcinj.com\/blog\/author\/admin\/\"}]}<\/script>\n<!-- \/ Yoast SEO plugin. -->","yoast_head_json":{"title":"Zenka: Nadamo se da \u0107emo imati tri poslanika - Lajme nga Ulqini","description":"Nosilac liste Demokratske unije Albanaca DUA i Partije demokratskog prosperiteta Mehmed Zenka, pozvao je Albance da glasaju jednu od \u010detiri liste koje","robots":{"index":"index","follow":"follow","max-snippet":"max-snippet:-1","max-image-preview":"max-image-preview:large","max-video-preview":"max-video-preview:-1"},"canonical":"https:\/\/www.visit-ulcinj.com\/blog\/2012\/09\/22\/zenka-nadamo-se-da-cemo-imati-tri-poslanika\/","og_locale":"en_US","og_type":"article","og_title":"Zenka: Nadamo se da \u0107emo imati tri poslanika - Lajme nga Ulqini","og_description":"Nosilac liste Demokratske unije Albanaca DUA i Partije demokratskog prosperiteta Mehmed Zenka, pozvao je Albance da glasaju jednu od \u010detiri liste koje","og_url":"https:\/\/www.visit-ulcinj.com\/blog\/2012\/09\/22\/zenka-nadamo-se-da-cemo-imati-tri-poslanika\/","og_site_name":"Lajme nga Ulqini","article_published_time":"2012-09-22T16:51:59+00:00","og_image":[{"url":"http:\/\/www.visit-ulcinj.com\/blog\/wp-content\/uploads\/2012\/09\/Mehmet-Zenka_.jpg"}],"twitter_misc":{"Written by":"ulqini","Est. reading time":"2 minutes"},"schema":{"@context":"https:\/\/schema.org","@graph":[{"@type":"WebSite","@id":"https:\/\/www.visit-ulcinj.com\/blog\/#website","url":"https:\/\/www.visit-ulcinj.com\/blog\/","name":"Lajme nga Ulqini","description":"Lajme,Vijesti,Ulqini,Ulqin,Crna Gora,Mali i Zi","potentialAction":[{"@type":"SearchAction","target":{"@type":"EntryPoint","urlTemplate":"https:\/\/www.visit-ulcinj.com\/blog\/?s={search_term_string}"},"query-input":"required name=search_term_string"}],"inLanguage":"en-US"},{"@type":"ImageObject","inLanguage":"en-US","@id":"https:\/\/www.visit-ulcinj.com\/blog\/2012\/09\/22\/zenka-nadamo-se-da-cemo-imati-tri-poslanika\/#primaryimage","url":"https:\/\/www.visit-ulcinj.com\/blog\/wp-content\/uploads\/2012\/09\/Mehmet-Zenka_.jpg","contentUrl":"https:\/\/www.visit-ulcinj.com\/blog\/wp-content\/uploads\/2012\/09\/Mehmet-Zenka_.jpg","width":"253","height":"323"},{"@type":"WebPage","@id":"https:\/\/www.visit-ulcinj.com\/blog\/2012\/09\/22\/zenka-nadamo-se-da-cemo-imati-tri-poslanika\/#webpage","url":"https:\/\/www.visit-ulcinj.com\/blog\/2012\/09\/22\/zenka-nadamo-se-da-cemo-imati-tri-poslanika\/","name":"Zenka: Nadamo se da \u0107emo imati tri poslanika - Lajme nga Ulqini","isPartOf":{"@id":"https:\/\/www.visit-ulcinj.com\/blog\/#website"},"primaryImageOfPage":{"@id":"https:\/\/www.visit-ulcinj.com\/blog\/2012\/09\/22\/zenka-nadamo-se-da-cemo-imati-tri-poslanika\/#primaryimage"},"datePublished":"2012-09-22T16:51:59+00:00","dateModified":"2012-09-22T16:51:59+00:00","author":{"@id":"https:\/\/www.visit-ulcinj.com\/blog\/#\/schema\/person\/dcab619c614d3038751c63bc2aadc06d"},"description":"Nosilac liste Demokratske unije Albanaca DUA i Partije demokratskog prosperiteta Mehmed Zenka, pozvao je Albance da glasaju jednu od \u010detiri liste koje","breadcrumb":{"@id":"https:\/\/www.visit-ulcinj.com\/blog\/2012\/09\/22\/zenka-nadamo-se-da-cemo-imati-tri-poslanika\/#breadcrumb"},"inLanguage":"en-US","potentialAction":[{"@type":"ReadAction","target":["https:\/\/www.visit-ulcinj.com\/blog\/2012\/09\/22\/zenka-nadamo-se-da-cemo-imati-tri-poslanika\/"]}]},{"@type":"BreadcrumbList","@id":"https:\/\/www.visit-ulcinj.com\/blog\/2012\/09\/22\/zenka-nadamo-se-da-cemo-imati-tri-poslanika\/#breadcrumb","itemListElement":[{"@type":"ListItem","position":1,"name":"Zenka: Nadamo se da \u0107emo imati tri poslanika"}]},{"@type":"Person","@id":"https:\/\/www.visit-ulcinj.com\/blog\/#\/schema\/person\/dcab619c614d3038751c63bc2aadc06d","name":"ulqini","sameAs":["http:\/\/www.visit-ulcinj.com"],"url":"https:\/\/www.visit-ulcinj.com\/blog\/author\/admin\/"}]}},"jetpack_featured_media_url":"","jetpack_sharing_enabled":true,"jetpack_shortlink":"https:\/\/wp.me\/pe6lTn-gBR","_links":{"self":[{"href":"https:\/\/www.visit-ulcinj.com\/blog\/wp-json\/wp\/v2\/posts\/63851"}],"collection":[{"href":"https:\/\/www.visit-ulcinj.com\/blog\/wp-json\/wp\/v2\/posts"}],"about":[{"href":"https:\/\/www.visit-ulcinj.com\/blog\/wp-json\/wp\/v2\/types\/post"}],"author":[{"embeddable":true,"href":"https:\/\/www.visit-ulcinj.com\/blog\/wp-json\/wp\/v2\/users\/1"}],"replies":[{"embeddable":true,"href":"https:\/\/www.visit-ulcinj.com\/blog\/wp-json\/wp\/v2\/comments?post=63851"}],"version-history":[{"count":1,"href":"https:\/\/www.visit-ulcinj.com\/blog\/wp-json\/wp\/v2\/posts\/63851\/revisions"}],"predecessor-version":[{"id":63853,"href":"https:\/\/www.visit-ulcinj.com\/blog\/wp-json\/wp\/v2\/posts\/63851\/revisions\/63853"}],"wp:attachment":[{"href":"https:\/\/www.visit-ulcinj.com\/blog\/wp-json\/wp\/v2\/media?parent=63851"}],"wp:term":[{"taxonomy":"category","embeddable":true,"href":"https:\/\/www.visit-ulcinj.com\/blog\/wp-json\/wp\/v2\/categories?post=63851"},{"taxonomy":"post_tag","embeddable":true,"href":"https:\/\/www.visit-ulcinj.com\/blog\/wp-json\/wp\/v2\/tags?post=63851"}],"curies":[{"name":"wp","href":"https:\/\/api.w.org\/{rel}","templated":true}]}}