{"id":63854,"date":"2012-09-23T10:54:04","date_gmt":"2012-09-23T09:54:04","guid":{"rendered":"http:\/\/www.visit-ulcinj.com\/blog\/?p=63854"},"modified":"2012-09-24T17:15:43","modified_gmt":"2012-09-24T16:15:43","slug":"flamur-anamali-beri-promovimin-e-librit-kultura-shqiptare-ne-tekstet-e-shkolles-fillore-me-mesim-ne-gjuhen-shqipe-ne-mal-te-zi","status":"publish","type":"post","link":"https:\/\/www.visit-ulcinj.com\/blog\/2012\/09\/23\/flamur-anamali-beri-promovimin-e-librit-kultura-shqiptare-ne-tekstet-e-shkolles-fillore-me-mesim-ne-gjuhen-shqipe-ne-mal-te-zi\/","title":{"rendered":"Flamur Anamali b\u00ebri promovimin e librit  \u201cKultura shqiptare n\u00eb tekstet e shkoll\u00ebs fillore me m\u00ebsim n\u00eb gjuh\u00ebn shqipe n\u00eb Mal t\u00eb Zi\u201d &#8211; Video"},"content":{"rendered":"<p><a href=\"http:\/\/www.visit-ulcinj.com\/blog\/wp-content\/uploads\/2012\/09\/flamuranamali_ulqin.jpg\"><img loading=\"lazy\" class=\"alignleft  wp-image-63855\" title=\"flamuranamali_ulqin\" src=\"http:\/\/www.visit-ulcinj.com\/blog\/wp-content\/uploads\/2012\/09\/flamuranamali_ulqin.jpg\" alt=\"\" width=\"508\" height=\"360\" \/><\/a>Me dat\u00ebn 21.09.2012, n\u00eb Qendr\u00ebn p\u00ebr kultur\u00eb n\u00eb Ulqin u b\u00eb promovimi i librit tim me titull \u201cKultura shqiptare n\u00eb tekstet e shkoll\u00ebs fillore me m\u00ebsim n\u00eb gjuh\u00ebn shqipe n\u00eb Mal t\u00eb Zi\u201d. Redaktor i libdrit ishte Dr. Nail Draga; recenzent: Prof.dr. Hajrullah Koliqi; redaktor teknik: Prof. Qazim Muja; lektor: Prof Sk\u00ebnder Temali.<br \/>\nBrenda librit trajtohet problematika e inkuadrimit t\u00eb vlerav<\/p>\n<p>e t\u00eb kultur\u00ebs shqiptare brenda teksteve t\u00eb l\u00ebnd\u00ebve t\u00eb identitetit si gjuh\u00eb amtare, histori dhe kultur\u00eb muzikore.<br \/>\nN\u00eb tubimin e promovimit ligjeruan, dr. Nail Draga, m\u00ebsimdh\u00ebn\u00ebsi z. Ali Gje\u00e7britaj, kurse me shkrimin e tij p\u00ebr t\u00eb pranishmit tubimin e nderoi edhe recenzenti Prof.dr. Hajrullah Koliqi, i cili nga angazhimet e shumta nuk pati mund\u00ebsi t\u00eb ishte i pranish\u00ebm, megjithate letra e tij m\u00eb krenoi pa mas\u00eb. T\u00eb pranish\u00ebm ishin t\u00eb gjith\u00eb deputet\u00ebt shqiptar\u00eb n\u00eb parlamentin e Malit t\u00eb Zi z. Vasel Sinishtaj, z. Mehmet Bardhi, z. Mehmet Zenka dhe z. Genci Nimanbegu, kryetari i K\u00ebshillit Nacional t\u00eb Shqiptar\u00ebve n\u00eb Mal t\u00eb Zi, z. Tahir Tahiri, kryetari i subjektit politik PPD, z. Ali Rexha, q\u00eb d\u00ebshmon se tema ishte interesante dhe prek\u00ebse p\u00ebr \u00e7\u00ebshtjen shqiptare n\u00eb Mal t\u00eb Zi. Kishte edhe \u201csubjekte\u201d q\u00eb nuk ishin t\u00eb pranish\u00ebm, por pak r\u00ebnd\u00ebsi kan\u00eb pas k\u00ebtyre q\u00eb u cek\u00ebn m\u00eb lart\u00eb&#8230;<br \/>\nSurpriza e mbr\u00ebmjes ishte prania e Akademikut Mark Krasniqi, i cili p\u00ebrkrahu plot\u00ebsisht tem\u00ebn, e cila u shtjellua, si dhe shprehu gatishm\u00ebrin\u00eb e tij p\u00ebr t\u00eb ndihmuar n\u00eb hulumtimet e tilla n\u00eb t\u00eb ardhmen.<br \/>\nPoashtu, n\u00eb promovim kishte num\u00ebr t\u00eb konsideruesh\u00ebm qytetar\u00ebsh, t\u00eb cil\u00ebt rrit\u00ebn madh\u00ebshtin\u00eb e takimit.<br \/>\nVlen\u00eb theksuar fakti negativ se udh\u00ebheq\u00ebsit e shkollave nuk ishin prezent me gjith\u00eb ftes\u00ebn e ofruar, madje askush edhe nga \u201cudh\u00ebheq\u00ebsit\u201d e shkoll\u00ebs ku punoj q\u00eb 10 vite, ndoshta edhe nuk \u00ebsht\u00eb tem\u00eb interesante p\u00ebr ta ose tregon qart\u00eb qasjen e tyre ndaj teksteve n\u00eb gjuh\u00ebn shqipe. Megjithate, m\u00eb respektuan koleg\u00ebt e mi t\u00eb dashur me prezenc\u00ebn e tyre.<br \/>\nProjekti i botimit t\u00eb librit u p\u00ebrkrah nga Fondi p\u00ebr pakica, si dhe nga persona fizik dhe personallitete t\u00eb jet\u00ebs publike t\u00eb komunitetit shqiptar n\u00eb Mal t\u00eb Zi.<br \/>\nVlen\u00eb theksuar se i nj\u00ebjti promovim do t\u00eb b\u00ebhet me 28.09.2012, n\u00eb Ansamblen\u00eb Komunale n\u00eb Pej\u00eb, fal\u00eb bashk\u00ebpunimit t\u00eb denj\u00eb t\u00eb K\u00ebshillit Nacional t\u00eb Shqiptar\u00ebve me Shoqaten Martin Dreshaj nga Peja, ku me k\u00ebt\u00eb rast i fal\u00ebnderohem kryetarit t\u00eb KNSH-\u00ebs, z. Tahir Tahiri.<br \/>\nEdhe nj\u00eb her\u00eb, i fal\u00ebnderoj t\u00eb gjith\u00eb ata q\u00eb m\u00eb nderuan me pjesmarrjen e tyre.<\/p>\n<p><strong>Flamur Anamali<\/strong><\/p>\n<p><iframe loading=\"lazy\" width=\"508\" height=\"380\" src=\"http:\/\/www.youtube.com\/embed\/nsZlD8oxpR4\" frameborder=\"0\" allowfullscreen><\/iframe><\/p>\n<p>Ja pra edhe disa fotografi nga promovimi i librit:<\/p>\n\n\t\t<style type=\"text\/css\">\n\t\t\t#gallery-1 {\n\t\t\t\tmargin: auto;\n\t\t\t}\n\t\t\t#gallery-1 .gallery-item {\n\t\t\t\tfloat: left;\n\t\t\t\tmargin-top: 10px;\n\t\t\t\ttext-align: center;\n\t\t\t\twidth: 33%;\n\t\t\t}\n\t\t\t#gallery-1 img {\n\t\t\t\tborder: 2px solid #cfcfcf;\n\t\t\t}\n\t\t\t#gallery-1 .gallery-caption {\n\t\t\t\tmargin-left: 0;\n\t\t\t}\n\t\t\t\/* see gallery_shortcode() in wp-includes\/media.php *\/\n\t\t<\/style>\n\t\t<div id='gallery-1' class='gallery galleryid-63854 gallery-columns-3 gallery-size-thumbnail'><dl class='gallery-item'>\n\t\t\t<dt class='gallery-icon landscape'>\n\t\t\t\t<a href='https:\/\/www.visit-ulcinj.com\/blog\/wp-content\/uploads\/2012\/09\/flamuranamali_ulqin.jpg'><img width=\"150\" height=\"150\" src=\"https:\/\/www.visit-ulcinj.com\/blog\/wp-content\/uploads\/2012\/09\/flamuranamali_ulqin-150x150.jpg\" class=\"attachment-thumbnail size-thumbnail\" alt=\"\" loading=\"lazy\" \/><\/a>\n\t\t\t<\/dt><\/dl><dl class='gallery-item'>\n\t\t\t<dt class='gallery-icon landscape'>\n\t\t\t\t<a href='https:\/\/www.visit-ulcinj.com\/blog\/wp-content\/uploads\/2012\/09\/Promovimi-i-librit-te-autorit-Flamur-Anamali-.1.jpg'><img width=\"150\" height=\"150\" src=\"https:\/\/www.visit-ulcinj.com\/blog\/wp-content\/uploads\/2012\/09\/Promovimi-i-librit-te-autorit-Flamur-Anamali-.1-150x150.jpg\" class=\"attachment-thumbnail size-thumbnail\" alt=\"\" loading=\"lazy\" \/><\/a>\n\t\t\t<\/dt><\/dl><dl class='gallery-item'>\n\t\t\t<dt class='gallery-icon landscape'>\n\t\t\t\t<a href='https:\/\/www.visit-ulcinj.com\/blog\/wp-content\/uploads\/2012\/09\/Promovimi-i-librit-te-autorit-Flamur-Anamali-.2.jpg'><img width=\"150\" height=\"150\" src=\"https:\/\/www.visit-ulcinj.com\/blog\/wp-content\/uploads\/2012\/09\/Promovimi-i-librit-te-autorit-Flamur-Anamali-.2-150x150.jpg\" class=\"attachment-thumbnail size-thumbnail\" alt=\"\" loading=\"lazy\" \/><\/a>\n\t\t\t<\/dt><\/dl><br style=\"clear: both\" \/><dl class='gallery-item'>\n\t\t\t<dt class='gallery-icon landscape'>\n\t\t\t\t<a href='https:\/\/www.visit-ulcinj.com\/blog\/wp-content\/uploads\/2012\/09\/Promovimi-i-librit-te-autorit-Flamur-Anamali-.3.jpg'><img width=\"150\" height=\"150\" src=\"https:\/\/www.visit-ulcinj.com\/blog\/wp-content\/uploads\/2012\/09\/Promovimi-i-librit-te-autorit-Flamur-Anamali-.3-150x150.jpg\" class=\"attachment-thumbnail size-thumbnail\" alt=\"\" loading=\"lazy\" \/><\/a>\n\t\t\t<\/dt><\/dl><dl class='gallery-item'>\n\t\t\t<dt class='gallery-icon landscape'>\n\t\t\t\t<a href='https:\/\/www.visit-ulcinj.com\/blog\/wp-content\/uploads\/2012\/09\/Promovimi-i-librit-te-autorit-Flamur-Anamali-.4.jpg'><img width=\"150\" height=\"150\" src=\"https:\/\/www.visit-ulcinj.com\/blog\/wp-content\/uploads\/2012\/09\/Promovimi-i-librit-te-autorit-Flamur-Anamali-.4-150x150.jpg\" class=\"attachment-thumbnail size-thumbnail\" alt=\"\" loading=\"lazy\" \/><\/a>\n\t\t\t<\/dt><\/dl><dl class='gallery-item'>\n\t\t\t<dt class='gallery-icon landscape'>\n\t\t\t\t<a href='https:\/\/www.visit-ulcinj.com\/blog\/wp-content\/uploads\/2012\/09\/Promovimi-i-librit-te-autorit-Flamur-Anamali-.5.jpg'><img width=\"150\" height=\"150\" src=\"https:\/\/www.visit-ulcinj.com\/blog\/wp-content\/uploads\/2012\/09\/Promovimi-i-librit-te-autorit-Flamur-Anamali-.5-150x150.jpg\" class=\"attachment-thumbnail size-thumbnail\" alt=\"\" loading=\"lazy\" \/><\/a>\n\t\t\t<\/dt><\/dl><br style=\"clear: both\" \/><dl class='gallery-item'>\n\t\t\t<dt class='gallery-icon landscape'>\n\t\t\t\t<a href='https:\/\/www.visit-ulcinj.com\/blog\/wp-content\/uploads\/2012\/09\/Promovimi-i-librit-te-autorit-Flamur-Anamali-.6.jpg'><img width=\"150\" height=\"150\" src=\"https:\/\/www.visit-ulcinj.com\/blog\/wp-content\/uploads\/2012\/09\/Promovimi-i-librit-te-autorit-Flamur-Anamali-.6-150x150.jpg\" class=\"attachment-thumbnail size-thumbnail\" alt=\"\" loading=\"lazy\" \/><\/a>\n\t\t\t<\/dt><\/dl><dl class='gallery-item'>\n\t\t\t<dt class='gallery-icon landscape'>\n\t\t\t\t<a href='https:\/\/www.visit-ulcinj.com\/blog\/wp-content\/uploads\/2012\/09\/Promovimi-i-librit-te-autorit-Flamur-Anamali-.7.jpg'><img width=\"150\" height=\"150\" src=\"https:\/\/www.visit-ulcinj.com\/blog\/wp-content\/uploads\/2012\/09\/Promovimi-i-librit-te-autorit-Flamur-Anamali-.7-150x150.jpg\" class=\"attachment-thumbnail size-thumbnail\" alt=\"\" loading=\"lazy\" \/><\/a>\n\t\t\t<\/dt><\/dl><dl class='gallery-item'>\n\t\t\t<dt class='gallery-icon landscape'>\n\t\t\t\t<a href='https:\/\/www.visit-ulcinj.com\/blog\/wp-content\/uploads\/2012\/09\/Promovimi-i-librit-te-autorit-Flamur-Anamali-.8.jpg'><img width=\"150\" height=\"150\" src=\"https:\/\/www.visit-ulcinj.com\/blog\/wp-content\/uploads\/2012\/09\/Promovimi-i-librit-te-autorit-Flamur-Anamali-.8-150x150.jpg\" class=\"attachment-thumbnail size-thumbnail\" alt=\"\" loading=\"lazy\" \/><\/a>\n\t\t\t<\/dt><\/dl><br style=\"clear: both\" \/><dl class='gallery-item'>\n\t\t\t<dt class='gallery-icon portrait'>\n\t\t\t\t<a href='https:\/\/www.visit-ulcinj.com\/blog\/wp-content\/uploads\/2012\/09\/Promovimi-i-librit-te-autorit-Flamur-Anamali-.9.jpg'><img width=\"150\" height=\"150\" src=\"https:\/\/www.visit-ulcinj.com\/blog\/wp-content\/uploads\/2012\/09\/Promovimi-i-librit-te-autorit-Flamur-Anamali-.9-150x150.jpg\" class=\"attachment-thumbnail size-thumbnail\" alt=\"\" loading=\"lazy\" \/><\/a>\n\t\t\t<\/dt><\/dl><dl class='gallery-item'>\n\t\t\t<dt class='gallery-icon landscape'>\n\t\t\t\t<a href='https:\/\/www.visit-ulcinj.com\/blog\/wp-content\/uploads\/2012\/09\/Promovimi-i-librit-te-autorit-Flamur-Anamali-.10.jpg'><img width=\"150\" height=\"150\" src=\"https:\/\/www.visit-ulcinj.com\/blog\/wp-content\/uploads\/2012\/09\/Promovimi-i-librit-te-autorit-Flamur-Anamali-.10-150x150.jpg\" class=\"attachment-thumbnail size-thumbnail\" alt=\"\" loading=\"lazy\" \/><\/a>\n\t\t\t<\/dt><\/dl><dl class='gallery-item'>\n\t\t\t<dt class='gallery-icon landscape'>\n\t\t\t\t<a href='https:\/\/www.visit-ulcinj.com\/blog\/wp-content\/uploads\/2012\/09\/Promovimi-i-librit-te-autorit-Flamur-Anamali-.11.jpg'><img width=\"150\" height=\"150\" src=\"https:\/\/www.visit-ulcinj.com\/blog\/wp-content\/uploads\/2012\/09\/Promovimi-i-librit-te-autorit-Flamur-Anamali-.11-150x150.jpg\" class=\"attachment-thumbnail size-thumbnail\" alt=\"\" loading=\"lazy\" \/><\/a>\n\t\t\t<\/dt><\/dl><br style=\"clear: both\" \/><dl class='gallery-item'>\n\t\t\t<dt class='gallery-icon landscape'>\n\t\t\t\t<a href='https:\/\/www.visit-ulcinj.com\/blog\/wp-content\/uploads\/2012\/09\/Promovimi-i-librit-te-autorit-Flamur-Anamali-.12.jpg'><img width=\"150\" height=\"150\" src=\"https:\/\/www.visit-ulcinj.com\/blog\/wp-content\/uploads\/2012\/09\/Promovimi-i-librit-te-autorit-Flamur-Anamali-.12-150x150.jpg\" class=\"attachment-thumbnail size-thumbnail\" alt=\"\" loading=\"lazy\" \/><\/a>\n\t\t\t<\/dt><\/dl><dl class='gallery-item'>\n\t\t\t<dt class='gallery-icon landscape'>\n\t\t\t\t<a href='https:\/\/www.visit-ulcinj.com\/blog\/wp-content\/uploads\/2012\/09\/Promovimi-i-librit-te-autorit-Flamur-Anamali-.13.jpg'><img width=\"150\" height=\"150\" src=\"https:\/\/www.visit-ulcinj.com\/blog\/wp-content\/uploads\/2012\/09\/Promovimi-i-librit-te-autorit-Flamur-Anamali-.13-150x150.jpg\" class=\"attachment-thumbnail size-thumbnail\" alt=\"\" loading=\"lazy\" \/><\/a>\n\t\t\t<\/dt><\/dl><dl class='gallery-item'>\n\t\t\t<dt class='gallery-icon landscape'>\n\t\t\t\t<a href='https:\/\/www.visit-ulcinj.com\/blog\/wp-content\/uploads\/2012\/09\/Promovimi-i-librit-te-autorit-Flamur-Anamali.jpg'><img width=\"150\" height=\"150\" src=\"https:\/\/www.visit-ulcinj.com\/blog\/wp-content\/uploads\/2012\/09\/Promovimi-i-librit-te-autorit-Flamur-Anamali-150x150.jpg\" class=\"attachment-thumbnail size-thumbnail\" alt=\"\" loading=\"lazy\" \/><\/a>\n\t\t\t<\/dt><\/dl><br style=\"clear: both\" \/>\n\t\t<\/div>\n\n","protected":false},"excerpt":{"rendered":"<p>Me dat\u00ebn 21.09.2012, n\u00eb Qendr\u00ebn p\u00ebr kultur\u00eb n\u00eb Ulqin u b\u00eb promovimi i librit tim me titull \u201cKultura shqiptare n\u00eb tekstet e shkoll\u00ebs fillore me m\u00ebsim n\u00eb gjuh\u00ebn shqipe n\u00eb Mal t\u00eb Zi\u201d. Redaktor i libdrit ishte Dr. Nail Draga; recenzent: Prof.dr. Hajrullah Koliqi; redaktor teknik: Prof. Qazim Muja; lektor: Prof Sk\u00ebnder Temali. Brenda librit [&hellip;]<\/p>\n","protected":false},"author":1,"featured_media":0,"comment_status":"open","ping_status":"closed","sticky":false,"template":"","format":"standard","meta":{"spay_email":"","jetpack_publicize_message":"","jetpack_is_tweetstorm":false,"jetpack_publicize_feature_enabled":true},"categories":[4],"tags":[212,8382,200],"jetpack_publicize_connections":[],"yoast_head":"<!-- This site is optimized with the Yoast SEO plugin v19.1 - https:\/\/yoast.com\/wordpress\/plugins\/seo\/ -->\n<title>Flamur Anamali b\u00ebri promovimin e librit \u201cKultura shqiptare n\u00eb tekstet e shkoll\u00ebs fillore me m\u00ebsim n\u00eb gjuh\u00ebn shqipe n\u00eb Mal t\u00eb Zi\u201d - Video - Lajme nga Ulqini<\/title>\n<meta name=\"description\" content=\"Me dat\u00ebn 21.09.2012, n\u00eb Qendr\u00ebn p\u00ebr kultur\u00eb n\u00eb Ulqin u b\u00eb promovimi i librit tim me titull \u201cKultura shqiptare n\u00eb tekstet e shkoll\u00ebs fillore me m\u00ebsim n\u00eb\" \/>\n<meta name=\"robots\" content=\"index, follow, max-snippet:-1, max-image-preview:large, max-video-preview:-1\" \/>\n<link rel=\"canonical\" href=\"https:\/\/www.visit-ulcinj.com\/blog\/2012\/09\/23\/flamur-anamali-beri-promovimin-e-librit-kultura-shqiptare-ne-tekstet-e-shkolles-fillore-me-mesim-ne-gjuhen-shqipe-ne-mal-te-zi\/\" \/>\n<meta property=\"og:locale\" content=\"en_US\" \/>\n<meta property=\"og:type\" content=\"article\" \/>\n<meta property=\"og:title\" content=\"Flamur Anamali b\u00ebri promovimin e librit \u201cKultura shqiptare n\u00eb tekstet e shkoll\u00ebs fillore me m\u00ebsim n\u00eb gjuh\u00ebn shqipe n\u00eb Mal t\u00eb Zi\u201d - Video - Lajme nga Ulqini\" \/>\n<meta property=\"og:description\" content=\"Me dat\u00ebn 21.09.2012, n\u00eb Qendr\u00ebn p\u00ebr kultur\u00eb n\u00eb Ulqin u b\u00eb promovimi i librit tim me titull \u201cKultura shqiptare n\u00eb tekstet e shkoll\u00ebs fillore me m\u00ebsim n\u00eb\" \/>\n<meta property=\"og:url\" content=\"https:\/\/www.visit-ulcinj.com\/blog\/2012\/09\/23\/flamur-anamali-beri-promovimin-e-librit-kultura-shqiptare-ne-tekstet-e-shkolles-fillore-me-mesim-ne-gjuhen-shqipe-ne-mal-te-zi\/\" \/>\n<meta property=\"og:site_name\" content=\"Lajme nga Ulqini\" \/>\n<meta property=\"article:published_time\" content=\"2012-09-23T09:54:04+00:00\" \/>\n<meta property=\"article:modified_time\" content=\"2012-09-24T16:15:43+00:00\" \/>\n<meta property=\"og:image\" content=\"https:\/\/www.visit-ulcinj.com\/blog\/wp-content\/uploads\/2012\/09\/flamuranamali_ulqin-150x150.jpg\" \/>\n<meta name=\"twitter:label1\" content=\"Written by\" \/>\n\t<meta name=\"twitter:data1\" content=\"ulqini\" \/>\n\t<meta name=\"twitter:label2\" content=\"Est. reading time\" \/>\n\t<meta name=\"twitter:data2\" content=\"2 minutes\" \/>\n<script type=\"application\/ld+json\" class=\"yoast-schema-graph\">{\"@context\":\"https:\/\/schema.org\",\"@graph\":[{\"@type\":\"WebSite\",\"@id\":\"https:\/\/www.visit-ulcinj.com\/blog\/#website\",\"url\":\"https:\/\/www.visit-ulcinj.com\/blog\/\",\"name\":\"Lajme nga Ulqini\",\"description\":\"Lajme,Vijesti,Ulqini,Ulqin,Crna Gora,Mali i Zi\",\"potentialAction\":[{\"@type\":\"SearchAction\",\"target\":{\"@type\":\"EntryPoint\",\"urlTemplate\":\"https:\/\/www.visit-ulcinj.com\/blog\/?s={search_term_string}\"},\"query-input\":\"required name=search_term_string\"}],\"inLanguage\":\"en-US\"},{\"@type\":\"ImageObject\",\"inLanguage\":\"en-US\",\"@id\":\"https:\/\/www.visit-ulcinj.com\/blog\/2012\/09\/23\/flamur-anamali-beri-promovimin-e-librit-kultura-shqiptare-ne-tekstet-e-shkolles-fillore-me-mesim-ne-gjuhen-shqipe-ne-mal-te-zi\/#primaryimage\",\"url\":\"https:\/\/www.visit-ulcinj.com\/blog\/wp-content\/uploads\/2012\/09\/flamuranamali_ulqin.jpg\",\"contentUrl\":\"https:\/\/www.visit-ulcinj.com\/blog\/wp-content\/uploads\/2012\/09\/flamuranamali_ulqin.jpg\",\"width\":\"720\",\"height\":\"540\"},{\"@type\":\"WebPage\",\"@id\":\"https:\/\/www.visit-ulcinj.com\/blog\/2012\/09\/23\/flamur-anamali-beri-promovimin-e-librit-kultura-shqiptare-ne-tekstet-e-shkolles-fillore-me-mesim-ne-gjuhen-shqipe-ne-mal-te-zi\/#webpage\",\"url\":\"https:\/\/www.visit-ulcinj.com\/blog\/2012\/09\/23\/flamur-anamali-beri-promovimin-e-librit-kultura-shqiptare-ne-tekstet-e-shkolles-fillore-me-mesim-ne-gjuhen-shqipe-ne-mal-te-zi\/\",\"name\":\"Flamur Anamali b\u00ebri promovimin e librit \u201cKultura shqiptare n\u00eb tekstet e shkoll\u00ebs fillore me m\u00ebsim n\u00eb gjuh\u00ebn shqipe n\u00eb Mal t\u00eb Zi\u201d - Video - Lajme nga Ulqini\",\"isPartOf\":{\"@id\":\"https:\/\/www.visit-ulcinj.com\/blog\/#website\"},\"primaryImageOfPage\":{\"@id\":\"https:\/\/www.visit-ulcinj.com\/blog\/2012\/09\/23\/flamur-anamali-beri-promovimin-e-librit-kultura-shqiptare-ne-tekstet-e-shkolles-fillore-me-mesim-ne-gjuhen-shqipe-ne-mal-te-zi\/#primaryimage\"},\"datePublished\":\"2012-09-23T09:54:04+00:00\",\"dateModified\":\"2012-09-24T16:15:43+00:00\",\"author\":{\"@id\":\"https:\/\/www.visit-ulcinj.com\/blog\/#\/schema\/person\/dcab619c614d3038751c63bc2aadc06d\"},\"description\":\"Me dat\u00ebn 21.09.2012, n\u00eb Qendr\u00ebn p\u00ebr kultur\u00eb n\u00eb Ulqin u b\u00eb promovimi i librit tim me titull \u201cKultura shqiptare n\u00eb tekstet e shkoll\u00ebs fillore me m\u00ebsim n\u00eb\",\"breadcrumb\":{\"@id\":\"https:\/\/www.visit-ulcinj.com\/blog\/2012\/09\/23\/flamur-anamali-beri-promovimin-e-librit-kultura-shqiptare-ne-tekstet-e-shkolles-fillore-me-mesim-ne-gjuhen-shqipe-ne-mal-te-zi\/#breadcrumb\"},\"inLanguage\":\"en-US\",\"potentialAction\":[{\"@type\":\"ReadAction\",\"target\":[\"https:\/\/www.visit-ulcinj.com\/blog\/2012\/09\/23\/flamur-anamali-beri-promovimin-e-librit-kultura-shqiptare-ne-tekstet-e-shkolles-fillore-me-mesim-ne-gjuhen-shqipe-ne-mal-te-zi\/\"]}]},{\"@type\":\"BreadcrumbList\",\"@id\":\"https:\/\/www.visit-ulcinj.com\/blog\/2012\/09\/23\/flamur-anamali-beri-promovimin-e-librit-kultura-shqiptare-ne-tekstet-e-shkolles-fillore-me-mesim-ne-gjuhen-shqipe-ne-mal-te-zi\/#breadcrumb\",\"itemListElement\":[{\"@type\":\"ListItem\",\"position\":1,\"name\":\"Flamur Anamali b\u00ebri promovimin e librit \u201cKultura shqiptare n\u00eb tekstet e shkoll\u00ebs fillore me m\u00ebsim n\u00eb gjuh\u00ebn shqipe n\u00eb Mal t\u00eb Zi\u201d &#8211; Video\"}]},{\"@type\":\"Person\",\"@id\":\"https:\/\/www.visit-ulcinj.com\/blog\/#\/schema\/person\/dcab619c614d3038751c63bc2aadc06d\",\"name\":\"ulqini\",\"sameAs\":[\"http:\/\/www.visit-ulcinj.com\"],\"url\":\"https:\/\/www.visit-ulcinj.com\/blog\/author\/admin\/\"}]}<\/script>\n<!-- \/ Yoast SEO plugin. -->","yoast_head_json":{"title":"Flamur Anamali b\u00ebri promovimin e librit \u201cKultura shqiptare n\u00eb tekstet e shkoll\u00ebs fillore me m\u00ebsim n\u00eb gjuh\u00ebn shqipe n\u00eb Mal t\u00eb Zi\u201d - Video - Lajme nga Ulqini","description":"Me dat\u00ebn 21.09.2012, n\u00eb Qendr\u00ebn p\u00ebr kultur\u00eb n\u00eb Ulqin u b\u00eb promovimi i librit tim me titull \u201cKultura shqiptare n\u00eb tekstet e shkoll\u00ebs fillore me m\u00ebsim n\u00eb","robots":{"index":"index","follow":"follow","max-snippet":"max-snippet:-1","max-image-preview":"max-image-preview:large","max-video-preview":"max-video-preview:-1"},"canonical":"https:\/\/www.visit-ulcinj.com\/blog\/2012\/09\/23\/flamur-anamali-beri-promovimin-e-librit-kultura-shqiptare-ne-tekstet-e-shkolles-fillore-me-mesim-ne-gjuhen-shqipe-ne-mal-te-zi\/","og_locale":"en_US","og_type":"article","og_title":"Flamur Anamali b\u00ebri promovimin e librit \u201cKultura shqiptare n\u00eb tekstet e shkoll\u00ebs fillore me m\u00ebsim n\u00eb gjuh\u00ebn shqipe n\u00eb Mal t\u00eb Zi\u201d - Video - Lajme nga Ulqini","og_description":"Me dat\u00ebn 21.09.2012, n\u00eb Qendr\u00ebn p\u00ebr kultur\u00eb n\u00eb Ulqin u b\u00eb promovimi i librit tim me titull \u201cKultura shqiptare n\u00eb tekstet e shkoll\u00ebs fillore me m\u00ebsim n\u00eb","og_url":"https:\/\/www.visit-ulcinj.com\/blog\/2012\/09\/23\/flamur-anamali-beri-promovimin-e-librit-kultura-shqiptare-ne-tekstet-e-shkolles-fillore-me-mesim-ne-gjuhen-shqipe-ne-mal-te-zi\/","og_site_name":"Lajme nga Ulqini","article_published_time":"2012-09-23T09:54:04+00:00","article_modified_time":"2012-09-24T16:15:43+00:00","og_image":[{"url":"https:\/\/www.visit-ulcinj.com\/blog\/wp-content\/uploads\/2012\/09\/flamuranamali_ulqin-150x150.jpg"}],"twitter_misc":{"Written by":"ulqini","Est. reading time":"2 minutes"},"schema":{"@context":"https:\/\/schema.org","@graph":[{"@type":"WebSite","@id":"https:\/\/www.visit-ulcinj.com\/blog\/#website","url":"https:\/\/www.visit-ulcinj.com\/blog\/","name":"Lajme nga Ulqini","description":"Lajme,Vijesti,Ulqini,Ulqin,Crna Gora,Mali i Zi","potentialAction":[{"@type":"SearchAction","target":{"@type":"EntryPoint","urlTemplate":"https:\/\/www.visit-ulcinj.com\/blog\/?s={search_term_string}"},"query-input":"required name=search_term_string"}],"inLanguage":"en-US"},{"@type":"ImageObject","inLanguage":"en-US","@id":"https:\/\/www.visit-ulcinj.com\/blog\/2012\/09\/23\/flamur-anamali-beri-promovimin-e-librit-kultura-shqiptare-ne-tekstet-e-shkolles-fillore-me-mesim-ne-gjuhen-shqipe-ne-mal-te-zi\/#primaryimage","url":"https:\/\/www.visit-ulcinj.com\/blog\/wp-content\/uploads\/2012\/09\/flamuranamali_ulqin.jpg","contentUrl":"https:\/\/www.visit-ulcinj.com\/blog\/wp-content\/uploads\/2012\/09\/flamuranamali_ulqin.jpg","width":"720","height":"540"},{"@type":"WebPage","@id":"https:\/\/www.visit-ulcinj.com\/blog\/2012\/09\/23\/flamur-anamali-beri-promovimin-e-librit-kultura-shqiptare-ne-tekstet-e-shkolles-fillore-me-mesim-ne-gjuhen-shqipe-ne-mal-te-zi\/#webpage","url":"https:\/\/www.visit-ulcinj.com\/blog\/2012\/09\/23\/flamur-anamali-beri-promovimin-e-librit-kultura-shqiptare-ne-tekstet-e-shkolles-fillore-me-mesim-ne-gjuhen-shqipe-ne-mal-te-zi\/","name":"Flamur Anamali b\u00ebri promovimin e librit \u201cKultura shqiptare n\u00eb tekstet e shkoll\u00ebs fillore me m\u00ebsim n\u00eb gjuh\u00ebn shqipe n\u00eb Mal t\u00eb Zi\u201d - Video - Lajme nga Ulqini","isPartOf":{"@id":"https:\/\/www.visit-ulcinj.com\/blog\/#website"},"primaryImageOfPage":{"@id":"https:\/\/www.visit-ulcinj.com\/blog\/2012\/09\/23\/flamur-anamali-beri-promovimin-e-librit-kultura-shqiptare-ne-tekstet-e-shkolles-fillore-me-mesim-ne-gjuhen-shqipe-ne-mal-te-zi\/#primaryimage"},"datePublished":"2012-09-23T09:54:04+00:00","dateModified":"2012-09-24T16:15:43+00:00","author":{"@id":"https:\/\/www.visit-ulcinj.com\/blog\/#\/schema\/person\/dcab619c614d3038751c63bc2aadc06d"},"description":"Me dat\u00ebn 21.09.2012, n\u00eb Qendr\u00ebn p\u00ebr kultur\u00eb n\u00eb Ulqin u b\u00eb promovimi i librit tim me titull \u201cKultura shqiptare n\u00eb tekstet e shkoll\u00ebs fillore me m\u00ebsim n\u00eb","breadcrumb":{"@id":"https:\/\/www.visit-ulcinj.com\/blog\/2012\/09\/23\/flamur-anamali-beri-promovimin-e-librit-kultura-shqiptare-ne-tekstet-e-shkolles-fillore-me-mesim-ne-gjuhen-shqipe-ne-mal-te-zi\/#breadcrumb"},"inLanguage":"en-US","potentialAction":[{"@type":"ReadAction","target":["https:\/\/www.visit-ulcinj.com\/blog\/2012\/09\/23\/flamur-anamali-beri-promovimin-e-librit-kultura-shqiptare-ne-tekstet-e-shkolles-fillore-me-mesim-ne-gjuhen-shqipe-ne-mal-te-zi\/"]}]},{"@type":"BreadcrumbList","@id":"https:\/\/www.visit-ulcinj.com\/blog\/2012\/09\/23\/flamur-anamali-beri-promovimin-e-librit-kultura-shqiptare-ne-tekstet-e-shkolles-fillore-me-mesim-ne-gjuhen-shqipe-ne-mal-te-zi\/#breadcrumb","itemListElement":[{"@type":"ListItem","position":1,"name":"Flamur Anamali b\u00ebri promovimin e librit \u201cKultura shqiptare n\u00eb tekstet e shkoll\u00ebs fillore me m\u00ebsim n\u00eb gjuh\u00ebn shqipe n\u00eb Mal t\u00eb Zi\u201d &#8211; Video"}]},{"@type":"Person","@id":"https:\/\/www.visit-ulcinj.com\/blog\/#\/schema\/person\/dcab619c614d3038751c63bc2aadc06d","name":"ulqini","sameAs":["http:\/\/www.visit-ulcinj.com"],"url":"https:\/\/www.visit-ulcinj.com\/blog\/author\/admin\/"}]}},"jetpack_featured_media_url":"","jetpack_sharing_enabled":true,"jetpack_shortlink":"https:\/\/wp.me\/pe6lTn-gBU","_links":{"self":[{"href":"https:\/\/www.visit-ulcinj.com\/blog\/wp-json\/wp\/v2\/posts\/63854"}],"collection":[{"href":"https:\/\/www.visit-ulcinj.com\/blog\/wp-json\/wp\/v2\/posts"}],"about":[{"href":"https:\/\/www.visit-ulcinj.com\/blog\/wp-json\/wp\/v2\/types\/post"}],"author":[{"embeddable":true,"href":"https:\/\/www.visit-ulcinj.com\/blog\/wp-json\/wp\/v2\/users\/1"}],"replies":[{"embeddable":true,"href":"https:\/\/www.visit-ulcinj.com\/blog\/wp-json\/wp\/v2\/comments?post=63854"}],"version-history":[{"count":5,"href":"https:\/\/www.visit-ulcinj.com\/blog\/wp-json\/wp\/v2\/posts\/63854\/revisions"}],"predecessor-version":[{"id":63965,"href":"https:\/\/www.visit-ulcinj.com\/blog\/wp-json\/wp\/v2\/posts\/63854\/revisions\/63965"}],"wp:attachment":[{"href":"https:\/\/www.visit-ulcinj.com\/blog\/wp-json\/wp\/v2\/media?parent=63854"}],"wp:term":[{"taxonomy":"category","embeddable":true,"href":"https:\/\/www.visit-ulcinj.com\/blog\/wp-json\/wp\/v2\/categories?post=63854"},{"taxonomy":"post_tag","embeddable":true,"href":"https:\/\/www.visit-ulcinj.com\/blog\/wp-json\/wp\/v2\/tags?post=63854"}],"curies":[{"name":"wp","href":"https:\/\/api.w.org\/{rel}","templated":true}]}}