{"id":63879,"date":"2012-09-23T12:16:47","date_gmt":"2012-09-23T11:16:47","guid":{"rendered":"http:\/\/www.visit-ulcinj.com\/blog\/?p=63879"},"modified":"2012-09-27T16:47:20","modified_gmt":"2012-09-27T15:47:20","slug":"listat-zgjedhore-e-koalicioneve-shqiptare-ne-mal-te-zi","status":"publish","type":"post","link":"https:\/\/www.visit-ulcinj.com\/blog\/2012\/09\/23\/listat-zgjedhore-e-koalicioneve-shqiptare-ne-mal-te-zi\/","title":{"rendered":"Listat zgjedhore e Koalicioneve Shqiptare n\u00eb Mal t\u00eb Zi"},"content":{"rendered":"<p><strong><a href=\"http:\/\/www.visit-ulcinj.com\/blog\/wp-content\/uploads\/2012\/09\/koalicioni-shqiptar-ne-mal-te-zi.jpg\"><img loading=\"lazy\" class=\"alignleft  wp-image-63881\" title=\"koalicioni-shqiptar-ne-mal-te-zi\" src=\"http:\/\/www.visit-ulcinj.com\/blog\/wp-content\/uploads\/2012\/09\/koalicioni-shqiptar-ne-mal-te-zi.jpg\" alt=\"\" width=\"350\" height=\"400\" \/><\/a>Komision Zgjedhor i Malit t\u00eb Zi ka bere publike listat e plota te te gjithe subjekteve politike qe do marrin pjese ne zgjedhjet parlamentare me 14 tetor ne Mal te Zi.<\/strong><\/p>\n<p>Ne do paraqesim listat e plota zgjedhore te 4 koalicioneve shqiptare qe do marrin pjese ne keto zgjedhje.<\/p>\n<p>Lista zgjedhore e Koalicionit Shqiptar<strong> \u201cKoalicioni Shqiptar \u2013 Lidhja Demokratike n\u00eb Mal t\u00eb Zi, Partia Demokratike dhe Alternativa Shqiptare\u201c<\/strong><strong><br \/>\n<\/strong>Fatmir Gjeka,<br \/>\nMehmet Bardhi,\u00a0Gjergj Camaj,\u00a0Saubih Mehmeti,\u00a0Zylfije Duraku,\u00a0Marash Dedvukaj,\u00a0Nik Gjeloshaj,\u00a0Feim Avdiu,\u00a0Aishe Gje\u00e7britaj, Gjoka Dukaj,\u00a0Zarifja Gjoni,\u00a0Isa Nikqi,\u00a0Fitim Dragoviqi,\u00a0Daut Ceka,\u00a0Gjyljeta Nela,\u00a0Agron Berishaj,\u00a0Blerta Ramoviq,\u00a0Besa Bardhi,\u00a0Ilirjana Ujkashi,\u00a0Agnesa Daci,\u00a0Haxhi Sulejmani,\u00a0Hajredin Kova\u00e7i,\u00a0Rifat Djinoviq,\u00a0Ardita Rama,\u00a0Mark Lucgjonaj,\u00a0Agron Mehmedi,\u00a0Alma Spuzha,\u00a0Edona Laj\u00e7i,\u00a0Astrit Kurti,\u00a0Naser Kuqi,\u00a0Antonia Ko\u00e7oviq,\u00a0Ali Gje\u00e7britaj,\u00a0Agron Ibrahimi,\u00a0Sadat Laiq,\u00a0Lubo Leko\u00e7aj,\u00a0Kujtim Boci,\u00a0Kaplan Mu\u00e7aj,\u00a0Xhavid Cucoviq, \u00a0Muhamet Kollari,\u00a0Florijeta Peroviqi,\u00a0Muhamet Nika,\u00a0Eljesa Gjeloshaj,\u00a0Noki Popoviqi.<\/p>\n<p>Lista zgjedhore e Koalicionit Shqiptar<strong> \u201cKoalicioni P\u00ebr Bashkim\u201d Forca \u2013 Iniciativa Qytetare \u2013 L\u00ebvizja Perspektiva<\/strong><br \/>\nGenci Nimanbegu,<br \/>\nVasel Sinishtaj,Zana Sarvan, Nazif Cungu, Smail Maliq \u00c7unmulaj,Xhevdet Cakuli, Mefit Tela, Lindon Gjelaj, Vera Hakaj, Rexhep Gjokaj,<br \/>\nNail Draga, Nikola Z. Gegaj, Ilirijan Koliq, Katrina Gjurasheviq, Florim Pali, Faik Nika, Valentina Jun\u00e7aj, Aferdita Pelingu, Elez Nikoviq, Gjoka Gjonoviq, Agon Salaj, Lindita Gjonaj, Mirsad Markashi, Nuo Camaj, Veneranda Gjonaj, Gjeto Ulaj, Valdet Axhemoviq, Vjollca Lika \u00c7oboviq, Suzana Gjonaj, Ilmira Lika, Leon Gj. Berishaj, Mustafa Gorana, Vera Nicaj, Zaim Sinanoviq, Aslan Lunji, Simon Ivezaj, Zenepa Likoviq, Ridvana Suliq dhe Fuad Haxhibeti.<\/p>\n<p>Lista zgjedhore e <strong>UDSH-s\u00eb (Unioni Demokratik i Shqiptareve)<\/strong><\/p>\n<p>Mehmet Zenka,<br \/>\nHamdi Hasani, Hatixhe Gjoni, Gzim Hajdinaga, Enver Dedushaj, Fadil Kajoshaj, Skender Kaleziq,Zeqa Daciq, Beqir Zati,Jasmina Hasa,Ali Dukaj, Deda Zadrima, Anita Nikaj, Ramo Sinanaj, dr Xhelal Murtja, Anton Lucoviq, Husein Dervishi, Izedina Axhoviq Shkrijelj, Astrit Hoxha, Nuro Shata, Luleta Sefa, Enis Gjokaj, Kasem Hoxhiq, Valbon\u00eb Malokraja, Nazif Hoxhaj, Rizo Molazeqiri, Vjollca Abazi, Junuz Muharemoviq, Sead Orahovac, Arijeta Muhoviq, Enis Lulanoviq, Selim Karamanaga, Florinda Karamanaga, Rina Kasmi, Mexhida Zatoviq, Suzana Kraja, Gazmond Kaleziq, Samir Tafili, Floridin Vogliq, Zana Sefa, Lavdim \u00c7aushi, Arben Truma, Almir Lulanaj, Senad Duraku, Xheneta Vu\u00e7iq, Haxhija Kraja, Valon Dasharami, Armend Husiq, Nermina Bakaloviq, Admir Nikoviq, Albert Nimanbeg.<\/p>\n<p>&nbsp;<\/p>\n<p>Lista zgjedhore\u00a0 <strong>\u201cAleanca Rinore Shqiptare\u201c<br \/>\n<\/strong><br \/>\nAnton Lulgjuraj,<br \/>\nVioleta Camaj,Angjell Goj\u00e7aj,Shtjefen Lucaj,Besnik Gjonaj, Lindon Camaj, Anton Nikpreleviq,Donika Dusheviq, Robert Vulaj,Violeta Nikpreleviq,Toma Lucoviq, Lindon Camaj, Kristijan Gjonaj, Agron Lulgjuraj, Sandro Camaj, Hana Dedivanoviq, Liridona Lulgjuraj, Arton Goj\u00e7aj, Arben Vulaj, Lindon Lucoviq, Rita Camaj, Nikola Camaj, Antoneta Nikpreleviq, Simon Camaj, Danijela Camaj, Kristijan Lucoviq, Shpend Gorvokoviq dhe Lindon Dedivanoviq.<\/p>\n","protected":false},"excerpt":{"rendered":"<p>Komision Zgjedhor i Malit t\u00eb Zi ka bere publike listat e plota te te gjithe subjekteve politike qe do marrin pjese ne zgjedhjet parlamentare me 14 tetor ne Mal te Zi. Ne do paraqesim listat e plota zgjedhore te 4 koalicioneve shqiptare qe do marrin pjese ne keto zgjedhje. Lista zgjedhore e Koalicionit Shqiptar \u201cKoalicioni [&hellip;]<\/p>\n","protected":false},"author":1,"featured_media":0,"comment_status":"open","ping_status":"closed","sticky":false,"template":"","format":"standard","meta":{"spay_email":"","jetpack_publicize_message":"","jetpack_is_tweetstorm":false,"jetpack_publicize_feature_enabled":true},"categories":[1,13],"tags":[21085,21029,21008,21031,21004,21014,21098,2572,20998,21086,21050,2812,21011,21079,13501,21052,21055,886,21092,21106,21013,21078,21103,10252,21067,21083,21102,21041,16007,14570,13869,21006,21090,21005,21108,2574,21051,21093,21054,21012,21030,21019,21059,21068,21046,21047,14505,4607,20997,21002,21075,21018,17389,21070,21074,4249,21035,20999,15854,21003,140,4187,20545,21100,1906,16002,21081,16012,21026,21007,13756,21001,21056,13764,21065,14562,21060,21027,21097,21109,21017,21077,21038,21032,21091,2060,21104,21101,21021,20994,21045,21087,21016,21058,20996,21010,15777,347,3371,21072,15857,13961,944,14518,318,15886,118,21062,21084,5675,1605,21025,21020,21033,21057,20995,21053,21024,21044,21009,21071,21105,21063,21094,21015,16014,21099,14272,21066,21069,21080,21110,21089,21107,21042,21048,2822,21037,21073,21096,21061,12690,21028,21082,348,21034,21023,21039,21088,21095,21064,21036,15874,1821,21022,21040,1904,21076,21000,21043,21049,2539],"jetpack_publicize_connections":[],"yoast_head":"<!-- This site is optimized with the Yoast SEO plugin v19.1 - https:\/\/yoast.com\/wordpress\/plugins\/seo\/ -->\n<title>Listat zgjedhore e Koalicioneve Shqiptare n\u00eb Mal t\u00eb Zi - Lajme nga Ulqini<\/title>\n<meta name=\"description\" content=\"Komision Zgjedhor i Malit t\u00eb Zi ka bere publike listat e plota te te gjithe subjekteve politike qe do marrin pjese ne zgjedhjet parlamentare me 14 tetor\" \/>\n<meta name=\"robots\" content=\"index, follow, max-snippet:-1, max-image-preview:large, max-video-preview:-1\" \/>\n<link rel=\"canonical\" href=\"https:\/\/www.visit-ulcinj.com\/blog\/2012\/09\/23\/listat-zgjedhore-e-koalicioneve-shqiptare-ne-mal-te-zi\/\" \/>\n<meta property=\"og:locale\" content=\"en_US\" \/>\n<meta property=\"og:type\" content=\"article\" \/>\n<meta property=\"og:title\" content=\"Listat zgjedhore e Koalicioneve Shqiptare n\u00eb Mal t\u00eb Zi - Lajme nga Ulqini\" \/>\n<meta property=\"og:description\" content=\"Komision Zgjedhor i Malit t\u00eb Zi ka bere publike listat e plota te te gjithe subjekteve politike qe do marrin pjese ne zgjedhjet parlamentare me 14 tetor\" \/>\n<meta property=\"og:url\" content=\"https:\/\/www.visit-ulcinj.com\/blog\/2012\/09\/23\/listat-zgjedhore-e-koalicioneve-shqiptare-ne-mal-te-zi\/\" \/>\n<meta property=\"og:site_name\" content=\"Lajme nga Ulqini\" \/>\n<meta property=\"article:published_time\" content=\"2012-09-23T11:16:47+00:00\" \/>\n<meta property=\"article:modified_time\" content=\"2012-09-27T15:47:20+00:00\" \/>\n<meta property=\"og:image\" content=\"http:\/\/www.visit-ulcinj.com\/blog\/wp-content\/uploads\/2012\/09\/koalicioni-shqiptar-ne-mal-te-zi.jpg\" \/>\n<meta name=\"twitter:label1\" content=\"Written by\" \/>\n\t<meta name=\"twitter:data1\" content=\"ulqini\" \/>\n\t<meta name=\"twitter:label2\" content=\"Est. reading time\" \/>\n\t<meta name=\"twitter:data2\" content=\"2 minutes\" \/>\n<script type=\"application\/ld+json\" class=\"yoast-schema-graph\">{\"@context\":\"https:\/\/schema.org\",\"@graph\":[{\"@type\":\"WebSite\",\"@id\":\"https:\/\/www.visit-ulcinj.com\/blog\/#website\",\"url\":\"https:\/\/www.visit-ulcinj.com\/blog\/\",\"name\":\"Lajme nga Ulqini\",\"description\":\"Lajme,Vijesti,Ulqini,Ulqin,Crna Gora,Mali i Zi\",\"potentialAction\":[{\"@type\":\"SearchAction\",\"target\":{\"@type\":\"EntryPoint\",\"urlTemplate\":\"https:\/\/www.visit-ulcinj.com\/blog\/?s={search_term_string}\"},\"query-input\":\"required name=search_term_string\"}],\"inLanguage\":\"en-US\"},{\"@type\":\"ImageObject\",\"inLanguage\":\"en-US\",\"@id\":\"https:\/\/www.visit-ulcinj.com\/blog\/2012\/09\/23\/listat-zgjedhore-e-koalicioneve-shqiptare-ne-mal-te-zi\/#primaryimage\",\"url\":\"https:\/\/www.visit-ulcinj.com\/blog\/wp-content\/uploads\/2012\/09\/koalicioni-shqiptar-ne-mal-te-zi.jpg\",\"contentUrl\":\"https:\/\/www.visit-ulcinj.com\/blog\/wp-content\/uploads\/2012\/09\/koalicioni-shqiptar-ne-mal-te-zi.jpg\",\"width\":\"415\",\"height\":\"512\"},{\"@type\":\"WebPage\",\"@id\":\"https:\/\/www.visit-ulcinj.com\/blog\/2012\/09\/23\/listat-zgjedhore-e-koalicioneve-shqiptare-ne-mal-te-zi\/#webpage\",\"url\":\"https:\/\/www.visit-ulcinj.com\/blog\/2012\/09\/23\/listat-zgjedhore-e-koalicioneve-shqiptare-ne-mal-te-zi\/\",\"name\":\"Listat zgjedhore e Koalicioneve Shqiptare n\u00eb Mal t\u00eb Zi - Lajme nga Ulqini\",\"isPartOf\":{\"@id\":\"https:\/\/www.visit-ulcinj.com\/blog\/#website\"},\"primaryImageOfPage\":{\"@id\":\"https:\/\/www.visit-ulcinj.com\/blog\/2012\/09\/23\/listat-zgjedhore-e-koalicioneve-shqiptare-ne-mal-te-zi\/#primaryimage\"},\"datePublished\":\"2012-09-23T11:16:47+00:00\",\"dateModified\":\"2012-09-27T15:47:20+00:00\",\"author\":{\"@id\":\"https:\/\/www.visit-ulcinj.com\/blog\/#\/schema\/person\/dcab619c614d3038751c63bc2aadc06d\"},\"description\":\"Komision Zgjedhor i Malit t\u00eb Zi ka bere publike listat e plota te te gjithe subjekteve politike qe do marrin pjese ne zgjedhjet parlamentare me 14 tetor\",\"breadcrumb\":{\"@id\":\"https:\/\/www.visit-ulcinj.com\/blog\/2012\/09\/23\/listat-zgjedhore-e-koalicioneve-shqiptare-ne-mal-te-zi\/#breadcrumb\"},\"inLanguage\":\"en-US\",\"potentialAction\":[{\"@type\":\"ReadAction\",\"target\":[\"https:\/\/www.visit-ulcinj.com\/blog\/2012\/09\/23\/listat-zgjedhore-e-koalicioneve-shqiptare-ne-mal-te-zi\/\"]}]},{\"@type\":\"BreadcrumbList\",\"@id\":\"https:\/\/www.visit-ulcinj.com\/blog\/2012\/09\/23\/listat-zgjedhore-e-koalicioneve-shqiptare-ne-mal-te-zi\/#breadcrumb\",\"itemListElement\":[{\"@type\":\"ListItem\",\"position\":1,\"name\":\"Listat zgjedhore e Koalicioneve Shqiptare n\u00eb Mal t\u00eb Zi\"}]},{\"@type\":\"Person\",\"@id\":\"https:\/\/www.visit-ulcinj.com\/blog\/#\/schema\/person\/dcab619c614d3038751c63bc2aadc06d\",\"name\":\"ulqini\",\"sameAs\":[\"http:\/\/www.visit-ulcinj.com\"],\"url\":\"https:\/\/www.visit-ulcinj.com\/blog\/author\/admin\/\"}]}<\/script>\n<!-- \/ Yoast SEO plugin. -->","yoast_head_json":{"title":"Listat zgjedhore e Koalicioneve Shqiptare n\u00eb Mal t\u00eb Zi - Lajme nga Ulqini","description":"Komision Zgjedhor i Malit t\u00eb Zi ka bere publike listat e plota te te gjithe subjekteve politike qe do marrin pjese ne zgjedhjet parlamentare me 14 tetor","robots":{"index":"index","follow":"follow","max-snippet":"max-snippet:-1","max-image-preview":"max-image-preview:large","max-video-preview":"max-video-preview:-1"},"canonical":"https:\/\/www.visit-ulcinj.com\/blog\/2012\/09\/23\/listat-zgjedhore-e-koalicioneve-shqiptare-ne-mal-te-zi\/","og_locale":"en_US","og_type":"article","og_title":"Listat zgjedhore e Koalicioneve Shqiptare n\u00eb Mal t\u00eb Zi - Lajme nga Ulqini","og_description":"Komision Zgjedhor i Malit t\u00eb Zi ka bere publike listat e plota te te gjithe subjekteve politike qe do marrin pjese ne zgjedhjet parlamentare me 14 tetor","og_url":"https:\/\/www.visit-ulcinj.com\/blog\/2012\/09\/23\/listat-zgjedhore-e-koalicioneve-shqiptare-ne-mal-te-zi\/","og_site_name":"Lajme nga Ulqini","article_published_time":"2012-09-23T11:16:47+00:00","article_modified_time":"2012-09-27T15:47:20+00:00","og_image":[{"url":"http:\/\/www.visit-ulcinj.com\/blog\/wp-content\/uploads\/2012\/09\/koalicioni-shqiptar-ne-mal-te-zi.jpg"}],"twitter_misc":{"Written by":"ulqini","Est. reading time":"2 minutes"},"schema":{"@context":"https:\/\/schema.org","@graph":[{"@type":"WebSite","@id":"https:\/\/www.visit-ulcinj.com\/blog\/#website","url":"https:\/\/www.visit-ulcinj.com\/blog\/","name":"Lajme nga Ulqini","description":"Lajme,Vijesti,Ulqini,Ulqin,Crna Gora,Mali i Zi","potentialAction":[{"@type":"SearchAction","target":{"@type":"EntryPoint","urlTemplate":"https:\/\/www.visit-ulcinj.com\/blog\/?s={search_term_string}"},"query-input":"required name=search_term_string"}],"inLanguage":"en-US"},{"@type":"ImageObject","inLanguage":"en-US","@id":"https:\/\/www.visit-ulcinj.com\/blog\/2012\/09\/23\/listat-zgjedhore-e-koalicioneve-shqiptare-ne-mal-te-zi\/#primaryimage","url":"https:\/\/www.visit-ulcinj.com\/blog\/wp-content\/uploads\/2012\/09\/koalicioni-shqiptar-ne-mal-te-zi.jpg","contentUrl":"https:\/\/www.visit-ulcinj.com\/blog\/wp-content\/uploads\/2012\/09\/koalicioni-shqiptar-ne-mal-te-zi.jpg","width":"415","height":"512"},{"@type":"WebPage","@id":"https:\/\/www.visit-ulcinj.com\/blog\/2012\/09\/23\/listat-zgjedhore-e-koalicioneve-shqiptare-ne-mal-te-zi\/#webpage","url":"https:\/\/www.visit-ulcinj.com\/blog\/2012\/09\/23\/listat-zgjedhore-e-koalicioneve-shqiptare-ne-mal-te-zi\/","name":"Listat zgjedhore e Koalicioneve Shqiptare n\u00eb Mal t\u00eb Zi - Lajme nga Ulqini","isPartOf":{"@id":"https:\/\/www.visit-ulcinj.com\/blog\/#website"},"primaryImageOfPage":{"@id":"https:\/\/www.visit-ulcinj.com\/blog\/2012\/09\/23\/listat-zgjedhore-e-koalicioneve-shqiptare-ne-mal-te-zi\/#primaryimage"},"datePublished":"2012-09-23T11:16:47+00:00","dateModified":"2012-09-27T15:47:20+00:00","author":{"@id":"https:\/\/www.visit-ulcinj.com\/blog\/#\/schema\/person\/dcab619c614d3038751c63bc2aadc06d"},"description":"Komision Zgjedhor i Malit t\u00eb Zi ka bere publike listat e plota te te gjithe subjekteve politike qe do marrin pjese ne zgjedhjet parlamentare me 14 tetor","breadcrumb":{"@id":"https:\/\/www.visit-ulcinj.com\/blog\/2012\/09\/23\/listat-zgjedhore-e-koalicioneve-shqiptare-ne-mal-te-zi\/#breadcrumb"},"inLanguage":"en-US","potentialAction":[{"@type":"ReadAction","target":["https:\/\/www.visit-ulcinj.com\/blog\/2012\/09\/23\/listat-zgjedhore-e-koalicioneve-shqiptare-ne-mal-te-zi\/"]}]},{"@type":"BreadcrumbList","@id":"https:\/\/www.visit-ulcinj.com\/blog\/2012\/09\/23\/listat-zgjedhore-e-koalicioneve-shqiptare-ne-mal-te-zi\/#breadcrumb","itemListElement":[{"@type":"ListItem","position":1,"name":"Listat zgjedhore e Koalicioneve Shqiptare n\u00eb Mal t\u00eb Zi"}]},{"@type":"Person","@id":"https:\/\/www.visit-ulcinj.com\/blog\/#\/schema\/person\/dcab619c614d3038751c63bc2aadc06d","name":"ulqini","sameAs":["http:\/\/www.visit-ulcinj.com"],"url":"https:\/\/www.visit-ulcinj.com\/blog\/author\/admin\/"}]}},"jetpack_featured_media_url":"","jetpack_sharing_enabled":true,"jetpack_shortlink":"https:\/\/wp.me\/pe6lTn-gCj","_links":{"self":[{"href":"https:\/\/www.visit-ulcinj.com\/blog\/wp-json\/wp\/v2\/posts\/63879"}],"collection":[{"href":"https:\/\/www.visit-ulcinj.com\/blog\/wp-json\/wp\/v2\/posts"}],"about":[{"href":"https:\/\/www.visit-ulcinj.com\/blog\/wp-json\/wp\/v2\/types\/post"}],"author":[{"embeddable":true,"href":"https:\/\/www.visit-ulcinj.com\/blog\/wp-json\/wp\/v2\/users\/1"}],"replies":[{"embeddable":true,"href":"https:\/\/www.visit-ulcinj.com\/blog\/wp-json\/wp\/v2\/comments?post=63879"}],"version-history":[{"count":9,"href":"https:\/\/www.visit-ulcinj.com\/blog\/wp-json\/wp\/v2\/posts\/63879\/revisions"}],"predecessor-version":[{"id":64050,"href":"https:\/\/www.visit-ulcinj.com\/blog\/wp-json\/wp\/v2\/posts\/63879\/revisions\/64050"}],"wp:attachment":[{"href":"https:\/\/www.visit-ulcinj.com\/blog\/wp-json\/wp\/v2\/media?parent=63879"}],"wp:term":[{"taxonomy":"category","embeddable":true,"href":"https:\/\/www.visit-ulcinj.com\/blog\/wp-json\/wp\/v2\/categories?post=63879"},{"taxonomy":"post_tag","embeddable":true,"href":"https:\/\/www.visit-ulcinj.com\/blog\/wp-json\/wp\/v2\/tags?post=63879"}],"curies":[{"name":"wp","href":"https:\/\/api.w.org\/{rel}","templated":true}]}}