{"id":63889,"date":"2012-09-23T13:22:51","date_gmt":"2012-09-23T12:22:51","guid":{"rendered":"http:\/\/www.visit-ulcinj.com\/blog\/?p=63889"},"modified":"2012-09-23T13:22:51","modified_gmt":"2012-09-23T12:22:51","slug":"pse-u-ndane-mc-kresha-dhe-rozana-radi","status":"publish","type":"post","link":"https:\/\/www.visit-ulcinj.com\/blog\/2012\/09\/23\/pse-u-ndane-mc-kresha-dhe-rozana-radi\/","title":{"rendered":"Pse u ndan\u00eb Mc Kresha Dhe Rozana Radi?"},"content":{"rendered":"<p><a href=\"http:\/\/www.visit-ulcinj.com\/blog\/wp-content\/uploads\/2012\/09\/Mc-Kresha-Dhe-Rozana-Radi.jpg\"><img loading=\"lazy\" class=\"alignleft size-full wp-image-63890\" title=\"Mc Kresha Dhe Rozana Radi\" src=\"http:\/\/www.visit-ulcinj.com\/blog\/wp-content\/uploads\/2012\/09\/Mc-Kresha-Dhe-Rozana-Radi.jpg\" alt=\"\" width=\"336\" height=\"347\" \/><\/a>Ka qen\u00eb nj\u00eb nga ndarjet e bujshme t\u00eb k\u00ebsaj vere, por asnj\u00ebri nga k\u00ebng\u00ebtar\u00ebt nuk pranoi t\u00eb fliste p\u00ebr mediat.<br \/>\nNd\u00ebrkoh\u00eb q\u00eb ndarja nga k\u00ebng\u00ebtarja Rozana Radi b\u00ebri shum\u00eb buj\u00eb n\u00eb media, reperi kosovar preferoi q\u00eb kjo ngjarje t\u00eb kaloj\u00eb n\u00eb heshtje, pa dashur t\u00eb jap\u00eb komente n\u00eb media p\u00ebr historin\u00eb q\u00eb mori fund pas nj\u00eb viti. I kontaktuar disa her\u00eb nga gazeta \u201cPanorama\u201d, reperi ka l\u00ebn\u00eb t\u00eb kuptohet se n\u00eb t\u00eb v\u00ebrtet\u00eb nuk \u00ebsht\u00eb ndier i gatsh\u00ebm t\u00eb flas\u00eb hapur p\u00ebr ndarjen dhe t\u00eb jap\u00eb detaje p\u00ebr lidhjen me Rozan\u00ebn, nd\u00ebrkoh\u00eb q\u00eb nj\u00ebsoj \u00ebsht\u00eb shprehur dhe vet\u00eb k\u00ebng\u00ebtarja. Gjithsesi, pavar\u00ebsisht respektit q\u00eb kan\u00eb treguar ndaj nj\u00ebri-tjetrit p\u00ebr t\u00eb mos folur mediatikisht derisa historia t\u00eb mund t\u00eb harrohet, pranon t\u00eb flas\u00eb p\u00ebr k\u00ebt\u00eb histori mikesha e Kresh\u00ebs, Arijeta Oru\u00e7i, e cila pohon se Kresha p\u00ebr momentin \u00ebsht\u00eb i fokusuar n\u00eb realizimin e krijimeve t\u00eb reja me Lyrical Son, dhe nj\u00ebkoh\u00ebsisht po shijon jet\u00ebn si beqar. N\u00eb k\u00ebt\u00eb intervist\u00eb, mikesha e tij konfirmon dhe nj\u00eb her\u00eb se lidhja e Kresh\u00ebs me Rozan\u00ebn p\u00ebrfundoi dhe tani reperi \u00ebsht\u00eb \u201csingle\u201d. Ajo mohon gjithashtu fjal\u00ebt se arsyeja e ndarjes ishte nj\u00eb fem\u00ebr. Pas k\u00ebtij rr\u00ebfimi, ne kemi telefonuar Rozan\u00ebn, e cila ka pohuar se gjat\u00eb historis\u00eb me Kresh\u00ebn i ka njohur t\u00eb gjith\u00eb miqt\u00eb e af\u00ebrt, por p\u00ebr Arijet\u00ebn nuk ka qen\u00eb n\u00eb dijeni. Le t\u00eb zbulojm\u00eb k\u00ebt\u00eb rr\u00ebfim interesant p\u00ebr \u00e7iftin Rozana-Kresha nga nj\u00eb person i tret\u00eb.<br \/>\n\u00c7far\u00eb njohjeje ke me Kreshnikun (Mc Kresha) dhe n\u00eb \u00e7far\u00eb raporti je me t\u00eb?<br \/>\nKresh\u00ebn e njoh dhe kam miq\u00ebsi, pasi \u00ebsht\u00eb shok i t\u00eb fejuarit tim. K\u00ebshtu jam edhe n\u00eb dijeni t\u00eb ndarjes nga Rozana, dhe po ashtu t\u00eb jet\u00ebs q\u00eb po b\u00ebn tani. Pra di q\u00eb \u00ebsht\u00eb shum\u00eb i angazhuar me muzik\u00ebn, \u00ebsht\u00eb duke p\u00ebrfunduar disa k\u00ebng\u00eb t\u00eb reja me Lyrical Son.<br \/>\nPo ndonj\u00eb lidhje t\u00eb re ka krijuar tani, pasi \u00ebsht\u00eb ndar\u00eb nga Rozana?<br \/>\nJo, me sa di, \u00ebsht\u00eb ende \u201csingle\u201d, pra nuk di t\u00eb shoq\u00ebrohet me ndonj\u00eb fem\u00ebr.<br \/>\nMund t\u00eb na tregosh arsyen e ndarjes nga Rozana? Flitet se e ka tradhtuar at\u00eb me nj\u00eb tjet\u00ebr fem\u00ebr, sa e v\u00ebrtet\u00eb \u00ebsht\u00eb?<br \/>\nMund t\u00eb them se Kresha nuk \u00ebsht\u00eb ndar\u00eb nga Rozana p\u00ebr \u00e7\u00ebshtje tradhtie, pasi Kresha nuk \u00ebsht\u00eb tip tradhtari. Un\u00eb di q\u00eb arsyeja e ndarjes \u00ebsht\u00eb xhelozia, dhe po ashtu nuk p\u00ebrputheshin n\u00eb tipa mendoj.<br \/>\nShprehesh \u201cnj\u00ebra pal\u00eb ishte xheloze\u201d, e ke fjal\u00ebn p\u00ebr Rozan\u00ebn apo Kresh\u00ebn?<br \/>\nN\u00eb 99% t\u00eb rasteve femrat jan\u00eb shum\u00eb xheloze, po kjo nuk ka shum\u00eb r\u00ebnd\u00ebsi tani . Un\u00eb e them me bindje q\u00eb Kresha nuk \u00ebsht\u00eb tradhtar, dhe k\u00ebt\u00eb gj\u00eb e di t\u00eb sigurt\u2026<br \/>\nKa qen\u00eb ndarje me sherr apo n\u00eb mir\u00ebkuptim?<br \/>\nJan\u00eb ndar\u00eb me mir\u00ebkuptim.<\/p>\n<p><strong>PanoramaPlus<\/strong><\/p>\n<!--YouTube Error: bad URL entered-->\n","protected":false},"excerpt":{"rendered":"<p>Ka qen\u00eb nj\u00eb nga ndarjet e bujshme t\u00eb k\u00ebsaj vere, por asnj\u00ebri nga k\u00ebng\u00ebtar\u00ebt nuk pranoi t\u00eb fliste p\u00ebr mediat. Nd\u00ebrkoh\u00eb q\u00eb ndarja nga k\u00ebng\u00ebtarja Rozana Radi b\u00ebri shum\u00eb buj\u00eb n\u00eb media, reperi kosovar preferoi q\u00eb kjo ngjarje t\u00eb kaloj\u00eb n\u00eb heshtje, pa dashur t\u00eb jap\u00eb komente n\u00eb media p\u00ebr historin\u00eb q\u00eb mori fund pas [&hellip;]<\/p>\n","protected":false},"author":1,"featured_media":0,"comment_status":"open","ping_status":"closed","sticky":false,"template":"","format":"standard","meta":{"spay_email":"","jetpack_publicize_message":"","jetpack_is_tweetstorm":false,"jetpack_publicize_feature_enabled":true},"categories":[1],"tags":[21112],"jetpack_publicize_connections":[],"yoast_head":"<!-- This site is optimized with the Yoast SEO plugin v19.1 - https:\/\/yoast.com\/wordpress\/plugins\/seo\/ -->\n<title>Pse u ndan\u00eb Mc Kresha Dhe Rozana Radi? - Lajme nga Ulqini<\/title>\n<meta name=\"description\" content=\"Ka qen\u00eb nj\u00eb nga ndarjet e bujshme t\u00eb k\u00ebsaj vere, por asnj\u00ebri nga k\u00ebng\u00ebtar\u00ebt nuk pranoi t\u00eb fliste p\u00ebr mediat. Nd\u00ebrkoh\u00eb q\u00eb ndarja nga k\u00ebng\u00ebtarja Rozana Radi\" \/>\n<meta name=\"robots\" content=\"index, follow, max-snippet:-1, max-image-preview:large, max-video-preview:-1\" \/>\n<link rel=\"canonical\" href=\"https:\/\/www.visit-ulcinj.com\/blog\/2012\/09\/23\/pse-u-ndane-mc-kresha-dhe-rozana-radi\/\" \/>\n<meta property=\"og:locale\" content=\"en_US\" \/>\n<meta property=\"og:type\" content=\"article\" \/>\n<meta property=\"og:title\" content=\"Pse u ndan\u00eb Mc Kresha Dhe Rozana Radi? - Lajme nga Ulqini\" \/>\n<meta property=\"og:description\" content=\"Ka qen\u00eb nj\u00eb nga ndarjet e bujshme t\u00eb k\u00ebsaj vere, por asnj\u00ebri nga k\u00ebng\u00ebtar\u00ebt nuk pranoi t\u00eb fliste p\u00ebr mediat. Nd\u00ebrkoh\u00eb q\u00eb ndarja nga k\u00ebng\u00ebtarja Rozana Radi\" \/>\n<meta property=\"og:url\" content=\"https:\/\/www.visit-ulcinj.com\/blog\/2012\/09\/23\/pse-u-ndane-mc-kresha-dhe-rozana-radi\/\" \/>\n<meta property=\"og:site_name\" content=\"Lajme nga Ulqini\" \/>\n<meta property=\"article:published_time\" content=\"2012-09-23T12:22:51+00:00\" \/>\n<meta property=\"og:image\" content=\"http:\/\/www.visit-ulcinj.com\/blog\/wp-content\/uploads\/2012\/09\/Mc-Kresha-Dhe-Rozana-Radi.jpg\" \/>\n<meta name=\"twitter:label1\" content=\"Written by\" \/>\n\t<meta name=\"twitter:data1\" content=\"ulqini\" \/>\n\t<meta name=\"twitter:label2\" content=\"Est. reading time\" \/>\n\t<meta name=\"twitter:data2\" content=\"3 minutes\" \/>\n<script type=\"application\/ld+json\" class=\"yoast-schema-graph\">{\"@context\":\"https:\/\/schema.org\",\"@graph\":[{\"@type\":\"WebSite\",\"@id\":\"https:\/\/www.visit-ulcinj.com\/blog\/#website\",\"url\":\"https:\/\/www.visit-ulcinj.com\/blog\/\",\"name\":\"Lajme nga Ulqini\",\"description\":\"Lajme,Vijesti,Ulqini,Ulqin,Crna Gora,Mali i Zi\",\"potentialAction\":[{\"@type\":\"SearchAction\",\"target\":{\"@type\":\"EntryPoint\",\"urlTemplate\":\"https:\/\/www.visit-ulcinj.com\/blog\/?s={search_term_string}\"},\"query-input\":\"required name=search_term_string\"}],\"inLanguage\":\"en-US\"},{\"@type\":\"ImageObject\",\"inLanguage\":\"en-US\",\"@id\":\"https:\/\/www.visit-ulcinj.com\/blog\/2012\/09\/23\/pse-u-ndane-mc-kresha-dhe-rozana-radi\/#primaryimage\",\"url\":\"http:\/\/www.visit-ulcinj.com\/blog\/wp-content\/uploads\/2012\/09\/Mc-Kresha-Dhe-Rozana-Radi.jpg\",\"contentUrl\":\"http:\/\/www.visit-ulcinj.com\/blog\/wp-content\/uploads\/2012\/09\/Mc-Kresha-Dhe-Rozana-Radi.jpg\"},{\"@type\":\"WebPage\",\"@id\":\"https:\/\/www.visit-ulcinj.com\/blog\/2012\/09\/23\/pse-u-ndane-mc-kresha-dhe-rozana-radi\/#webpage\",\"url\":\"https:\/\/www.visit-ulcinj.com\/blog\/2012\/09\/23\/pse-u-ndane-mc-kresha-dhe-rozana-radi\/\",\"name\":\"Pse u ndan\u00eb Mc Kresha Dhe Rozana Radi? - Lajme nga Ulqini\",\"isPartOf\":{\"@id\":\"https:\/\/www.visit-ulcinj.com\/blog\/#website\"},\"primaryImageOfPage\":{\"@id\":\"https:\/\/www.visit-ulcinj.com\/blog\/2012\/09\/23\/pse-u-ndane-mc-kresha-dhe-rozana-radi\/#primaryimage\"},\"datePublished\":\"2012-09-23T12:22:51+00:00\",\"dateModified\":\"2012-09-23T12:22:51+00:00\",\"author\":{\"@id\":\"https:\/\/www.visit-ulcinj.com\/blog\/#\/schema\/person\/dcab619c614d3038751c63bc2aadc06d\"},\"description\":\"Ka qen\u00eb nj\u00eb nga ndarjet e bujshme t\u00eb k\u00ebsaj vere, por asnj\u00ebri nga k\u00ebng\u00ebtar\u00ebt nuk pranoi t\u00eb fliste p\u00ebr mediat. Nd\u00ebrkoh\u00eb q\u00eb ndarja nga k\u00ebng\u00ebtarja Rozana Radi\",\"breadcrumb\":{\"@id\":\"https:\/\/www.visit-ulcinj.com\/blog\/2012\/09\/23\/pse-u-ndane-mc-kresha-dhe-rozana-radi\/#breadcrumb\"},\"inLanguage\":\"en-US\",\"potentialAction\":[{\"@type\":\"ReadAction\",\"target\":[\"https:\/\/www.visit-ulcinj.com\/blog\/2012\/09\/23\/pse-u-ndane-mc-kresha-dhe-rozana-radi\/\"]}]},{\"@type\":\"BreadcrumbList\",\"@id\":\"https:\/\/www.visit-ulcinj.com\/blog\/2012\/09\/23\/pse-u-ndane-mc-kresha-dhe-rozana-radi\/#breadcrumb\",\"itemListElement\":[{\"@type\":\"ListItem\",\"position\":1,\"name\":\"Pse u ndan\u00eb Mc Kresha Dhe Rozana Radi?\"}]},{\"@type\":\"Person\",\"@id\":\"https:\/\/www.visit-ulcinj.com\/blog\/#\/schema\/person\/dcab619c614d3038751c63bc2aadc06d\",\"name\":\"ulqini\",\"sameAs\":[\"http:\/\/www.visit-ulcinj.com\"],\"url\":\"https:\/\/www.visit-ulcinj.com\/blog\/author\/admin\/\"}]}<\/script>\n<!-- \/ Yoast SEO plugin. -->","yoast_head_json":{"title":"Pse u ndan\u00eb Mc Kresha Dhe Rozana Radi? - Lajme nga Ulqini","description":"Ka qen\u00eb nj\u00eb nga ndarjet e bujshme t\u00eb k\u00ebsaj vere, por asnj\u00ebri nga k\u00ebng\u00ebtar\u00ebt nuk pranoi t\u00eb fliste p\u00ebr mediat. Nd\u00ebrkoh\u00eb q\u00eb ndarja nga k\u00ebng\u00ebtarja Rozana Radi","robots":{"index":"index","follow":"follow","max-snippet":"max-snippet:-1","max-image-preview":"max-image-preview:large","max-video-preview":"max-video-preview:-1"},"canonical":"https:\/\/www.visit-ulcinj.com\/blog\/2012\/09\/23\/pse-u-ndane-mc-kresha-dhe-rozana-radi\/","og_locale":"en_US","og_type":"article","og_title":"Pse u ndan\u00eb Mc Kresha Dhe Rozana Radi? - Lajme nga Ulqini","og_description":"Ka qen\u00eb nj\u00eb nga ndarjet e bujshme t\u00eb k\u00ebsaj vere, por asnj\u00ebri nga k\u00ebng\u00ebtar\u00ebt nuk pranoi t\u00eb fliste p\u00ebr mediat. Nd\u00ebrkoh\u00eb q\u00eb ndarja nga k\u00ebng\u00ebtarja Rozana Radi","og_url":"https:\/\/www.visit-ulcinj.com\/blog\/2012\/09\/23\/pse-u-ndane-mc-kresha-dhe-rozana-radi\/","og_site_name":"Lajme nga Ulqini","article_published_time":"2012-09-23T12:22:51+00:00","og_image":[{"url":"http:\/\/www.visit-ulcinj.com\/blog\/wp-content\/uploads\/2012\/09\/Mc-Kresha-Dhe-Rozana-Radi.jpg"}],"twitter_misc":{"Written by":"ulqini","Est. reading time":"3 minutes"},"schema":{"@context":"https:\/\/schema.org","@graph":[{"@type":"WebSite","@id":"https:\/\/www.visit-ulcinj.com\/blog\/#website","url":"https:\/\/www.visit-ulcinj.com\/blog\/","name":"Lajme nga Ulqini","description":"Lajme,Vijesti,Ulqini,Ulqin,Crna Gora,Mali i Zi","potentialAction":[{"@type":"SearchAction","target":{"@type":"EntryPoint","urlTemplate":"https:\/\/www.visit-ulcinj.com\/blog\/?s={search_term_string}"},"query-input":"required name=search_term_string"}],"inLanguage":"en-US"},{"@type":"ImageObject","inLanguage":"en-US","@id":"https:\/\/www.visit-ulcinj.com\/blog\/2012\/09\/23\/pse-u-ndane-mc-kresha-dhe-rozana-radi\/#primaryimage","url":"http:\/\/www.visit-ulcinj.com\/blog\/wp-content\/uploads\/2012\/09\/Mc-Kresha-Dhe-Rozana-Radi.jpg","contentUrl":"http:\/\/www.visit-ulcinj.com\/blog\/wp-content\/uploads\/2012\/09\/Mc-Kresha-Dhe-Rozana-Radi.jpg"},{"@type":"WebPage","@id":"https:\/\/www.visit-ulcinj.com\/blog\/2012\/09\/23\/pse-u-ndane-mc-kresha-dhe-rozana-radi\/#webpage","url":"https:\/\/www.visit-ulcinj.com\/blog\/2012\/09\/23\/pse-u-ndane-mc-kresha-dhe-rozana-radi\/","name":"Pse u ndan\u00eb Mc Kresha Dhe Rozana Radi? - Lajme nga Ulqini","isPartOf":{"@id":"https:\/\/www.visit-ulcinj.com\/blog\/#website"},"primaryImageOfPage":{"@id":"https:\/\/www.visit-ulcinj.com\/blog\/2012\/09\/23\/pse-u-ndane-mc-kresha-dhe-rozana-radi\/#primaryimage"},"datePublished":"2012-09-23T12:22:51+00:00","dateModified":"2012-09-23T12:22:51+00:00","author":{"@id":"https:\/\/www.visit-ulcinj.com\/blog\/#\/schema\/person\/dcab619c614d3038751c63bc2aadc06d"},"description":"Ka qen\u00eb nj\u00eb nga ndarjet e bujshme t\u00eb k\u00ebsaj vere, por asnj\u00ebri nga k\u00ebng\u00ebtar\u00ebt nuk pranoi t\u00eb fliste p\u00ebr mediat. Nd\u00ebrkoh\u00eb q\u00eb ndarja nga k\u00ebng\u00ebtarja Rozana Radi","breadcrumb":{"@id":"https:\/\/www.visit-ulcinj.com\/blog\/2012\/09\/23\/pse-u-ndane-mc-kresha-dhe-rozana-radi\/#breadcrumb"},"inLanguage":"en-US","potentialAction":[{"@type":"ReadAction","target":["https:\/\/www.visit-ulcinj.com\/blog\/2012\/09\/23\/pse-u-ndane-mc-kresha-dhe-rozana-radi\/"]}]},{"@type":"BreadcrumbList","@id":"https:\/\/www.visit-ulcinj.com\/blog\/2012\/09\/23\/pse-u-ndane-mc-kresha-dhe-rozana-radi\/#breadcrumb","itemListElement":[{"@type":"ListItem","position":1,"name":"Pse u ndan\u00eb Mc Kresha Dhe Rozana Radi?"}]},{"@type":"Person","@id":"https:\/\/www.visit-ulcinj.com\/blog\/#\/schema\/person\/dcab619c614d3038751c63bc2aadc06d","name":"ulqini","sameAs":["http:\/\/www.visit-ulcinj.com"],"url":"https:\/\/www.visit-ulcinj.com\/blog\/author\/admin\/"}]}},"jetpack_featured_media_url":"","jetpack_sharing_enabled":true,"jetpack_shortlink":"https:\/\/wp.me\/pe6lTn-gCt","_links":{"self":[{"href":"https:\/\/www.visit-ulcinj.com\/blog\/wp-json\/wp\/v2\/posts\/63889"}],"collection":[{"href":"https:\/\/www.visit-ulcinj.com\/blog\/wp-json\/wp\/v2\/posts"}],"about":[{"href":"https:\/\/www.visit-ulcinj.com\/blog\/wp-json\/wp\/v2\/types\/post"}],"author":[{"embeddable":true,"href":"https:\/\/www.visit-ulcinj.com\/blog\/wp-json\/wp\/v2\/users\/1"}],"replies":[{"embeddable":true,"href":"https:\/\/www.visit-ulcinj.com\/blog\/wp-json\/wp\/v2\/comments?post=63889"}],"version-history":[{"count":1,"href":"https:\/\/www.visit-ulcinj.com\/blog\/wp-json\/wp\/v2\/posts\/63889\/revisions"}],"predecessor-version":[{"id":63891,"href":"https:\/\/www.visit-ulcinj.com\/blog\/wp-json\/wp\/v2\/posts\/63889\/revisions\/63891"}],"wp:attachment":[{"href":"https:\/\/www.visit-ulcinj.com\/blog\/wp-json\/wp\/v2\/media?parent=63889"}],"wp:term":[{"taxonomy":"category","embeddable":true,"href":"https:\/\/www.visit-ulcinj.com\/blog\/wp-json\/wp\/v2\/categories?post=63889"},{"taxonomy":"post_tag","embeddable":true,"href":"https:\/\/www.visit-ulcinj.com\/blog\/wp-json\/wp\/v2\/tags?post=63889"}],"curies":[{"name":"wp","href":"https:\/\/api.w.org\/{rel}","templated":true}]}}