{"id":63893,"date":"2012-09-23T17:47:23","date_gmt":"2012-09-23T16:47:23","guid":{"rendered":"http:\/\/www.visit-ulcinj.com\/blog\/?p=63893"},"modified":"2012-09-23T17:47:23","modified_gmt":"2012-09-23T16:47:23","slug":"jugo-polomio-camce-u-lucici-kacema","status":"publish","type":"post","link":"https:\/\/www.visit-ulcinj.com\/blog\/2012\/09\/23\/jugo-polomio-camce-u-lucici-kacema\/","title":{"rendered":"Jugo polomio \u010damce u lu\u010dici Kacema"},"content":{"rendered":"<p><strong><a href=\"http:\/\/www.visit-ulcinj.com\/blog\/wp-content\/uploads\/2012\/09\/lucica-kacema-ulcinj.jpg\"><img loading=\"lazy\" class=\"alignleft  wp-image-63894\" title=\"lucica kacema ulcinj\" src=\"http:\/\/www.visit-ulcinj.com\/blog\/wp-content\/uploads\/2012\/09\/lucica-kacema-ulcinj.jpg\" alt=\"\" width=\"508\" height=\"360\" \/><\/a>Najvredniji projekat u Ulcinju pokazao se kao potpuno nefunkcionalan<\/strong><\/p>\n<p>ULCINj \u2013 Brige ulcinjskih ribara koji svoje \u010damce i brodi\u0107e ve\u017eu u lu\u010dici Kacema ponovo su se pokazale sasvim opravdanim. Protekle nedjelje \u010ditavo primorje bilo je zahva\u0107eno jakim jugom, a jedino su Ulcinjani de\u017eurali kraj svojih plovila. Uzburkano more i jak vjetar nisu \u201epo\u0161tjedeli\u201c malu lu\u010dicu podno Starog grada, u kojoj je voda \u201eproklju\u010dala\u201c kao u loncu. Lukobran koji bi trebalo da za\u0161titi plovila u prostoru koji mnogi nazivaju i mini marinom jo\u0161 jednom se pokazao kao potpuno neefikasan. Talasi su lako prodirali i opasno ljuljali \u010damce, od kojih je jedan razbijen od o mol i potonuo. O tome najbolje svjedo\u010de fotografije koje su u trenucima nevremena na\u010dinili mje\u0161tani. Zabrinuti vlasnici plovila ponovo su apelovali na JP Morsko dobro da produ\u017ei lukobran i osigura \u010damce koji u vezani u maloj marini. Povodom nedavnih doga\u0111aja u lu\u010dici oglasio se i Ismet Karamanaga iz NVO \u201eKaljaja\u201c, koji je konstatovao da je postoje\u0107e stanje u Kacemi, kako Ulcinjani zovu tu malu uvalu, neodr\u017eivo jer nanosi konstantnu \u0161tetu vlasnicima lovnih objekata.<br \/>\n\u2013 Ovu malu marinu, \u201epoklon\u201d Morskog dobra iz Budve na\u0161em gradu Ulcinju, odmah nakon prvog juga nazvao sam \u201e\u0111akuzi\u201d. Zaista, morska strujanja i talasi, koji skoro nesmetano ulaze u marinu, \u010dine i vizuelno i fizi\u010dki pravi dojam jedne velike kade u kojoj voda vri. Vizuelni osje\u0107aj je zaista takav, dok fizi\u010dki najvi\u0161e osje\u0107aju barke i \u010damci za koje je marina i pravljena. Naravno, fizi\u010dki osje\u0107aju i vlasnici \u010damaca i barki koji danono\u0107no moraju de\u017eurati da bi te \u010damce i barke sa\u010duvali. Na\u017ealost, to uvijek nije mogu\u0107e, s obzirom da su ponekad toliko veliki talasi da \u010dak nesmetano preko pristani\u0161ta ulaze u marinu, donose\u0107i ogromne koli\u010dine vode, koja puni \u010damce. Te\u017eina vode i udari valova doprinose da \u010desto popucaju konopi i \u201e\u0111akuzi\u201d tada uzima svoje \u017ertve. Poslednji slu\u010daj se nedavno desio usred dana, i na\u017ealost, bez obzira na brzu intervenciju vlasnika i mnogih drugih koji su poku\u0161avali da pomognu, jednom prelijepom \u010damcu nije bilo pomo\u0107i. Njegova olupina danas se nalazi na Maloj pla\u017ei i bi\u0107e potrebno mnogo truda i novaca da se ponovo vrati, ali u neku drug marinu. Sumnjam da \u0107e se vlasnik vi\u0161e opredijeliti za ovu i ovakvu marinu, kakva je ova na\u0161a sada &#8211; ka\u017ee Karamanaga.<br \/>\nPrema njegovim rije\u010dima, mje\u0161tani se sada sa \u017ealom prisje\u0107aju prelijepe male uvale sa pla\u017eom, gdje su svi u\u010dili plivanje i naravno vezivali na\u0161e \u010damce.<br \/>\n<a href=\"http:\/\/www.visit-ulcinj.com\/blog\/wp-content\/uploads\/2012\/09\/lucica-kacema-ulcinj.1.jpg\"><img loading=\"lazy\" class=\"alignleft  wp-image-63895\" title=\"lucica kacema ulcinj.1\" src=\"http:\/\/www.visit-ulcinj.com\/blog\/wp-content\/uploads\/2012\/09\/lucica-kacema-ulcinj.1.jpg\" alt=\"\" width=\"508\" height=\"300\" \/><\/a><br \/>\n&#8211; Svi mi koji smo tu ro\u0111eni i koji do\u017eivljavamo prave traume, nakon svakog nevremena, govorimo i pi\u0161emo sa nostalgijom o na\u0161oj prelijepoj Kacemi. Naravno, dali smo saglasnost da se izgradi marina, ali prava. Vjerovali smo da \u0107e, bez obzira na jedan ma\u0107ehinski odnos dr\u017eave i Morskog dobra ipak jedan projekat u obliku marine biti dar nama, kao njihovim \u201epodanicima\u201d. Vjerovali smo da \u0107e se kona\u010dno dobiti jedna mala lu\u010dica, kako su je iz milo\u0161te nazivali predstavnici Morskog dobra. Na\u017ealost, marina je izgra\u0111ena, ali njoj danas fali mnogo \u0161to\u0161ta da bi se mogla nazvati marinom. Pored infrastrukture koja je potrebna da bi jedna marina funkcionisala, potrebno je da se izgradi jo\u0161 najmanje desetak metara za\u0161titnog zida, koji bi \u0161titio marinu od talasa koji danas nesmetano ulaze u marinu &#8211; smatra Karamanaga.<br \/>\nOn sumnja da je jednostavno desetak metara lukobrana nestalo za neki drugi privatni projekat.<br \/>\n&#8211; Nama ostaje da se nadamo i da \u010dekamo. U me\u0111uvremenu, bori\u0107emo se i dalje sa hirovima mora i provoditi no\u0107i i dane na bedemima, ili dolje u marini, kako bi sa\u010duvali na\u0161e \u010damce &#8211; zaklju\u010duje Karamanaga.<br \/>\nRadovi na lu\u010dici Kacema nakon nekoliko godina izgradnje zavr\u0161eni su u junu pro\u0161le godine a najvredniji objekat koji je do sada finansiralo JP za upravljanje morskim dobrom nikada nije sve\u010dano otvoren.<br \/>\n<strong>M.K.<\/strong><br \/>\n<a href=\"http:\/\/www.visit-ulcinj.com\/blog\/wp-content\/uploads\/2012\/09\/lucica-kacema-ulcinj.2.jpg\"><img loading=\"lazy\" class=\"alignleft  wp-image-63896\" title=\"lucica kacema ulcinj.2\" src=\"http:\/\/www.visit-ulcinj.com\/blog\/wp-content\/uploads\/2012\/09\/lucica-kacema-ulcinj.2.jpg\" alt=\"\" width=\"508\" height=\"300\" \/><\/a><br \/>\n<strong>Ve\u017eu \u010damce na sopstvenu odgovornost<\/strong><br \/>\nMje\u0161tani \u010damce u mini marini ostavljaju na sopstvenu odgovornost. Na to ih upozorava i obavje\u0161tenje istaknuto na tabli na kojoj se JPMD, koje je finansiralo projekat, ogra\u0111uje od eventualne odgovornosti u slu\u010daju da na nekom od plovila nastane \u0161teta. Kada bi eventualno mogao da se rije\u0161i taj problem i dogradi dio valobrana, koji, kako tvrde mje\u0161tani, nedostaje, nismo uspjeli da saznamo.<\/p>\n<p><strong>Izvor: DAN<\/strong><strong><\/strong><\/p>\n","protected":false},"excerpt":{"rendered":"<p>Najvredniji projekat u Ulcinju pokazao se kao potpuno nefunkcionalan ULCINj \u2013 Brige ulcinjskih ribara koji svoje \u010damce i brodi\u0107e ve\u017eu u lu\u010dici Kacema ponovo su se pokazale sasvim opravdanim. Protekle nedjelje \u010ditavo primorje bilo je zahva\u0107eno jakim jugom, a jedino su Ulcinjani de\u017eurali kraj svojih plovila. Uzburkano more i jak vjetar nisu \u201epo\u0161tjedeli\u201c malu lu\u010dicu [&hellip;]<\/p>\n","protected":false},"author":1,"featured_media":0,"comment_status":"open","ping_status":"closed","sticky":false,"template":"","format":"standard","meta":{"spay_email":"","jetpack_publicize_message":"","jetpack_is_tweetstorm":false,"jetpack_publicize_feature_enabled":true},"categories":[8337],"tags":[12499],"jetpack_publicize_connections":[],"yoast_head":"<!-- This site is optimized with the Yoast SEO plugin v19.1 - https:\/\/yoast.com\/wordpress\/plugins\/seo\/ -->\n<title>Jugo polomio \u010damce u lu\u010dici Kacema - Lajme nga Ulqini<\/title>\n<meta name=\"description\" content=\"Najvredniji projekat u Ulcinju pokazao se kao potpuno nefunkcionalan ULCINj \u2013 Brige ulcinjskih ribara koji svoje \u010damce i brodi\u0107e ve\u017eu u lu\u010dici Kacema\" \/>\n<meta name=\"robots\" content=\"index, follow, max-snippet:-1, max-image-preview:large, max-video-preview:-1\" \/>\n<link rel=\"canonical\" href=\"https:\/\/www.visit-ulcinj.com\/blog\/2012\/09\/23\/jugo-polomio-camce-u-lucici-kacema\/\" \/>\n<meta property=\"og:locale\" content=\"en_US\" \/>\n<meta property=\"og:type\" content=\"article\" \/>\n<meta property=\"og:title\" content=\"Jugo polomio \u010damce u lu\u010dici Kacema - Lajme nga Ulqini\" \/>\n<meta property=\"og:description\" content=\"Najvredniji projekat u Ulcinju pokazao se kao potpuno nefunkcionalan ULCINj \u2013 Brige ulcinjskih ribara koji svoje \u010damce i brodi\u0107e ve\u017eu u lu\u010dici Kacema\" \/>\n<meta property=\"og:url\" content=\"https:\/\/www.visit-ulcinj.com\/blog\/2012\/09\/23\/jugo-polomio-camce-u-lucici-kacema\/\" \/>\n<meta property=\"og:site_name\" content=\"Lajme nga Ulqini\" \/>\n<meta property=\"article:published_time\" content=\"2012-09-23T16:47:23+00:00\" \/>\n<meta property=\"og:image\" content=\"http:\/\/www.visit-ulcinj.com\/blog\/wp-content\/uploads\/2012\/09\/lucica-kacema-ulcinj.jpg\" \/>\n<meta name=\"twitter:label1\" content=\"Written by\" \/>\n\t<meta name=\"twitter:data1\" content=\"ulqini\" \/>\n\t<meta name=\"twitter:label2\" content=\"Est. reading time\" \/>\n\t<meta name=\"twitter:data2\" content=\"4 minutes\" \/>\n<script type=\"application\/ld+json\" class=\"yoast-schema-graph\">{\"@context\":\"https:\/\/schema.org\",\"@graph\":[{\"@type\":\"WebSite\",\"@id\":\"https:\/\/www.visit-ulcinj.com\/blog\/#website\",\"url\":\"https:\/\/www.visit-ulcinj.com\/blog\/\",\"name\":\"Lajme nga Ulqini\",\"description\":\"Lajme,Vijesti,Ulqini,Ulqin,Crna Gora,Mali i Zi\",\"potentialAction\":[{\"@type\":\"SearchAction\",\"target\":{\"@type\":\"EntryPoint\",\"urlTemplate\":\"https:\/\/www.visit-ulcinj.com\/blog\/?s={search_term_string}\"},\"query-input\":\"required name=search_term_string\"}],\"inLanguage\":\"en-US\"},{\"@type\":\"ImageObject\",\"inLanguage\":\"en-US\",\"@id\":\"https:\/\/www.visit-ulcinj.com\/blog\/2012\/09\/23\/jugo-polomio-camce-u-lucici-kacema\/#primaryimage\",\"url\":\"https:\/\/www.visit-ulcinj.com\/blog\/wp-content\/uploads\/2012\/09\/lucica-kacema-ulcinj.jpg\",\"contentUrl\":\"https:\/\/www.visit-ulcinj.com\/blog\/wp-content\/uploads\/2012\/09\/lucica-kacema-ulcinj.jpg\",\"width\":\"960\",\"height\":\"720\"},{\"@type\":\"WebPage\",\"@id\":\"https:\/\/www.visit-ulcinj.com\/blog\/2012\/09\/23\/jugo-polomio-camce-u-lucici-kacema\/#webpage\",\"url\":\"https:\/\/www.visit-ulcinj.com\/blog\/2012\/09\/23\/jugo-polomio-camce-u-lucici-kacema\/\",\"name\":\"Jugo polomio \u010damce u lu\u010dici Kacema - Lajme nga Ulqini\",\"isPartOf\":{\"@id\":\"https:\/\/www.visit-ulcinj.com\/blog\/#website\"},\"primaryImageOfPage\":{\"@id\":\"https:\/\/www.visit-ulcinj.com\/blog\/2012\/09\/23\/jugo-polomio-camce-u-lucici-kacema\/#primaryimage\"},\"datePublished\":\"2012-09-23T16:47:23+00:00\",\"dateModified\":\"2012-09-23T16:47:23+00:00\",\"author\":{\"@id\":\"https:\/\/www.visit-ulcinj.com\/blog\/#\/schema\/person\/dcab619c614d3038751c63bc2aadc06d\"},\"description\":\"Najvredniji projekat u Ulcinju pokazao se kao potpuno nefunkcionalan ULCINj \u2013 Brige ulcinjskih ribara koji svoje \u010damce i brodi\u0107e ve\u017eu u lu\u010dici Kacema\",\"breadcrumb\":{\"@id\":\"https:\/\/www.visit-ulcinj.com\/blog\/2012\/09\/23\/jugo-polomio-camce-u-lucici-kacema\/#breadcrumb\"},\"inLanguage\":\"en-US\",\"potentialAction\":[{\"@type\":\"ReadAction\",\"target\":[\"https:\/\/www.visit-ulcinj.com\/blog\/2012\/09\/23\/jugo-polomio-camce-u-lucici-kacema\/\"]}]},{\"@type\":\"BreadcrumbList\",\"@id\":\"https:\/\/www.visit-ulcinj.com\/blog\/2012\/09\/23\/jugo-polomio-camce-u-lucici-kacema\/#breadcrumb\",\"itemListElement\":[{\"@type\":\"ListItem\",\"position\":1,\"name\":\"Jugo polomio \u010damce u lu\u010dici Kacema\"}]},{\"@type\":\"Person\",\"@id\":\"https:\/\/www.visit-ulcinj.com\/blog\/#\/schema\/person\/dcab619c614d3038751c63bc2aadc06d\",\"name\":\"ulqini\",\"sameAs\":[\"http:\/\/www.visit-ulcinj.com\"],\"url\":\"https:\/\/www.visit-ulcinj.com\/blog\/author\/admin\/\"}]}<\/script>\n<!-- \/ Yoast SEO plugin. -->","yoast_head_json":{"title":"Jugo polomio \u010damce u lu\u010dici Kacema - Lajme nga Ulqini","description":"Najvredniji projekat u Ulcinju pokazao se kao potpuno nefunkcionalan ULCINj \u2013 Brige ulcinjskih ribara koji svoje \u010damce i brodi\u0107e ve\u017eu u lu\u010dici Kacema","robots":{"index":"index","follow":"follow","max-snippet":"max-snippet:-1","max-image-preview":"max-image-preview:large","max-video-preview":"max-video-preview:-1"},"canonical":"https:\/\/www.visit-ulcinj.com\/blog\/2012\/09\/23\/jugo-polomio-camce-u-lucici-kacema\/","og_locale":"en_US","og_type":"article","og_title":"Jugo polomio \u010damce u lu\u010dici Kacema - Lajme nga Ulqini","og_description":"Najvredniji projekat u Ulcinju pokazao se kao potpuno nefunkcionalan ULCINj \u2013 Brige ulcinjskih ribara koji svoje \u010damce i brodi\u0107e ve\u017eu u lu\u010dici Kacema","og_url":"https:\/\/www.visit-ulcinj.com\/blog\/2012\/09\/23\/jugo-polomio-camce-u-lucici-kacema\/","og_site_name":"Lajme nga Ulqini","article_published_time":"2012-09-23T16:47:23+00:00","og_image":[{"url":"http:\/\/www.visit-ulcinj.com\/blog\/wp-content\/uploads\/2012\/09\/lucica-kacema-ulcinj.jpg"}],"twitter_misc":{"Written by":"ulqini","Est. reading time":"4 minutes"},"schema":{"@context":"https:\/\/schema.org","@graph":[{"@type":"WebSite","@id":"https:\/\/www.visit-ulcinj.com\/blog\/#website","url":"https:\/\/www.visit-ulcinj.com\/blog\/","name":"Lajme nga Ulqini","description":"Lajme,Vijesti,Ulqini,Ulqin,Crna Gora,Mali i Zi","potentialAction":[{"@type":"SearchAction","target":{"@type":"EntryPoint","urlTemplate":"https:\/\/www.visit-ulcinj.com\/blog\/?s={search_term_string}"},"query-input":"required name=search_term_string"}],"inLanguage":"en-US"},{"@type":"ImageObject","inLanguage":"en-US","@id":"https:\/\/www.visit-ulcinj.com\/blog\/2012\/09\/23\/jugo-polomio-camce-u-lucici-kacema\/#primaryimage","url":"https:\/\/www.visit-ulcinj.com\/blog\/wp-content\/uploads\/2012\/09\/lucica-kacema-ulcinj.jpg","contentUrl":"https:\/\/www.visit-ulcinj.com\/blog\/wp-content\/uploads\/2012\/09\/lucica-kacema-ulcinj.jpg","width":"960","height":"720"},{"@type":"WebPage","@id":"https:\/\/www.visit-ulcinj.com\/blog\/2012\/09\/23\/jugo-polomio-camce-u-lucici-kacema\/#webpage","url":"https:\/\/www.visit-ulcinj.com\/blog\/2012\/09\/23\/jugo-polomio-camce-u-lucici-kacema\/","name":"Jugo polomio \u010damce u lu\u010dici Kacema - Lajme nga Ulqini","isPartOf":{"@id":"https:\/\/www.visit-ulcinj.com\/blog\/#website"},"primaryImageOfPage":{"@id":"https:\/\/www.visit-ulcinj.com\/blog\/2012\/09\/23\/jugo-polomio-camce-u-lucici-kacema\/#primaryimage"},"datePublished":"2012-09-23T16:47:23+00:00","dateModified":"2012-09-23T16:47:23+00:00","author":{"@id":"https:\/\/www.visit-ulcinj.com\/blog\/#\/schema\/person\/dcab619c614d3038751c63bc2aadc06d"},"description":"Najvredniji projekat u Ulcinju pokazao se kao potpuno nefunkcionalan ULCINj \u2013 Brige ulcinjskih ribara koji svoje \u010damce i brodi\u0107e ve\u017eu u lu\u010dici Kacema","breadcrumb":{"@id":"https:\/\/www.visit-ulcinj.com\/blog\/2012\/09\/23\/jugo-polomio-camce-u-lucici-kacema\/#breadcrumb"},"inLanguage":"en-US","potentialAction":[{"@type":"ReadAction","target":["https:\/\/www.visit-ulcinj.com\/blog\/2012\/09\/23\/jugo-polomio-camce-u-lucici-kacema\/"]}]},{"@type":"BreadcrumbList","@id":"https:\/\/www.visit-ulcinj.com\/blog\/2012\/09\/23\/jugo-polomio-camce-u-lucici-kacema\/#breadcrumb","itemListElement":[{"@type":"ListItem","position":1,"name":"Jugo polomio \u010damce u lu\u010dici Kacema"}]},{"@type":"Person","@id":"https:\/\/www.visit-ulcinj.com\/blog\/#\/schema\/person\/dcab619c614d3038751c63bc2aadc06d","name":"ulqini","sameAs":["http:\/\/www.visit-ulcinj.com"],"url":"https:\/\/www.visit-ulcinj.com\/blog\/author\/admin\/"}]}},"jetpack_featured_media_url":"","jetpack_sharing_enabled":true,"jetpack_shortlink":"https:\/\/wp.me\/pe6lTn-gCx","_links":{"self":[{"href":"https:\/\/www.visit-ulcinj.com\/blog\/wp-json\/wp\/v2\/posts\/63893"}],"collection":[{"href":"https:\/\/www.visit-ulcinj.com\/blog\/wp-json\/wp\/v2\/posts"}],"about":[{"href":"https:\/\/www.visit-ulcinj.com\/blog\/wp-json\/wp\/v2\/types\/post"}],"author":[{"embeddable":true,"href":"https:\/\/www.visit-ulcinj.com\/blog\/wp-json\/wp\/v2\/users\/1"}],"replies":[{"embeddable":true,"href":"https:\/\/www.visit-ulcinj.com\/blog\/wp-json\/wp\/v2\/comments?post=63893"}],"version-history":[{"count":1,"href":"https:\/\/www.visit-ulcinj.com\/blog\/wp-json\/wp\/v2\/posts\/63893\/revisions"}],"predecessor-version":[{"id":63897,"href":"https:\/\/www.visit-ulcinj.com\/blog\/wp-json\/wp\/v2\/posts\/63893\/revisions\/63897"}],"wp:attachment":[{"href":"https:\/\/www.visit-ulcinj.com\/blog\/wp-json\/wp\/v2\/media?parent=63893"}],"wp:term":[{"taxonomy":"category","embeddable":true,"href":"https:\/\/www.visit-ulcinj.com\/blog\/wp-json\/wp\/v2\/categories?post=63893"},{"taxonomy":"post_tag","embeddable":true,"href":"https:\/\/www.visit-ulcinj.com\/blog\/wp-json\/wp\/v2\/tags?post=63893"}],"curies":[{"name":"wp","href":"https:\/\/api.w.org\/{rel}","templated":true}]}}