{"id":63898,"date":"2012-09-23T18:04:50","date_gmt":"2012-09-23T17:04:50","guid":{"rendered":"http:\/\/www.visit-ulcinj.com\/blog\/?p=63898"},"modified":"2012-09-23T18:04:50","modified_gmt":"2012-09-23T17:04:50","slug":"u-nedostatku-kadra-na-pregled-u-domu-zdravlja-u-ulcinju-ceka-se-satima","status":"publish","type":"post","link":"https:\/\/www.visit-ulcinj.com\/blog\/2012\/09\/23\/u-nedostatku-kadra-na-pregled-u-domu-zdravlja-u-ulcinju-ceka-se-satima\/","title":{"rendered":"U nedostatku kadra, na pregled u domu zdravlja u Ulcinju \u010deka se satima"},"content":{"rendered":"<p><strong><a href=\"http:\/\/www.visit-ulcinj.com\/blog\/wp-content\/uploads\/2012\/09\/DOM-ZDRAVLJA-ULCINJ.jpg\"><img loading=\"lazy\" class=\"alignleft  wp-image-63899\" title=\"DOM ZDRAVLJA ULCINJ\" src=\"http:\/\/www.visit-ulcinj.com\/blog\/wp-content\/uploads\/2012\/09\/DOM-ZDRAVLJA-ULCINJ.jpg\" alt=\"\" width=\"508\" height=\"375\" \/><\/a>Bez izabranog doktora 5.000 pacijenata<\/strong><\/p>\n<p>ULCINj \u2013 Oko pet hiljada pacijenata u Ulcinju trenutno je bez izabranog doktora jer su tri od osam ljekara za odrasle odsutni na du\u017ee vrijeme. Zbog ovakve situacije u toj zdravstvenoj ustanovi svakodnevni su redovi ispred ljekarskih ordinacija, a revoltirani pacijenti svakodnevno se \u017eale \u0161to na pregled moraju da \u010dekaju satima. Jo\u0161 na prijemnom \u0161alteru medicinske sestre upozoravaju pacijente da su gu\u017eve velike i da bi bilo po\u017eeljno da zaka\u017eu pregled, ukoliko razlog njihove posjete nije hitne prirode. \u2013 Dolazim nekoliko dana i sad mi je re\u010deno da vi\u0161e nemam izabranog dokotora jer je napustio Dom zdravlja i sada radi u bolnici u Baru. Ne znam \u0161ta da radim jer ni doktor, koji je ranije radio kao zamjena, nije tu. Pacijente umjesto njih pregleda ljekar u zamjeni kod koga ja ne bih i\u0161ao, ali po svemu sude\u0107i mora\u0107u, kada i ako do\u0111em na red. Mislim da ovo nije u redu, jer nas niko o ovome nije obavijestio &#8211; ka\u017ee jedan od brojnih pacijenata koji su poslednjih dana izra\u017eavali negodovanje zbog vanrednih okolnosti u toj zdravstvenoj ustanovi.<br \/>\nKako saznajemo reformom primarne zdravstvene za\u0161tite, odnosno sistematizacijom je predvi\u0111eno za Dom zdravlja Ulcinj ima osam izabranih doktora za odrasle. Od tog broja dva rade u Vladimiru sa punom kapitacijom pacijenata (maksimalno dvije hiljade), a ostali bi trebalo da rade u Ulcinju. Od tog broja trenutno rade tri sa punom kapitacijom. Jedan ljekar je na du\u017eem bolovanju, jedan je napustio Dom zdravlja , a jedan se trenutno nalazi na odmoru, a kasnije \u0107e biti na nepla\u0107enom odsustvu do \u0161est mjeseci. Osim ovih doktora radi i doktor u zamjeni koji nema svoje registriovane pacijente jer nema re\u0161enje za izabranog doktora, a pregleda sve pacijente odsutnih ljekara.<br \/>\nProblema sa nedostatkom ljekara ima i na pedijatriji gdje su sistematizacijom predvi\u0111ena tri izabrana ljekara za djecu.<\/p>\n<p><a href=\"http:\/\/www.visit-ulcinj.com\/blog\/wp-content\/uploads\/2012\/09\/Pavle-Marnikovic.jpg\"><img loading=\"lazy\" class=\"alignleft  wp-image-63900\" title=\"Pavle Marnikovic\" src=\"http:\/\/www.visit-ulcinj.com\/blog\/wp-content\/uploads\/2012\/09\/Pavle-Marnikovic.jpg\" alt=\"\" width=\"180\" height=\"150\" \/><\/a>Kako saznajemo jedna doktorka je na porodiljskom bolovanju, jedan je direktor Doma zdravlja i zbog obaveza jedva sti\u017ee da organizuje pregled, te tako da u punom kapacitetu radi samo jedan ljekar za djecu. Direktor Doma zdravlja dr Pavle Marnikovi\u0107 potvrdio je \u201eDanu\u201d da u toj medicinskoj ustanovi imaju problem sa nedostatkom ljekara.<br \/>\n\u2013 Sticajem okolnosti jedan kolega je na du\u017eem odmoru, jedna koleginica napustila je na\u0161u ustanovu a druga je zbog zdravstvenih problema na bolovanju. Radimo sve \u0161to je u na\u0161oj mogu\u0107nosti kako bismo taj problem rije\u0161ili i pacijentima omogu\u0107ili da bez mnogo \u010dekanja obavljaju preglede. Od ponedjeljka bi trebali da dobijemo jednog ljekara na ispomo\u0107 i to \u0107e svakako biti zna\u010dajno pobolj\u0161anje. Molimo pacijente za razumjevanje jer su okolnosti takve. Po\u017eeljno bi bilo da se pregledi zakazuju &#8211; ka\u017ee Marnikovi\u0107 i dodaje da \u0107e se sa postoje\u0107im kadrom potruditi da pacijenti \u0161to manje osjete nedostatak ljekara. \u2013 O\u010dekujem da ova situacija ne\u0107e dugo trajati &#8211; poru\u010dio je Marnikovi\u0107.<br \/>\nSindikat Doma zdravlja predla\u017ee da se postoje\u0107i problem rije\u0161i prijemom dvoje mla\u0111ih kolega na odra\u0111ivanje sta\u017ea, i najmanje jednog ljekara na odre\u0111eno vrijeme.<br \/>\n\u2013 Po\u0161to je stvar urgentna predlo\u017eili smo da se ispla\u0107uju iz na\u0161ih sredstava do daljnjeg. Kako nezvani\u010dno saznajem menad\u017ement i odbor direktora na tome rade ve\u0107 mjesec dana i vr\u0161e intenzivnu prepisku sa sekretarom ministrastva Zoranom Kosti\u0107em. Nadam se da \u0107e oni taj problem rije\u0161iti do po\u010detka naredne sezone &#8211; ka\u017ee predsjednik sindikata prim.dr Milan Rolovi\u0107.<br \/>\nIz sindikata su pozdravili prijem tri medicinske sestre na obavljanje sta\u017ea i pored toga \u0161to su sistematizacijom radnih mjesta sva mjesta popunjena.<br \/>\n\u2013 Trenutno je najve\u0107i problem sa izabranim doktorima za odrasle i djecu gdje nam nedostaju \u010detiri ljekara. Najvi\u0161e nas \u010dudi odluka menad\u017ementa i odbora direktora da se jednom izabranom doktoru dozvoli prvo godi\u0161nji odmor, a nakon toga da \u0161est mjeseci nepla\u0107enog odsustva, a da mu prije toga nije prona\u0111ena privremena zamjena.No kako sam informisan to je zavr\u0161eno na relaciji direktora, predsjednika odbora direktora i ministarstva &#8211; dodaje Rolovi\u0107.<br \/>\n<strong>M.K.<\/strong><\/p>\n<p><strong>Prednja\u010de po broju ginekologa<\/strong><br \/>\nNajju\u017enija crnogorska op\u0161tina trenutno prednja\u010di po broju ginekologa u Domu zdravlja. Na odjeljenju ginekologije trenutno rade \u010detiri ginkeologa. Oni dijele oko pet hiljada pacijenata i svi su izabrani doktori iako su sistematizaciojom predvi\u0111ena dva za \u017eene i jo\u0161 jedan u u porodili\u0161tu. I pored \u010detiri ginekologa, ginekolo\u0161ka slu\u017eba u Vadimiru ne funkcioni\u0161e ve\u0107 par godina. Interesantno je, pore\u0111enja radi, da su u nik\u0161i\u0107kom Domu zdravlja po sistematizaciji predvi\u0111ena \u010detiri izabrana doktora za \u017eene, u Baru dva, a u Budvi, Kotoru i Cetinju po jedan. Kako je do\u0161lo do ovakve nesrazmjere u sistematizaciji nismo uspjeli da saznamo.<\/p>\n<p><strong>Ne radi Savjetovali\u0161te za djecu<\/strong><br \/>\nKako saznajemo od \u010detiri predvi\u0111ena savjetovali\u0161ta u Domu zdravlja ne funkcioni\u0161u Savjetovali\u0161te za reproduktivno zdravlje i Savjetovali\u0161te za djecu.Savjetovali\u0161te za mlade radi u minimalnom kapacitetu. U punom kapacitetu radi jedino populaciono savjetovali\u0161te. Ne\u0161to manje od godinu dana ne funkcioni\u0161e ni jedna eksterna ambulanta, prvensteveno ona u \u0160toju od koje gra\u0111ani i turisti tokom turisti\u010dke sezone najvi\u0161e o\u010dekuju. U Domu zdravlja najavljuju da \u0107e sva savjetovali\u0161ta vrlo brzo biti u funkciji.<\/p>\n<p><strong>Izvor\u00a0:DAN<\/strong><strong><\/strong><\/p>\n","protected":false},"excerpt":{"rendered":"<p>Bez izabranog doktora 5.000 pacijenata ULCINj \u2013 Oko pet hiljada pacijenata u Ulcinju trenutno je bez izabranog doktora jer su tri od osam ljekara za odrasle odsutni na du\u017ee vrijeme. Zbog ovakve situacije u toj zdravstvenoj ustanovi svakodnevni su redovi ispred ljekarskih ordinacija, a revoltirani pacijenti svakodnevno se \u017eale \u0161to na pregled moraju da \u010dekaju [&hellip;]<\/p>\n","protected":false},"author":1,"featured_media":0,"comment_status":"open","ping_status":"closed","sticky":false,"template":"","format":"standard","meta":{"spay_email":"","jetpack_publicize_message":"","jetpack_is_tweetstorm":false,"jetpack_publicize_feature_enabled":true},"categories":[8337],"tags":[4283],"jetpack_publicize_connections":[],"yoast_head":"<!-- This site is optimized with the Yoast SEO plugin v19.1 - https:\/\/yoast.com\/wordpress\/plugins\/seo\/ -->\n<title>U nedostatku kadra, na pregled u domu zdravlja u Ulcinju \u010deka se satima - Lajme nga Ulqini<\/title>\n<meta name=\"description\" content=\"Bez izabranog doktora 5.000 pacijenata ULCINj \u2013 Oko pet hiljada pacijenata u Ulcinju trenutno je bez izabranog doktora jer su tri od osam ljekara za\" \/>\n<meta name=\"robots\" content=\"index, follow, max-snippet:-1, max-image-preview:large, max-video-preview:-1\" \/>\n<link rel=\"canonical\" href=\"https:\/\/www.visit-ulcinj.com\/blog\/2012\/09\/23\/u-nedostatku-kadra-na-pregled-u-domu-zdravlja-u-ulcinju-ceka-se-satima\/\" \/>\n<meta property=\"og:locale\" content=\"en_US\" \/>\n<meta property=\"og:type\" content=\"article\" \/>\n<meta property=\"og:title\" content=\"U nedostatku kadra, na pregled u domu zdravlja u Ulcinju \u010deka se satima - Lajme nga Ulqini\" \/>\n<meta property=\"og:description\" content=\"Bez izabranog doktora 5.000 pacijenata ULCINj \u2013 Oko pet hiljada pacijenata u Ulcinju trenutno je bez izabranog doktora jer su tri od osam ljekara za\" \/>\n<meta property=\"og:url\" content=\"https:\/\/www.visit-ulcinj.com\/blog\/2012\/09\/23\/u-nedostatku-kadra-na-pregled-u-domu-zdravlja-u-ulcinju-ceka-se-satima\/\" \/>\n<meta property=\"og:site_name\" content=\"Lajme nga Ulqini\" \/>\n<meta property=\"article:published_time\" content=\"2012-09-23T17:04:50+00:00\" \/>\n<meta property=\"og:image\" content=\"http:\/\/www.visit-ulcinj.com\/blog\/wp-content\/uploads\/2012\/09\/DOM-ZDRAVLJA-ULCINJ.jpg\" \/>\n<meta name=\"twitter:label1\" content=\"Written by\" \/>\n\t<meta name=\"twitter:data1\" content=\"ulqini\" \/>\n\t<meta name=\"twitter:label2\" content=\"Est. reading time\" \/>\n\t<meta name=\"twitter:data2\" content=\"4 minutes\" \/>\n<script type=\"application\/ld+json\" class=\"yoast-schema-graph\">{\"@context\":\"https:\/\/schema.org\",\"@graph\":[{\"@type\":\"WebSite\",\"@id\":\"https:\/\/www.visit-ulcinj.com\/blog\/#website\",\"url\":\"https:\/\/www.visit-ulcinj.com\/blog\/\",\"name\":\"Lajme nga Ulqini\",\"description\":\"Lajme,Vijesti,Ulqini,Ulqin,Crna Gora,Mali i Zi\",\"potentialAction\":[{\"@type\":\"SearchAction\",\"target\":{\"@type\":\"EntryPoint\",\"urlTemplate\":\"https:\/\/www.visit-ulcinj.com\/blog\/?s={search_term_string}\"},\"query-input\":\"required name=search_term_string\"}],\"inLanguage\":\"en-US\"},{\"@type\":\"ImageObject\",\"inLanguage\":\"en-US\",\"@id\":\"https:\/\/www.visit-ulcinj.com\/blog\/2012\/09\/23\/u-nedostatku-kadra-na-pregled-u-domu-zdravlja-u-ulcinju-ceka-se-satima\/#primaryimage\",\"url\":\"https:\/\/www.visit-ulcinj.com\/blog\/wp-content\/uploads\/2012\/09\/DOM-ZDRAVLJA-ULCINJ.jpg\",\"contentUrl\":\"https:\/\/www.visit-ulcinj.com\/blog\/wp-content\/uploads\/2012\/09\/DOM-ZDRAVLJA-ULCINJ.jpg\",\"width\":\"500\",\"height\":\"375\"},{\"@type\":\"WebPage\",\"@id\":\"https:\/\/www.visit-ulcinj.com\/blog\/2012\/09\/23\/u-nedostatku-kadra-na-pregled-u-domu-zdravlja-u-ulcinju-ceka-se-satima\/#webpage\",\"url\":\"https:\/\/www.visit-ulcinj.com\/blog\/2012\/09\/23\/u-nedostatku-kadra-na-pregled-u-domu-zdravlja-u-ulcinju-ceka-se-satima\/\",\"name\":\"U nedostatku kadra, na pregled u domu zdravlja u Ulcinju \u010deka se satima - Lajme nga Ulqini\",\"isPartOf\":{\"@id\":\"https:\/\/www.visit-ulcinj.com\/blog\/#website\"},\"primaryImageOfPage\":{\"@id\":\"https:\/\/www.visit-ulcinj.com\/blog\/2012\/09\/23\/u-nedostatku-kadra-na-pregled-u-domu-zdravlja-u-ulcinju-ceka-se-satima\/#primaryimage\"},\"datePublished\":\"2012-09-23T17:04:50+00:00\",\"dateModified\":\"2012-09-23T17:04:50+00:00\",\"author\":{\"@id\":\"https:\/\/www.visit-ulcinj.com\/blog\/#\/schema\/person\/dcab619c614d3038751c63bc2aadc06d\"},\"description\":\"Bez izabranog doktora 5.000 pacijenata ULCINj \u2013 Oko pet hiljada pacijenata u Ulcinju trenutno je bez izabranog doktora jer su tri od osam ljekara za\",\"breadcrumb\":{\"@id\":\"https:\/\/www.visit-ulcinj.com\/blog\/2012\/09\/23\/u-nedostatku-kadra-na-pregled-u-domu-zdravlja-u-ulcinju-ceka-se-satima\/#breadcrumb\"},\"inLanguage\":\"en-US\",\"potentialAction\":[{\"@type\":\"ReadAction\",\"target\":[\"https:\/\/www.visit-ulcinj.com\/blog\/2012\/09\/23\/u-nedostatku-kadra-na-pregled-u-domu-zdravlja-u-ulcinju-ceka-se-satima\/\"]}]},{\"@type\":\"BreadcrumbList\",\"@id\":\"https:\/\/www.visit-ulcinj.com\/blog\/2012\/09\/23\/u-nedostatku-kadra-na-pregled-u-domu-zdravlja-u-ulcinju-ceka-se-satima\/#breadcrumb\",\"itemListElement\":[{\"@type\":\"ListItem\",\"position\":1,\"name\":\"U nedostatku kadra, na pregled u domu zdravlja u Ulcinju \u010deka se satima\"}]},{\"@type\":\"Person\",\"@id\":\"https:\/\/www.visit-ulcinj.com\/blog\/#\/schema\/person\/dcab619c614d3038751c63bc2aadc06d\",\"name\":\"ulqini\",\"sameAs\":[\"http:\/\/www.visit-ulcinj.com\"],\"url\":\"https:\/\/www.visit-ulcinj.com\/blog\/author\/admin\/\"}]}<\/script>\n<!-- \/ Yoast SEO plugin. -->","yoast_head_json":{"title":"U nedostatku kadra, na pregled u domu zdravlja u Ulcinju \u010deka se satima - Lajme nga Ulqini","description":"Bez izabranog doktora 5.000 pacijenata ULCINj \u2013 Oko pet hiljada pacijenata u Ulcinju trenutno je bez izabranog doktora jer su tri od osam ljekara za","robots":{"index":"index","follow":"follow","max-snippet":"max-snippet:-1","max-image-preview":"max-image-preview:large","max-video-preview":"max-video-preview:-1"},"canonical":"https:\/\/www.visit-ulcinj.com\/blog\/2012\/09\/23\/u-nedostatku-kadra-na-pregled-u-domu-zdravlja-u-ulcinju-ceka-se-satima\/","og_locale":"en_US","og_type":"article","og_title":"U nedostatku kadra, na pregled u domu zdravlja u Ulcinju \u010deka se satima - Lajme nga Ulqini","og_description":"Bez izabranog doktora 5.000 pacijenata ULCINj \u2013 Oko pet hiljada pacijenata u Ulcinju trenutno je bez izabranog doktora jer su tri od osam ljekara za","og_url":"https:\/\/www.visit-ulcinj.com\/blog\/2012\/09\/23\/u-nedostatku-kadra-na-pregled-u-domu-zdravlja-u-ulcinju-ceka-se-satima\/","og_site_name":"Lajme nga Ulqini","article_published_time":"2012-09-23T17:04:50+00:00","og_image":[{"url":"http:\/\/www.visit-ulcinj.com\/blog\/wp-content\/uploads\/2012\/09\/DOM-ZDRAVLJA-ULCINJ.jpg"}],"twitter_misc":{"Written by":"ulqini","Est. reading time":"4 minutes"},"schema":{"@context":"https:\/\/schema.org","@graph":[{"@type":"WebSite","@id":"https:\/\/www.visit-ulcinj.com\/blog\/#website","url":"https:\/\/www.visit-ulcinj.com\/blog\/","name":"Lajme nga Ulqini","description":"Lajme,Vijesti,Ulqini,Ulqin,Crna Gora,Mali i Zi","potentialAction":[{"@type":"SearchAction","target":{"@type":"EntryPoint","urlTemplate":"https:\/\/www.visit-ulcinj.com\/blog\/?s={search_term_string}"},"query-input":"required name=search_term_string"}],"inLanguage":"en-US"},{"@type":"ImageObject","inLanguage":"en-US","@id":"https:\/\/www.visit-ulcinj.com\/blog\/2012\/09\/23\/u-nedostatku-kadra-na-pregled-u-domu-zdravlja-u-ulcinju-ceka-se-satima\/#primaryimage","url":"https:\/\/www.visit-ulcinj.com\/blog\/wp-content\/uploads\/2012\/09\/DOM-ZDRAVLJA-ULCINJ.jpg","contentUrl":"https:\/\/www.visit-ulcinj.com\/blog\/wp-content\/uploads\/2012\/09\/DOM-ZDRAVLJA-ULCINJ.jpg","width":"500","height":"375"},{"@type":"WebPage","@id":"https:\/\/www.visit-ulcinj.com\/blog\/2012\/09\/23\/u-nedostatku-kadra-na-pregled-u-domu-zdravlja-u-ulcinju-ceka-se-satima\/#webpage","url":"https:\/\/www.visit-ulcinj.com\/blog\/2012\/09\/23\/u-nedostatku-kadra-na-pregled-u-domu-zdravlja-u-ulcinju-ceka-se-satima\/","name":"U nedostatku kadra, na pregled u domu zdravlja u Ulcinju \u010deka se satima - Lajme nga Ulqini","isPartOf":{"@id":"https:\/\/www.visit-ulcinj.com\/blog\/#website"},"primaryImageOfPage":{"@id":"https:\/\/www.visit-ulcinj.com\/blog\/2012\/09\/23\/u-nedostatku-kadra-na-pregled-u-domu-zdravlja-u-ulcinju-ceka-se-satima\/#primaryimage"},"datePublished":"2012-09-23T17:04:50+00:00","dateModified":"2012-09-23T17:04:50+00:00","author":{"@id":"https:\/\/www.visit-ulcinj.com\/blog\/#\/schema\/person\/dcab619c614d3038751c63bc2aadc06d"},"description":"Bez izabranog doktora 5.000 pacijenata ULCINj \u2013 Oko pet hiljada pacijenata u Ulcinju trenutno je bez izabranog doktora jer su tri od osam ljekara za","breadcrumb":{"@id":"https:\/\/www.visit-ulcinj.com\/blog\/2012\/09\/23\/u-nedostatku-kadra-na-pregled-u-domu-zdravlja-u-ulcinju-ceka-se-satima\/#breadcrumb"},"inLanguage":"en-US","potentialAction":[{"@type":"ReadAction","target":["https:\/\/www.visit-ulcinj.com\/blog\/2012\/09\/23\/u-nedostatku-kadra-na-pregled-u-domu-zdravlja-u-ulcinju-ceka-se-satima\/"]}]},{"@type":"BreadcrumbList","@id":"https:\/\/www.visit-ulcinj.com\/blog\/2012\/09\/23\/u-nedostatku-kadra-na-pregled-u-domu-zdravlja-u-ulcinju-ceka-se-satima\/#breadcrumb","itemListElement":[{"@type":"ListItem","position":1,"name":"U nedostatku kadra, na pregled u domu zdravlja u Ulcinju \u010deka se satima"}]},{"@type":"Person","@id":"https:\/\/www.visit-ulcinj.com\/blog\/#\/schema\/person\/dcab619c614d3038751c63bc2aadc06d","name":"ulqini","sameAs":["http:\/\/www.visit-ulcinj.com"],"url":"https:\/\/www.visit-ulcinj.com\/blog\/author\/admin\/"}]}},"jetpack_featured_media_url":"","jetpack_sharing_enabled":true,"jetpack_shortlink":"https:\/\/wp.me\/pe6lTn-gCC","_links":{"self":[{"href":"https:\/\/www.visit-ulcinj.com\/blog\/wp-json\/wp\/v2\/posts\/63898"}],"collection":[{"href":"https:\/\/www.visit-ulcinj.com\/blog\/wp-json\/wp\/v2\/posts"}],"about":[{"href":"https:\/\/www.visit-ulcinj.com\/blog\/wp-json\/wp\/v2\/types\/post"}],"author":[{"embeddable":true,"href":"https:\/\/www.visit-ulcinj.com\/blog\/wp-json\/wp\/v2\/users\/1"}],"replies":[{"embeddable":true,"href":"https:\/\/www.visit-ulcinj.com\/blog\/wp-json\/wp\/v2\/comments?post=63898"}],"version-history":[{"count":1,"href":"https:\/\/www.visit-ulcinj.com\/blog\/wp-json\/wp\/v2\/posts\/63898\/revisions"}],"predecessor-version":[{"id":63901,"href":"https:\/\/www.visit-ulcinj.com\/blog\/wp-json\/wp\/v2\/posts\/63898\/revisions\/63901"}],"wp:attachment":[{"href":"https:\/\/www.visit-ulcinj.com\/blog\/wp-json\/wp\/v2\/media?parent=63898"}],"wp:term":[{"taxonomy":"category","embeddable":true,"href":"https:\/\/www.visit-ulcinj.com\/blog\/wp-json\/wp\/v2\/categories?post=63898"},{"taxonomy":"post_tag","embeddable":true,"href":"https:\/\/www.visit-ulcinj.com\/blog\/wp-json\/wp\/v2\/tags?post=63898"}],"curies":[{"name":"wp","href":"https:\/\/api.w.org\/{rel}","templated":true}]}}