{"id":63902,"date":"2012-09-23T18:30:16","date_gmt":"2012-09-23T17:30:16","guid":{"rendered":"http:\/\/www.visit-ulcinj.com\/blog\/?p=63902"},"modified":"2012-09-23T18:30:16","modified_gmt":"2012-09-23T17:30:16","slug":"masline-u-siprazju","status":"publish","type":"post","link":"https:\/\/www.visit-ulcinj.com\/blog\/2012\/09\/23\/masline-u-siprazju\/","title":{"rendered":"Masline u \u0161ipra\u017eju"},"content":{"rendered":"<p>Ulcinjski maslinari imaju ove godine razloga za zadovoljstvo. O\u010dekuju veoma dobru berbu, a plod je dobar i kvalitetan bez obzira na dugi su\u0161ni period. Situacija je, me\u0111utim, tragi\u010dna u uvali Valdanos. Na tom prostoru od milion metara kvadratnih nalazi se oko 18 hiljada stabala stoljetnih maslina, \u0161to predstavlja gotovo \u010detvrtinu kompleksa ulcinjske Maslinade. A taj dio, koji je va\u017ee\u0107im Zakonom o maslinarstvu pod posebnom za\u0161titom dr\u017eave, je u katastrofalnom stanju! \u201e\u010citav ovaj jo\u0161 \u017eivu\u0107i spomenik maslinarstva u zemlji je pod \u017ebunjem, makijom i \u0161ipra\u017ejem. Postao je prava pra\u0161uma&#8221;, ka\u017ee za Monitor predsjednik Skup\u0161tine Udru\u017eenja maslinara Ulcinja Basrija Dervi\u0161i. On napominje da zbog decenijske nebrige te nekada najbolje i najkvalitetnije masline na Crnogorskom primorju sada mogu u prosjeku dati pet puta manji urod od maslina van Valdanosa. Dervi\u0161i smatra da je to ogromna \u0161teta ne samo za Ulcinj, ve\u0107 i za cijelu Crnu Goru. Prema njegovoj ra\u010dunici, za 34 godine, od kada tim prostorom gospodari dr\u017eava, odnosno od kada su masline oduzete od pravih vlasnika, \u0161teta se mjeri desetinama miliona eura. \u201eIzgubljena dobit samo od neprera\u0111ivanja maslina u ulje iznosi oko 57 miliona eura&#8221;, isti\u010de on.<\/p>\n<p><a href=\"http:\/\/www.visit-ulcinj.com\/blog\/wp-content\/uploads\/2012\/09\/MASLINE-ULCINJ.jpg\"><img loading=\"lazy\" class=\"alignleft  wp-image-63903\" title=\"MASLINE ULCINJ\" src=\"http:\/\/www.visit-ulcinj.com\/blog\/wp-content\/uploads\/2012\/09\/MASLINE-ULCINJ.jpg\" alt=\"\" width=\"508\" height=\"360\" \/><\/a>Stru\u010dnjaci Zavoda za suptropske kulture u Baru predlagali su jo\u0161 2001. godine preduzimanje niza mjera kako bi se revitalizovala Maslinada u Valdanosu, dok su biv\u0161i vlasnici saop\u0161tili da su spremni da otkupe svoje ranije posjede od crnogorske Vlade i o\u017eive stari zanat. I u Vladi odli\u010dno znaju da maslinjake mogu obnoviti jedino raniji vlasnici. Oni za to imaju volje, znanja i spremnosti. Dr\u017eava i op\u0161tina moraju da im pomognu u nastavljanju porodi\u010dne tradicije obezbje\u0111ivanjem kreditnih sredstava. Nadaju se da se jo\u0161 vi\u0161e novaca mo\u017ee obezbijediti iz posebnih fondova EU i me\u0111unarodnih organizacija i institucija. U Udru\u017eenju maslinara procjenjuju da je za taj posao potrebno ne vi\u0161e od 1,5 miliona eura. Onoliko koliko se u Valdanosu zara\u0111ivalo samo od jedne rodne godine. Pored dodatnih prihoda koje bi obezbje\u0111ivalo vi\u0161e od 200 ulcinjskih porodica i sve vjerske zajednice koje u Valdanosu imaju svoje posjede, ova Maslinada je oplemenila \u010ditavo ovo podru\u010dje. ,,Ove masline ostavljaju na \u010dovjeka biblijski dojam i veoma sli\u010de onima u Palestini&#8221;, pisao je prije ta\u010dno jedno stolje\u0107e \u010de\u0161ki nau\u010dnik Jozef Jan Svatek. Zapu\u0161tenost i propadanje maslina doveli su do ozloje\u0111enosti biv\u0161ih vlasnika, koji su najavili da \u0107e krajem ovog mjeseca u\u0107i u svoje posjede. ,,Ne mo\u017eemo se pomiriti sa ovako indolentnim odnosom nadle\u017enih organa. Krajnji je rok da se ne\u0161to preduzme. Sve dr\u017eave na Mediteranu ula\u017eu ogromna sredstva u nove zasade, dok nama neshvatljivo propadaju vjekovni maslinjaci, izuzetan privredni resurs, od kojeg su \u017eivjele \u010ditave generacije Ulcinjana. Pa kome to mo\u017ee biti u interesu?&#8221;, pita se \u010dlan Odbora za povra\u0107aj Maslinade u Valdanosu D\u017eemal Had\u017eibeti.<\/p>\n<p>Ulcinjski su maslinjaci zapu\u0161teni sedamdesetih i osamdesetih godina minulog stolje\u0107a. Tada su se Ulcinjani radije bavili turizmom, ne\u0161to unosnijim biznisom, \u0161to se po maslinarstvo pokazalo dobrim. Jer, u tom su se periodu u Evropi veoma koristili pesticidi i vje\u0161ta\u010dka gnojiva \u010dime su zaga\u0111ene ogromne poljoprivredne povr\u0161ine. A to je sada preduslov da se na ekolo\u0161ki na\u010din uzgaja maslina. U Ulcinju je posljednjih godina evidentan trend povratka maslini i maslinarstvu, ali je to daleko od mogu\u0107nosti i potreba. U ovoj op\u0161tini danas ima 77 hiljada stabala maslina, tek desetak hiljada vi\u0161e nego \u0161to ih je bilo krajem 19. vijeka. Na dinamiku podizanja novih maslinika i na kvalitet doma\u0107eg ulja ponajvi\u0161e je uticalo otvaranje novih modernih uljara koje skra\u0107uju vrijeme prerade ploda masline. \u201eSve \u0161to vidite ura\u0111eno je sopstvenim sredstvima. Nikakvu pomo\u0107 nijesmo dobili od dr\u017eave&#8221;, ka\u017ee Ru\u017edo Kolari u svom modernom mlinu. U Crnoj Gori se jo\u0161 te\u0161ko shvata da se od maslinarstva danas mo\u017ee lijepo i dobro \u017eivjeti. Iz Udru\u017eenja maslinara Bara su nedavno pokrenuli inicijativu \u201emaslina po glavi stanovnika&#8221;, po kojoj bi u na\u0161oj zemlji trebalo da se zasadi jo\u0161 oko 400 hiljada stabala te blagoslovljene biljke. Ta bi investicija ko\u0161tala oko 15 miliona eura, a od nje bi moglo da radi i \u017eivi pet do \u0161est hiljada ljudi. \u201eBila bi to najve\u0107a fabrika na otvorenom u na\u0161oj zemlji&#8221;, tvrde Barani. I zaista: maslina je na Primorju oduvijek bila simbol mladosti, mudrosti, mira, \u017eivota i izobilja. Zato je davno jedan poljoprivredni stru\u010dnjak iz Dalmacije svojim sunarodnicima poru\u010dio: ,,Mili pu\u010de, maslina i njezino ulje \u2013 tvoja je glavna uzdanica&#8221;.<br \/>\n<strong>Valdanos \u2013 cilj hodo\u010dasnika<\/strong><\/p>\n<p>Jan Svatek je bio uvjeren da \u0107e Valdanos, dok ga ne dotakne nova civilizacija, ostati cilj onih hodo\u010dasnika koji se \u017eele pokloniti veli\u010danstvenoj prirodi. ,,Mada, tada to vi\u0161e ne\u0107e biti ona \u010darobna dolina u kojoj mi se \u010dinilo da svuda oko mene ple\u0161u rusalke i vile. Tada \u0107e to biti izleti\u0161te, puno prljavog papira i drugog otpada, bojim se, ako ovamo stigne Evropa da \u0107e se lomiti mladi maslinovi izdanci. Ali, za sada je to jo\u0161 nevina priroda, netaknuta poslovi\u010dno svuda prisutnim prstom napretka. Zato, po\u017eurite svi vi koji \u017eelite u\u017eivati u pejsa\u017eu koji je stotinama godina ostao onakav kakvog ga je majka Priroda stvorila na svoje vlastito zadovoljstvo&#8221;, pisao je po\u010detkom 20. stolje\u0107a znameniti nau\u010dnik iz \u010ce\u0161ke.<br \/>\n<strong> Mustafa CANKA<br \/>\nIzvor\u00a0: MONITOR<\/strong><\/p>\n","protected":false},"excerpt":{"rendered":"<p>Ulcinjski maslinari imaju ove godine razloga za zadovoljstvo. O\u010dekuju veoma dobru berbu, a plod je dobar i kvalitetan bez obzira na dugi su\u0161ni period. Situacija je, me\u0111utim, tragi\u010dna u uvali Valdanos. Na tom prostoru od milion metara kvadratnih nalazi se oko 18 hiljada stabala stoljetnih maslina, \u0161to predstavlja gotovo \u010detvrtinu kompleksa ulcinjske Maslinade. A taj [&hellip;]<\/p>\n","protected":false},"author":1,"featured_media":0,"comment_status":"open","ping_status":"closed","sticky":false,"template":"","format":"standard","meta":{"spay_email":"","jetpack_publicize_message":"","jetpack_is_tweetstorm":false,"jetpack_publicize_feature_enabled":true},"categories":[8337],"tags":[21113],"jetpack_publicize_connections":[],"yoast_head":"<!-- This site is optimized with the Yoast SEO plugin v19.1 - https:\/\/yoast.com\/wordpress\/plugins\/seo\/ -->\n<title>Masline u \u0161ipra\u017eju - Lajme nga Ulqini<\/title>\n<meta name=\"description\" content=\"Ulcinjski maslinari imaju ove godine razloga za zadovoljstvo. O\u010dekuju veoma dobru berbu, a plod je dobar i kvalitetan bez obzira na dugi su\u0161ni period.\" \/>\n<meta name=\"robots\" content=\"index, follow, max-snippet:-1, max-image-preview:large, max-video-preview:-1\" \/>\n<link rel=\"canonical\" href=\"https:\/\/www.visit-ulcinj.com\/blog\/2012\/09\/23\/masline-u-siprazju\/\" \/>\n<meta property=\"og:locale\" content=\"en_US\" \/>\n<meta property=\"og:type\" content=\"article\" \/>\n<meta property=\"og:title\" content=\"Masline u \u0161ipra\u017eju - Lajme nga Ulqini\" \/>\n<meta property=\"og:description\" content=\"Ulcinjski maslinari imaju ove godine razloga za zadovoljstvo. O\u010dekuju veoma dobru berbu, a plod je dobar i kvalitetan bez obzira na dugi su\u0161ni period.\" \/>\n<meta property=\"og:url\" content=\"https:\/\/www.visit-ulcinj.com\/blog\/2012\/09\/23\/masline-u-siprazju\/\" \/>\n<meta property=\"og:site_name\" content=\"Lajme nga Ulqini\" \/>\n<meta property=\"article:published_time\" content=\"2012-09-23T17:30:16+00:00\" \/>\n<meta property=\"og:image\" content=\"http:\/\/www.visit-ulcinj.com\/blog\/wp-content\/uploads\/2012\/09\/MASLINE-ULCINJ.jpg\" \/>\n<meta name=\"twitter:label1\" content=\"Written by\" \/>\n\t<meta name=\"twitter:data1\" content=\"ulqini\" \/>\n\t<meta name=\"twitter:label2\" content=\"Est. reading time\" \/>\n\t<meta name=\"twitter:data2\" content=\"5 minutes\" \/>\n<script type=\"application\/ld+json\" class=\"yoast-schema-graph\">{\"@context\":\"https:\/\/schema.org\",\"@graph\":[{\"@type\":\"WebSite\",\"@id\":\"https:\/\/www.visit-ulcinj.com\/blog\/#website\",\"url\":\"https:\/\/www.visit-ulcinj.com\/blog\/\",\"name\":\"Lajme nga Ulqini\",\"description\":\"Lajme,Vijesti,Ulqini,Ulqin,Crna Gora,Mali i Zi\",\"potentialAction\":[{\"@type\":\"SearchAction\",\"target\":{\"@type\":\"EntryPoint\",\"urlTemplate\":\"https:\/\/www.visit-ulcinj.com\/blog\/?s={search_term_string}\"},\"query-input\":\"required name=search_term_string\"}],\"inLanguage\":\"en-US\"},{\"@type\":\"ImageObject\",\"inLanguage\":\"en-US\",\"@id\":\"https:\/\/www.visit-ulcinj.com\/blog\/2012\/09\/23\/masline-u-siprazju\/#primaryimage\",\"url\":\"https:\/\/www.visit-ulcinj.com\/blog\/wp-content\/uploads\/2012\/09\/MASLINE-ULCINJ.jpg\",\"contentUrl\":\"https:\/\/www.visit-ulcinj.com\/blog\/wp-content\/uploads\/2012\/09\/MASLINE-ULCINJ.jpg\",\"width\":\"537\",\"height\":\"429\"},{\"@type\":\"WebPage\",\"@id\":\"https:\/\/www.visit-ulcinj.com\/blog\/2012\/09\/23\/masline-u-siprazju\/#webpage\",\"url\":\"https:\/\/www.visit-ulcinj.com\/blog\/2012\/09\/23\/masline-u-siprazju\/\",\"name\":\"Masline u \u0161ipra\u017eju - Lajme nga Ulqini\",\"isPartOf\":{\"@id\":\"https:\/\/www.visit-ulcinj.com\/blog\/#website\"},\"primaryImageOfPage\":{\"@id\":\"https:\/\/www.visit-ulcinj.com\/blog\/2012\/09\/23\/masline-u-siprazju\/#primaryimage\"},\"datePublished\":\"2012-09-23T17:30:16+00:00\",\"dateModified\":\"2012-09-23T17:30:16+00:00\",\"author\":{\"@id\":\"https:\/\/www.visit-ulcinj.com\/blog\/#\/schema\/person\/dcab619c614d3038751c63bc2aadc06d\"},\"description\":\"Ulcinjski maslinari imaju ove godine razloga za zadovoljstvo. O\u010dekuju veoma dobru berbu, a plod je dobar i kvalitetan bez obzira na dugi su\u0161ni period.\",\"breadcrumb\":{\"@id\":\"https:\/\/www.visit-ulcinj.com\/blog\/2012\/09\/23\/masline-u-siprazju\/#breadcrumb\"},\"inLanguage\":\"en-US\",\"potentialAction\":[{\"@type\":\"ReadAction\",\"target\":[\"https:\/\/www.visit-ulcinj.com\/blog\/2012\/09\/23\/masline-u-siprazju\/\"]}]},{\"@type\":\"BreadcrumbList\",\"@id\":\"https:\/\/www.visit-ulcinj.com\/blog\/2012\/09\/23\/masline-u-siprazju\/#breadcrumb\",\"itemListElement\":[{\"@type\":\"ListItem\",\"position\":1,\"name\":\"Masline u \u0161ipra\u017eju\"}]},{\"@type\":\"Person\",\"@id\":\"https:\/\/www.visit-ulcinj.com\/blog\/#\/schema\/person\/dcab619c614d3038751c63bc2aadc06d\",\"name\":\"ulqini\",\"sameAs\":[\"http:\/\/www.visit-ulcinj.com\"],\"url\":\"https:\/\/www.visit-ulcinj.com\/blog\/author\/admin\/\"}]}<\/script>\n<!-- \/ Yoast SEO plugin. -->","yoast_head_json":{"title":"Masline u \u0161ipra\u017eju - Lajme nga Ulqini","description":"Ulcinjski maslinari imaju ove godine razloga za zadovoljstvo. O\u010dekuju veoma dobru berbu, a plod je dobar i kvalitetan bez obzira na dugi su\u0161ni period.","robots":{"index":"index","follow":"follow","max-snippet":"max-snippet:-1","max-image-preview":"max-image-preview:large","max-video-preview":"max-video-preview:-1"},"canonical":"https:\/\/www.visit-ulcinj.com\/blog\/2012\/09\/23\/masline-u-siprazju\/","og_locale":"en_US","og_type":"article","og_title":"Masline u \u0161ipra\u017eju - Lajme nga Ulqini","og_description":"Ulcinjski maslinari imaju ove godine razloga za zadovoljstvo. O\u010dekuju veoma dobru berbu, a plod je dobar i kvalitetan bez obzira na dugi su\u0161ni period.","og_url":"https:\/\/www.visit-ulcinj.com\/blog\/2012\/09\/23\/masline-u-siprazju\/","og_site_name":"Lajme nga Ulqini","article_published_time":"2012-09-23T17:30:16+00:00","og_image":[{"url":"http:\/\/www.visit-ulcinj.com\/blog\/wp-content\/uploads\/2012\/09\/MASLINE-ULCINJ.jpg"}],"twitter_misc":{"Written by":"ulqini","Est. reading time":"5 minutes"},"schema":{"@context":"https:\/\/schema.org","@graph":[{"@type":"WebSite","@id":"https:\/\/www.visit-ulcinj.com\/blog\/#website","url":"https:\/\/www.visit-ulcinj.com\/blog\/","name":"Lajme nga Ulqini","description":"Lajme,Vijesti,Ulqini,Ulqin,Crna Gora,Mali i Zi","potentialAction":[{"@type":"SearchAction","target":{"@type":"EntryPoint","urlTemplate":"https:\/\/www.visit-ulcinj.com\/blog\/?s={search_term_string}"},"query-input":"required name=search_term_string"}],"inLanguage":"en-US"},{"@type":"ImageObject","inLanguage":"en-US","@id":"https:\/\/www.visit-ulcinj.com\/blog\/2012\/09\/23\/masline-u-siprazju\/#primaryimage","url":"https:\/\/www.visit-ulcinj.com\/blog\/wp-content\/uploads\/2012\/09\/MASLINE-ULCINJ.jpg","contentUrl":"https:\/\/www.visit-ulcinj.com\/blog\/wp-content\/uploads\/2012\/09\/MASLINE-ULCINJ.jpg","width":"537","height":"429"},{"@type":"WebPage","@id":"https:\/\/www.visit-ulcinj.com\/blog\/2012\/09\/23\/masline-u-siprazju\/#webpage","url":"https:\/\/www.visit-ulcinj.com\/blog\/2012\/09\/23\/masline-u-siprazju\/","name":"Masline u \u0161ipra\u017eju - Lajme nga Ulqini","isPartOf":{"@id":"https:\/\/www.visit-ulcinj.com\/blog\/#website"},"primaryImageOfPage":{"@id":"https:\/\/www.visit-ulcinj.com\/blog\/2012\/09\/23\/masline-u-siprazju\/#primaryimage"},"datePublished":"2012-09-23T17:30:16+00:00","dateModified":"2012-09-23T17:30:16+00:00","author":{"@id":"https:\/\/www.visit-ulcinj.com\/blog\/#\/schema\/person\/dcab619c614d3038751c63bc2aadc06d"},"description":"Ulcinjski maslinari imaju ove godine razloga za zadovoljstvo. O\u010dekuju veoma dobru berbu, a plod je dobar i kvalitetan bez obzira na dugi su\u0161ni period.","breadcrumb":{"@id":"https:\/\/www.visit-ulcinj.com\/blog\/2012\/09\/23\/masline-u-siprazju\/#breadcrumb"},"inLanguage":"en-US","potentialAction":[{"@type":"ReadAction","target":["https:\/\/www.visit-ulcinj.com\/blog\/2012\/09\/23\/masline-u-siprazju\/"]}]},{"@type":"BreadcrumbList","@id":"https:\/\/www.visit-ulcinj.com\/blog\/2012\/09\/23\/masline-u-siprazju\/#breadcrumb","itemListElement":[{"@type":"ListItem","position":1,"name":"Masline u \u0161ipra\u017eju"}]},{"@type":"Person","@id":"https:\/\/www.visit-ulcinj.com\/blog\/#\/schema\/person\/dcab619c614d3038751c63bc2aadc06d","name":"ulqini","sameAs":["http:\/\/www.visit-ulcinj.com"],"url":"https:\/\/www.visit-ulcinj.com\/blog\/author\/admin\/"}]}},"jetpack_featured_media_url":"","jetpack_sharing_enabled":true,"jetpack_shortlink":"https:\/\/wp.me\/pe6lTn-gCG","_links":{"self":[{"href":"https:\/\/www.visit-ulcinj.com\/blog\/wp-json\/wp\/v2\/posts\/63902"}],"collection":[{"href":"https:\/\/www.visit-ulcinj.com\/blog\/wp-json\/wp\/v2\/posts"}],"about":[{"href":"https:\/\/www.visit-ulcinj.com\/blog\/wp-json\/wp\/v2\/types\/post"}],"author":[{"embeddable":true,"href":"https:\/\/www.visit-ulcinj.com\/blog\/wp-json\/wp\/v2\/users\/1"}],"replies":[{"embeddable":true,"href":"https:\/\/www.visit-ulcinj.com\/blog\/wp-json\/wp\/v2\/comments?post=63902"}],"version-history":[{"count":2,"href":"https:\/\/www.visit-ulcinj.com\/blog\/wp-json\/wp\/v2\/posts\/63902\/revisions"}],"predecessor-version":[{"id":63905,"href":"https:\/\/www.visit-ulcinj.com\/blog\/wp-json\/wp\/v2\/posts\/63902\/revisions\/63905"}],"wp:attachment":[{"href":"https:\/\/www.visit-ulcinj.com\/blog\/wp-json\/wp\/v2\/media?parent=63902"}],"wp:term":[{"taxonomy":"category","embeddable":true,"href":"https:\/\/www.visit-ulcinj.com\/blog\/wp-json\/wp\/v2\/categories?post=63902"},{"taxonomy":"post_tag","embeddable":true,"href":"https:\/\/www.visit-ulcinj.com\/blog\/wp-json\/wp\/v2\/tags?post=63902"}],"curies":[{"name":"wp","href":"https:\/\/api.w.org\/{rel}","templated":true}]}}