{"id":63909,"date":"2012-09-23T19:01:06","date_gmt":"2012-09-23T18:01:06","guid":{"rendered":"http:\/\/www.visit-ulcinj.com\/blog\/?p=63909"},"modified":"2012-09-23T19:01:06","modified_gmt":"2012-09-23T18:01:06","slug":"u-ulcinjskoj-solani-ocekuju-oko-20-000-tona-soli","status":"publish","type":"post","link":"https:\/\/www.visit-ulcinj.com\/blog\/2012\/09\/23\/u-ulcinjskoj-solani-ocekuju-oko-20-000-tona-soli\/","title":{"rendered":"U Ulcinjskoj Solani o\u010dekuju oko 20.000 tona soli"},"content":{"rendered":"<p><a href=\"http:\/\/www.visit-ulcinj.com\/blog\/wp-content\/uploads\/2012\/09\/ulcinjska-Solana-BAJO-SEKULIC.jpg\"><img loading=\"lazy\" class=\"alignleft  wp-image-63910\" title=\"ulcinjska-Solana BAJO SEKULIC\" src=\"http:\/\/www.visit-ulcinj.com\/blog\/wp-content\/uploads\/2012\/09\/ulcinjska-Solana-BAJO-SEKULIC.jpg\" alt=\"\" width=\"508\" height=\"307\" \/><\/a>Sezona koja obi\u010dno traje od sredine avgusta do sredine septembra, ove godine \u0107e, zbog po\u010detnog ka\u0161njenja trajati do kraja mjeseca, pi\u0161e Pobjeda.<\/p>\n<p>&#8220;Ove godine imali smo veliki broj problema sa postoje\u0107om opremom i ure\u0111ajima. Finansijska sredstva smo kasno obezbijedili, zbog \u010dega je i sama berba kasnila, pa \u0107e njen nastavak zavisiti od toga da li \u0107e nam vremenske prilike i\u0107i u korist\u201c, kazao je za Pobjedu izvr\u0161ni direktor Solane Dragi\u0161a Rosandi\u0107.<\/p>\n<p>Prema njegovim rije\u010dima, tehnologiju koja se trenutno koristi prilikom berbe karakteri\u0161e tek oko 50 odsto pouzdanosti, budu\u0107i da tokom vi\u0161e od dvije decenije nije ra\u0111eno na njenom unapre\u0111enju.<\/p>\n<p>Prethodna i ova godina u Solani se, kako navode iz preduze\u0107a, razlikuju po mnogo \u010demu. Po\u010detak pro\u0161logodi\u0161nje berbe obilje\u017eila je oskudica soli na poljima, klju\u010dna postrojenja za dopremu vode napumpnoj stanici Derane bila su u veoma lo\u0161em stanju.<\/p>\n<p>&#8220;Zahvaljuju\u0107i entuzijazmu zaposlenih i anga\u017eovanih saradnika uspje\u0161no smo okon\u010dali berbu i imali oko 10 hiljada tona soli. U odnosu na prosjek posljednjih godina navedena koli\u010dina predstavlja polovinu o\u010dekivanog prinosa\u201c, istakao je finansijski direktor Veselin Sa\u0161a Mitrovi\u0107.<\/p>\n<p>Mitrovi\u0107 o\u010dekuje da \u0107e tokom ove sezone biti prikupljeno oko 20 hiljada tona soli. Situacija u Solani znatno je uslovljena \u010dinjenicom da je broj zaposlenih znatno smanjen nakon odlaska preduze\u0107a u ste\u010daj, kao i ka\u0161njenja isplata zarada. Uzrok problema se nalazi u nedovoljnom kori\u0161\u0107enju potencijala tokom prethodnih godina i nerazumijevanja tada\u0161njeg menad\u017ementa kada su u pitanju namjere ve\u0107inskog vlasnika, ali se uz ulaganje velikih napora, stanje postepeno popravlja tokom posljednjih godinu dana.<\/p>\n<p><strong>Izvor: CDM<\/strong><\/p>\n","protected":false},"excerpt":{"rendered":"<p>Sezona koja obi\u010dno traje od sredine avgusta do sredine septembra, ove godine \u0107e, zbog po\u010detnog ka\u0161njenja trajati do kraja mjeseca, pi\u0161e Pobjeda. &#8220;Ove godine imali smo veliki broj problema sa postoje\u0107om opremom i ure\u0111ajima. Finansijska sredstva smo kasno obezbijedili, zbog \u010dega je i sama berba kasnila, pa \u0107e njen nastavak zavisiti od toga da li [&hellip;]<\/p>\n","protected":false},"author":1,"featured_media":0,"comment_status":"open","ping_status":"closed","sticky":false,"template":"","format":"standard","meta":{"spay_email":"","jetpack_publicize_message":"","jetpack_is_tweetstorm":false,"jetpack_publicize_feature_enabled":true},"categories":[8337],"tags":[19,1968],"jetpack_publicize_connections":[],"yoast_head":"<!-- This site is optimized with the Yoast SEO plugin v19.1 - https:\/\/yoast.com\/wordpress\/plugins\/seo\/ -->\n<title>U Ulcinjskoj Solani o\u010dekuju oko 20.000 tona soli - Lajme nga Ulqini<\/title>\n<meta name=\"description\" content=\"Sezona koja obi\u010dno traje od sredine avgusta do sredine septembra, ove godine \u0107e, zbog po\u010detnog ka\u0161njenja trajati do kraja mjeseca, pi\u0161e Pobjeda. &quot;Ove\" \/>\n<meta name=\"robots\" content=\"index, follow, max-snippet:-1, max-image-preview:large, max-video-preview:-1\" \/>\n<link rel=\"canonical\" href=\"https:\/\/www.visit-ulcinj.com\/blog\/2012\/09\/23\/u-ulcinjskoj-solani-ocekuju-oko-20-000-tona-soli\/\" \/>\n<meta property=\"og:locale\" content=\"en_US\" \/>\n<meta property=\"og:type\" content=\"article\" \/>\n<meta property=\"og:title\" content=\"U Ulcinjskoj Solani o\u010dekuju oko 20.000 tona soli - Lajme nga Ulqini\" \/>\n<meta property=\"og:description\" content=\"Sezona koja obi\u010dno traje od sredine avgusta do sredine septembra, ove godine \u0107e, zbog po\u010detnog ka\u0161njenja trajati do kraja mjeseca, pi\u0161e Pobjeda. &quot;Ove\" \/>\n<meta property=\"og:url\" content=\"https:\/\/www.visit-ulcinj.com\/blog\/2012\/09\/23\/u-ulcinjskoj-solani-ocekuju-oko-20-000-tona-soli\/\" \/>\n<meta property=\"og:site_name\" content=\"Lajme nga Ulqini\" \/>\n<meta property=\"article:published_time\" content=\"2012-09-23T18:01:06+00:00\" \/>\n<meta property=\"og:image\" content=\"http:\/\/www.visit-ulcinj.com\/blog\/wp-content\/uploads\/2012\/09\/ulcinjska-Solana-BAJO-SEKULIC.jpg\" \/>\n<meta name=\"twitter:label1\" content=\"Written by\" \/>\n\t<meta name=\"twitter:data1\" content=\"ulqini\" \/>\n\t<meta name=\"twitter:label2\" content=\"Est. reading time\" \/>\n\t<meta name=\"twitter:data2\" content=\"1 minute\" \/>\n<script type=\"application\/ld+json\" class=\"yoast-schema-graph\">{\"@context\":\"https:\/\/schema.org\",\"@graph\":[{\"@type\":\"WebSite\",\"@id\":\"https:\/\/www.visit-ulcinj.com\/blog\/#website\",\"url\":\"https:\/\/www.visit-ulcinj.com\/blog\/\",\"name\":\"Lajme nga Ulqini\",\"description\":\"Lajme,Vijesti,Ulqini,Ulqin,Crna Gora,Mali i Zi\",\"potentialAction\":[{\"@type\":\"SearchAction\",\"target\":{\"@type\":\"EntryPoint\",\"urlTemplate\":\"https:\/\/www.visit-ulcinj.com\/blog\/?s={search_term_string}\"},\"query-input\":\"required name=search_term_string\"}],\"inLanguage\":\"en-US\"},{\"@type\":\"ImageObject\",\"inLanguage\":\"en-US\",\"@id\":\"https:\/\/www.visit-ulcinj.com\/blog\/2012\/09\/23\/u-ulcinjskoj-solani-ocekuju-oko-20-000-tona-soli\/#primaryimage\",\"url\":\"https:\/\/www.visit-ulcinj.com\/blog\/wp-content\/uploads\/2012\/09\/ulcinjska-Solana-BAJO-SEKULIC.jpg\",\"contentUrl\":\"https:\/\/www.visit-ulcinj.com\/blog\/wp-content\/uploads\/2012\/09\/ulcinjska-Solana-BAJO-SEKULIC.jpg\",\"width\":\"600\",\"height\":\"307\"},{\"@type\":\"WebPage\",\"@id\":\"https:\/\/www.visit-ulcinj.com\/blog\/2012\/09\/23\/u-ulcinjskoj-solani-ocekuju-oko-20-000-tona-soli\/#webpage\",\"url\":\"https:\/\/www.visit-ulcinj.com\/blog\/2012\/09\/23\/u-ulcinjskoj-solani-ocekuju-oko-20-000-tona-soli\/\",\"name\":\"U Ulcinjskoj Solani o\u010dekuju oko 20.000 tona soli - Lajme nga Ulqini\",\"isPartOf\":{\"@id\":\"https:\/\/www.visit-ulcinj.com\/blog\/#website\"},\"primaryImageOfPage\":{\"@id\":\"https:\/\/www.visit-ulcinj.com\/blog\/2012\/09\/23\/u-ulcinjskoj-solani-ocekuju-oko-20-000-tona-soli\/#primaryimage\"},\"datePublished\":\"2012-09-23T18:01:06+00:00\",\"dateModified\":\"2012-09-23T18:01:06+00:00\",\"author\":{\"@id\":\"https:\/\/www.visit-ulcinj.com\/blog\/#\/schema\/person\/dcab619c614d3038751c63bc2aadc06d\"},\"description\":\"Sezona koja obi\u010dno traje od sredine avgusta do sredine septembra, ove godine \u0107e, zbog po\u010detnog ka\u0161njenja trajati do kraja mjeseca, pi\u0161e Pobjeda. \\\"Ove\",\"breadcrumb\":{\"@id\":\"https:\/\/www.visit-ulcinj.com\/blog\/2012\/09\/23\/u-ulcinjskoj-solani-ocekuju-oko-20-000-tona-soli\/#breadcrumb\"},\"inLanguage\":\"en-US\",\"potentialAction\":[{\"@type\":\"ReadAction\",\"target\":[\"https:\/\/www.visit-ulcinj.com\/blog\/2012\/09\/23\/u-ulcinjskoj-solani-ocekuju-oko-20-000-tona-soli\/\"]}]},{\"@type\":\"BreadcrumbList\",\"@id\":\"https:\/\/www.visit-ulcinj.com\/blog\/2012\/09\/23\/u-ulcinjskoj-solani-ocekuju-oko-20-000-tona-soli\/#breadcrumb\",\"itemListElement\":[{\"@type\":\"ListItem\",\"position\":1,\"name\":\"U Ulcinjskoj Solani o\u010dekuju oko 20.000 tona soli\"}]},{\"@type\":\"Person\",\"@id\":\"https:\/\/www.visit-ulcinj.com\/blog\/#\/schema\/person\/dcab619c614d3038751c63bc2aadc06d\",\"name\":\"ulqini\",\"sameAs\":[\"http:\/\/www.visit-ulcinj.com\"],\"url\":\"https:\/\/www.visit-ulcinj.com\/blog\/author\/admin\/\"}]}<\/script>\n<!-- \/ Yoast SEO plugin. -->","yoast_head_json":{"title":"U Ulcinjskoj Solani o\u010dekuju oko 20.000 tona soli - Lajme nga Ulqini","description":"Sezona koja obi\u010dno traje od sredine avgusta do sredine septembra, ove godine \u0107e, zbog po\u010detnog ka\u0161njenja trajati do kraja mjeseca, pi\u0161e Pobjeda. \"Ove","robots":{"index":"index","follow":"follow","max-snippet":"max-snippet:-1","max-image-preview":"max-image-preview:large","max-video-preview":"max-video-preview:-1"},"canonical":"https:\/\/www.visit-ulcinj.com\/blog\/2012\/09\/23\/u-ulcinjskoj-solani-ocekuju-oko-20-000-tona-soli\/","og_locale":"en_US","og_type":"article","og_title":"U Ulcinjskoj Solani o\u010dekuju oko 20.000 tona soli - Lajme nga Ulqini","og_description":"Sezona koja obi\u010dno traje od sredine avgusta do sredine septembra, ove godine \u0107e, zbog po\u010detnog ka\u0161njenja trajati do kraja mjeseca, pi\u0161e Pobjeda. \"Ove","og_url":"https:\/\/www.visit-ulcinj.com\/blog\/2012\/09\/23\/u-ulcinjskoj-solani-ocekuju-oko-20-000-tona-soli\/","og_site_name":"Lajme nga Ulqini","article_published_time":"2012-09-23T18:01:06+00:00","og_image":[{"url":"http:\/\/www.visit-ulcinj.com\/blog\/wp-content\/uploads\/2012\/09\/ulcinjska-Solana-BAJO-SEKULIC.jpg"}],"twitter_misc":{"Written by":"ulqini","Est. reading time":"1 minute"},"schema":{"@context":"https:\/\/schema.org","@graph":[{"@type":"WebSite","@id":"https:\/\/www.visit-ulcinj.com\/blog\/#website","url":"https:\/\/www.visit-ulcinj.com\/blog\/","name":"Lajme nga Ulqini","description":"Lajme,Vijesti,Ulqini,Ulqin,Crna Gora,Mali i Zi","potentialAction":[{"@type":"SearchAction","target":{"@type":"EntryPoint","urlTemplate":"https:\/\/www.visit-ulcinj.com\/blog\/?s={search_term_string}"},"query-input":"required name=search_term_string"}],"inLanguage":"en-US"},{"@type":"ImageObject","inLanguage":"en-US","@id":"https:\/\/www.visit-ulcinj.com\/blog\/2012\/09\/23\/u-ulcinjskoj-solani-ocekuju-oko-20-000-tona-soli\/#primaryimage","url":"https:\/\/www.visit-ulcinj.com\/blog\/wp-content\/uploads\/2012\/09\/ulcinjska-Solana-BAJO-SEKULIC.jpg","contentUrl":"https:\/\/www.visit-ulcinj.com\/blog\/wp-content\/uploads\/2012\/09\/ulcinjska-Solana-BAJO-SEKULIC.jpg","width":"600","height":"307"},{"@type":"WebPage","@id":"https:\/\/www.visit-ulcinj.com\/blog\/2012\/09\/23\/u-ulcinjskoj-solani-ocekuju-oko-20-000-tona-soli\/#webpage","url":"https:\/\/www.visit-ulcinj.com\/blog\/2012\/09\/23\/u-ulcinjskoj-solani-ocekuju-oko-20-000-tona-soli\/","name":"U Ulcinjskoj Solani o\u010dekuju oko 20.000 tona soli - Lajme nga Ulqini","isPartOf":{"@id":"https:\/\/www.visit-ulcinj.com\/blog\/#website"},"primaryImageOfPage":{"@id":"https:\/\/www.visit-ulcinj.com\/blog\/2012\/09\/23\/u-ulcinjskoj-solani-ocekuju-oko-20-000-tona-soli\/#primaryimage"},"datePublished":"2012-09-23T18:01:06+00:00","dateModified":"2012-09-23T18:01:06+00:00","author":{"@id":"https:\/\/www.visit-ulcinj.com\/blog\/#\/schema\/person\/dcab619c614d3038751c63bc2aadc06d"},"description":"Sezona koja obi\u010dno traje od sredine avgusta do sredine septembra, ove godine \u0107e, zbog po\u010detnog ka\u0161njenja trajati do kraja mjeseca, pi\u0161e Pobjeda. \"Ove","breadcrumb":{"@id":"https:\/\/www.visit-ulcinj.com\/blog\/2012\/09\/23\/u-ulcinjskoj-solani-ocekuju-oko-20-000-tona-soli\/#breadcrumb"},"inLanguage":"en-US","potentialAction":[{"@type":"ReadAction","target":["https:\/\/www.visit-ulcinj.com\/blog\/2012\/09\/23\/u-ulcinjskoj-solani-ocekuju-oko-20-000-tona-soli\/"]}]},{"@type":"BreadcrumbList","@id":"https:\/\/www.visit-ulcinj.com\/blog\/2012\/09\/23\/u-ulcinjskoj-solani-ocekuju-oko-20-000-tona-soli\/#breadcrumb","itemListElement":[{"@type":"ListItem","position":1,"name":"U Ulcinjskoj Solani o\u010dekuju oko 20.000 tona soli"}]},{"@type":"Person","@id":"https:\/\/www.visit-ulcinj.com\/blog\/#\/schema\/person\/dcab619c614d3038751c63bc2aadc06d","name":"ulqini","sameAs":["http:\/\/www.visit-ulcinj.com"],"url":"https:\/\/www.visit-ulcinj.com\/blog\/author\/admin\/"}]}},"jetpack_featured_media_url":"","jetpack_sharing_enabled":true,"jetpack_shortlink":"https:\/\/wp.me\/pe6lTn-gCN","_links":{"self":[{"href":"https:\/\/www.visit-ulcinj.com\/blog\/wp-json\/wp\/v2\/posts\/63909"}],"collection":[{"href":"https:\/\/www.visit-ulcinj.com\/blog\/wp-json\/wp\/v2\/posts"}],"about":[{"href":"https:\/\/www.visit-ulcinj.com\/blog\/wp-json\/wp\/v2\/types\/post"}],"author":[{"embeddable":true,"href":"https:\/\/www.visit-ulcinj.com\/blog\/wp-json\/wp\/v2\/users\/1"}],"replies":[{"embeddable":true,"href":"https:\/\/www.visit-ulcinj.com\/blog\/wp-json\/wp\/v2\/comments?post=63909"}],"version-history":[{"count":1,"href":"https:\/\/www.visit-ulcinj.com\/blog\/wp-json\/wp\/v2\/posts\/63909\/revisions"}],"predecessor-version":[{"id":63911,"href":"https:\/\/www.visit-ulcinj.com\/blog\/wp-json\/wp\/v2\/posts\/63909\/revisions\/63911"}],"wp:attachment":[{"href":"https:\/\/www.visit-ulcinj.com\/blog\/wp-json\/wp\/v2\/media?parent=63909"}],"wp:term":[{"taxonomy":"category","embeddable":true,"href":"https:\/\/www.visit-ulcinj.com\/blog\/wp-json\/wp\/v2\/categories?post=63909"},{"taxonomy":"post_tag","embeddable":true,"href":"https:\/\/www.visit-ulcinj.com\/blog\/wp-json\/wp\/v2\/tags?post=63909"}],"curies":[{"name":"wp","href":"https:\/\/api.w.org\/{rel}","templated":true}]}}