{"id":63918,"date":"2012-09-24T10:23:19","date_gmt":"2012-09-24T09:23:19","guid":{"rendered":"http:\/\/www.visit-ulcinj.com\/blog\/?p=63918"},"modified":"2012-09-24T22:19:48","modified_gmt":"2012-09-24T21:19:48","slug":"medina-kanaqi-bojan-vladisavjevic-me-medalje-per-taekwondo-ulqini","status":"publish","type":"post","link":"https:\/\/www.visit-ulcinj.com\/blog\/2012\/09\/24\/medina-kanaqi-bojan-vladisavjevic-me-medalje-per-taekwondo-ulqini\/","title":{"rendered":"Medina Kanaqi &#038; Bojan Vladisavjevic me medalje p\u00ebr Taekwondo Ulqini"},"content":{"rendered":"<p><strong><a href=\"http:\/\/www.visit-ulcinj.com\/blog\/wp-content\/uploads\/2012\/09\/Medina-Kanaqi-Bojan-Vladisavjevic-me-medalje-p\u00ebr-Taekwondo-Ulqini.jpg\"><img loading=\"lazy\" class=\"alignleft  wp-image-63919\" title=\"Medina Kanaqi &amp; Bojan Vladisavjevic me medalje p\u00ebr Taekwondo Ulqini,world taekwondo klub Ulqini, world taekwondo klub Ulcinj, world taekwondo Club Ulcinj, Ulcinj taekwondo Club, Ulqini taekwondo Club, Ulcinj taekwondo Klub, Ulqini taekwondo Klub,\" src=\"http:\/\/www.visit-ulcinj.com\/blog\/wp-content\/uploads\/2012\/09\/Medina-Kanaqi-Bojan-Vladisavjevic-me-medalje-p\u00ebr-Taekwondo-Ulqini.jpg\" alt=\"world taekwondo klub Ulqini, world taekwondo klub Ulcinj, world taekwondo Club Ulcinj, Ulcinj taekwondo Club, Ulqini taekwondo Club, Ulcinj taekwondo Klub, Ulqini taekwondo Klub,\" width=\"508\" height=\"360\" \/><\/a>Kampionati Ballkanik n\u00eb Sarajev\u00eb 2012<\/strong><\/p>\n<p>Me dat\u00eb 22.09.2012 n\u00eb Sarajev\u00eb u mbajt\u00eb kampionati ballkanik n\u00eb sportin olimpik Taekowndo.<\/p>\n<p>N\u00eb k\u00ebt\u00eb kampionat\u00eb prej 12 shteteve ballkanike mor\u00ebn pjes\u00eb 11 shtete me 480 garues.<\/p>\n<p>N\u00eb k\u00ebt\u00eb kampionat\u00eb u paraqit\u00eb edhe p\u00ebrfaqsuesja e Mlit t\u00eb Zi e udh\u00ebhequr nga selektori Fikret Dushku i p\u00ebrb\u00ebr\u00eb prej 7 garuesve.<\/p>\n<p>Rezultati p\u00ebr p\u00ebrfaqsuesen e Malit t\u00eb Zi ishte 5 medalje, 1 t\u00eb art\u00eb, 2 t\u00eb argjend\u00ebta, dhe 2 t\u00eb bronzit.<\/p>\n<p><a href=\"http:\/\/www.visit-ulcinj.com\/blog\/wp-content\/uploads\/2012\/09\/Medina-Kanaqi-Bojan-Vladisavjevic-me-medalje-p\u00ebr-Taekwondo-Ulqini.2.jpg\"><img loading=\"lazy\" class=\"alignleft  wp-image-63920\" title=\"Medina Kanaqi &amp; Bojan Vladisavjevic me medalje p\u00ebr Taekwondo Ulqini.2\" src=\"http:\/\/www.visit-ulcinj.com\/blog\/wp-content\/uploads\/2012\/09\/Medina-Kanaqi-Bojan-Vladisavjevic-me-medalje-p\u00ebr-Taekwondo-Ulqini.2.jpg\" alt=\"\" width=\"508\" height=\"300\" \/><\/a><\/p>\n<p>Me medalje t\u00eb art\u00eb kampion i ballkanit u shp\u00ebrblye garuesi nga TK Buducnost Danilo Spasojevic, me dalje t\u00eb argjend\u00eb u shp\u00ebrblye garuesi nga TK Montenegrostars Milo Jankovic dhe garuesi nga TK Ulqini Bojan Vladisavljevic n\u00eb diciplin\u00ebn e formave, me medalje t\u00eb bronzit u shp\u00ebrblyen Medina Kanaqi dhe Fikret Dushku poashtu nga TK Ulqini n\u00eb diciplin\u00ebn e formave.<br \/>\n1.<br \/>\n<a href=\"http:\/\/www.visit-ulcinj.com\/blog\/wp-content\/uploads\/2012\/09\/Medina-Kanaqi-Bojan-Vladisavjevic-me-medalje-p\u00ebr-Taekwondo-Ulqini.1.jpg\"><img loading=\"lazy\" class=\"alignleft  wp-image-63921\" title=\"Medina Kanaqi &amp; Bojan Vladisavjevic me medalje p\u00ebr Taekwondo Ulqini.1\" src=\"http:\/\/www.visit-ulcinj.com\/blog\/wp-content\/uploads\/2012\/09\/Medina-Kanaqi-Bojan-Vladisavjevic-me-medalje-p\u00ebr-Taekwondo-Ulqini.1.jpg\" alt=\"\" width=\"508\" height=\"300\" \/><\/a><br \/>\n2.<br \/>\n<a href=\"http:\/\/www.visit-ulcinj.com\/blog\/wp-content\/uploads\/2012\/09\/Medina-Kanaqi-me-medalje-p\u00ebr-Taekwondo-Ulqini.1.jpg\"><img loading=\"lazy\" class=\"alignleft size-full wp-image-63922\" title=\"Medina Kanaqi  me medalje p\u00ebr Taekwondo Ulqini.1\" src=\"http:\/\/www.visit-ulcinj.com\/blog\/wp-content\/uploads\/2012\/09\/Medina-Kanaqi-me-medalje-p\u00ebr-Taekwondo-Ulqini.1.jpg\" alt=\"\" width=\"508\" height=\"300\" \/><\/a><br \/>\n3.<br \/>\n<a href=\"http:\/\/www.visit-ulcinj.com\/blog\/wp-content\/uploads\/2012\/09\/Medina-Kanaqi-Bojan-Vladisavjevic-me-medalje-p\u00ebr-Taekwondo-Ulqini.3.jpg\"><img loading=\"lazy\" class=\"alignleft size-full wp-image-63923\" title=\"Medina Kanaqi &amp; Bojan Vladisavjevic me medalje p\u00ebr Taekwondo Ulqini.3\" src=\"http:\/\/www.visit-ulcinj.com\/blog\/wp-content\/uploads\/2012\/09\/Medina-Kanaqi-Bojan-Vladisavjevic-me-medalje-p\u00ebr-Taekwondo-Ulqini.3.jpg\" alt=\"\" width=\"508\" height=\"300\" \/><\/a><\/p>\n","protected":false},"excerpt":{"rendered":"<p>Kampionati Ballkanik n\u00eb Sarajev\u00eb 2012 Me dat\u00eb 22.09.2012 n\u00eb Sarajev\u00eb u mbajt\u00eb kampionati ballkanik n\u00eb sportin olimpik Taekowndo. N\u00eb k\u00ebt\u00eb kampionat\u00eb prej 12 shteteve ballkanike mor\u00ebn pjes\u00eb 11 shtete me 480 garues. N\u00eb k\u00ebt\u00eb kampionat\u00eb u paraqit\u00eb edhe p\u00ebrfaqsuesja e Mlit t\u00eb Zi e udh\u00ebhequr nga selektori Fikret Dushku i p\u00ebrb\u00ebr\u00eb prej 7 garuesve. Rezultati [&hellip;]<\/p>\n","protected":false},"author":1,"featured_media":0,"comment_status":"open","ping_status":"closed","sticky":false,"template":"","format":"standard","meta":{"spay_email":"","jetpack_publicize_message":"","jetpack_is_tweetstorm":false,"jetpack_publicize_feature_enabled":true},"categories":[3],"tags":[21117,21119,21118,21120,21116,21115,21114],"jetpack_publicize_connections":[],"yoast_head":"<!-- This site is optimized with the Yoast SEO plugin v19.1 - https:\/\/yoast.com\/wordpress\/plugins\/seo\/ -->\n<title>Medina Kanaqi &amp; Bojan Vladisavjevic me medalje p\u00ebr Taekwondo Ulqini - Lajme nga Ulqini<\/title>\n<meta name=\"description\" content=\"Kampionati Ballkanik n\u00eb Sarajev\u00eb 2012 Me dat\u00eb 22.09.2012 n\u00eb Sarajev\u00eb u mbajt\u00eb kampionati ballkanik n\u00eb sportin olimpik Taekowndo. N\u00eb k\u00ebt\u00eb kampionat\u00eb prej\" \/>\n<meta name=\"robots\" content=\"index, follow, max-snippet:-1, max-image-preview:large, max-video-preview:-1\" \/>\n<link rel=\"canonical\" href=\"https:\/\/www.visit-ulcinj.com\/blog\/2012\/09\/24\/medina-kanaqi-bojan-vladisavjevic-me-medalje-per-taekwondo-ulqini\/\" \/>\n<meta property=\"og:locale\" content=\"en_US\" \/>\n<meta property=\"og:type\" content=\"article\" \/>\n<meta property=\"og:title\" content=\"Medina Kanaqi &amp; Bojan Vladisavjevic me medalje p\u00ebr Taekwondo Ulqini - Lajme nga Ulqini\" \/>\n<meta property=\"og:description\" content=\"Kampionati Ballkanik n\u00eb Sarajev\u00eb 2012 Me dat\u00eb 22.09.2012 n\u00eb Sarajev\u00eb u mbajt\u00eb kampionati ballkanik n\u00eb sportin olimpik Taekowndo. N\u00eb k\u00ebt\u00eb kampionat\u00eb prej\" \/>\n<meta property=\"og:url\" content=\"https:\/\/www.visit-ulcinj.com\/blog\/2012\/09\/24\/medina-kanaqi-bojan-vladisavjevic-me-medalje-per-taekwondo-ulqini\/\" \/>\n<meta property=\"og:site_name\" content=\"Lajme nga Ulqini\" \/>\n<meta property=\"article:published_time\" content=\"2012-09-24T09:23:19+00:00\" \/>\n<meta property=\"article:modified_time\" content=\"2012-09-24T21:19:48+00:00\" \/>\n<meta name=\"twitter:label1\" content=\"Written by\" \/>\n\t<meta name=\"twitter:data1\" content=\"ulqini\" \/>\n\t<meta name=\"twitter:label2\" content=\"Est. reading time\" \/>\n\t<meta name=\"twitter:data2\" content=\"1 minute\" \/>\n<script type=\"application\/ld+json\" class=\"yoast-schema-graph\">{\"@context\":\"https:\/\/schema.org\",\"@graph\":[{\"@type\":\"WebSite\",\"@id\":\"https:\/\/www.visit-ulcinj.com\/blog\/#website\",\"url\":\"https:\/\/www.visit-ulcinj.com\/blog\/\",\"name\":\"Lajme nga Ulqini\",\"description\":\"Lajme,Vijesti,Ulqini,Ulqin,Crna Gora,Mali i Zi\",\"potentialAction\":[{\"@type\":\"SearchAction\",\"target\":{\"@type\":\"EntryPoint\",\"urlTemplate\":\"https:\/\/www.visit-ulcinj.com\/blog\/?s={search_term_string}\"},\"query-input\":\"required name=search_term_string\"}],\"inLanguage\":\"en-US\"},{\"@type\":\"WebPage\",\"@id\":\"https:\/\/www.visit-ulcinj.com\/blog\/2012\/09\/24\/medina-kanaqi-bojan-vladisavjevic-me-medalje-per-taekwondo-ulqini\/#webpage\",\"url\":\"https:\/\/www.visit-ulcinj.com\/blog\/2012\/09\/24\/medina-kanaqi-bojan-vladisavjevic-me-medalje-per-taekwondo-ulqini\/\",\"name\":\"Medina Kanaqi & Bojan Vladisavjevic me medalje p\u00ebr Taekwondo Ulqini - Lajme nga Ulqini\",\"isPartOf\":{\"@id\":\"https:\/\/www.visit-ulcinj.com\/blog\/#website\"},\"datePublished\":\"2012-09-24T09:23:19+00:00\",\"dateModified\":\"2012-09-24T21:19:48+00:00\",\"author\":{\"@id\":\"https:\/\/www.visit-ulcinj.com\/blog\/#\/schema\/person\/dcab619c614d3038751c63bc2aadc06d\"},\"description\":\"Kampionati Ballkanik n\u00eb Sarajev\u00eb 2012 Me dat\u00eb 22.09.2012 n\u00eb Sarajev\u00eb u mbajt\u00eb kampionati ballkanik n\u00eb sportin olimpik Taekowndo. N\u00eb k\u00ebt\u00eb kampionat\u00eb prej\",\"breadcrumb\":{\"@id\":\"https:\/\/www.visit-ulcinj.com\/blog\/2012\/09\/24\/medina-kanaqi-bojan-vladisavjevic-me-medalje-per-taekwondo-ulqini\/#breadcrumb\"},\"inLanguage\":\"en-US\",\"potentialAction\":[{\"@type\":\"ReadAction\",\"target\":[\"https:\/\/www.visit-ulcinj.com\/blog\/2012\/09\/24\/medina-kanaqi-bojan-vladisavjevic-me-medalje-per-taekwondo-ulqini\/\"]}]},{\"@type\":\"BreadcrumbList\",\"@id\":\"https:\/\/www.visit-ulcinj.com\/blog\/2012\/09\/24\/medina-kanaqi-bojan-vladisavjevic-me-medalje-per-taekwondo-ulqini\/#breadcrumb\",\"itemListElement\":[{\"@type\":\"ListItem\",\"position\":1,\"name\":\"Medina Kanaqi &#038; Bojan Vladisavjevic me medalje p\u00ebr Taekwondo Ulqini\"}]},{\"@type\":\"Person\",\"@id\":\"https:\/\/www.visit-ulcinj.com\/blog\/#\/schema\/person\/dcab619c614d3038751c63bc2aadc06d\",\"name\":\"ulqini\",\"sameAs\":[\"http:\/\/www.visit-ulcinj.com\"],\"url\":\"https:\/\/www.visit-ulcinj.com\/blog\/author\/admin\/\"}]}<\/script>\n<!-- \/ Yoast SEO plugin. -->","yoast_head_json":{"title":"Medina Kanaqi & Bojan Vladisavjevic me medalje p\u00ebr Taekwondo Ulqini - Lajme nga Ulqini","description":"Kampionati Ballkanik n\u00eb Sarajev\u00eb 2012 Me dat\u00eb 22.09.2012 n\u00eb Sarajev\u00eb u mbajt\u00eb kampionati ballkanik n\u00eb sportin olimpik Taekowndo. N\u00eb k\u00ebt\u00eb kampionat\u00eb prej","robots":{"index":"index","follow":"follow","max-snippet":"max-snippet:-1","max-image-preview":"max-image-preview:large","max-video-preview":"max-video-preview:-1"},"canonical":"https:\/\/www.visit-ulcinj.com\/blog\/2012\/09\/24\/medina-kanaqi-bojan-vladisavjevic-me-medalje-per-taekwondo-ulqini\/","og_locale":"en_US","og_type":"article","og_title":"Medina Kanaqi & Bojan Vladisavjevic me medalje p\u00ebr Taekwondo Ulqini - Lajme nga Ulqini","og_description":"Kampionati Ballkanik n\u00eb Sarajev\u00eb 2012 Me dat\u00eb 22.09.2012 n\u00eb Sarajev\u00eb u mbajt\u00eb kampionati ballkanik n\u00eb sportin olimpik Taekowndo. N\u00eb k\u00ebt\u00eb kampionat\u00eb prej","og_url":"https:\/\/www.visit-ulcinj.com\/blog\/2012\/09\/24\/medina-kanaqi-bojan-vladisavjevic-me-medalje-per-taekwondo-ulqini\/","og_site_name":"Lajme nga Ulqini","article_published_time":"2012-09-24T09:23:19+00:00","article_modified_time":"2012-09-24T21:19:48+00:00","twitter_misc":{"Written by":"ulqini","Est. reading time":"1 minute"},"schema":{"@context":"https:\/\/schema.org","@graph":[{"@type":"WebSite","@id":"https:\/\/www.visit-ulcinj.com\/blog\/#website","url":"https:\/\/www.visit-ulcinj.com\/blog\/","name":"Lajme nga Ulqini","description":"Lajme,Vijesti,Ulqini,Ulqin,Crna Gora,Mali i Zi","potentialAction":[{"@type":"SearchAction","target":{"@type":"EntryPoint","urlTemplate":"https:\/\/www.visit-ulcinj.com\/blog\/?s={search_term_string}"},"query-input":"required name=search_term_string"}],"inLanguage":"en-US"},{"@type":"WebPage","@id":"https:\/\/www.visit-ulcinj.com\/blog\/2012\/09\/24\/medina-kanaqi-bojan-vladisavjevic-me-medalje-per-taekwondo-ulqini\/#webpage","url":"https:\/\/www.visit-ulcinj.com\/blog\/2012\/09\/24\/medina-kanaqi-bojan-vladisavjevic-me-medalje-per-taekwondo-ulqini\/","name":"Medina Kanaqi & Bojan Vladisavjevic me medalje p\u00ebr Taekwondo Ulqini - Lajme nga Ulqini","isPartOf":{"@id":"https:\/\/www.visit-ulcinj.com\/blog\/#website"},"datePublished":"2012-09-24T09:23:19+00:00","dateModified":"2012-09-24T21:19:48+00:00","author":{"@id":"https:\/\/www.visit-ulcinj.com\/blog\/#\/schema\/person\/dcab619c614d3038751c63bc2aadc06d"},"description":"Kampionati Ballkanik n\u00eb Sarajev\u00eb 2012 Me dat\u00eb 22.09.2012 n\u00eb Sarajev\u00eb u mbajt\u00eb kampionati ballkanik n\u00eb sportin olimpik Taekowndo. N\u00eb k\u00ebt\u00eb kampionat\u00eb prej","breadcrumb":{"@id":"https:\/\/www.visit-ulcinj.com\/blog\/2012\/09\/24\/medina-kanaqi-bojan-vladisavjevic-me-medalje-per-taekwondo-ulqini\/#breadcrumb"},"inLanguage":"en-US","potentialAction":[{"@type":"ReadAction","target":["https:\/\/www.visit-ulcinj.com\/blog\/2012\/09\/24\/medina-kanaqi-bojan-vladisavjevic-me-medalje-per-taekwondo-ulqini\/"]}]},{"@type":"BreadcrumbList","@id":"https:\/\/www.visit-ulcinj.com\/blog\/2012\/09\/24\/medina-kanaqi-bojan-vladisavjevic-me-medalje-per-taekwondo-ulqini\/#breadcrumb","itemListElement":[{"@type":"ListItem","position":1,"name":"Medina Kanaqi &#038; Bojan Vladisavjevic me medalje p\u00ebr Taekwondo Ulqini"}]},{"@type":"Person","@id":"https:\/\/www.visit-ulcinj.com\/blog\/#\/schema\/person\/dcab619c614d3038751c63bc2aadc06d","name":"ulqini","sameAs":["http:\/\/www.visit-ulcinj.com"],"url":"https:\/\/www.visit-ulcinj.com\/blog\/author\/admin\/"}]}},"jetpack_featured_media_url":"","jetpack_sharing_enabled":true,"jetpack_shortlink":"https:\/\/wp.me\/pe6lTn-gCW","_links":{"self":[{"href":"https:\/\/www.visit-ulcinj.com\/blog\/wp-json\/wp\/v2\/posts\/63918"}],"collection":[{"href":"https:\/\/www.visit-ulcinj.com\/blog\/wp-json\/wp\/v2\/posts"}],"about":[{"href":"https:\/\/www.visit-ulcinj.com\/blog\/wp-json\/wp\/v2\/types\/post"}],"author":[{"embeddable":true,"href":"https:\/\/www.visit-ulcinj.com\/blog\/wp-json\/wp\/v2\/users\/1"}],"replies":[{"embeddable":true,"href":"https:\/\/www.visit-ulcinj.com\/blog\/wp-json\/wp\/v2\/comments?post=63918"}],"version-history":[{"count":2,"href":"https:\/\/www.visit-ulcinj.com\/blog\/wp-json\/wp\/v2\/posts\/63918\/revisions"}],"predecessor-version":[{"id":63975,"href":"https:\/\/www.visit-ulcinj.com\/blog\/wp-json\/wp\/v2\/posts\/63918\/revisions\/63975"}],"wp:attachment":[{"href":"https:\/\/www.visit-ulcinj.com\/blog\/wp-json\/wp\/v2\/media?parent=63918"}],"wp:term":[{"taxonomy":"category","embeddable":true,"href":"https:\/\/www.visit-ulcinj.com\/blog\/wp-json\/wp\/v2\/categories?post=63918"},{"taxonomy":"post_tag","embeddable":true,"href":"https:\/\/www.visit-ulcinj.com\/blog\/wp-json\/wp\/v2\/tags?post=63918"}],"curies":[{"name":"wp","href":"https:\/\/api.w.org\/{rel}","templated":true}]}}