{"id":6394,"date":"2008-11-20T14:03:02","date_gmt":"2008-11-20T19:03:02","guid":{"rendered":"http:\/\/www.visit-ulcinj.com\/blog\/?p=6394"},"modified":"2008-11-20T14:03:02","modified_gmt":"2008-11-20T19:03:02","slug":"gorjela-suma-u-naselju-pinjes","status":"publish","type":"post","link":"https:\/\/www.visit-ulcinj.com\/blog\/2008\/11\/20\/gorjela-suma-u-naselju-pinjes\/","title":{"rendered":"Gorjela \u0161uma u naselju Pinje\u0161"},"content":{"rendered":"<p><a href=\"http:\/\/www.visit-ulcinj.com\/blog\/wp-content\/uploads\/2008\/11\/gorjela-suma-u-naselju-pinjes_ulcinj.jpg\"><img loading=\"lazy\" class=\"alignleft size-medium wp-image-6395\" title=\"gorjela-suma-u-naselju-pinjes_ulcinj\" src=\"http:\/\/www.visit-ulcinj.com\/blog\/wp-content\/uploads\/2008\/11\/gorjela-suma-u-naselju-pinjes_ulcinj-300x197.jpg\" alt=\"\" width=\"300\" height=\"197\" srcset=\"https:\/\/www.visit-ulcinj.com\/blog\/wp-content\/uploads\/2008\/11\/gorjela-suma-u-naselju-pinjes_ulcinj-300x197.jpg 300w, https:\/\/www.visit-ulcinj.com\/blog\/wp-content\/uploads\/2008\/11\/gorjela-suma-u-naselju-pinjes_ulcinj.jpg 320w\" sizes=\"(max-width: 300px) 100vw, 300px\" \/><\/a><strong>Ulcinjski vatrogasci uspje\u0161no intervenisali<\/strong><br \/>\nULCINj &#8211; Da nije bilo brze intervencije Vatrogasne jedinice, po\u017ear koji je ju?e oko 13 ?asova izbio u \u0161umi iznad novog puta ka naselju Pinje\u0161, sigurno bi zahvatio nekoliko ku?a koje se nalaze u blizini. Vatra se pro\u0161irila na \u0161umu prilikom ?i\u0161?enja obli\u017enjeg imanja, a prema rije?ima de\u017eurnog dispe?era vatrogasaca, odmah je lokalizovana, jer su vozila brzo stigla na mjesto po\u017eara.<br \/>\n&#8211; Intervenisali smo sa tri vozila tako da je sprije?eno \u0161irenje vatre na stambene objekte. Pri?injena je neznatna materijalna \u0161teta i, sre?om, niko nije povrije?en &#8211; kazao je de\u017eurni dispe?er.<br \/>\nNakon intervencije vatrogasaca uvi?aj su obavili pripadnici policijske ispostave Ulcinj.<br \/>\n<strong>M.K.<br \/>\nIzvor \/ Dan<\/strong><\/p>\n","protected":false},"excerpt":{"rendered":"<p>Ulcinjski vatrogasci uspje\u0161no intervenisali ULCINj &#8211; Da nije bilo brze intervencije Vatrogasne jedinice, po\u017ear koji je ju?e oko 13 ?asova izbio u \u0161umi iznad novog puta ka naselju Pinje\u0161, sigurno bi zahvatio nekoliko ku?a koje se nalaze u blizini. Vatra se pro\u0161irila na \u0161umu prilikom ?i\u0161?enja obli\u017enjeg imanja, a prema rije?ima de\u017eurnog dispe?era vatrogasaca, odmah [&hellip;]<\/p>\n","protected":false},"author":1,"featured_media":0,"comment_status":"open","ping_status":"closed","sticky":false,"template":"","format":"standard","meta":{"spay_email":"","jetpack_publicize_message":"","jetpack_is_tweetstorm":false,"jetpack_publicize_feature_enabled":true},"categories":[11],"tags":[5101],"jetpack_publicize_connections":[],"yoast_head":"<!-- This site is optimized with the Yoast SEO plugin v19.1 - https:\/\/yoast.com\/wordpress\/plugins\/seo\/ -->\n<title>Gorjela \u0161uma u naselju Pinje\u0161 - Lajme nga Ulqini<\/title>\n<meta name=\"description\" content=\"Ulcinjski vatrogasci uspje\u0161no intervenisali ULCINj - Da nije bilo brze intervencije Vatrogasne jedinice, po\u017ear koji je ju?e oko 13 ?asova izbio u \u0161umi\" \/>\n<meta name=\"robots\" content=\"index, follow, max-snippet:-1, max-image-preview:large, max-video-preview:-1\" \/>\n<link rel=\"canonical\" href=\"https:\/\/www.visit-ulcinj.com\/blog\/2008\/11\/20\/gorjela-suma-u-naselju-pinjes\/\" \/>\n<meta property=\"og:locale\" content=\"en_US\" \/>\n<meta property=\"og:type\" content=\"article\" \/>\n<meta property=\"og:title\" content=\"Gorjela \u0161uma u naselju Pinje\u0161 - Lajme nga Ulqini\" \/>\n<meta property=\"og:description\" content=\"Ulcinjski vatrogasci uspje\u0161no intervenisali ULCINj - Da nije bilo brze intervencije Vatrogasne jedinice, po\u017ear koji je ju?e oko 13 ?asova izbio u \u0161umi\" \/>\n<meta property=\"og:url\" content=\"https:\/\/www.visit-ulcinj.com\/blog\/2008\/11\/20\/gorjela-suma-u-naselju-pinjes\/\" \/>\n<meta property=\"og:site_name\" content=\"Lajme nga Ulqini\" \/>\n<meta property=\"article:published_time\" content=\"2008-11-20T19:03:02+00:00\" \/>\n<meta property=\"og:image\" content=\"http:\/\/www.visit-ulcinj.com\/blog\/wp-content\/uploads\/2008\/11\/gorjela-suma-u-naselju-pinjes_ulcinj-300x197.jpg\" \/>\n<meta name=\"twitter:label1\" content=\"Written by\" \/>\n\t<meta name=\"twitter:data1\" content=\"ulqini\" \/>\n\t<meta name=\"twitter:label2\" content=\"Est. reading time\" \/>\n\t<meta name=\"twitter:data2\" content=\"1 minute\" \/>\n<script type=\"application\/ld+json\" class=\"yoast-schema-graph\">{\"@context\":\"https:\/\/schema.org\",\"@graph\":[{\"@type\":\"WebSite\",\"@id\":\"https:\/\/www.visit-ulcinj.com\/blog\/#website\",\"url\":\"https:\/\/www.visit-ulcinj.com\/blog\/\",\"name\":\"Lajme nga Ulqini\",\"description\":\"Lajme,Vijesti,Ulqini,Ulqin,Crna Gora,Mali i Zi\",\"potentialAction\":[{\"@type\":\"SearchAction\",\"target\":{\"@type\":\"EntryPoint\",\"urlTemplate\":\"https:\/\/www.visit-ulcinj.com\/blog\/?s={search_term_string}\"},\"query-input\":\"required name=search_term_string\"}],\"inLanguage\":\"en-US\"},{\"@type\":\"ImageObject\",\"inLanguage\":\"en-US\",\"@id\":\"https:\/\/www.visit-ulcinj.com\/blog\/2008\/11\/20\/gorjela-suma-u-naselju-pinjes\/#primaryimage\",\"url\":\"http:\/\/www.visit-ulcinj.com\/blog\/wp-content\/uploads\/2008\/11\/gorjela-suma-u-naselju-pinjes_ulcinj-300x197.jpg\",\"contentUrl\":\"http:\/\/www.visit-ulcinj.com\/blog\/wp-content\/uploads\/2008\/11\/gorjela-suma-u-naselju-pinjes_ulcinj-300x197.jpg\"},{\"@type\":\"WebPage\",\"@id\":\"https:\/\/www.visit-ulcinj.com\/blog\/2008\/11\/20\/gorjela-suma-u-naselju-pinjes\/#webpage\",\"url\":\"https:\/\/www.visit-ulcinj.com\/blog\/2008\/11\/20\/gorjela-suma-u-naselju-pinjes\/\",\"name\":\"Gorjela \u0161uma u naselju Pinje\u0161 - Lajme nga Ulqini\",\"isPartOf\":{\"@id\":\"https:\/\/www.visit-ulcinj.com\/blog\/#website\"},\"primaryImageOfPage\":{\"@id\":\"https:\/\/www.visit-ulcinj.com\/blog\/2008\/11\/20\/gorjela-suma-u-naselju-pinjes\/#primaryimage\"},\"datePublished\":\"2008-11-20T19:03:02+00:00\",\"dateModified\":\"2008-11-20T19:03:02+00:00\",\"author\":{\"@id\":\"https:\/\/www.visit-ulcinj.com\/blog\/#\/schema\/person\/dcab619c614d3038751c63bc2aadc06d\"},\"description\":\"Ulcinjski vatrogasci uspje\u0161no intervenisali ULCINj - Da nije bilo brze intervencije Vatrogasne jedinice, po\u017ear koji je ju?e oko 13 ?asova izbio u \u0161umi\",\"breadcrumb\":{\"@id\":\"https:\/\/www.visit-ulcinj.com\/blog\/2008\/11\/20\/gorjela-suma-u-naselju-pinjes\/#breadcrumb\"},\"inLanguage\":\"en-US\",\"potentialAction\":[{\"@type\":\"ReadAction\",\"target\":[\"https:\/\/www.visit-ulcinj.com\/blog\/2008\/11\/20\/gorjela-suma-u-naselju-pinjes\/\"]}]},{\"@type\":\"BreadcrumbList\",\"@id\":\"https:\/\/www.visit-ulcinj.com\/blog\/2008\/11\/20\/gorjela-suma-u-naselju-pinjes\/#breadcrumb\",\"itemListElement\":[{\"@type\":\"ListItem\",\"position\":1,\"name\":\"Gorjela \u0161uma u naselju Pinje\u0161\"}]},{\"@type\":\"Person\",\"@id\":\"https:\/\/www.visit-ulcinj.com\/blog\/#\/schema\/person\/dcab619c614d3038751c63bc2aadc06d\",\"name\":\"ulqini\",\"sameAs\":[\"http:\/\/www.visit-ulcinj.com\"],\"url\":\"https:\/\/www.visit-ulcinj.com\/blog\/author\/admin\/\"}]}<\/script>\n<!-- \/ Yoast SEO plugin. -->","yoast_head_json":{"title":"Gorjela \u0161uma u naselju Pinje\u0161 - Lajme nga Ulqini","description":"Ulcinjski vatrogasci uspje\u0161no intervenisali ULCINj - Da nije bilo brze intervencije Vatrogasne jedinice, po\u017ear koji je ju?e oko 13 ?asova izbio u \u0161umi","robots":{"index":"index","follow":"follow","max-snippet":"max-snippet:-1","max-image-preview":"max-image-preview:large","max-video-preview":"max-video-preview:-1"},"canonical":"https:\/\/www.visit-ulcinj.com\/blog\/2008\/11\/20\/gorjela-suma-u-naselju-pinjes\/","og_locale":"en_US","og_type":"article","og_title":"Gorjela \u0161uma u naselju Pinje\u0161 - Lajme nga Ulqini","og_description":"Ulcinjski vatrogasci uspje\u0161no intervenisali ULCINj - Da nije bilo brze intervencije Vatrogasne jedinice, po\u017ear koji je ju?e oko 13 ?asova izbio u \u0161umi","og_url":"https:\/\/www.visit-ulcinj.com\/blog\/2008\/11\/20\/gorjela-suma-u-naselju-pinjes\/","og_site_name":"Lajme nga Ulqini","article_published_time":"2008-11-20T19:03:02+00:00","og_image":[{"url":"http:\/\/www.visit-ulcinj.com\/blog\/wp-content\/uploads\/2008\/11\/gorjela-suma-u-naselju-pinjes_ulcinj-300x197.jpg"}],"twitter_misc":{"Written by":"ulqini","Est. reading time":"1 minute"},"schema":{"@context":"https:\/\/schema.org","@graph":[{"@type":"WebSite","@id":"https:\/\/www.visit-ulcinj.com\/blog\/#website","url":"https:\/\/www.visit-ulcinj.com\/blog\/","name":"Lajme nga Ulqini","description":"Lajme,Vijesti,Ulqini,Ulqin,Crna Gora,Mali i Zi","potentialAction":[{"@type":"SearchAction","target":{"@type":"EntryPoint","urlTemplate":"https:\/\/www.visit-ulcinj.com\/blog\/?s={search_term_string}"},"query-input":"required name=search_term_string"}],"inLanguage":"en-US"},{"@type":"ImageObject","inLanguage":"en-US","@id":"https:\/\/www.visit-ulcinj.com\/blog\/2008\/11\/20\/gorjela-suma-u-naselju-pinjes\/#primaryimage","url":"http:\/\/www.visit-ulcinj.com\/blog\/wp-content\/uploads\/2008\/11\/gorjela-suma-u-naselju-pinjes_ulcinj-300x197.jpg","contentUrl":"http:\/\/www.visit-ulcinj.com\/blog\/wp-content\/uploads\/2008\/11\/gorjela-suma-u-naselju-pinjes_ulcinj-300x197.jpg"},{"@type":"WebPage","@id":"https:\/\/www.visit-ulcinj.com\/blog\/2008\/11\/20\/gorjela-suma-u-naselju-pinjes\/#webpage","url":"https:\/\/www.visit-ulcinj.com\/blog\/2008\/11\/20\/gorjela-suma-u-naselju-pinjes\/","name":"Gorjela \u0161uma u naselju Pinje\u0161 - Lajme nga Ulqini","isPartOf":{"@id":"https:\/\/www.visit-ulcinj.com\/blog\/#website"},"primaryImageOfPage":{"@id":"https:\/\/www.visit-ulcinj.com\/blog\/2008\/11\/20\/gorjela-suma-u-naselju-pinjes\/#primaryimage"},"datePublished":"2008-11-20T19:03:02+00:00","dateModified":"2008-11-20T19:03:02+00:00","author":{"@id":"https:\/\/www.visit-ulcinj.com\/blog\/#\/schema\/person\/dcab619c614d3038751c63bc2aadc06d"},"description":"Ulcinjski vatrogasci uspje\u0161no intervenisali ULCINj - Da nije bilo brze intervencije Vatrogasne jedinice, po\u017ear koji je ju?e oko 13 ?asova izbio u \u0161umi","breadcrumb":{"@id":"https:\/\/www.visit-ulcinj.com\/blog\/2008\/11\/20\/gorjela-suma-u-naselju-pinjes\/#breadcrumb"},"inLanguage":"en-US","potentialAction":[{"@type":"ReadAction","target":["https:\/\/www.visit-ulcinj.com\/blog\/2008\/11\/20\/gorjela-suma-u-naselju-pinjes\/"]}]},{"@type":"BreadcrumbList","@id":"https:\/\/www.visit-ulcinj.com\/blog\/2008\/11\/20\/gorjela-suma-u-naselju-pinjes\/#breadcrumb","itemListElement":[{"@type":"ListItem","position":1,"name":"Gorjela \u0161uma u naselju Pinje\u0161"}]},{"@type":"Person","@id":"https:\/\/www.visit-ulcinj.com\/blog\/#\/schema\/person\/dcab619c614d3038751c63bc2aadc06d","name":"ulqini","sameAs":["http:\/\/www.visit-ulcinj.com"],"url":"https:\/\/www.visit-ulcinj.com\/blog\/author\/admin\/"}]}},"jetpack_featured_media_url":"","jetpack_sharing_enabled":true,"jetpack_shortlink":"https:\/\/wp.me\/pe6lTn-1F8","_links":{"self":[{"href":"https:\/\/www.visit-ulcinj.com\/blog\/wp-json\/wp\/v2\/posts\/6394"}],"collection":[{"href":"https:\/\/www.visit-ulcinj.com\/blog\/wp-json\/wp\/v2\/posts"}],"about":[{"href":"https:\/\/www.visit-ulcinj.com\/blog\/wp-json\/wp\/v2\/types\/post"}],"author":[{"embeddable":true,"href":"https:\/\/www.visit-ulcinj.com\/blog\/wp-json\/wp\/v2\/users\/1"}],"replies":[{"embeddable":true,"href":"https:\/\/www.visit-ulcinj.com\/blog\/wp-json\/wp\/v2\/comments?post=6394"}],"version-history":[{"count":0,"href":"https:\/\/www.visit-ulcinj.com\/blog\/wp-json\/wp\/v2\/posts\/6394\/revisions"}],"wp:attachment":[{"href":"https:\/\/www.visit-ulcinj.com\/blog\/wp-json\/wp\/v2\/media?parent=6394"}],"wp:term":[{"taxonomy":"category","embeddable":true,"href":"https:\/\/www.visit-ulcinj.com\/blog\/wp-json\/wp\/v2\/categories?post=6394"},{"taxonomy":"post_tag","embeddable":true,"href":"https:\/\/www.visit-ulcinj.com\/blog\/wp-json\/wp\/v2\/tags?post=6394"}],"curies":[{"name":"wp","href":"https:\/\/api.w.org\/{rel}","templated":true}]}}