{"id":63941,"date":"2012-09-24T11:19:40","date_gmt":"2012-09-24T10:19:40","guid":{"rendered":"http:\/\/www.visit-ulcinj.com\/blog\/?p=63941"},"modified":"2012-09-24T11:23:22","modified_gmt":"2012-09-24T10:23:22","slug":"agnesa-vuthaj-dikur-miss-tani-producente","status":"publish","type":"post","link":"https:\/\/www.visit-ulcinj.com\/blog\/2012\/09\/24\/agnesa-vuthaj-dikur-miss-tani-producente\/","title":{"rendered":"Agnesa Vuthaj, dikur \u201cMiss\u201d tani producente?"},"content":{"rendered":"<p>Agnesa Vuthaj Association\u201d ka filluar pun\u00ebn p\u00ebr t\u00eb gje tur vajz\u00ebn e duhur q\u00eb do t\u00eb shfaq\u00eb bukurin\u00eb kosovare n\u00eb nj\u00eb nga spektaklet m\u00eb t\u00eb r\u00ebnd\u00ebsishme t\u00eb bukuris\u00eb n\u00eb bot\u00eb. Tashm\u00eb \u00ebsht\u00eb hapur konkursi publik p\u00ebr p\u00ebrzgjedhjen e p\u00ebrfaq\u00ebsueses s\u00eb Kosov\u00ebs n\u00eb \u201cMiss Earth 2012\u2033 q\u00eb do t\u00eb mbahet gjat\u00eb muajit n\u00ebntor n\u00eb Manila, Filipine. Interesimi i vajzave nga Kosova p\u00ebr k\u00ebt\u00eb ngjarje, duket t\u00eb jet\u00eb i madh. \u201cVet\u00ebm nj\u00eb or\u00eb pas publikimit t\u00eb konkursit kemi marr\u00eb rreth 25 aplikime\u201d, \u2013 ka b\u00ebr\u00eb t\u00eb ditur organizatorja, Agnesa Vuthaj, p\u00ebr \u201cIndeksonline\u201d.<\/p>\n<p><a href=\"http:\/\/www.visit-ulcinj.com\/blog\/wp-content\/uploads\/2012\/09\/Agnesa-Vuthaj.jpg\"><img loading=\"lazy\" class=\"alignleft  wp-image-63942\" title=\"Agnesa Vuthaj\" src=\"http:\/\/www.visit-ulcinj.com\/blog\/wp-content\/uploads\/2012\/09\/Agnesa-Vuthaj.jpg\" alt=\"\" width=\"508\" height=\"360\" \/><\/a><\/p>\n<p>\u201cP\u00ebrpar\u00ebsi do t\u00eb ken\u00eb vajzat q\u00eb kan\u00eb eksperienc\u00eb n\u00eb spektakle t\u00eb bukuris\u00eb, q\u00eb flasin anglisht dhe kan\u00eb njohuri p\u00ebr historin\u00eb, kultur\u00ebn e Kosov\u00ebs dhe ruajtjen e ambientit, pasi \u2018Miss Earth\u2019 \u00ebsht\u00eb nj\u00eb spektak\u00ebl q\u00eb p\u00ebrve\u00e7 p\u00ebrzgjedhjes s\u00eb bukuris\u00eb, zhvillon edhe projekte p\u00ebr ruajtjen dhe kujdesin e ambientit q\u00eb na rrethon\u201d, \u2013 ka th\u00ebn\u00eb Vuthaj, duke shtuar se p\u00ebrve\u00e7 pjes\u00ebmarrjes n\u00eb k\u00ebt\u00eb spektak\u00ebl, fituesja do t\u00eb ket\u00eb edhe udh\u00ebtime n\u00ebp\u00ebr vende t\u00eb tjera aziatike.<\/p>\n<p>Gjat\u00eb vitit 2012, Agnesa ka kaluar disa muaj t\u00eb qet\u00eb, por kjo pritet t\u00eb ndryshoj\u00eb n\u00eb muajt e ardhsh\u00ebm. \u201cKy vit si p\u00ebr mua personalisht, po ashtu edhe p\u00ebr \u201cA.V.Associaton\u201d ka qen\u00eb m\u00eb i qet\u00eb. Por do t\u00eb ket\u00eb edhe disa aktivitete n\u00eb fund t\u00eb k\u00ebtij viti, nd\u00ebrsa jam n\u00eb p\u00ebrgatitje t\u00eb disa projekteve t\u00eb reja p\u00ebr 2013\u2033, \u2013 ka th\u00ebn\u00eb bukuroshja, e cila duket se tanim\u00eb ka z\u00ebn\u00eb rolin e nj\u00eb producenteje, pasi e njeh mir\u00eb k\u00ebt\u00eb fush\u00eb duke qen\u00eb se edhe ajo vet\u00eb ka p\u00ebrfaq\u00eb- suar Kosov\u00ebn n\u00eb konkurse t\u00eb ndryshme bukurie pasi ka qen\u00eb nj\u00eb \u201cMiss\u201d.<\/p>\n<p>Agnesa, e cila \u00ebsht\u00eb kuror\u00ebzuar \u201cMiss Kosova 2003\u2033 dhe \u201cMiss Shqip\u00ebria 2004\u2033, \u00ebsht\u00eb themeluese e kompanis\u00eb \u201cAgnesa Vuthaj Association\u201d, p\u00ebrmes t\u00eb cil\u00ebs ka p\u00ebr q\u00ebllim q\u00eb p\u00ebrvoj\u00ebn e vet personale t\u00eb nivelit vendor dhe nd\u00ebrkomb\u00ebtar t\u00eb vazhdoj\u00eb ta plasoj\u00eb p\u00ebr shoq\u00ebrin\u00eb kosovare. N\u00eb vitin 2008, p\u00ebr her\u00eb t\u00eb par\u00eb, \u201cAgnesa Vuthaj Association\u201d mund\u00ebsoi q\u00eb Kosova t\u00eb prezantohet n\u00eb \u201cMiss Earth\u201d, n\u00eb mesin e 96 shteteve tjera t\u00eb bot\u00ebs.<\/p>\n<p><!--YouTube Error: bad URL entered--><br \/>\n<\/p>\n","protected":false},"excerpt":{"rendered":"<p>Agnesa Vuthaj Association\u201d ka filluar pun\u00ebn p\u00ebr t\u00eb gje tur vajz\u00ebn e duhur q\u00eb do t\u00eb shfaq\u00eb bukurin\u00eb kosovare n\u00eb nj\u00eb nga spektaklet m\u00eb t\u00eb r\u00ebnd\u00ebsishme t\u00eb bukuris\u00eb n\u00eb bot\u00eb. Tashm\u00eb \u00ebsht\u00eb hapur konkursi publik p\u00ebr p\u00ebrzgjedhjen e p\u00ebrfaq\u00ebsueses s\u00eb Kosov\u00ebs n\u00eb \u201cMiss Earth 2012\u2033 q\u00eb do t\u00eb mbahet gjat\u00eb muajit n\u00ebntor n\u00eb Manila, Filipine. [&hellip;]<\/p>\n","protected":false},"author":1,"featured_media":0,"comment_status":"open","ping_status":"closed","sticky":false,"template":"","format":"standard","meta":{"spay_email":"","jetpack_publicize_message":"","jetpack_is_tweetstorm":false,"jetpack_publicize_feature_enabled":true},"categories":[1],"tags":[7350,19677,19806,16036,19514,19511,19513,19679,4684,19460],"jetpack_publicize_connections":[],"yoast_head":"<!-- This site is optimized with the Yoast SEO plugin v19.1 - https:\/\/yoast.com\/wordpress\/plugins\/seo\/ -->\n<title>Agnesa Vuthaj, dikur \u201cMiss\u201d tani producente? - Lajme nga Ulqini<\/title>\n<meta name=\"description\" content=\"Agnesa Vuthaj Association\u201d ka filluar pun\u00ebn p\u00ebr t\u00eb gje tur vajz\u00ebn e duhur q\u00eb do t\u00eb shfaq\u00eb bukurin\u00eb kosovare n\u00eb nj\u00eb nga spektaklet m\u00eb t\u00eb r\u00ebnd\u00ebsishme t\u00eb\" \/>\n<meta name=\"robots\" content=\"index, follow, max-snippet:-1, max-image-preview:large, max-video-preview:-1\" \/>\n<link rel=\"canonical\" href=\"https:\/\/www.visit-ulcinj.com\/blog\/2012\/09\/24\/agnesa-vuthaj-dikur-miss-tani-producente\/\" \/>\n<meta property=\"og:locale\" content=\"en_US\" \/>\n<meta property=\"og:type\" content=\"article\" \/>\n<meta property=\"og:title\" content=\"Agnesa Vuthaj, dikur \u201cMiss\u201d tani producente? - Lajme nga Ulqini\" \/>\n<meta property=\"og:description\" content=\"Agnesa Vuthaj Association\u201d ka filluar pun\u00ebn p\u00ebr t\u00eb gje tur vajz\u00ebn e duhur q\u00eb do t\u00eb shfaq\u00eb bukurin\u00eb kosovare n\u00eb nj\u00eb nga spektaklet m\u00eb t\u00eb r\u00ebnd\u00ebsishme t\u00eb\" \/>\n<meta property=\"og:url\" content=\"https:\/\/www.visit-ulcinj.com\/blog\/2012\/09\/24\/agnesa-vuthaj-dikur-miss-tani-producente\/\" \/>\n<meta property=\"og:site_name\" content=\"Lajme nga Ulqini\" \/>\n<meta property=\"article:published_time\" content=\"2012-09-24T10:19:40+00:00\" \/>\n<meta property=\"article:modified_time\" content=\"2012-09-24T10:23:22+00:00\" \/>\n<meta property=\"og:image\" content=\"https:\/\/www.visit-ulcinj.com\/blog\/wp-content\/uploads\/2012\/09\/Agnesa-Vuthaj-150x150.jpg\" \/>\n<meta name=\"twitter:label1\" content=\"Written by\" \/>\n\t<meta name=\"twitter:data1\" content=\"ulqini\" \/>\n\t<meta name=\"twitter:label2\" content=\"Est. reading time\" \/>\n\t<meta name=\"twitter:data2\" content=\"2 minutes\" \/>\n<script type=\"application\/ld+json\" class=\"yoast-schema-graph\">{\"@context\":\"https:\/\/schema.org\",\"@graph\":[{\"@type\":\"WebSite\",\"@id\":\"https:\/\/www.visit-ulcinj.com\/blog\/#website\",\"url\":\"https:\/\/www.visit-ulcinj.com\/blog\/\",\"name\":\"Lajme nga Ulqini\",\"description\":\"Lajme,Vijesti,Ulqini,Ulqin,Crna Gora,Mali i Zi\",\"potentialAction\":[{\"@type\":\"SearchAction\",\"target\":{\"@type\":\"EntryPoint\",\"urlTemplate\":\"https:\/\/www.visit-ulcinj.com\/blog\/?s={search_term_string}\"},\"query-input\":\"required name=search_term_string\"}],\"inLanguage\":\"en-US\"},{\"@type\":\"ImageObject\",\"inLanguage\":\"en-US\",\"@id\":\"https:\/\/www.visit-ulcinj.com\/blog\/2012\/09\/24\/agnesa-vuthaj-dikur-miss-tani-producente\/#primaryimage\",\"url\":\"http:\/\/www.visit-ulcinj.com\/blog\/wp-content\/uploads\/2012\/09\/Agnesa-Vuthaj.jpg\",\"contentUrl\":\"http:\/\/www.visit-ulcinj.com\/blog\/wp-content\/uploads\/2012\/09\/Agnesa-Vuthaj.jpg\"},{\"@type\":\"WebPage\",\"@id\":\"https:\/\/www.visit-ulcinj.com\/blog\/2012\/09\/24\/agnesa-vuthaj-dikur-miss-tani-producente\/#webpage\",\"url\":\"https:\/\/www.visit-ulcinj.com\/blog\/2012\/09\/24\/agnesa-vuthaj-dikur-miss-tani-producente\/\",\"name\":\"Agnesa Vuthaj, dikur \u201cMiss\u201d tani producente? - Lajme nga Ulqini\",\"isPartOf\":{\"@id\":\"https:\/\/www.visit-ulcinj.com\/blog\/#website\"},\"primaryImageOfPage\":{\"@id\":\"https:\/\/www.visit-ulcinj.com\/blog\/2012\/09\/24\/agnesa-vuthaj-dikur-miss-tani-producente\/#primaryimage\"},\"datePublished\":\"2012-09-24T10:19:40+00:00\",\"dateModified\":\"2012-09-24T10:23:22+00:00\",\"author\":{\"@id\":\"https:\/\/www.visit-ulcinj.com\/blog\/#\/schema\/person\/dcab619c614d3038751c63bc2aadc06d\"},\"description\":\"Agnesa Vuthaj Association\u201d ka filluar pun\u00ebn p\u00ebr t\u00eb gje tur vajz\u00ebn e duhur q\u00eb do t\u00eb shfaq\u00eb bukurin\u00eb kosovare n\u00eb nj\u00eb nga spektaklet m\u00eb t\u00eb r\u00ebnd\u00ebsishme t\u00eb\",\"breadcrumb\":{\"@id\":\"https:\/\/www.visit-ulcinj.com\/blog\/2012\/09\/24\/agnesa-vuthaj-dikur-miss-tani-producente\/#breadcrumb\"},\"inLanguage\":\"en-US\",\"potentialAction\":[{\"@type\":\"ReadAction\",\"target\":[\"https:\/\/www.visit-ulcinj.com\/blog\/2012\/09\/24\/agnesa-vuthaj-dikur-miss-tani-producente\/\"]}]},{\"@type\":\"BreadcrumbList\",\"@id\":\"https:\/\/www.visit-ulcinj.com\/blog\/2012\/09\/24\/agnesa-vuthaj-dikur-miss-tani-producente\/#breadcrumb\",\"itemListElement\":[{\"@type\":\"ListItem\",\"position\":1,\"name\":\"Agnesa Vuthaj, dikur \u201cMiss\u201d tani producente?\"}]},{\"@type\":\"Person\",\"@id\":\"https:\/\/www.visit-ulcinj.com\/blog\/#\/schema\/person\/dcab619c614d3038751c63bc2aadc06d\",\"name\":\"ulqini\",\"sameAs\":[\"http:\/\/www.visit-ulcinj.com\"],\"url\":\"https:\/\/www.visit-ulcinj.com\/blog\/author\/admin\/\"}]}<\/script>\n<!-- \/ Yoast SEO plugin. -->","yoast_head_json":{"title":"Agnesa Vuthaj, dikur \u201cMiss\u201d tani producente? - Lajme nga Ulqini","description":"Agnesa Vuthaj Association\u201d ka filluar pun\u00ebn p\u00ebr t\u00eb gje tur vajz\u00ebn e duhur q\u00eb do t\u00eb shfaq\u00eb bukurin\u00eb kosovare n\u00eb nj\u00eb nga spektaklet m\u00eb t\u00eb r\u00ebnd\u00ebsishme t\u00eb","robots":{"index":"index","follow":"follow","max-snippet":"max-snippet:-1","max-image-preview":"max-image-preview:large","max-video-preview":"max-video-preview:-1"},"canonical":"https:\/\/www.visit-ulcinj.com\/blog\/2012\/09\/24\/agnesa-vuthaj-dikur-miss-tani-producente\/","og_locale":"en_US","og_type":"article","og_title":"Agnesa Vuthaj, dikur \u201cMiss\u201d tani producente? - Lajme nga Ulqini","og_description":"Agnesa Vuthaj Association\u201d ka filluar pun\u00ebn p\u00ebr t\u00eb gje tur vajz\u00ebn e duhur q\u00eb do t\u00eb shfaq\u00eb bukurin\u00eb kosovare n\u00eb nj\u00eb nga spektaklet m\u00eb t\u00eb r\u00ebnd\u00ebsishme t\u00eb","og_url":"https:\/\/www.visit-ulcinj.com\/blog\/2012\/09\/24\/agnesa-vuthaj-dikur-miss-tani-producente\/","og_site_name":"Lajme nga Ulqini","article_published_time":"2012-09-24T10:19:40+00:00","article_modified_time":"2012-09-24T10:23:22+00:00","og_image":[{"url":"https:\/\/www.visit-ulcinj.com\/blog\/wp-content\/uploads\/2012\/09\/Agnesa-Vuthaj-150x150.jpg"}],"twitter_misc":{"Written by":"ulqini","Est. reading time":"2 minutes"},"schema":{"@context":"https:\/\/schema.org","@graph":[{"@type":"WebSite","@id":"https:\/\/www.visit-ulcinj.com\/blog\/#website","url":"https:\/\/www.visit-ulcinj.com\/blog\/","name":"Lajme nga Ulqini","description":"Lajme,Vijesti,Ulqini,Ulqin,Crna Gora,Mali i Zi","potentialAction":[{"@type":"SearchAction","target":{"@type":"EntryPoint","urlTemplate":"https:\/\/www.visit-ulcinj.com\/blog\/?s={search_term_string}"},"query-input":"required name=search_term_string"}],"inLanguage":"en-US"},{"@type":"ImageObject","inLanguage":"en-US","@id":"https:\/\/www.visit-ulcinj.com\/blog\/2012\/09\/24\/agnesa-vuthaj-dikur-miss-tani-producente\/#primaryimage","url":"http:\/\/www.visit-ulcinj.com\/blog\/wp-content\/uploads\/2012\/09\/Agnesa-Vuthaj.jpg","contentUrl":"http:\/\/www.visit-ulcinj.com\/blog\/wp-content\/uploads\/2012\/09\/Agnesa-Vuthaj.jpg"},{"@type":"WebPage","@id":"https:\/\/www.visit-ulcinj.com\/blog\/2012\/09\/24\/agnesa-vuthaj-dikur-miss-tani-producente\/#webpage","url":"https:\/\/www.visit-ulcinj.com\/blog\/2012\/09\/24\/agnesa-vuthaj-dikur-miss-tani-producente\/","name":"Agnesa Vuthaj, dikur \u201cMiss\u201d tani producente? - Lajme nga Ulqini","isPartOf":{"@id":"https:\/\/www.visit-ulcinj.com\/blog\/#website"},"primaryImageOfPage":{"@id":"https:\/\/www.visit-ulcinj.com\/blog\/2012\/09\/24\/agnesa-vuthaj-dikur-miss-tani-producente\/#primaryimage"},"datePublished":"2012-09-24T10:19:40+00:00","dateModified":"2012-09-24T10:23:22+00:00","author":{"@id":"https:\/\/www.visit-ulcinj.com\/blog\/#\/schema\/person\/dcab619c614d3038751c63bc2aadc06d"},"description":"Agnesa Vuthaj Association\u201d ka filluar pun\u00ebn p\u00ebr t\u00eb gje tur vajz\u00ebn e duhur q\u00eb do t\u00eb shfaq\u00eb bukurin\u00eb kosovare n\u00eb nj\u00eb nga spektaklet m\u00eb t\u00eb r\u00ebnd\u00ebsishme t\u00eb","breadcrumb":{"@id":"https:\/\/www.visit-ulcinj.com\/blog\/2012\/09\/24\/agnesa-vuthaj-dikur-miss-tani-producente\/#breadcrumb"},"inLanguage":"en-US","potentialAction":[{"@type":"ReadAction","target":["https:\/\/www.visit-ulcinj.com\/blog\/2012\/09\/24\/agnesa-vuthaj-dikur-miss-tani-producente\/"]}]},{"@type":"BreadcrumbList","@id":"https:\/\/www.visit-ulcinj.com\/blog\/2012\/09\/24\/agnesa-vuthaj-dikur-miss-tani-producente\/#breadcrumb","itemListElement":[{"@type":"ListItem","position":1,"name":"Agnesa Vuthaj, dikur \u201cMiss\u201d tani producente?"}]},{"@type":"Person","@id":"https:\/\/www.visit-ulcinj.com\/blog\/#\/schema\/person\/dcab619c614d3038751c63bc2aadc06d","name":"ulqini","sameAs":["http:\/\/www.visit-ulcinj.com"],"url":"https:\/\/www.visit-ulcinj.com\/blog\/author\/admin\/"}]}},"jetpack_featured_media_url":"","jetpack_sharing_enabled":true,"jetpack_shortlink":"https:\/\/wp.me\/pe6lTn-gDj","_links":{"self":[{"href":"https:\/\/www.visit-ulcinj.com\/blog\/wp-json\/wp\/v2\/posts\/63941"}],"collection":[{"href":"https:\/\/www.visit-ulcinj.com\/blog\/wp-json\/wp\/v2\/posts"}],"about":[{"href":"https:\/\/www.visit-ulcinj.com\/blog\/wp-json\/wp\/v2\/types\/post"}],"author":[{"embeddable":true,"href":"https:\/\/www.visit-ulcinj.com\/blog\/wp-json\/wp\/v2\/users\/1"}],"replies":[{"embeddable":true,"href":"https:\/\/www.visit-ulcinj.com\/blog\/wp-json\/wp\/v2\/comments?post=63941"}],"version-history":[{"count":2,"href":"https:\/\/www.visit-ulcinj.com\/blog\/wp-json\/wp\/v2\/posts\/63941\/revisions"}],"predecessor-version":[{"id":63950,"href":"https:\/\/www.visit-ulcinj.com\/blog\/wp-json\/wp\/v2\/posts\/63941\/revisions\/63950"}],"wp:attachment":[{"href":"https:\/\/www.visit-ulcinj.com\/blog\/wp-json\/wp\/v2\/media?parent=63941"}],"wp:term":[{"taxonomy":"category","embeddable":true,"href":"https:\/\/www.visit-ulcinj.com\/blog\/wp-json\/wp\/v2\/categories?post=63941"},{"taxonomy":"post_tag","embeddable":true,"href":"https:\/\/www.visit-ulcinj.com\/blog\/wp-json\/wp\/v2\/tags?post=63941"}],"curies":[{"name":"wp","href":"https:\/\/api.w.org\/{rel}","templated":true}]}}