{"id":63961,"date":"2012-09-24T13:45:59","date_gmt":"2012-09-24T12:45:59","guid":{"rendered":"http:\/\/www.visit-ulcinj.com\/blog\/?p=63961"},"modified":"2012-09-24T13:45:59","modified_gmt":"2012-09-24T12:45:59","slug":"najava-tribine-u-utorak-u-herceg-novom-i-ulcinju","status":"publish","type":"post","link":"https:\/\/www.visit-ulcinj.com\/blog\/2012\/09\/24\/najava-tribine-u-utorak-u-herceg-novom-i-ulcinju\/","title":{"rendered":"Najava: Tribine u utorak u Herceg Novom i Ulcinju"},"content":{"rendered":"<p><a href=\"http:\/\/www.visit-ulcinj.com\/blog\/wp-content\/uploads\/2012\/09\/DPS-CRNA-GORA.jpg\"><img loading=\"lazy\" class=\"alignleft size-full wp-image-63962\" title=\"DPS CRNA GORA\" src=\"http:\/\/www.visit-ulcinj.com\/blog\/wp-content\/uploads\/2012\/09\/DPS-CRNA-GORA.jpg\" alt=\"\" width=\"400\" height=\"200\" srcset=\"https:\/\/www.visit-ulcinj.com\/blog\/wp-content\/uploads\/2012\/09\/DPS-CRNA-GORA.jpg 400w, https:\/\/www.visit-ulcinj.com\/blog\/wp-content\/uploads\/2012\/09\/DPS-CRNA-GORA-300x150.jpg 300w\" sizes=\"(max-width: 400px) 100vw, 400px\" \/><\/a>U utorak, 25. septembra bi\u0107e odr\u017eani predizborni skupovi u Herceg Novom i Ulcinju.<\/p>\n<p>U Herceg Novom\u00a0bi\u0107e odr\u017eana\u00a0tribina Koalicije Evropska Crna Gora &#8211; Milo \u0110ukanovi\u0107 u sali Instituta Igalo sa po\u010detkom u 18 \u010dasova. Na tribini \u0107e govoriti nosilac liste, predsjednik Demokratske partije socijalista Crne Gore\u00a0Milo \u0110ukanovi\u0107 i saradnici.<\/p>\n<p>U Ulcinju, tribina \u0107e biti odr\u017eana u Sali SO Ulcinj\u00a0sa po\u010detkom u 19 \u010dasova. Na tribini \u0107e govoriti potpredsjednik Demokratske partije socijalista \u017deljko \u0160turanovi\u0107,\u00a0politi\u010dki direktor\u00a0Demokratske partije socijalista\u00a0Branimir Gvozdenovi\u0107\u00a0i saradnici.<\/p>\n<p><strong>Izvor: Dps.me<\/strong><\/p>\n","protected":false},"excerpt":{"rendered":"<p>U utorak, 25. septembra bi\u0107e odr\u017eani predizborni skupovi u Herceg Novom i Ulcinju. U Herceg Novom\u00a0bi\u0107e odr\u017eana\u00a0tribina Koalicije Evropska Crna Gora &#8211; Milo \u0110ukanovi\u0107 u sali Instituta Igalo sa po\u010detkom u 18 \u010dasova. Na tribini \u0107e govoriti nosilac liste, predsjednik Demokratske partije socijalista Crne Gore\u00a0Milo \u0110ukanovi\u0107 i saradnici. U Ulcinju, tribina \u0107e biti odr\u017eana u [&hellip;]<\/p>\n","protected":false},"author":1,"featured_media":0,"comment_status":"open","ping_status":"closed","sticky":false,"template":"","format":"standard","meta":{"spay_email":"","jetpack_publicize_message":"","jetpack_is_tweetstorm":false,"jetpack_publicize_feature_enabled":true},"categories":[6950],"tags":[21122,19],"jetpack_publicize_connections":[],"yoast_head":"<!-- This site is optimized with the Yoast SEO plugin v19.1 - https:\/\/yoast.com\/wordpress\/plugins\/seo\/ -->\n<title>Najava: Tribine u utorak u Herceg Novom i Ulcinju - Lajme nga Ulqini<\/title>\n<meta name=\"description\" content=\"U utorak, 25. septembra bi\u0107e odr\u017eani predizborni skupovi u Herceg Novom i Ulcinju. U Herceg Novom\u00a0bi\u0107e odr\u017eana\u00a0tribina Koalicije Evropska Crna Gora - Milo\" \/>\n<meta name=\"robots\" content=\"index, follow, max-snippet:-1, max-image-preview:large, max-video-preview:-1\" \/>\n<link rel=\"canonical\" href=\"https:\/\/www.visit-ulcinj.com\/blog\/2012\/09\/24\/najava-tribine-u-utorak-u-herceg-novom-i-ulcinju\/\" \/>\n<meta property=\"og:locale\" content=\"en_US\" \/>\n<meta property=\"og:type\" content=\"article\" \/>\n<meta property=\"og:title\" content=\"Najava: Tribine u utorak u Herceg Novom i Ulcinju - Lajme nga Ulqini\" \/>\n<meta property=\"og:description\" content=\"U utorak, 25. septembra bi\u0107e odr\u017eani predizborni skupovi u Herceg Novom i Ulcinju. U Herceg Novom\u00a0bi\u0107e odr\u017eana\u00a0tribina Koalicije Evropska Crna Gora - Milo\" \/>\n<meta property=\"og:url\" content=\"https:\/\/www.visit-ulcinj.com\/blog\/2012\/09\/24\/najava-tribine-u-utorak-u-herceg-novom-i-ulcinju\/\" \/>\n<meta property=\"og:site_name\" content=\"Lajme nga Ulqini\" \/>\n<meta property=\"article:published_time\" content=\"2012-09-24T12:45:59+00:00\" \/>\n<meta property=\"og:image\" content=\"http:\/\/www.visit-ulcinj.com\/blog\/wp-content\/uploads\/2012\/09\/DPS-CRNA-GORA.jpg\" \/>\n<meta name=\"twitter:label1\" content=\"Written by\" \/>\n\t<meta name=\"twitter:data1\" content=\"ulqini\" \/>\n<script type=\"application\/ld+json\" class=\"yoast-schema-graph\">{\"@context\":\"https:\/\/schema.org\",\"@graph\":[{\"@type\":\"WebSite\",\"@id\":\"https:\/\/www.visit-ulcinj.com\/blog\/#website\",\"url\":\"https:\/\/www.visit-ulcinj.com\/blog\/\",\"name\":\"Lajme nga Ulqini\",\"description\":\"Lajme,Vijesti,Ulqini,Ulqin,Crna Gora,Mali i Zi\",\"potentialAction\":[{\"@type\":\"SearchAction\",\"target\":{\"@type\":\"EntryPoint\",\"urlTemplate\":\"https:\/\/www.visit-ulcinj.com\/blog\/?s={search_term_string}\"},\"query-input\":\"required name=search_term_string\"}],\"inLanguage\":\"en-US\"},{\"@type\":\"ImageObject\",\"inLanguage\":\"en-US\",\"@id\":\"https:\/\/www.visit-ulcinj.com\/blog\/2012\/09\/24\/najava-tribine-u-utorak-u-herceg-novom-i-ulcinju\/#primaryimage\",\"url\":\"https:\/\/www.visit-ulcinj.com\/blog\/wp-content\/uploads\/2012\/09\/DPS-CRNA-GORA.jpg\",\"contentUrl\":\"https:\/\/www.visit-ulcinj.com\/blog\/wp-content\/uploads\/2012\/09\/DPS-CRNA-GORA.jpg\",\"width\":\"400\",\"height\":\"200\"},{\"@type\":\"WebPage\",\"@id\":\"https:\/\/www.visit-ulcinj.com\/blog\/2012\/09\/24\/najava-tribine-u-utorak-u-herceg-novom-i-ulcinju\/#webpage\",\"url\":\"https:\/\/www.visit-ulcinj.com\/blog\/2012\/09\/24\/najava-tribine-u-utorak-u-herceg-novom-i-ulcinju\/\",\"name\":\"Najava: Tribine u utorak u Herceg Novom i Ulcinju - Lajme nga Ulqini\",\"isPartOf\":{\"@id\":\"https:\/\/www.visit-ulcinj.com\/blog\/#website\"},\"primaryImageOfPage\":{\"@id\":\"https:\/\/www.visit-ulcinj.com\/blog\/2012\/09\/24\/najava-tribine-u-utorak-u-herceg-novom-i-ulcinju\/#primaryimage\"},\"datePublished\":\"2012-09-24T12:45:59+00:00\",\"dateModified\":\"2012-09-24T12:45:59+00:00\",\"author\":{\"@id\":\"https:\/\/www.visit-ulcinj.com\/blog\/#\/schema\/person\/dcab619c614d3038751c63bc2aadc06d\"},\"description\":\"U utorak, 25. septembra bi\u0107e odr\u017eani predizborni skupovi u Herceg Novom i Ulcinju. U Herceg Novom\u00a0bi\u0107e odr\u017eana\u00a0tribina Koalicije Evropska Crna Gora - Milo\",\"breadcrumb\":{\"@id\":\"https:\/\/www.visit-ulcinj.com\/blog\/2012\/09\/24\/najava-tribine-u-utorak-u-herceg-novom-i-ulcinju\/#breadcrumb\"},\"inLanguage\":\"en-US\",\"potentialAction\":[{\"@type\":\"ReadAction\",\"target\":[\"https:\/\/www.visit-ulcinj.com\/blog\/2012\/09\/24\/najava-tribine-u-utorak-u-herceg-novom-i-ulcinju\/\"]}]},{\"@type\":\"BreadcrumbList\",\"@id\":\"https:\/\/www.visit-ulcinj.com\/blog\/2012\/09\/24\/najava-tribine-u-utorak-u-herceg-novom-i-ulcinju\/#breadcrumb\",\"itemListElement\":[{\"@type\":\"ListItem\",\"position\":1,\"name\":\"Najava: Tribine u utorak u Herceg Novom i Ulcinju\"}]},{\"@type\":\"Person\",\"@id\":\"https:\/\/www.visit-ulcinj.com\/blog\/#\/schema\/person\/dcab619c614d3038751c63bc2aadc06d\",\"name\":\"ulqini\",\"sameAs\":[\"http:\/\/www.visit-ulcinj.com\"],\"url\":\"https:\/\/www.visit-ulcinj.com\/blog\/author\/admin\/\"}]}<\/script>\n<!-- \/ Yoast SEO plugin. -->","yoast_head_json":{"title":"Najava: Tribine u utorak u Herceg Novom i Ulcinju - Lajme nga Ulqini","description":"U utorak, 25. septembra bi\u0107e odr\u017eani predizborni skupovi u Herceg Novom i Ulcinju. U Herceg Novom\u00a0bi\u0107e odr\u017eana\u00a0tribina Koalicije Evropska Crna Gora - Milo","robots":{"index":"index","follow":"follow","max-snippet":"max-snippet:-1","max-image-preview":"max-image-preview:large","max-video-preview":"max-video-preview:-1"},"canonical":"https:\/\/www.visit-ulcinj.com\/blog\/2012\/09\/24\/najava-tribine-u-utorak-u-herceg-novom-i-ulcinju\/","og_locale":"en_US","og_type":"article","og_title":"Najava: Tribine u utorak u Herceg Novom i Ulcinju - Lajme nga Ulqini","og_description":"U utorak, 25. septembra bi\u0107e odr\u017eani predizborni skupovi u Herceg Novom i Ulcinju. U Herceg Novom\u00a0bi\u0107e odr\u017eana\u00a0tribina Koalicije Evropska Crna Gora - Milo","og_url":"https:\/\/www.visit-ulcinj.com\/blog\/2012\/09\/24\/najava-tribine-u-utorak-u-herceg-novom-i-ulcinju\/","og_site_name":"Lajme nga Ulqini","article_published_time":"2012-09-24T12:45:59+00:00","og_image":[{"url":"http:\/\/www.visit-ulcinj.com\/blog\/wp-content\/uploads\/2012\/09\/DPS-CRNA-GORA.jpg"}],"twitter_misc":{"Written by":"ulqini"},"schema":{"@context":"https:\/\/schema.org","@graph":[{"@type":"WebSite","@id":"https:\/\/www.visit-ulcinj.com\/blog\/#website","url":"https:\/\/www.visit-ulcinj.com\/blog\/","name":"Lajme nga Ulqini","description":"Lajme,Vijesti,Ulqini,Ulqin,Crna Gora,Mali i Zi","potentialAction":[{"@type":"SearchAction","target":{"@type":"EntryPoint","urlTemplate":"https:\/\/www.visit-ulcinj.com\/blog\/?s={search_term_string}"},"query-input":"required name=search_term_string"}],"inLanguage":"en-US"},{"@type":"ImageObject","inLanguage":"en-US","@id":"https:\/\/www.visit-ulcinj.com\/blog\/2012\/09\/24\/najava-tribine-u-utorak-u-herceg-novom-i-ulcinju\/#primaryimage","url":"https:\/\/www.visit-ulcinj.com\/blog\/wp-content\/uploads\/2012\/09\/DPS-CRNA-GORA.jpg","contentUrl":"https:\/\/www.visit-ulcinj.com\/blog\/wp-content\/uploads\/2012\/09\/DPS-CRNA-GORA.jpg","width":"400","height":"200"},{"@type":"WebPage","@id":"https:\/\/www.visit-ulcinj.com\/blog\/2012\/09\/24\/najava-tribine-u-utorak-u-herceg-novom-i-ulcinju\/#webpage","url":"https:\/\/www.visit-ulcinj.com\/blog\/2012\/09\/24\/najava-tribine-u-utorak-u-herceg-novom-i-ulcinju\/","name":"Najava: Tribine u utorak u Herceg Novom i Ulcinju - Lajme nga Ulqini","isPartOf":{"@id":"https:\/\/www.visit-ulcinj.com\/blog\/#website"},"primaryImageOfPage":{"@id":"https:\/\/www.visit-ulcinj.com\/blog\/2012\/09\/24\/najava-tribine-u-utorak-u-herceg-novom-i-ulcinju\/#primaryimage"},"datePublished":"2012-09-24T12:45:59+00:00","dateModified":"2012-09-24T12:45:59+00:00","author":{"@id":"https:\/\/www.visit-ulcinj.com\/blog\/#\/schema\/person\/dcab619c614d3038751c63bc2aadc06d"},"description":"U utorak, 25. septembra bi\u0107e odr\u017eani predizborni skupovi u Herceg Novom i Ulcinju. U Herceg Novom\u00a0bi\u0107e odr\u017eana\u00a0tribina Koalicije Evropska Crna Gora - Milo","breadcrumb":{"@id":"https:\/\/www.visit-ulcinj.com\/blog\/2012\/09\/24\/najava-tribine-u-utorak-u-herceg-novom-i-ulcinju\/#breadcrumb"},"inLanguage":"en-US","potentialAction":[{"@type":"ReadAction","target":["https:\/\/www.visit-ulcinj.com\/blog\/2012\/09\/24\/najava-tribine-u-utorak-u-herceg-novom-i-ulcinju\/"]}]},{"@type":"BreadcrumbList","@id":"https:\/\/www.visit-ulcinj.com\/blog\/2012\/09\/24\/najava-tribine-u-utorak-u-herceg-novom-i-ulcinju\/#breadcrumb","itemListElement":[{"@type":"ListItem","position":1,"name":"Najava: Tribine u utorak u Herceg Novom i Ulcinju"}]},{"@type":"Person","@id":"https:\/\/www.visit-ulcinj.com\/blog\/#\/schema\/person\/dcab619c614d3038751c63bc2aadc06d","name":"ulqini","sameAs":["http:\/\/www.visit-ulcinj.com"],"url":"https:\/\/www.visit-ulcinj.com\/blog\/author\/admin\/"}]}},"jetpack_featured_media_url":"","jetpack_sharing_enabled":true,"jetpack_shortlink":"https:\/\/wp.me\/pe6lTn-gDD","_links":{"self":[{"href":"https:\/\/www.visit-ulcinj.com\/blog\/wp-json\/wp\/v2\/posts\/63961"}],"collection":[{"href":"https:\/\/www.visit-ulcinj.com\/blog\/wp-json\/wp\/v2\/posts"}],"about":[{"href":"https:\/\/www.visit-ulcinj.com\/blog\/wp-json\/wp\/v2\/types\/post"}],"author":[{"embeddable":true,"href":"https:\/\/www.visit-ulcinj.com\/blog\/wp-json\/wp\/v2\/users\/1"}],"replies":[{"embeddable":true,"href":"https:\/\/www.visit-ulcinj.com\/blog\/wp-json\/wp\/v2\/comments?post=63961"}],"version-history":[{"count":1,"href":"https:\/\/www.visit-ulcinj.com\/blog\/wp-json\/wp\/v2\/posts\/63961\/revisions"}],"predecessor-version":[{"id":63963,"href":"https:\/\/www.visit-ulcinj.com\/blog\/wp-json\/wp\/v2\/posts\/63961\/revisions\/63963"}],"wp:attachment":[{"href":"https:\/\/www.visit-ulcinj.com\/blog\/wp-json\/wp\/v2\/media?parent=63961"}],"wp:term":[{"taxonomy":"category","embeddable":true,"href":"https:\/\/www.visit-ulcinj.com\/blog\/wp-json\/wp\/v2\/categories?post=63961"},{"taxonomy":"post_tag","embeddable":true,"href":"https:\/\/www.visit-ulcinj.com\/blog\/wp-json\/wp\/v2\/tags?post=63961"}],"curies":[{"name":"wp","href":"https:\/\/api.w.org\/{rel}","templated":true}]}}