{"id":63966,"date":"2012-09-24T17:33:19","date_gmt":"2012-09-24T16:33:19","guid":{"rendered":"http:\/\/www.visit-ulcinj.com\/blog\/?p=63966"},"modified":"2012-09-24T17:34:08","modified_gmt":"2012-09-24T16:34:08","slug":"gjukanoviq-me-4-tetor-vendimi-per-referendum-ne-tuz-video","status":"publish","type":"post","link":"https:\/\/www.visit-ulcinj.com\/blog\/2012\/09\/24\/gjukanoviq-me-4-tetor-vendimi-per-referendum-ne-tuz-video\/","title":{"rendered":"Gjukanoviq: Me 4.tetor vendimi p\u00ebr referendum ne Tuz &#8211; Video"},"content":{"rendered":"<p><a href=\"http:\/\/www.visit-ulcinj.com\/blog\/wp-content\/uploads\/2012\/09\/Milo-Gjukanoviq-ne-tuzi.jpg\"><img loading=\"lazy\" class=\"alignleft  wp-image-63967\" title=\"Milo Gjukanoviq ne tuzi\" src=\"http:\/\/www.visit-ulcinj.com\/blog\/wp-content\/uploads\/2012\/09\/Milo-Gjukanoviq-ne-tuzi.jpg\" alt=\"\" width=\"508\" height=\"360\" \/><\/a>Kryetari i PDS Millo Gjukanoviq deklaroi dje ne Tuz se ne jav\u00ebn e ardhshme do te shpallet referendumi konsultativ p\u00ebr statusin e KU te Tuzit dhe se pushteti p\u00ebr ket\u00eb ceshtje do ta respektoje vendimin e banoreve te Malesise.Ai ne tubimin promovues te koalicionit &#8220;Mali i Zi evropian&#8221;,i cili u mbajt dje ne Tuz ,paralajm\u00ebroi se vendimi p\u00ebr shpalljen e referendumit do te sjelle ne mbledhjen e kuvendit te KU te Tuzit me 4 tetor.<\/p>\n<p>&#8220;N\u00ebse kemi k\u00ebrkuar q\u00eb p\u00ebr t\u00eb gjith\u00eb ne t\u00eb vendosim n\u00eb \u00e7far\u00eb shteti do t\u00eb jetojm\u00eb kemi obligim q\u00eb t\u00eb respektojm\u00eb edhe t\u00eb drejt\u00ebn dhe vullnetin tuaj se n\u00eb \u00e7far\u00eb komune d\u00ebshironi t\u00eb jetoni duke pasur parasysh interesat tuaj dhe si to t\u00eb krijoni kushtet q\u00eb m\u00ebnyra e organizimit t\u00eb jet\u00eb ekonomikisht e q\u00ebndrueshme, deklaroi Gjukanoviq n\u00eb tubimin e djesh\u00ebm t\u00eb koalicionit Mali i Zi evropian q\u00eb u mbajt QIK Mal\u00ebsia n\u00eb Tuz. Ai gjithashtu banor\u00ebt e Mal\u00ebsis\u00eb i porositi se nuk kan\u00eb nevoj\u00eb t\u00eb shqet\u00ebsohen se PDS do t\u00eb jet\u00eb garant\u00eb se vullneti i tyre do t\u00eb respektohet.<br \/>\n<strong>TVCG<br \/>\n<!--YouTube Error: bad URL entered--><br \/>\n<\/strong><\/p>\n","protected":false},"excerpt":{"rendered":"<p>Kryetari i PDS Millo Gjukanoviq deklaroi dje ne Tuz se ne jav\u00ebn e ardhshme do te shpallet referendumi konsultativ p\u00ebr statusin e KU te Tuzit dhe se pushteti p\u00ebr ket\u00eb ceshtje do ta respektoje vendimin e banoreve te Malesise.Ai ne tubimin promovues te koalicionit &#8220;Mali i Zi evropian&#8221;,i cili u mbajt dje ne Tuz ,paralajm\u00ebroi [&hellip;]<\/p>\n","protected":false},"author":1,"featured_media":0,"comment_status":"open","ping_status":"closed","sticky":false,"template":"","format":"standard","meta":{"spay_email":"","jetpack_publicize_message":"","jetpack_is_tweetstorm":false,"jetpack_publicize_feature_enabled":true},"categories":[14],"tags":[1941,201],"jetpack_publicize_connections":[],"yoast_head":"<!-- This site is optimized with the Yoast SEO plugin v19.1 - https:\/\/yoast.com\/wordpress\/plugins\/seo\/ -->\n<title>Gjukanoviq: Me 4.tetor vendimi p\u00ebr referendum ne Tuz - Video - Lajme nga Ulqini<\/title>\n<meta name=\"description\" content=\"Kryetari i PDS Millo Gjukanoviq deklaroi dje ne Tuz se ne jav\u00ebn e ardhshme do te shpallet referendumi konsultativ p\u00ebr statusin e KU te Tuzit dhe se\" \/>\n<meta name=\"robots\" content=\"index, follow, max-snippet:-1, max-image-preview:large, max-video-preview:-1\" \/>\n<link rel=\"canonical\" href=\"https:\/\/www.visit-ulcinj.com\/blog\/2012\/09\/24\/gjukanoviq-me-4-tetor-vendimi-per-referendum-ne-tuz-video\/\" \/>\n<meta property=\"og:locale\" content=\"en_US\" \/>\n<meta property=\"og:type\" content=\"article\" \/>\n<meta property=\"og:title\" content=\"Gjukanoviq: Me 4.tetor vendimi p\u00ebr referendum ne Tuz - Video - Lajme nga Ulqini\" \/>\n<meta property=\"og:description\" content=\"Kryetari i PDS Millo Gjukanoviq deklaroi dje ne Tuz se ne jav\u00ebn e ardhshme do te shpallet referendumi konsultativ p\u00ebr statusin e KU te Tuzit dhe se\" \/>\n<meta property=\"og:url\" content=\"https:\/\/www.visit-ulcinj.com\/blog\/2012\/09\/24\/gjukanoviq-me-4-tetor-vendimi-per-referendum-ne-tuz-video\/\" \/>\n<meta property=\"og:site_name\" content=\"Lajme nga Ulqini\" \/>\n<meta property=\"article:published_time\" content=\"2012-09-24T16:33:19+00:00\" \/>\n<meta property=\"article:modified_time\" content=\"2012-09-24T16:34:08+00:00\" \/>\n<meta property=\"og:image\" content=\"http:\/\/www.visit-ulcinj.com\/blog\/wp-content\/uploads\/2012\/09\/Milo-Gjukanoviq-ne-tuzi.jpg\" \/>\n<meta name=\"twitter:label1\" content=\"Written by\" \/>\n\t<meta name=\"twitter:data1\" content=\"ulqini\" \/>\n\t<meta name=\"twitter:label2\" content=\"Est. reading time\" \/>\n\t<meta name=\"twitter:data2\" content=\"1 minute\" \/>\n<script type=\"application\/ld+json\" class=\"yoast-schema-graph\">{\"@context\":\"https:\/\/schema.org\",\"@graph\":[{\"@type\":\"WebSite\",\"@id\":\"https:\/\/www.visit-ulcinj.com\/blog\/#website\",\"url\":\"https:\/\/www.visit-ulcinj.com\/blog\/\",\"name\":\"Lajme nga Ulqini\",\"description\":\"Lajme,Vijesti,Ulqini,Ulqin,Crna Gora,Mali i Zi\",\"potentialAction\":[{\"@type\":\"SearchAction\",\"target\":{\"@type\":\"EntryPoint\",\"urlTemplate\":\"https:\/\/www.visit-ulcinj.com\/blog\/?s={search_term_string}\"},\"query-input\":\"required name=search_term_string\"}],\"inLanguage\":\"en-US\"},{\"@type\":\"ImageObject\",\"inLanguage\":\"en-US\",\"@id\":\"https:\/\/www.visit-ulcinj.com\/blog\/2012\/09\/24\/gjukanoviq-me-4-tetor-vendimi-per-referendum-ne-tuz-video\/#primaryimage\",\"url\":\"https:\/\/www.visit-ulcinj.com\/blog\/wp-content\/uploads\/2012\/09\/Milo-Gjukanoviq-ne-tuzi.jpg\",\"contentUrl\":\"https:\/\/www.visit-ulcinj.com\/blog\/wp-content\/uploads\/2012\/09\/Milo-Gjukanoviq-ne-tuzi.jpg\",\"width\":\"640\",\"height\":\"360\"},{\"@type\":\"WebPage\",\"@id\":\"https:\/\/www.visit-ulcinj.com\/blog\/2012\/09\/24\/gjukanoviq-me-4-tetor-vendimi-per-referendum-ne-tuz-video\/#webpage\",\"url\":\"https:\/\/www.visit-ulcinj.com\/blog\/2012\/09\/24\/gjukanoviq-me-4-tetor-vendimi-per-referendum-ne-tuz-video\/\",\"name\":\"Gjukanoviq: Me 4.tetor vendimi p\u00ebr referendum ne Tuz - Video - Lajme nga Ulqini\",\"isPartOf\":{\"@id\":\"https:\/\/www.visit-ulcinj.com\/blog\/#website\"},\"primaryImageOfPage\":{\"@id\":\"https:\/\/www.visit-ulcinj.com\/blog\/2012\/09\/24\/gjukanoviq-me-4-tetor-vendimi-per-referendum-ne-tuz-video\/#primaryimage\"},\"datePublished\":\"2012-09-24T16:33:19+00:00\",\"dateModified\":\"2012-09-24T16:34:08+00:00\",\"author\":{\"@id\":\"https:\/\/www.visit-ulcinj.com\/blog\/#\/schema\/person\/dcab619c614d3038751c63bc2aadc06d\"},\"description\":\"Kryetari i PDS Millo Gjukanoviq deklaroi dje ne Tuz se ne jav\u00ebn e ardhshme do te shpallet referendumi konsultativ p\u00ebr statusin e KU te Tuzit dhe se\",\"breadcrumb\":{\"@id\":\"https:\/\/www.visit-ulcinj.com\/blog\/2012\/09\/24\/gjukanoviq-me-4-tetor-vendimi-per-referendum-ne-tuz-video\/#breadcrumb\"},\"inLanguage\":\"en-US\",\"potentialAction\":[{\"@type\":\"ReadAction\",\"target\":[\"https:\/\/www.visit-ulcinj.com\/blog\/2012\/09\/24\/gjukanoviq-me-4-tetor-vendimi-per-referendum-ne-tuz-video\/\"]}]},{\"@type\":\"BreadcrumbList\",\"@id\":\"https:\/\/www.visit-ulcinj.com\/blog\/2012\/09\/24\/gjukanoviq-me-4-tetor-vendimi-per-referendum-ne-tuz-video\/#breadcrumb\",\"itemListElement\":[{\"@type\":\"ListItem\",\"position\":1,\"name\":\"Gjukanoviq: Me 4.tetor vendimi p\u00ebr referendum ne Tuz &#8211; Video\"}]},{\"@type\":\"Person\",\"@id\":\"https:\/\/www.visit-ulcinj.com\/blog\/#\/schema\/person\/dcab619c614d3038751c63bc2aadc06d\",\"name\":\"ulqini\",\"sameAs\":[\"http:\/\/www.visit-ulcinj.com\"],\"url\":\"https:\/\/www.visit-ulcinj.com\/blog\/author\/admin\/\"}]}<\/script>\n<!-- \/ Yoast SEO plugin. -->","yoast_head_json":{"title":"Gjukanoviq: Me 4.tetor vendimi p\u00ebr referendum ne Tuz - Video - Lajme nga Ulqini","description":"Kryetari i PDS Millo Gjukanoviq deklaroi dje ne Tuz se ne jav\u00ebn e ardhshme do te shpallet referendumi konsultativ p\u00ebr statusin e KU te Tuzit dhe se","robots":{"index":"index","follow":"follow","max-snippet":"max-snippet:-1","max-image-preview":"max-image-preview:large","max-video-preview":"max-video-preview:-1"},"canonical":"https:\/\/www.visit-ulcinj.com\/blog\/2012\/09\/24\/gjukanoviq-me-4-tetor-vendimi-per-referendum-ne-tuz-video\/","og_locale":"en_US","og_type":"article","og_title":"Gjukanoviq: Me 4.tetor vendimi p\u00ebr referendum ne Tuz - Video - Lajme nga Ulqini","og_description":"Kryetari i PDS Millo Gjukanoviq deklaroi dje ne Tuz se ne jav\u00ebn e ardhshme do te shpallet referendumi konsultativ p\u00ebr statusin e KU te Tuzit dhe se","og_url":"https:\/\/www.visit-ulcinj.com\/blog\/2012\/09\/24\/gjukanoviq-me-4-tetor-vendimi-per-referendum-ne-tuz-video\/","og_site_name":"Lajme nga Ulqini","article_published_time":"2012-09-24T16:33:19+00:00","article_modified_time":"2012-09-24T16:34:08+00:00","og_image":[{"url":"http:\/\/www.visit-ulcinj.com\/blog\/wp-content\/uploads\/2012\/09\/Milo-Gjukanoviq-ne-tuzi.jpg"}],"twitter_misc":{"Written by":"ulqini","Est. reading time":"1 minute"},"schema":{"@context":"https:\/\/schema.org","@graph":[{"@type":"WebSite","@id":"https:\/\/www.visit-ulcinj.com\/blog\/#website","url":"https:\/\/www.visit-ulcinj.com\/blog\/","name":"Lajme nga Ulqini","description":"Lajme,Vijesti,Ulqini,Ulqin,Crna Gora,Mali i Zi","potentialAction":[{"@type":"SearchAction","target":{"@type":"EntryPoint","urlTemplate":"https:\/\/www.visit-ulcinj.com\/blog\/?s={search_term_string}"},"query-input":"required name=search_term_string"}],"inLanguage":"en-US"},{"@type":"ImageObject","inLanguage":"en-US","@id":"https:\/\/www.visit-ulcinj.com\/blog\/2012\/09\/24\/gjukanoviq-me-4-tetor-vendimi-per-referendum-ne-tuz-video\/#primaryimage","url":"https:\/\/www.visit-ulcinj.com\/blog\/wp-content\/uploads\/2012\/09\/Milo-Gjukanoviq-ne-tuzi.jpg","contentUrl":"https:\/\/www.visit-ulcinj.com\/blog\/wp-content\/uploads\/2012\/09\/Milo-Gjukanoviq-ne-tuzi.jpg","width":"640","height":"360"},{"@type":"WebPage","@id":"https:\/\/www.visit-ulcinj.com\/blog\/2012\/09\/24\/gjukanoviq-me-4-tetor-vendimi-per-referendum-ne-tuz-video\/#webpage","url":"https:\/\/www.visit-ulcinj.com\/blog\/2012\/09\/24\/gjukanoviq-me-4-tetor-vendimi-per-referendum-ne-tuz-video\/","name":"Gjukanoviq: Me 4.tetor vendimi p\u00ebr referendum ne Tuz - Video - Lajme nga Ulqini","isPartOf":{"@id":"https:\/\/www.visit-ulcinj.com\/blog\/#website"},"primaryImageOfPage":{"@id":"https:\/\/www.visit-ulcinj.com\/blog\/2012\/09\/24\/gjukanoviq-me-4-tetor-vendimi-per-referendum-ne-tuz-video\/#primaryimage"},"datePublished":"2012-09-24T16:33:19+00:00","dateModified":"2012-09-24T16:34:08+00:00","author":{"@id":"https:\/\/www.visit-ulcinj.com\/blog\/#\/schema\/person\/dcab619c614d3038751c63bc2aadc06d"},"description":"Kryetari i PDS Millo Gjukanoviq deklaroi dje ne Tuz se ne jav\u00ebn e ardhshme do te shpallet referendumi konsultativ p\u00ebr statusin e KU te Tuzit dhe se","breadcrumb":{"@id":"https:\/\/www.visit-ulcinj.com\/blog\/2012\/09\/24\/gjukanoviq-me-4-tetor-vendimi-per-referendum-ne-tuz-video\/#breadcrumb"},"inLanguage":"en-US","potentialAction":[{"@type":"ReadAction","target":["https:\/\/www.visit-ulcinj.com\/blog\/2012\/09\/24\/gjukanoviq-me-4-tetor-vendimi-per-referendum-ne-tuz-video\/"]}]},{"@type":"BreadcrumbList","@id":"https:\/\/www.visit-ulcinj.com\/blog\/2012\/09\/24\/gjukanoviq-me-4-tetor-vendimi-per-referendum-ne-tuz-video\/#breadcrumb","itemListElement":[{"@type":"ListItem","position":1,"name":"Gjukanoviq: Me 4.tetor vendimi p\u00ebr referendum ne Tuz &#8211; Video"}]},{"@type":"Person","@id":"https:\/\/www.visit-ulcinj.com\/blog\/#\/schema\/person\/dcab619c614d3038751c63bc2aadc06d","name":"ulqini","sameAs":["http:\/\/www.visit-ulcinj.com"],"url":"https:\/\/www.visit-ulcinj.com\/blog\/author\/admin\/"}]}},"jetpack_featured_media_url":"","jetpack_sharing_enabled":true,"jetpack_shortlink":"https:\/\/wp.me\/pe6lTn-gDI","_links":{"self":[{"href":"https:\/\/www.visit-ulcinj.com\/blog\/wp-json\/wp\/v2\/posts\/63966"}],"collection":[{"href":"https:\/\/www.visit-ulcinj.com\/blog\/wp-json\/wp\/v2\/posts"}],"about":[{"href":"https:\/\/www.visit-ulcinj.com\/blog\/wp-json\/wp\/v2\/types\/post"}],"author":[{"embeddable":true,"href":"https:\/\/www.visit-ulcinj.com\/blog\/wp-json\/wp\/v2\/users\/1"}],"replies":[{"embeddable":true,"href":"https:\/\/www.visit-ulcinj.com\/blog\/wp-json\/wp\/v2\/comments?post=63966"}],"version-history":[{"count":3,"href":"https:\/\/www.visit-ulcinj.com\/blog\/wp-json\/wp\/v2\/posts\/63966\/revisions"}],"predecessor-version":[{"id":63970,"href":"https:\/\/www.visit-ulcinj.com\/blog\/wp-json\/wp\/v2\/posts\/63966\/revisions\/63970"}],"wp:attachment":[{"href":"https:\/\/www.visit-ulcinj.com\/blog\/wp-json\/wp\/v2\/media?parent=63966"}],"wp:term":[{"taxonomy":"category","embeddable":true,"href":"https:\/\/www.visit-ulcinj.com\/blog\/wp-json\/wp\/v2\/categories?post=63966"},{"taxonomy":"post_tag","embeddable":true,"href":"https:\/\/www.visit-ulcinj.com\/blog\/wp-json\/wp\/v2\/tags?post=63966"}],"curies":[{"name":"wp","href":"https:\/\/api.w.org\/{rel}","templated":true}]}}