{"id":6397,"date":"2008-11-20T14:12:05","date_gmt":"2008-11-20T19:12:05","guid":{"rendered":"http:\/\/www.visit-ulcinj.com\/blog\/?p=6397"},"modified":"2008-11-24T12:02:23","modified_gmt":"2008-11-24T17:02:23","slug":"u-podgorici-otvorena-americka-privredna-komora","status":"publish","type":"post","link":"https:\/\/www.visit-ulcinj.com\/blog\/2008\/11\/20\/u-podgorici-otvorena-americka-privredna-komora\/","title":{"rendered":"U Podgorici otvorena Ameri?ka privredna komora"},"content":{"rendered":"<p><a href=\"http:\/\/www.visit-ulcinj.com\/blog\/wp-content\/uploads\/2008\/11\/americki-ambasador-roderik-mur.jpg\"><img loading=\"lazy\" class=\"alignleft size-medium wp-image-6398\" title=\"americki-ambasador-roderik-mur\" src=\"http:\/\/www.visit-ulcinj.com\/blog\/wp-content\/uploads\/2008\/11\/americki-ambasador-roderik-mur.jpg\" alt=\"\" width=\"358\" height=\"238\" \/><\/a><strong>Putokaz ameri?kim kompanijama da ula\u017eu u Crnu Goru<\/strong><br \/>\nOva komora bi?e prekretnica u ameri?ko-crnogorskim poslovnim odnosima, ocijenio ameri?ki ambasador Roderik Mur<br \/>\nPodgorica, 19. novembra &#8211; Ameri?ka privredna komora koja je danas po?ela da radi u Podgorici bi?e sna\u017ean podstrek ameri?kim kompanijama da do?u u Crnu Goru. To je ve?eras na otvaranju Komore u ameri?koj rezidenciji na Marezi, kazao ameri?ki ambasador Roderik Mur, dodaju?i da ?e ona biti prekretnica u ameri?ko-crnogorskim poslovnim odnosima.<br \/>\n?injenica da ?e se u ovoj organizaciji okupiti neke od najja?ih i najpresti\u017enijih korporacija na svijetu da?e jasan signal svijetu da je Crna Gora ozbiljno odredi\u0161te za biznis i da se ovdje mo\u017ee poslovati uspje\u0161no, ocijenio je ambasador Mur. Komora ?e se zalagati za stvaranje otvorenog i transparentnog poslovnog okru\u017eenja u kojem ameri?ke kompanije vole da se nadme?u. Bord direktora ove prve Ameri?ke privredne komore u Crnoj Gori ima?e punu podr\u0161ku ameri?ke ambasade, istakao je Mur.<br \/>\nCilj komore je da \u0161to vi\u0161e ameri?kih kompanija investira u Crnu Goru , kazao je Mark Kraford , predsjednik borda direktora Ameri?ke privredne komore. Komora ?e raditi na ja?anju ekonomskih veza SAD i Crne Gore. Ekonomska efikasnost ?e nam pomo?i da obezbijedimo bolji ekonomski standard i prosperitet gra?ana u obje zemlje. Nivo investicija iz Amerike u Crnoj Gori je nizak, ali smo Komoru formirali da to promijenimo i da ih pove?amo. \u017delimo da damo podr\u0161ku investitorima koji su zainteresovani za neke tendere u Crnoj Gori koji predstoje, za kupovinu postoje?ih kompanija i ulaganje u grin fild investicije. Ima dosta investitora koji \u017eele suvlasni?ki odnos &#8211; takvog novca ima dosta. Oni su zainteresovani za Crnu Goru, ali ne ba\u0161 za svaku kompaniju i po bilo koju cijenu. Komora treba da prona?e mogu?nosti i ukloni odre?ene barijere kako bi se pove?ao nivo investicija. Kraford je podsjetio na moto ameri?kog mentaliteta &#8211; mi to mo\u017eemo. To nam je puno pomoglo da dodatno osna\u017eimo ekonomski rast u uslovima prosperiteta, ali nam poma\u017ee da revidiramo i utvrdimo nove pravce u uslovima suo?avanja sa ekonomskim izazovima.<\/p>\n<p><strong>Kraford predsjednik Borda<\/strong><br \/>\nMark Kraford, predsjednik je borda direktora Ameri?ke privredne komore u Podgorici, prof. dr Petar Ivanovi? , prvi potpredsjednik, a ?lanovi Oliver Obradovi?, Predrag Ljuji? i izvr\u0161ni direktor Promonte-a, Kare Gustad. Ri?ard Dani?i? je izvr\u0161ni direktor ove Komore.<br \/>\n<strong>Mr.M.<br \/>\nIzvor \/ Pobjeda<\/strong><\/p>\n<!--YouTube Error: bad URL entered-->\n","protected":false},"excerpt":{"rendered":"<p>Putokaz ameri?kim kompanijama da ula\u017eu u Crnu Goru Ova komora bi?e prekretnica u ameri?ko-crnogorskim poslovnim odnosima, ocijenio ameri?ki ambasador Roderik Mur Podgorica, 19. novembra &#8211; Ameri?ka privredna komora koja je danas po?ela da radi u Podgorici bi?e sna\u017ean podstrek ameri?kim kompanijama da do?u u Crnu Goru. To je ve?eras na otvaranju Komore u ameri?koj rezidenciji [&hellip;]<\/p>\n","protected":false},"author":1,"featured_media":0,"comment_status":"open","ping_status":"closed","sticky":false,"template":"","format":"standard","meta":{"spay_email":"","jetpack_publicize_message":"","jetpack_is_tweetstorm":false,"jetpack_publicize_feature_enabled":true},"categories":[10],"tags":[2468],"jetpack_publicize_connections":[],"yoast_head":"<!-- This site is optimized with the Yoast SEO plugin v19.1 - https:\/\/yoast.com\/wordpress\/plugins\/seo\/ -->\n<title>U Podgorici otvorena Ameri?ka privredna komora - Lajme nga Ulqini<\/title>\n<meta name=\"description\" content=\"Putokaz ameri?kim kompanijama da ula\u017eu u Crnu Goru Ova komora bi?e prekretnica u ameri?ko-crnogorskim poslovnim odnosima, ocijenio ameri?ki ambasador\" \/>\n<meta name=\"robots\" content=\"index, follow, max-snippet:-1, max-image-preview:large, max-video-preview:-1\" \/>\n<link rel=\"canonical\" href=\"https:\/\/www.visit-ulcinj.com\/blog\/2008\/11\/20\/u-podgorici-otvorena-americka-privredna-komora\/\" \/>\n<meta property=\"og:locale\" content=\"en_US\" \/>\n<meta property=\"og:type\" content=\"article\" \/>\n<meta property=\"og:title\" content=\"U Podgorici otvorena Ameri?ka privredna komora - Lajme nga Ulqini\" \/>\n<meta property=\"og:description\" content=\"Putokaz ameri?kim kompanijama da ula\u017eu u Crnu Goru Ova komora bi?e prekretnica u ameri?ko-crnogorskim poslovnim odnosima, ocijenio ameri?ki ambasador\" \/>\n<meta property=\"og:url\" content=\"https:\/\/www.visit-ulcinj.com\/blog\/2008\/11\/20\/u-podgorici-otvorena-americka-privredna-komora\/\" \/>\n<meta property=\"og:site_name\" content=\"Lajme nga Ulqini\" \/>\n<meta property=\"article:published_time\" content=\"2008-11-20T19:12:05+00:00\" \/>\n<meta property=\"article:modified_time\" content=\"2008-11-24T17:02:23+00:00\" \/>\n<meta property=\"og:image\" content=\"http:\/\/www.visit-ulcinj.com\/blog\/wp-content\/uploads\/2008\/11\/americki-ambasador-roderik-mur.jpg\" \/>\n<meta name=\"twitter:label1\" content=\"Written by\" \/>\n\t<meta name=\"twitter:data1\" content=\"ulqini\" \/>\n\t<meta name=\"twitter:label2\" content=\"Est. reading time\" \/>\n\t<meta name=\"twitter:data2\" content=\"2 minutes\" \/>\n<script type=\"application\/ld+json\" class=\"yoast-schema-graph\">{\"@context\":\"https:\/\/schema.org\",\"@graph\":[{\"@type\":\"WebSite\",\"@id\":\"https:\/\/www.visit-ulcinj.com\/blog\/#website\",\"url\":\"https:\/\/www.visit-ulcinj.com\/blog\/\",\"name\":\"Lajme nga Ulqini\",\"description\":\"Lajme,Vijesti,Ulqini,Ulqin,Crna Gora,Mali i Zi\",\"potentialAction\":[{\"@type\":\"SearchAction\",\"target\":{\"@type\":\"EntryPoint\",\"urlTemplate\":\"https:\/\/www.visit-ulcinj.com\/blog\/?s={search_term_string}\"},\"query-input\":\"required name=search_term_string\"}],\"inLanguage\":\"en-US\"},{\"@type\":\"ImageObject\",\"inLanguage\":\"en-US\",\"@id\":\"https:\/\/www.visit-ulcinj.com\/blog\/2008\/11\/20\/u-podgorici-otvorena-americka-privredna-komora\/#primaryimage\",\"url\":\"http:\/\/www.visit-ulcinj.com\/blog\/wp-content\/uploads\/2008\/11\/americki-ambasador-roderik-mur.jpg\",\"contentUrl\":\"http:\/\/www.visit-ulcinj.com\/blog\/wp-content\/uploads\/2008\/11\/americki-ambasador-roderik-mur.jpg\"},{\"@type\":\"WebPage\",\"@id\":\"https:\/\/www.visit-ulcinj.com\/blog\/2008\/11\/20\/u-podgorici-otvorena-americka-privredna-komora\/#webpage\",\"url\":\"https:\/\/www.visit-ulcinj.com\/blog\/2008\/11\/20\/u-podgorici-otvorena-americka-privredna-komora\/\",\"name\":\"U Podgorici otvorena Ameri?ka privredna komora - Lajme nga Ulqini\",\"isPartOf\":{\"@id\":\"https:\/\/www.visit-ulcinj.com\/blog\/#website\"},\"primaryImageOfPage\":{\"@id\":\"https:\/\/www.visit-ulcinj.com\/blog\/2008\/11\/20\/u-podgorici-otvorena-americka-privredna-komora\/#primaryimage\"},\"datePublished\":\"2008-11-20T19:12:05+00:00\",\"dateModified\":\"2008-11-24T17:02:23+00:00\",\"author\":{\"@id\":\"https:\/\/www.visit-ulcinj.com\/blog\/#\/schema\/person\/dcab619c614d3038751c63bc2aadc06d\"},\"description\":\"Putokaz ameri?kim kompanijama da ula\u017eu u Crnu Goru Ova komora bi?e prekretnica u ameri?ko-crnogorskim poslovnim odnosima, ocijenio ameri?ki ambasador\",\"breadcrumb\":{\"@id\":\"https:\/\/www.visit-ulcinj.com\/blog\/2008\/11\/20\/u-podgorici-otvorena-americka-privredna-komora\/#breadcrumb\"},\"inLanguage\":\"en-US\",\"potentialAction\":[{\"@type\":\"ReadAction\",\"target\":[\"https:\/\/www.visit-ulcinj.com\/blog\/2008\/11\/20\/u-podgorici-otvorena-americka-privredna-komora\/\"]}]},{\"@type\":\"BreadcrumbList\",\"@id\":\"https:\/\/www.visit-ulcinj.com\/blog\/2008\/11\/20\/u-podgorici-otvorena-americka-privredna-komora\/#breadcrumb\",\"itemListElement\":[{\"@type\":\"ListItem\",\"position\":1,\"name\":\"U Podgorici otvorena Ameri?ka privredna komora\"}]},{\"@type\":\"Person\",\"@id\":\"https:\/\/www.visit-ulcinj.com\/blog\/#\/schema\/person\/dcab619c614d3038751c63bc2aadc06d\",\"name\":\"ulqini\",\"sameAs\":[\"http:\/\/www.visit-ulcinj.com\"],\"url\":\"https:\/\/www.visit-ulcinj.com\/blog\/author\/admin\/\"}]}<\/script>\n<!-- \/ Yoast SEO plugin. -->","yoast_head_json":{"title":"U Podgorici otvorena Ameri?ka privredna komora - Lajme nga Ulqini","description":"Putokaz ameri?kim kompanijama da ula\u017eu u Crnu Goru Ova komora bi?e prekretnica u ameri?ko-crnogorskim poslovnim odnosima, ocijenio ameri?ki ambasador","robots":{"index":"index","follow":"follow","max-snippet":"max-snippet:-1","max-image-preview":"max-image-preview:large","max-video-preview":"max-video-preview:-1"},"canonical":"https:\/\/www.visit-ulcinj.com\/blog\/2008\/11\/20\/u-podgorici-otvorena-americka-privredna-komora\/","og_locale":"en_US","og_type":"article","og_title":"U Podgorici otvorena Ameri?ka privredna komora - Lajme nga Ulqini","og_description":"Putokaz ameri?kim kompanijama da ula\u017eu u Crnu Goru Ova komora bi?e prekretnica u ameri?ko-crnogorskim poslovnim odnosima, ocijenio ameri?ki ambasador","og_url":"https:\/\/www.visit-ulcinj.com\/blog\/2008\/11\/20\/u-podgorici-otvorena-americka-privredna-komora\/","og_site_name":"Lajme nga Ulqini","article_published_time":"2008-11-20T19:12:05+00:00","article_modified_time":"2008-11-24T17:02:23+00:00","og_image":[{"url":"http:\/\/www.visit-ulcinj.com\/blog\/wp-content\/uploads\/2008\/11\/americki-ambasador-roderik-mur.jpg"}],"twitter_misc":{"Written by":"ulqini","Est. reading time":"2 minutes"},"schema":{"@context":"https:\/\/schema.org","@graph":[{"@type":"WebSite","@id":"https:\/\/www.visit-ulcinj.com\/blog\/#website","url":"https:\/\/www.visit-ulcinj.com\/blog\/","name":"Lajme nga Ulqini","description":"Lajme,Vijesti,Ulqini,Ulqin,Crna Gora,Mali i Zi","potentialAction":[{"@type":"SearchAction","target":{"@type":"EntryPoint","urlTemplate":"https:\/\/www.visit-ulcinj.com\/blog\/?s={search_term_string}"},"query-input":"required name=search_term_string"}],"inLanguage":"en-US"},{"@type":"ImageObject","inLanguage":"en-US","@id":"https:\/\/www.visit-ulcinj.com\/blog\/2008\/11\/20\/u-podgorici-otvorena-americka-privredna-komora\/#primaryimage","url":"http:\/\/www.visit-ulcinj.com\/blog\/wp-content\/uploads\/2008\/11\/americki-ambasador-roderik-mur.jpg","contentUrl":"http:\/\/www.visit-ulcinj.com\/blog\/wp-content\/uploads\/2008\/11\/americki-ambasador-roderik-mur.jpg"},{"@type":"WebPage","@id":"https:\/\/www.visit-ulcinj.com\/blog\/2008\/11\/20\/u-podgorici-otvorena-americka-privredna-komora\/#webpage","url":"https:\/\/www.visit-ulcinj.com\/blog\/2008\/11\/20\/u-podgorici-otvorena-americka-privredna-komora\/","name":"U Podgorici otvorena Ameri?ka privredna komora - Lajme nga Ulqini","isPartOf":{"@id":"https:\/\/www.visit-ulcinj.com\/blog\/#website"},"primaryImageOfPage":{"@id":"https:\/\/www.visit-ulcinj.com\/blog\/2008\/11\/20\/u-podgorici-otvorena-americka-privredna-komora\/#primaryimage"},"datePublished":"2008-11-20T19:12:05+00:00","dateModified":"2008-11-24T17:02:23+00:00","author":{"@id":"https:\/\/www.visit-ulcinj.com\/blog\/#\/schema\/person\/dcab619c614d3038751c63bc2aadc06d"},"description":"Putokaz ameri?kim kompanijama da ula\u017eu u Crnu Goru Ova komora bi?e prekretnica u ameri?ko-crnogorskim poslovnim odnosima, ocijenio ameri?ki ambasador","breadcrumb":{"@id":"https:\/\/www.visit-ulcinj.com\/blog\/2008\/11\/20\/u-podgorici-otvorena-americka-privredna-komora\/#breadcrumb"},"inLanguage":"en-US","potentialAction":[{"@type":"ReadAction","target":["https:\/\/www.visit-ulcinj.com\/blog\/2008\/11\/20\/u-podgorici-otvorena-americka-privredna-komora\/"]}]},{"@type":"BreadcrumbList","@id":"https:\/\/www.visit-ulcinj.com\/blog\/2008\/11\/20\/u-podgorici-otvorena-americka-privredna-komora\/#breadcrumb","itemListElement":[{"@type":"ListItem","position":1,"name":"U Podgorici otvorena Ameri?ka privredna komora"}]},{"@type":"Person","@id":"https:\/\/www.visit-ulcinj.com\/blog\/#\/schema\/person\/dcab619c614d3038751c63bc2aadc06d","name":"ulqini","sameAs":["http:\/\/www.visit-ulcinj.com"],"url":"https:\/\/www.visit-ulcinj.com\/blog\/author\/admin\/"}]}},"jetpack_featured_media_url":"","jetpack_sharing_enabled":true,"jetpack_shortlink":"https:\/\/wp.me\/pe6lTn-1Fb","_links":{"self":[{"href":"https:\/\/www.visit-ulcinj.com\/blog\/wp-json\/wp\/v2\/posts\/6397"}],"collection":[{"href":"https:\/\/www.visit-ulcinj.com\/blog\/wp-json\/wp\/v2\/posts"}],"about":[{"href":"https:\/\/www.visit-ulcinj.com\/blog\/wp-json\/wp\/v2\/types\/post"}],"author":[{"embeddable":true,"href":"https:\/\/www.visit-ulcinj.com\/blog\/wp-json\/wp\/v2\/users\/1"}],"replies":[{"embeddable":true,"href":"https:\/\/www.visit-ulcinj.com\/blog\/wp-json\/wp\/v2\/comments?post=6397"}],"version-history":[{"count":0,"href":"https:\/\/www.visit-ulcinj.com\/blog\/wp-json\/wp\/v2\/posts\/6397\/revisions"}],"wp:attachment":[{"href":"https:\/\/www.visit-ulcinj.com\/blog\/wp-json\/wp\/v2\/media?parent=6397"}],"wp:term":[{"taxonomy":"category","embeddable":true,"href":"https:\/\/www.visit-ulcinj.com\/blog\/wp-json\/wp\/v2\/categories?post=6397"},{"taxonomy":"post_tag","embeddable":true,"href":"https:\/\/www.visit-ulcinj.com\/blog\/wp-json\/wp\/v2\/tags?post=6397"}],"curies":[{"name":"wp","href":"https:\/\/api.w.org\/{rel}","templated":true}]}}