{"id":63971,"date":"2012-09-24T17:47:43","date_gmt":"2012-09-24T16:47:43","guid":{"rendered":"http:\/\/www.visit-ulcinj.com\/blog\/?p=63971"},"modified":"2012-09-24T17:47:43","modified_gmt":"2012-09-24T16:47:43","slug":"bardhi-dukanovicevo-obracanje-u-malesiji-vise-lici-na-politicki-flert","status":"publish","type":"post","link":"https:\/\/www.visit-ulcinj.com\/blog\/2012\/09\/24\/bardhi-dukanovicevo-obracanje-u-malesiji-vise-lici-na-politicki-flert\/","title":{"rendered":"Bardhi: \u0110ukanovi\u0107evo obra\u0107anje u Malesiji vi\u0161e li\u010di na politi\u010dki flert"},"content":{"rendered":"<p><strong><a href=\"http:\/\/www.visit-ulcinj.com\/blog\/wp-content\/uploads\/2012\/09\/Bardhi_Sinistaj.jpg\"><img loading=\"lazy\" class=\"alignleft  wp-image-63972\" title=\"Bardhi_Sinistaj\" src=\"http:\/\/www.visit-ulcinj.com\/blog\/wp-content\/uploads\/2012\/09\/Bardhi_Sinistaj.jpg\" alt=\"\" width=\"508\" height=\"360\" \/><\/a>Kobna gre\u0161ka<\/strong><\/p>\n<p>I za Mehmeta Bardhija, dugogodi\u0161njeg albanskog politi\u010dara i predsjednika Demokratskog saveza, \u0110ukanovi\u0107evo obra\u0107anje u Malesiji vi\u0161e li\u010di na politi\u010dki flert uo\u010di izbora nego na stvarnu namjeru da se okon\u010da status op\u0161tine Tuzi.<\/p>\n<p>&#8220;Ovim je gospodin \u0110ukanovi\u0107 potvrdio da on dr\u017ei sve konce u rukama u ovoj veoma centralizovanoj dr\u017eavi. Po\u0161to je to samo neki konsultativni referendum, u ovom slu\u010daju treba da bude pravi referendum. Mi mislimo da je odavno do\u0161lo vrijeme da se formira punopravna op\u0161tina Tuzi. Ali, zloupotreba prije izbora ja mislim da je to mimo svih demokratskih principa&#8221;, ka\u017ee on.<br \/>\nVaselj Sini\u0161taj dodaje kako je vra\u0107anja statusa op\u0161tine Tuzima va\u017eno sa prakti\u010dnog stanovi\u0161ta i pobolj\u0161anja uslova u kojima stanovnici tog podru\u010dja \u017eive, ali i za \u010ditavu dr\u017eavu koja mora da po\u0161tuje evropsku povelju o lokalnoj samoupravi.<\/p>\n<p>&#8220;Tre\u0107i milenijum je ve\u0107 po\u010deo a mi jo\u0161 nosimo vodu u bidonima, u ravni\u010darskom dijelu Malesije. \u0160ta je sa Malesijom u njenom ruralnom dijelu? To je posebna pri\u010da. Toliko tih stvari ima, u \u0161kolstvu, u obrazovanju, nesrazmjerna zastupljenost u zapo\u0161ljavanju. Decentralizacija vlasti je neminovnost ako budemo htjeli da postanemo dio EU&#8221;, rekao je Sini\u0161taj.<\/p>\n<p>Prema rije\u010dima Sini\u0161taja u Zakonu o teritorijalnoj organizaciji Crne Gore kao i u Zakonu\u00a0 o glavnom gradu nema prepreka za formiranje samostalnih op\u0161tina koje su do sada bile gradske, kao \u0161to je op\u0161tina Tuzi.<\/p>\n<p>Podsjetimo, ovoga ljeta reaktivirano je i pitanje vra\u0107anja statusa op\u0161tine Petnjice kod Berana, \u010diji su se stanovnici Bo\u0161njaci na konsultativnom referendumu 3. avgusta\u00a0 velikom ve\u0107inom izjasnili \u201eza\u201c.<\/p>\n<p>Za Mehmeta Bardhija simptomati\u010dno je da do poku\u0161aja ubrzanog rje\u0161avanja statusa te dvije op\u0161tine dolazi nakon \u0161to je vlast novim izbornom zakonom zakinula nacionalne manjine.<\/p>\n<p>&#8220;Mislim da je to gre\u0161ka vlasti, to \u0161to su uradili sa izbornim zakonom. Tada su mislili da su pre\u0161li rijeku i da su sve rije\u0161ili. Ovako su digli ruke od manjina, prije svih od Albanaca u Crnoj Gori. Ja mislim da je to kobna i velika gre\u0161ka. Oni su uvidjeli da manjine, konkretno Albanci u Crnoj Gori su tu i ne\u0107e mo\u0107i da ih mimoilaze, niti da ih jednostavno ostavljaju sa strane da oni odlu\u010duju umjesto njih&#8221;.<\/p>\n<p><strong>RFE\/RL<\/strong><br \/>\n<iframe loading=\"lazy\" src=\"http:\/\/www.youtube.com\/embed\/SGF_2dzRB8U?rel=0\" frameborder=\"0\" width=\"508\" height=\"360\"><\/iframe><\/p>\n","protected":false},"excerpt":{"rendered":"<p>Kobna gre\u0161ka I za Mehmeta Bardhija, dugogodi\u0161njeg albanskog politi\u010dara i predsjednika Demokratskog saveza, \u0110ukanovi\u0107evo obra\u0107anje u Malesiji vi\u0161e li\u010di na politi\u010dki flert uo\u010di izbora nego na stvarnu namjeru da se okon\u010da status op\u0161tine Tuzi. &#8220;Ovim je gospodin \u0110ukanovi\u0107 potvrdio da on dr\u017ei sve konce u rukama u ovoj veoma centralizovanoj dr\u017eavi. Po\u0161to je to samo [&hellip;]<\/p>\n","protected":false},"author":1,"featured_media":0,"comment_status":"open","ping_status":"closed","sticky":false,"template":"","format":"standard","meta":{"spay_email":"","jetpack_publicize_message":"","jetpack_is_tweetstorm":false,"jetpack_publicize_feature_enabled":true},"categories":[8337],"tags":[201],"jetpack_publicize_connections":[],"yoast_head":"<!-- This site is optimized with the Yoast SEO plugin v19.1 - https:\/\/yoast.com\/wordpress\/plugins\/seo\/ -->\n<title>Bardhi: \u0110ukanovi\u0107evo obra\u0107anje u Malesiji vi\u0161e li\u010di na politi\u010dki flert - Lajme nga Ulqini<\/title>\n<meta name=\"description\" content=\"Kobna gre\u0161ka I za Mehmeta Bardhija, dugogodi\u0161njeg albanskog politi\u010dara i predsjednika Demokratskog saveza, \u0110ukanovi\u0107evo obra\u0107anje u Malesiji vi\u0161e li\u010di na\" \/>\n<meta name=\"robots\" content=\"index, follow, max-snippet:-1, max-image-preview:large, max-video-preview:-1\" \/>\n<link rel=\"canonical\" href=\"https:\/\/www.visit-ulcinj.com\/blog\/2012\/09\/24\/bardhi-dukanovicevo-obracanje-u-malesiji-vise-lici-na-politicki-flert\/\" \/>\n<meta property=\"og:locale\" content=\"en_US\" \/>\n<meta property=\"og:type\" content=\"article\" \/>\n<meta property=\"og:title\" content=\"Bardhi: \u0110ukanovi\u0107evo obra\u0107anje u Malesiji vi\u0161e li\u010di na politi\u010dki flert - Lajme nga Ulqini\" \/>\n<meta property=\"og:description\" content=\"Kobna gre\u0161ka I za Mehmeta Bardhija, dugogodi\u0161njeg albanskog politi\u010dara i predsjednika Demokratskog saveza, \u0110ukanovi\u0107evo obra\u0107anje u Malesiji vi\u0161e li\u010di na\" \/>\n<meta property=\"og:url\" content=\"https:\/\/www.visit-ulcinj.com\/blog\/2012\/09\/24\/bardhi-dukanovicevo-obracanje-u-malesiji-vise-lici-na-politicki-flert\/\" \/>\n<meta property=\"og:site_name\" content=\"Lajme nga Ulqini\" \/>\n<meta property=\"article:published_time\" content=\"2012-09-24T16:47:43+00:00\" \/>\n<meta property=\"og:image\" content=\"http:\/\/www.visit-ulcinj.com\/blog\/wp-content\/uploads\/2012\/09\/Bardhi_Sinistaj.jpg\" \/>\n<meta name=\"twitter:label1\" content=\"Written by\" \/>\n\t<meta name=\"twitter:data1\" content=\"ulqini\" \/>\n\t<meta name=\"twitter:label2\" content=\"Est. reading time\" \/>\n\t<meta name=\"twitter:data2\" content=\"2 minutes\" \/>\n<script type=\"application\/ld+json\" class=\"yoast-schema-graph\">{\"@context\":\"https:\/\/schema.org\",\"@graph\":[{\"@type\":\"WebSite\",\"@id\":\"https:\/\/www.visit-ulcinj.com\/blog\/#website\",\"url\":\"https:\/\/www.visit-ulcinj.com\/blog\/\",\"name\":\"Lajme nga Ulqini\",\"description\":\"Lajme,Vijesti,Ulqini,Ulqin,Crna Gora,Mali i Zi\",\"potentialAction\":[{\"@type\":\"SearchAction\",\"target\":{\"@type\":\"EntryPoint\",\"urlTemplate\":\"https:\/\/www.visit-ulcinj.com\/blog\/?s={search_term_string}\"},\"query-input\":\"required name=search_term_string\"}],\"inLanguage\":\"en-US\"},{\"@type\":\"ImageObject\",\"inLanguage\":\"en-US\",\"@id\":\"https:\/\/www.visit-ulcinj.com\/blog\/2012\/09\/24\/bardhi-dukanovicevo-obracanje-u-malesiji-vise-lici-na-politicki-flert\/#primaryimage\",\"url\":\"https:\/\/www.visit-ulcinj.com\/blog\/wp-content\/uploads\/2012\/09\/Bardhi_Sinistaj.jpg\",\"contentUrl\":\"https:\/\/www.visit-ulcinj.com\/blog\/wp-content\/uploads\/2012\/09\/Bardhi_Sinistaj.jpg\",\"width\":\"745\",\"height\":\"563\"},{\"@type\":\"WebPage\",\"@id\":\"https:\/\/www.visit-ulcinj.com\/blog\/2012\/09\/24\/bardhi-dukanovicevo-obracanje-u-malesiji-vise-lici-na-politicki-flert\/#webpage\",\"url\":\"https:\/\/www.visit-ulcinj.com\/blog\/2012\/09\/24\/bardhi-dukanovicevo-obracanje-u-malesiji-vise-lici-na-politicki-flert\/\",\"name\":\"Bardhi: \u0110ukanovi\u0107evo obra\u0107anje u Malesiji vi\u0161e li\u010di na politi\u010dki flert - Lajme nga Ulqini\",\"isPartOf\":{\"@id\":\"https:\/\/www.visit-ulcinj.com\/blog\/#website\"},\"primaryImageOfPage\":{\"@id\":\"https:\/\/www.visit-ulcinj.com\/blog\/2012\/09\/24\/bardhi-dukanovicevo-obracanje-u-malesiji-vise-lici-na-politicki-flert\/#primaryimage\"},\"datePublished\":\"2012-09-24T16:47:43+00:00\",\"dateModified\":\"2012-09-24T16:47:43+00:00\",\"author\":{\"@id\":\"https:\/\/www.visit-ulcinj.com\/blog\/#\/schema\/person\/dcab619c614d3038751c63bc2aadc06d\"},\"description\":\"Kobna gre\u0161ka I za Mehmeta Bardhija, dugogodi\u0161njeg albanskog politi\u010dara i predsjednika Demokratskog saveza, \u0110ukanovi\u0107evo obra\u0107anje u Malesiji vi\u0161e li\u010di na\",\"breadcrumb\":{\"@id\":\"https:\/\/www.visit-ulcinj.com\/blog\/2012\/09\/24\/bardhi-dukanovicevo-obracanje-u-malesiji-vise-lici-na-politicki-flert\/#breadcrumb\"},\"inLanguage\":\"en-US\",\"potentialAction\":[{\"@type\":\"ReadAction\",\"target\":[\"https:\/\/www.visit-ulcinj.com\/blog\/2012\/09\/24\/bardhi-dukanovicevo-obracanje-u-malesiji-vise-lici-na-politicki-flert\/\"]}]},{\"@type\":\"BreadcrumbList\",\"@id\":\"https:\/\/www.visit-ulcinj.com\/blog\/2012\/09\/24\/bardhi-dukanovicevo-obracanje-u-malesiji-vise-lici-na-politicki-flert\/#breadcrumb\",\"itemListElement\":[{\"@type\":\"ListItem\",\"position\":1,\"name\":\"Bardhi: \u0110ukanovi\u0107evo obra\u0107anje u Malesiji vi\u0161e li\u010di na politi\u010dki flert\"}]},{\"@type\":\"Person\",\"@id\":\"https:\/\/www.visit-ulcinj.com\/blog\/#\/schema\/person\/dcab619c614d3038751c63bc2aadc06d\",\"name\":\"ulqini\",\"sameAs\":[\"http:\/\/www.visit-ulcinj.com\"],\"url\":\"https:\/\/www.visit-ulcinj.com\/blog\/author\/admin\/\"}]}<\/script>\n<!-- \/ Yoast SEO plugin. -->","yoast_head_json":{"title":"Bardhi: \u0110ukanovi\u0107evo obra\u0107anje u Malesiji vi\u0161e li\u010di na politi\u010dki flert - Lajme nga Ulqini","description":"Kobna gre\u0161ka I za Mehmeta Bardhija, dugogodi\u0161njeg albanskog politi\u010dara i predsjednika Demokratskog saveza, \u0110ukanovi\u0107evo obra\u0107anje u Malesiji vi\u0161e li\u010di na","robots":{"index":"index","follow":"follow","max-snippet":"max-snippet:-1","max-image-preview":"max-image-preview:large","max-video-preview":"max-video-preview:-1"},"canonical":"https:\/\/www.visit-ulcinj.com\/blog\/2012\/09\/24\/bardhi-dukanovicevo-obracanje-u-malesiji-vise-lici-na-politicki-flert\/","og_locale":"en_US","og_type":"article","og_title":"Bardhi: \u0110ukanovi\u0107evo obra\u0107anje u Malesiji vi\u0161e li\u010di na politi\u010dki flert - Lajme nga Ulqini","og_description":"Kobna gre\u0161ka I za Mehmeta Bardhija, dugogodi\u0161njeg albanskog politi\u010dara i predsjednika Demokratskog saveza, \u0110ukanovi\u0107evo obra\u0107anje u Malesiji vi\u0161e li\u010di na","og_url":"https:\/\/www.visit-ulcinj.com\/blog\/2012\/09\/24\/bardhi-dukanovicevo-obracanje-u-malesiji-vise-lici-na-politicki-flert\/","og_site_name":"Lajme nga Ulqini","article_published_time":"2012-09-24T16:47:43+00:00","og_image":[{"url":"http:\/\/www.visit-ulcinj.com\/blog\/wp-content\/uploads\/2012\/09\/Bardhi_Sinistaj.jpg"}],"twitter_misc":{"Written by":"ulqini","Est. reading time":"2 minutes"},"schema":{"@context":"https:\/\/schema.org","@graph":[{"@type":"WebSite","@id":"https:\/\/www.visit-ulcinj.com\/blog\/#website","url":"https:\/\/www.visit-ulcinj.com\/blog\/","name":"Lajme nga Ulqini","description":"Lajme,Vijesti,Ulqini,Ulqin,Crna Gora,Mali i Zi","potentialAction":[{"@type":"SearchAction","target":{"@type":"EntryPoint","urlTemplate":"https:\/\/www.visit-ulcinj.com\/blog\/?s={search_term_string}"},"query-input":"required name=search_term_string"}],"inLanguage":"en-US"},{"@type":"ImageObject","inLanguage":"en-US","@id":"https:\/\/www.visit-ulcinj.com\/blog\/2012\/09\/24\/bardhi-dukanovicevo-obracanje-u-malesiji-vise-lici-na-politicki-flert\/#primaryimage","url":"https:\/\/www.visit-ulcinj.com\/blog\/wp-content\/uploads\/2012\/09\/Bardhi_Sinistaj.jpg","contentUrl":"https:\/\/www.visit-ulcinj.com\/blog\/wp-content\/uploads\/2012\/09\/Bardhi_Sinistaj.jpg","width":"745","height":"563"},{"@type":"WebPage","@id":"https:\/\/www.visit-ulcinj.com\/blog\/2012\/09\/24\/bardhi-dukanovicevo-obracanje-u-malesiji-vise-lici-na-politicki-flert\/#webpage","url":"https:\/\/www.visit-ulcinj.com\/blog\/2012\/09\/24\/bardhi-dukanovicevo-obracanje-u-malesiji-vise-lici-na-politicki-flert\/","name":"Bardhi: \u0110ukanovi\u0107evo obra\u0107anje u Malesiji vi\u0161e li\u010di na politi\u010dki flert - Lajme nga Ulqini","isPartOf":{"@id":"https:\/\/www.visit-ulcinj.com\/blog\/#website"},"primaryImageOfPage":{"@id":"https:\/\/www.visit-ulcinj.com\/blog\/2012\/09\/24\/bardhi-dukanovicevo-obracanje-u-malesiji-vise-lici-na-politicki-flert\/#primaryimage"},"datePublished":"2012-09-24T16:47:43+00:00","dateModified":"2012-09-24T16:47:43+00:00","author":{"@id":"https:\/\/www.visit-ulcinj.com\/blog\/#\/schema\/person\/dcab619c614d3038751c63bc2aadc06d"},"description":"Kobna gre\u0161ka I za Mehmeta Bardhija, dugogodi\u0161njeg albanskog politi\u010dara i predsjednika Demokratskog saveza, \u0110ukanovi\u0107evo obra\u0107anje u Malesiji vi\u0161e li\u010di na","breadcrumb":{"@id":"https:\/\/www.visit-ulcinj.com\/blog\/2012\/09\/24\/bardhi-dukanovicevo-obracanje-u-malesiji-vise-lici-na-politicki-flert\/#breadcrumb"},"inLanguage":"en-US","potentialAction":[{"@type":"ReadAction","target":["https:\/\/www.visit-ulcinj.com\/blog\/2012\/09\/24\/bardhi-dukanovicevo-obracanje-u-malesiji-vise-lici-na-politicki-flert\/"]}]},{"@type":"BreadcrumbList","@id":"https:\/\/www.visit-ulcinj.com\/blog\/2012\/09\/24\/bardhi-dukanovicevo-obracanje-u-malesiji-vise-lici-na-politicki-flert\/#breadcrumb","itemListElement":[{"@type":"ListItem","position":1,"name":"Bardhi: \u0110ukanovi\u0107evo obra\u0107anje u Malesiji vi\u0161e li\u010di na politi\u010dki flert"}]},{"@type":"Person","@id":"https:\/\/www.visit-ulcinj.com\/blog\/#\/schema\/person\/dcab619c614d3038751c63bc2aadc06d","name":"ulqini","sameAs":["http:\/\/www.visit-ulcinj.com"],"url":"https:\/\/www.visit-ulcinj.com\/blog\/author\/admin\/"}]}},"jetpack_featured_media_url":"","jetpack_sharing_enabled":true,"jetpack_shortlink":"https:\/\/wp.me\/pe6lTn-gDN","_links":{"self":[{"href":"https:\/\/www.visit-ulcinj.com\/blog\/wp-json\/wp\/v2\/posts\/63971"}],"collection":[{"href":"https:\/\/www.visit-ulcinj.com\/blog\/wp-json\/wp\/v2\/posts"}],"about":[{"href":"https:\/\/www.visit-ulcinj.com\/blog\/wp-json\/wp\/v2\/types\/post"}],"author":[{"embeddable":true,"href":"https:\/\/www.visit-ulcinj.com\/blog\/wp-json\/wp\/v2\/users\/1"}],"replies":[{"embeddable":true,"href":"https:\/\/www.visit-ulcinj.com\/blog\/wp-json\/wp\/v2\/comments?post=63971"}],"version-history":[{"count":2,"href":"https:\/\/www.visit-ulcinj.com\/blog\/wp-json\/wp\/v2\/posts\/63971\/revisions"}],"predecessor-version":[{"id":63974,"href":"https:\/\/www.visit-ulcinj.com\/blog\/wp-json\/wp\/v2\/posts\/63971\/revisions\/63974"}],"wp:attachment":[{"href":"https:\/\/www.visit-ulcinj.com\/blog\/wp-json\/wp\/v2\/media?parent=63971"}],"wp:term":[{"taxonomy":"category","embeddable":true,"href":"https:\/\/www.visit-ulcinj.com\/blog\/wp-json\/wp\/v2\/categories?post=63971"},{"taxonomy":"post_tag","embeddable":true,"href":"https:\/\/www.visit-ulcinj.com\/blog\/wp-json\/wp\/v2\/tags?post=63971"}],"curies":[{"name":"wp","href":"https:\/\/api.w.org\/{rel}","templated":true}]}}