{"id":63978,"date":"2012-09-25T15:12:31","date_gmt":"2012-09-25T14:12:31","guid":{"rendered":"http:\/\/www.visit-ulcinj.com\/blog\/?p=63978"},"modified":"2012-09-25T15:12:31","modified_gmt":"2012-09-25T14:12:31","slug":"najvise-fantomskih-biraca-u-ulcinju-i-beranama","status":"publish","type":"post","link":"https:\/\/www.visit-ulcinj.com\/blog\/2012\/09\/25\/najvise-fantomskih-biraca-u-ulcinju-i-beranama\/","title":{"rendered":"Najvi\u0161e fantomskih bira\u010da u Ulcinju i Beranama"},"content":{"rendered":"<p><a href=\"http:\/\/www.visit-ulcinj.com\/blog\/wp-content\/uploads\/2012\/09\/glasanjebiraca-crne-gore.jpg\"><img loading=\"lazy\" class=\"alignleft  wp-image-63979\" title=\"glasanjebiraca crne gore\" src=\"http:\/\/www.visit-ulcinj.com\/blog\/wp-content\/uploads\/2012\/09\/glasanjebiraca-crne-gore.jpg\" alt=\"\" width=\"350\" height=\"300\" \/><\/a>Mre\u017ea za afirmaciju nevladinog sektora MANS saop\u0161tila je ju\u010de da je iz op\u0161tina Ulcinj, Berane, Bar, Plav, Bijelo Polje i Ro\u017eaje najve\u0107i broj od oko 6.000 lica starijih od 60 godina, koja se i dalje vode kao glasa\u010di iako ih nema u podacima od pro\u0161logodi\u0161njeg popisa.<\/p>\n<p>U saop\u0161tenju izvr\u0161nog direktora MANS-a Vanje \u0106alovi\u0107<strong>,<\/strong> koje je dostavljeno Danu, navodi se se da je prema podacima iz popisa u Ulcinju pro\u0161le godine bilo 3.930 lica koja su ro\u0111ena prije 1952. godine, odnosno koja su u godini popisa imala 60 i vi\u0161e godina.<\/p>\n<p>Prema podacima iz bira\u010dkog spiska, takvih lica je danas 4.788 ili 858 vi\u0161e u odnosu na popis. U Beranama takvih je preko 700, u Baru preko 600, a u Plavu preko 500.<\/p>\n<p>&#8220;Kada se uzme u obzir ukupan broj starijih lica, najve\u0107e procentualne razlike su ponovo u Ulcinju gdje ih ima 22 odsto vi\u0161e u bira\u010dkom spisku nego u popisu, u Plavu ih je 21 odsto vi\u0161e, \u0160avniku 14 odsto, a u \u017dabljaku, Ro\u017eajama i u Beranama po 12 odsto vi\u0161e\u201c, navela je \u0106alovi\u0107eva.<\/p>\n<p>Prema njenom mi\u0161ljenju, samo u \u010detiri crnogorske op\u0161tine, ukupne razlike izme\u0111u broja popisanih i starijih lica u bira\u010dkom spisku su u korist popisa. Ukazala je da je to slu\u010daj u Danilovgradu, gdje ima 15 odsto manje upisanih starijih bira\u010da nego popisanih, u Kotoru i Andrijevici po \u010detiri odsto, a jedan odsto u Kola\u0161inu.<\/p>\n<p><strong>Izvor\u00a0: CDM<\/strong><\/p>\n","protected":false},"excerpt":{"rendered":"<p>Mre\u017ea za afirmaciju nevladinog sektora MANS saop\u0161tila je ju\u010de da je iz op\u0161tina Ulcinj, Berane, Bar, Plav, Bijelo Polje i Ro\u017eaje najve\u0107i broj od oko 6.000 lica starijih od 60 godina, koja se i dalje vode kao glasa\u010di iako ih nema u podacima od pro\u0161logodi\u0161njeg popisa. U saop\u0161tenju izvr\u0161nog direktora MANS-a Vanje \u0106alovi\u0107, koje je [&hellip;]<\/p>\n","protected":false},"author":1,"featured_media":0,"comment_status":"open","ping_status":"closed","sticky":false,"template":"","format":"standard","meta":{"spay_email":"","jetpack_publicize_message":"","jetpack_is_tweetstorm":false,"jetpack_publicize_feature_enabled":true},"categories":[8337],"tags":[20,21123],"jetpack_publicize_connections":[],"yoast_head":"<!-- This site is optimized with the Yoast SEO plugin v19.1 - https:\/\/yoast.com\/wordpress\/plugins\/seo\/ -->\n<title>Najvi\u0161e fantomskih bira\u010da u Ulcinju i Beranama - Lajme nga Ulqini<\/title>\n<meta name=\"description\" content=\"Mre\u017ea za afirmaciju nevladinog sektora MANS saop\u0161tila je ju\u010de da je iz op\u0161tina Ulcinj, Berane, Bar, Plav, Bijelo Polje i Ro\u017eaje najve\u0107i broj od oko 6.000\" \/>\n<meta name=\"robots\" content=\"index, follow, max-snippet:-1, max-image-preview:large, max-video-preview:-1\" \/>\n<link rel=\"canonical\" href=\"https:\/\/www.visit-ulcinj.com\/blog\/2012\/09\/25\/najvise-fantomskih-biraca-u-ulcinju-i-beranama\/\" \/>\n<meta property=\"og:locale\" content=\"en_US\" \/>\n<meta property=\"og:type\" content=\"article\" \/>\n<meta property=\"og:title\" content=\"Najvi\u0161e fantomskih bira\u010da u Ulcinju i Beranama - Lajme nga Ulqini\" \/>\n<meta property=\"og:description\" content=\"Mre\u017ea za afirmaciju nevladinog sektora MANS saop\u0161tila je ju\u010de da je iz op\u0161tina Ulcinj, Berane, Bar, Plav, Bijelo Polje i Ro\u017eaje najve\u0107i broj od oko 6.000\" \/>\n<meta property=\"og:url\" content=\"https:\/\/www.visit-ulcinj.com\/blog\/2012\/09\/25\/najvise-fantomskih-biraca-u-ulcinju-i-beranama\/\" \/>\n<meta property=\"og:site_name\" content=\"Lajme nga Ulqini\" \/>\n<meta property=\"article:published_time\" content=\"2012-09-25T14:12:31+00:00\" \/>\n<meta property=\"og:image\" content=\"http:\/\/www.visit-ulcinj.com\/blog\/wp-content\/uploads\/2012\/09\/glasanjebiraca-crne-gore.jpg\" \/>\n<meta name=\"twitter:label1\" content=\"Written by\" \/>\n\t<meta name=\"twitter:data1\" content=\"ulqini\" \/>\n\t<meta name=\"twitter:label2\" content=\"Est. reading time\" \/>\n\t<meta name=\"twitter:data2\" content=\"1 minute\" \/>\n<script type=\"application\/ld+json\" class=\"yoast-schema-graph\">{\"@context\":\"https:\/\/schema.org\",\"@graph\":[{\"@type\":\"WebSite\",\"@id\":\"https:\/\/www.visit-ulcinj.com\/blog\/#website\",\"url\":\"https:\/\/www.visit-ulcinj.com\/blog\/\",\"name\":\"Lajme nga Ulqini\",\"description\":\"Lajme,Vijesti,Ulqini,Ulqin,Crna Gora,Mali i Zi\",\"potentialAction\":[{\"@type\":\"SearchAction\",\"target\":{\"@type\":\"EntryPoint\",\"urlTemplate\":\"https:\/\/www.visit-ulcinj.com\/blog\/?s={search_term_string}\"},\"query-input\":\"required name=search_term_string\"}],\"inLanguage\":\"en-US\"},{\"@type\":\"ImageObject\",\"inLanguage\":\"en-US\",\"@id\":\"https:\/\/www.visit-ulcinj.com\/blog\/2012\/09\/25\/najvise-fantomskih-biraca-u-ulcinju-i-beranama\/#primaryimage\",\"url\":\"https:\/\/www.visit-ulcinj.com\/blog\/wp-content\/uploads\/2012\/09\/glasanjebiraca-crne-gore.jpg\",\"contentUrl\":\"https:\/\/www.visit-ulcinj.com\/blog\/wp-content\/uploads\/2012\/09\/glasanjebiraca-crne-gore.jpg\",\"width\":\"480\",\"height\":\"290\"},{\"@type\":\"WebPage\",\"@id\":\"https:\/\/www.visit-ulcinj.com\/blog\/2012\/09\/25\/najvise-fantomskih-biraca-u-ulcinju-i-beranama\/#webpage\",\"url\":\"https:\/\/www.visit-ulcinj.com\/blog\/2012\/09\/25\/najvise-fantomskih-biraca-u-ulcinju-i-beranama\/\",\"name\":\"Najvi\u0161e fantomskih bira\u010da u Ulcinju i Beranama - Lajme nga Ulqini\",\"isPartOf\":{\"@id\":\"https:\/\/www.visit-ulcinj.com\/blog\/#website\"},\"primaryImageOfPage\":{\"@id\":\"https:\/\/www.visit-ulcinj.com\/blog\/2012\/09\/25\/najvise-fantomskih-biraca-u-ulcinju-i-beranama\/#primaryimage\"},\"datePublished\":\"2012-09-25T14:12:31+00:00\",\"dateModified\":\"2012-09-25T14:12:31+00:00\",\"author\":{\"@id\":\"https:\/\/www.visit-ulcinj.com\/blog\/#\/schema\/person\/dcab619c614d3038751c63bc2aadc06d\"},\"description\":\"Mre\u017ea za afirmaciju nevladinog sektora MANS saop\u0161tila je ju\u010de da je iz op\u0161tina Ulcinj, Berane, Bar, Plav, Bijelo Polje i Ro\u017eaje najve\u0107i broj od oko 6.000\",\"breadcrumb\":{\"@id\":\"https:\/\/www.visit-ulcinj.com\/blog\/2012\/09\/25\/najvise-fantomskih-biraca-u-ulcinju-i-beranama\/#breadcrumb\"},\"inLanguage\":\"en-US\",\"potentialAction\":[{\"@type\":\"ReadAction\",\"target\":[\"https:\/\/www.visit-ulcinj.com\/blog\/2012\/09\/25\/najvise-fantomskih-biraca-u-ulcinju-i-beranama\/\"]}]},{\"@type\":\"BreadcrumbList\",\"@id\":\"https:\/\/www.visit-ulcinj.com\/blog\/2012\/09\/25\/najvise-fantomskih-biraca-u-ulcinju-i-beranama\/#breadcrumb\",\"itemListElement\":[{\"@type\":\"ListItem\",\"position\":1,\"name\":\"Najvi\u0161e fantomskih bira\u010da u Ulcinju i Beranama\"}]},{\"@type\":\"Person\",\"@id\":\"https:\/\/www.visit-ulcinj.com\/blog\/#\/schema\/person\/dcab619c614d3038751c63bc2aadc06d\",\"name\":\"ulqini\",\"sameAs\":[\"http:\/\/www.visit-ulcinj.com\"],\"url\":\"https:\/\/www.visit-ulcinj.com\/blog\/author\/admin\/\"}]}<\/script>\n<!-- \/ Yoast SEO plugin. -->","yoast_head_json":{"title":"Najvi\u0161e fantomskih bira\u010da u Ulcinju i Beranama - Lajme nga Ulqini","description":"Mre\u017ea za afirmaciju nevladinog sektora MANS saop\u0161tila je ju\u010de da je iz op\u0161tina Ulcinj, Berane, Bar, Plav, Bijelo Polje i Ro\u017eaje najve\u0107i broj od oko 6.000","robots":{"index":"index","follow":"follow","max-snippet":"max-snippet:-1","max-image-preview":"max-image-preview:large","max-video-preview":"max-video-preview:-1"},"canonical":"https:\/\/www.visit-ulcinj.com\/blog\/2012\/09\/25\/najvise-fantomskih-biraca-u-ulcinju-i-beranama\/","og_locale":"en_US","og_type":"article","og_title":"Najvi\u0161e fantomskih bira\u010da u Ulcinju i Beranama - Lajme nga Ulqini","og_description":"Mre\u017ea za afirmaciju nevladinog sektora MANS saop\u0161tila je ju\u010de da je iz op\u0161tina Ulcinj, Berane, Bar, Plav, Bijelo Polje i Ro\u017eaje najve\u0107i broj od oko 6.000","og_url":"https:\/\/www.visit-ulcinj.com\/blog\/2012\/09\/25\/najvise-fantomskih-biraca-u-ulcinju-i-beranama\/","og_site_name":"Lajme nga Ulqini","article_published_time":"2012-09-25T14:12:31+00:00","og_image":[{"url":"http:\/\/www.visit-ulcinj.com\/blog\/wp-content\/uploads\/2012\/09\/glasanjebiraca-crne-gore.jpg"}],"twitter_misc":{"Written by":"ulqini","Est. reading time":"1 minute"},"schema":{"@context":"https:\/\/schema.org","@graph":[{"@type":"WebSite","@id":"https:\/\/www.visit-ulcinj.com\/blog\/#website","url":"https:\/\/www.visit-ulcinj.com\/blog\/","name":"Lajme nga Ulqini","description":"Lajme,Vijesti,Ulqini,Ulqin,Crna Gora,Mali i Zi","potentialAction":[{"@type":"SearchAction","target":{"@type":"EntryPoint","urlTemplate":"https:\/\/www.visit-ulcinj.com\/blog\/?s={search_term_string}"},"query-input":"required name=search_term_string"}],"inLanguage":"en-US"},{"@type":"ImageObject","inLanguage":"en-US","@id":"https:\/\/www.visit-ulcinj.com\/blog\/2012\/09\/25\/najvise-fantomskih-biraca-u-ulcinju-i-beranama\/#primaryimage","url":"https:\/\/www.visit-ulcinj.com\/blog\/wp-content\/uploads\/2012\/09\/glasanjebiraca-crne-gore.jpg","contentUrl":"https:\/\/www.visit-ulcinj.com\/blog\/wp-content\/uploads\/2012\/09\/glasanjebiraca-crne-gore.jpg","width":"480","height":"290"},{"@type":"WebPage","@id":"https:\/\/www.visit-ulcinj.com\/blog\/2012\/09\/25\/najvise-fantomskih-biraca-u-ulcinju-i-beranama\/#webpage","url":"https:\/\/www.visit-ulcinj.com\/blog\/2012\/09\/25\/najvise-fantomskih-biraca-u-ulcinju-i-beranama\/","name":"Najvi\u0161e fantomskih bira\u010da u Ulcinju i Beranama - Lajme nga Ulqini","isPartOf":{"@id":"https:\/\/www.visit-ulcinj.com\/blog\/#website"},"primaryImageOfPage":{"@id":"https:\/\/www.visit-ulcinj.com\/blog\/2012\/09\/25\/najvise-fantomskih-biraca-u-ulcinju-i-beranama\/#primaryimage"},"datePublished":"2012-09-25T14:12:31+00:00","dateModified":"2012-09-25T14:12:31+00:00","author":{"@id":"https:\/\/www.visit-ulcinj.com\/blog\/#\/schema\/person\/dcab619c614d3038751c63bc2aadc06d"},"description":"Mre\u017ea za afirmaciju nevladinog sektora MANS saop\u0161tila je ju\u010de da je iz op\u0161tina Ulcinj, Berane, Bar, Plav, Bijelo Polje i Ro\u017eaje najve\u0107i broj od oko 6.000","breadcrumb":{"@id":"https:\/\/www.visit-ulcinj.com\/blog\/2012\/09\/25\/najvise-fantomskih-biraca-u-ulcinju-i-beranama\/#breadcrumb"},"inLanguage":"en-US","potentialAction":[{"@type":"ReadAction","target":["https:\/\/www.visit-ulcinj.com\/blog\/2012\/09\/25\/najvise-fantomskih-biraca-u-ulcinju-i-beranama\/"]}]},{"@type":"BreadcrumbList","@id":"https:\/\/www.visit-ulcinj.com\/blog\/2012\/09\/25\/najvise-fantomskih-biraca-u-ulcinju-i-beranama\/#breadcrumb","itemListElement":[{"@type":"ListItem","position":1,"name":"Najvi\u0161e fantomskih bira\u010da u Ulcinju i Beranama"}]},{"@type":"Person","@id":"https:\/\/www.visit-ulcinj.com\/blog\/#\/schema\/person\/dcab619c614d3038751c63bc2aadc06d","name":"ulqini","sameAs":["http:\/\/www.visit-ulcinj.com"],"url":"https:\/\/www.visit-ulcinj.com\/blog\/author\/admin\/"}]}},"jetpack_featured_media_url":"","jetpack_sharing_enabled":true,"jetpack_shortlink":"https:\/\/wp.me\/pe6lTn-gDU","_links":{"self":[{"href":"https:\/\/www.visit-ulcinj.com\/blog\/wp-json\/wp\/v2\/posts\/63978"}],"collection":[{"href":"https:\/\/www.visit-ulcinj.com\/blog\/wp-json\/wp\/v2\/posts"}],"about":[{"href":"https:\/\/www.visit-ulcinj.com\/blog\/wp-json\/wp\/v2\/types\/post"}],"author":[{"embeddable":true,"href":"https:\/\/www.visit-ulcinj.com\/blog\/wp-json\/wp\/v2\/users\/1"}],"replies":[{"embeddable":true,"href":"https:\/\/www.visit-ulcinj.com\/blog\/wp-json\/wp\/v2\/comments?post=63978"}],"version-history":[{"count":1,"href":"https:\/\/www.visit-ulcinj.com\/blog\/wp-json\/wp\/v2\/posts\/63978\/revisions"}],"predecessor-version":[{"id":63980,"href":"https:\/\/www.visit-ulcinj.com\/blog\/wp-json\/wp\/v2\/posts\/63978\/revisions\/63980"}],"wp:attachment":[{"href":"https:\/\/www.visit-ulcinj.com\/blog\/wp-json\/wp\/v2\/media?parent=63978"}],"wp:term":[{"taxonomy":"category","embeddable":true,"href":"https:\/\/www.visit-ulcinj.com\/blog\/wp-json\/wp\/v2\/categories?post=63978"},{"taxonomy":"post_tag","embeddable":true,"href":"https:\/\/www.visit-ulcinj.com\/blog\/wp-json\/wp\/v2\/tags?post=63978"}],"curies":[{"name":"wp","href":"https:\/\/api.w.org\/{rel}","templated":true}]}}