{"id":63982,"date":"2012-09-25T17:13:02","date_gmt":"2012-09-25T16:13:02","guid":{"rendered":"http:\/\/www.visit-ulcinj.com\/blog\/?p=63982"},"modified":"2012-09-25T17:13:48","modified_gmt":"2012-09-25T16:13:48","slug":"program-per-gjimnazistet-e-ulqinit-nato-youth-diversity-dialogue","status":"publish","type":"post","link":"https:\/\/www.visit-ulcinj.com\/blog\/2012\/09\/25\/program-per-gjimnazistet-e-ulqinit-nato-youth-diversity-dialogue\/","title":{"rendered":"Program p\u00ebr gjimnazist\u00ebt e Ulqinit  \u201cNato &#038; Youth Diversity Dialogue\u201d"},"content":{"rendered":"<p><a href=\"http:\/\/www.visit-ulcinj.com\/blog\/wp-content\/uploads\/2012\/09\/Nato-Youth-Diversity-Dialogue-Ulqin-Ulcinj-Montenegro.jpg\"><img loading=\"lazy\" class=\"alignleft  wp-image-63983\" title=\"Nato &amp; Youth Diversity Dialogue Ulqin-Ulcinj Montenegro\" src=\"http:\/\/www.visit-ulcinj.com\/blog\/wp-content\/uploads\/2012\/09\/Nato-Youth-Diversity-Dialogue-Ulqin-Ulcinj-Montenegro.jpg\" alt=\"\" width=\"508\" height=\"363\" \/><\/a>Me d\u00ebshir\u00ebn q\u00eb t\u00eb rinjve t&#8217;iu ofrohen njohuri dhe informacione p\u00ebr proceset m\u00eb t\u00eb r\u00ebnd\u00ebsishme integruese q\u00eb do t\u00eb zhvillohen n\u00eb vitet e ardhshme, Organizata e shoq\u00ebris\u00eb civile \u201eHORIZONTI i RI\u201c me mb\u00ebshtetjen e Ambasad\u00ebs amerikan n\u00eb Mal t\u00eb Zi, organizon Program edukativ p\u00ebr integrimet euro-atlantike.<\/p>\n<p>Projekti \u201cNATO &amp; YOUTH DIVERSITY DIALOGUE\u201d \u00ebsht\u00eb program i edukimit joformal i cili ofron nj\u00eb mund\u00ebsi t\u00eb ve\u00e7ant\u00eb p\u00ebr informim cil\u00ebsor p\u00ebr historikun dhe rrjedh\u00ebn e procesit t\u00eb integrimit euro-atlantik, rolin e ri t\u00eb Aleanc\u00ebs Veri-Atlantike (NATO) n\u00eb sigurin\u00eb bot\u00ebrore, por edhe p\u00ebr proceset aktuale t\u00eb integrimit n\u00eb k\u00ebt\u00eb struktur\u00eb, n\u00ebp\u00ebr t\u00eb cil\u00ebt po kalon Mali i Zi.<\/p>\n<p>Ky program iu dedikohet nx\u00ebn\u00ebsve t\u00eb shkollave t\u00eb mesme t\u00eb Ulqinit (II-III) q\u00eb kan\u00eb interesim n\u00eb zhvillimin e njohurive dhe eksperiencave p\u00ebr procesin e integrimit euro-atlantik dhe Aleanc\u00ebn e NATO-s.<\/p>\n<p>P\u00ebrve\u00e7 ciklit t\u00eb ligj\u00ebratave, projekti p\u00ebrfshin edhe aktivitete tjera kreative (prezantime, ushtrime, pun\u00eb n\u00eb grup,&#8230;). Ligj\u00ebratat do t\u00eb mbahen nj\u00eb her\u00eb n\u00eb jav\u00eb (\u00e7do t\u00eb shtun\u00eb), n\u00eb periudh\u00ebn tetor \u2013 dhjetor 2012.<br \/>\nGjat\u00eb k\u00ebtij programi, nx\u00ebn\u00ebsit nga Ulqini do t\u00eb jen\u00eb mikprit\u00ebs t\u00eb bashk\u00ebmoshatar\u00ebve t\u00eb tyre nga veriu i Malit t\u00eb Zi; pastaj ata do t\u00eb udh\u00ebtojn\u00eb p\u00ebr n\u00eb veri n\u00eb vizit\u00ebn kthyese, duke promovuar k\u00ebshtu dialogun dhe bashk\u00ebpunimin nd\u00ebrkulturor t\u00eb t\u00eb rinjve.<br \/>\nProjekti finalizohet me vizit\u00ebn e p\u00ebrbashk\u00ebt n\u00eb Podgoric\u00eb, n\u00eb institucionet me r\u00ebnd\u00ebsi p\u00ebr procesin e integrimit euro-atlantik.<\/p>\n<p>N\u00eb fund t\u00eb k\u00ebtij programi, kandidat\u00ebt do t\u00eb marrin edhe diploma p\u00ebr njohurit\u00eb e fituara.<\/p>\n<p>P\u00ebr t&#8217;u paraqitu n\u00eb k\u00ebt\u00eb Program duhet t\u00eb kontaktoni organizatorin n\u00eb k\u00ebt\u00eb <strong>e-mail:<\/strong><a href=\"mailto:  horizonti.ul@gmail.com\" target=\"_blank\"> horizonti.ul@gmail.com<\/a> dhe t\u00eb k\u00ebrkoni formularin p\u00ebr regjistrim.<br \/>\nAfati i paraqitjes \u00ebsht\u00eb deri me 4 tetor 2012.<br \/>\nNumri i kandidat\u00ebve \u00ebsht\u00eb i kufizuar.<\/p>\n<p><strong>PARAQITUNI DHE NJIHUNI ME PROCESET INTEGRUESE!<\/strong><\/p>\n<p><strong><a id=\"js_8\" href=\"https:\/\/www.facebook.com\/horizonti.ngo\" data-hovercard=\"\/ajax\/hovercard\/user.php?id=100001634242248\">Horizonti NgoFacebook<\/a><\/strong><br \/>\n<a href=\"http:\/\/www.visit-ulcinj.com\/blog\/wp-content\/uploads\/2012\/09\/Nato-Youth-Diversity-Dialogue-Ulqin-Ulcinj-Montenegro.1.jpg\"><img loading=\"lazy\" class=\"alignleft  wp-image-63984\" title=\"Nato &amp; Youth Diversity Dialogue Ulqin-Ulcinj Montenegro.1\" src=\"http:\/\/www.visit-ulcinj.com\/blog\/wp-content\/uploads\/2012\/09\/Nato-Youth-Diversity-Dialogue-Ulqin-Ulcinj-Montenegro.1.jpg\" alt=\"\" width=\"508\" height=\"300\" \/><\/a><\/p>\n","protected":false},"excerpt":{"rendered":"<p>Me d\u00ebshir\u00ebn q\u00eb t\u00eb rinjve t&#8217;iu ofrohen njohuri dhe informacione p\u00ebr proceset m\u00eb t\u00eb r\u00ebnd\u00ebsishme integruese q\u00eb do t\u00eb zhvillohen n\u00eb vitet e ardhshme, Organizata e shoq\u00ebris\u00eb civile \u201eHORIZONTI i RI\u201c me mb\u00ebshtetjen e Ambasad\u00ebs amerikan n\u00eb Mal t\u00eb Zi, organizon Program edukativ p\u00ebr integrimet euro-atlantike. Projekti \u201cNATO &amp; YOUTH DIVERSITY DIALOGUE\u201d \u00ebsht\u00eb program i [&hellip;]<\/p>\n","protected":false},"author":1,"featured_media":0,"comment_status":"open","ping_status":"closed","sticky":false,"template":"","format":"standard","meta":{"spay_email":"","jetpack_publicize_message":"","jetpack_is_tweetstorm":false,"jetpack_publicize_feature_enabled":true},"categories":[11],"tags":[79,1753,11652,19,200,18],"jetpack_publicize_connections":[],"yoast_head":"<!-- This site is optimized with the Yoast SEO plugin v19.1 - https:\/\/yoast.com\/wordpress\/plugins\/seo\/ -->\n<title>Program p\u00ebr gjimnazist\u00ebt e Ulqinit \u201cNato &amp; Youth Diversity Dialogue\u201d - Lajme nga Ulqini<\/title>\n<meta name=\"description\" content=\"Me d\u00ebshir\u00ebn q\u00eb t\u00eb rinjve t&#039;iu ofrohen njohuri dhe informacione p\u00ebr proceset m\u00eb t\u00eb r\u00ebnd\u00ebsishme integruese q\u00eb do t\u00eb zhvillohen n\u00eb vitet e ardhshme,\" \/>\n<meta name=\"robots\" content=\"index, follow, max-snippet:-1, max-image-preview:large, max-video-preview:-1\" \/>\n<link rel=\"canonical\" href=\"https:\/\/www.visit-ulcinj.com\/blog\/2012\/09\/25\/program-per-gjimnazistet-e-ulqinit-nato-youth-diversity-dialogue\/\" \/>\n<meta property=\"og:locale\" content=\"en_US\" \/>\n<meta property=\"og:type\" content=\"article\" \/>\n<meta property=\"og:title\" content=\"Program p\u00ebr gjimnazist\u00ebt e Ulqinit \u201cNato &amp; Youth Diversity Dialogue\u201d - Lajme nga Ulqini\" \/>\n<meta property=\"og:description\" content=\"Me d\u00ebshir\u00ebn q\u00eb t\u00eb rinjve t&#039;iu ofrohen njohuri dhe informacione p\u00ebr proceset m\u00eb t\u00eb r\u00ebnd\u00ebsishme integruese q\u00eb do t\u00eb zhvillohen n\u00eb vitet e ardhshme,\" \/>\n<meta property=\"og:url\" content=\"https:\/\/www.visit-ulcinj.com\/blog\/2012\/09\/25\/program-per-gjimnazistet-e-ulqinit-nato-youth-diversity-dialogue\/\" \/>\n<meta property=\"og:site_name\" content=\"Lajme nga Ulqini\" \/>\n<meta property=\"article:published_time\" content=\"2012-09-25T16:13:02+00:00\" \/>\n<meta property=\"article:modified_time\" content=\"2012-09-25T16:13:48+00:00\" \/>\n<meta property=\"og:image\" content=\"http:\/\/www.visit-ulcinj.com\/blog\/wp-content\/uploads\/2012\/09\/Nato-Youth-Diversity-Dialogue-Ulqin-Ulcinj-Montenegro.jpg\" \/>\n<meta name=\"twitter:label1\" content=\"Written by\" \/>\n\t<meta name=\"twitter:data1\" content=\"ulqini\" \/>\n\t<meta name=\"twitter:label2\" content=\"Est. reading time\" \/>\n\t<meta name=\"twitter:data2\" content=\"2 minutes\" \/>\n<script type=\"application\/ld+json\" class=\"yoast-schema-graph\">{\"@context\":\"https:\/\/schema.org\",\"@graph\":[{\"@type\":\"WebSite\",\"@id\":\"https:\/\/www.visit-ulcinj.com\/blog\/#website\",\"url\":\"https:\/\/www.visit-ulcinj.com\/blog\/\",\"name\":\"Lajme nga Ulqini\",\"description\":\"Lajme,Vijesti,Ulqini,Ulqin,Crna Gora,Mali i Zi\",\"potentialAction\":[{\"@type\":\"SearchAction\",\"target\":{\"@type\":\"EntryPoint\",\"urlTemplate\":\"https:\/\/www.visit-ulcinj.com\/blog\/?s={search_term_string}\"},\"query-input\":\"required name=search_term_string\"}],\"inLanguage\":\"en-US\"},{\"@type\":\"ImageObject\",\"inLanguage\":\"en-US\",\"@id\":\"https:\/\/www.visit-ulcinj.com\/blog\/2012\/09\/25\/program-per-gjimnazistet-e-ulqinit-nato-youth-diversity-dialogue\/#primaryimage\",\"url\":\"https:\/\/www.visit-ulcinj.com\/blog\/wp-content\/uploads\/2012\/09\/Nato-Youth-Diversity-Dialogue-Ulqin-Ulcinj-Montenegro.jpg\",\"contentUrl\":\"https:\/\/www.visit-ulcinj.com\/blog\/wp-content\/uploads\/2012\/09\/Nato-Youth-Diversity-Dialogue-Ulqin-Ulcinj-Montenegro.jpg\",\"width\":\"960\",\"height\":\"383\"},{\"@type\":\"WebPage\",\"@id\":\"https:\/\/www.visit-ulcinj.com\/blog\/2012\/09\/25\/program-per-gjimnazistet-e-ulqinit-nato-youth-diversity-dialogue\/#webpage\",\"url\":\"https:\/\/www.visit-ulcinj.com\/blog\/2012\/09\/25\/program-per-gjimnazistet-e-ulqinit-nato-youth-diversity-dialogue\/\",\"name\":\"Program p\u00ebr gjimnazist\u00ebt e Ulqinit \u201cNato & Youth Diversity Dialogue\u201d - Lajme nga Ulqini\",\"isPartOf\":{\"@id\":\"https:\/\/www.visit-ulcinj.com\/blog\/#website\"},\"primaryImageOfPage\":{\"@id\":\"https:\/\/www.visit-ulcinj.com\/blog\/2012\/09\/25\/program-per-gjimnazistet-e-ulqinit-nato-youth-diversity-dialogue\/#primaryimage\"},\"datePublished\":\"2012-09-25T16:13:02+00:00\",\"dateModified\":\"2012-09-25T16:13:48+00:00\",\"author\":{\"@id\":\"https:\/\/www.visit-ulcinj.com\/blog\/#\/schema\/person\/dcab619c614d3038751c63bc2aadc06d\"},\"description\":\"Me d\u00ebshir\u00ebn q\u00eb t\u00eb rinjve t'iu ofrohen njohuri dhe informacione p\u00ebr proceset m\u00eb t\u00eb r\u00ebnd\u00ebsishme integruese q\u00eb do t\u00eb zhvillohen n\u00eb vitet e ardhshme,\",\"breadcrumb\":{\"@id\":\"https:\/\/www.visit-ulcinj.com\/blog\/2012\/09\/25\/program-per-gjimnazistet-e-ulqinit-nato-youth-diversity-dialogue\/#breadcrumb\"},\"inLanguage\":\"en-US\",\"potentialAction\":[{\"@type\":\"ReadAction\",\"target\":[\"https:\/\/www.visit-ulcinj.com\/blog\/2012\/09\/25\/program-per-gjimnazistet-e-ulqinit-nato-youth-diversity-dialogue\/\"]}]},{\"@type\":\"BreadcrumbList\",\"@id\":\"https:\/\/www.visit-ulcinj.com\/blog\/2012\/09\/25\/program-per-gjimnazistet-e-ulqinit-nato-youth-diversity-dialogue\/#breadcrumb\",\"itemListElement\":[{\"@type\":\"ListItem\",\"position\":1,\"name\":\"Program p\u00ebr gjimnazist\u00ebt e Ulqinit \u201cNato &#038; Youth Diversity Dialogue\u201d\"}]},{\"@type\":\"Person\",\"@id\":\"https:\/\/www.visit-ulcinj.com\/blog\/#\/schema\/person\/dcab619c614d3038751c63bc2aadc06d\",\"name\":\"ulqini\",\"sameAs\":[\"http:\/\/www.visit-ulcinj.com\"],\"url\":\"https:\/\/www.visit-ulcinj.com\/blog\/author\/admin\/\"}]}<\/script>\n<!-- \/ Yoast SEO plugin. -->","yoast_head_json":{"title":"Program p\u00ebr gjimnazist\u00ebt e Ulqinit \u201cNato & Youth Diversity Dialogue\u201d - Lajme nga Ulqini","description":"Me d\u00ebshir\u00ebn q\u00eb t\u00eb rinjve t'iu ofrohen njohuri dhe informacione p\u00ebr proceset m\u00eb t\u00eb r\u00ebnd\u00ebsishme integruese q\u00eb do t\u00eb zhvillohen n\u00eb vitet e ardhshme,","robots":{"index":"index","follow":"follow","max-snippet":"max-snippet:-1","max-image-preview":"max-image-preview:large","max-video-preview":"max-video-preview:-1"},"canonical":"https:\/\/www.visit-ulcinj.com\/blog\/2012\/09\/25\/program-per-gjimnazistet-e-ulqinit-nato-youth-diversity-dialogue\/","og_locale":"en_US","og_type":"article","og_title":"Program p\u00ebr gjimnazist\u00ebt e Ulqinit \u201cNato & Youth Diversity Dialogue\u201d - Lajme nga Ulqini","og_description":"Me d\u00ebshir\u00ebn q\u00eb t\u00eb rinjve t'iu ofrohen njohuri dhe informacione p\u00ebr proceset m\u00eb t\u00eb r\u00ebnd\u00ebsishme integruese q\u00eb do t\u00eb zhvillohen n\u00eb vitet e ardhshme,","og_url":"https:\/\/www.visit-ulcinj.com\/blog\/2012\/09\/25\/program-per-gjimnazistet-e-ulqinit-nato-youth-diversity-dialogue\/","og_site_name":"Lajme nga Ulqini","article_published_time":"2012-09-25T16:13:02+00:00","article_modified_time":"2012-09-25T16:13:48+00:00","og_image":[{"url":"http:\/\/www.visit-ulcinj.com\/blog\/wp-content\/uploads\/2012\/09\/Nato-Youth-Diversity-Dialogue-Ulqin-Ulcinj-Montenegro.jpg"}],"twitter_misc":{"Written by":"ulqini","Est. reading time":"2 minutes"},"schema":{"@context":"https:\/\/schema.org","@graph":[{"@type":"WebSite","@id":"https:\/\/www.visit-ulcinj.com\/blog\/#website","url":"https:\/\/www.visit-ulcinj.com\/blog\/","name":"Lajme nga Ulqini","description":"Lajme,Vijesti,Ulqini,Ulqin,Crna Gora,Mali i Zi","potentialAction":[{"@type":"SearchAction","target":{"@type":"EntryPoint","urlTemplate":"https:\/\/www.visit-ulcinj.com\/blog\/?s={search_term_string}"},"query-input":"required name=search_term_string"}],"inLanguage":"en-US"},{"@type":"ImageObject","inLanguage":"en-US","@id":"https:\/\/www.visit-ulcinj.com\/blog\/2012\/09\/25\/program-per-gjimnazistet-e-ulqinit-nato-youth-diversity-dialogue\/#primaryimage","url":"https:\/\/www.visit-ulcinj.com\/blog\/wp-content\/uploads\/2012\/09\/Nato-Youth-Diversity-Dialogue-Ulqin-Ulcinj-Montenegro.jpg","contentUrl":"https:\/\/www.visit-ulcinj.com\/blog\/wp-content\/uploads\/2012\/09\/Nato-Youth-Diversity-Dialogue-Ulqin-Ulcinj-Montenegro.jpg","width":"960","height":"383"},{"@type":"WebPage","@id":"https:\/\/www.visit-ulcinj.com\/blog\/2012\/09\/25\/program-per-gjimnazistet-e-ulqinit-nato-youth-diversity-dialogue\/#webpage","url":"https:\/\/www.visit-ulcinj.com\/blog\/2012\/09\/25\/program-per-gjimnazistet-e-ulqinit-nato-youth-diversity-dialogue\/","name":"Program p\u00ebr gjimnazist\u00ebt e Ulqinit \u201cNato & Youth Diversity Dialogue\u201d - Lajme nga Ulqini","isPartOf":{"@id":"https:\/\/www.visit-ulcinj.com\/blog\/#website"},"primaryImageOfPage":{"@id":"https:\/\/www.visit-ulcinj.com\/blog\/2012\/09\/25\/program-per-gjimnazistet-e-ulqinit-nato-youth-diversity-dialogue\/#primaryimage"},"datePublished":"2012-09-25T16:13:02+00:00","dateModified":"2012-09-25T16:13:48+00:00","author":{"@id":"https:\/\/www.visit-ulcinj.com\/blog\/#\/schema\/person\/dcab619c614d3038751c63bc2aadc06d"},"description":"Me d\u00ebshir\u00ebn q\u00eb t\u00eb rinjve t'iu ofrohen njohuri dhe informacione p\u00ebr proceset m\u00eb t\u00eb r\u00ebnd\u00ebsishme integruese q\u00eb do t\u00eb zhvillohen n\u00eb vitet e ardhshme,","breadcrumb":{"@id":"https:\/\/www.visit-ulcinj.com\/blog\/2012\/09\/25\/program-per-gjimnazistet-e-ulqinit-nato-youth-diversity-dialogue\/#breadcrumb"},"inLanguage":"en-US","potentialAction":[{"@type":"ReadAction","target":["https:\/\/www.visit-ulcinj.com\/blog\/2012\/09\/25\/program-per-gjimnazistet-e-ulqinit-nato-youth-diversity-dialogue\/"]}]},{"@type":"BreadcrumbList","@id":"https:\/\/www.visit-ulcinj.com\/blog\/2012\/09\/25\/program-per-gjimnazistet-e-ulqinit-nato-youth-diversity-dialogue\/#breadcrumb","itemListElement":[{"@type":"ListItem","position":1,"name":"Program p\u00ebr gjimnazist\u00ebt e Ulqinit \u201cNato &#038; Youth Diversity Dialogue\u201d"}]},{"@type":"Person","@id":"https:\/\/www.visit-ulcinj.com\/blog\/#\/schema\/person\/dcab619c614d3038751c63bc2aadc06d","name":"ulqini","sameAs":["http:\/\/www.visit-ulcinj.com"],"url":"https:\/\/www.visit-ulcinj.com\/blog\/author\/admin\/"}]}},"jetpack_featured_media_url":"","jetpack_sharing_enabled":true,"jetpack_shortlink":"https:\/\/wp.me\/pe6lTn-gDY","_links":{"self":[{"href":"https:\/\/www.visit-ulcinj.com\/blog\/wp-json\/wp\/v2\/posts\/63982"}],"collection":[{"href":"https:\/\/www.visit-ulcinj.com\/blog\/wp-json\/wp\/v2\/posts"}],"about":[{"href":"https:\/\/www.visit-ulcinj.com\/blog\/wp-json\/wp\/v2\/types\/post"}],"author":[{"embeddable":true,"href":"https:\/\/www.visit-ulcinj.com\/blog\/wp-json\/wp\/v2\/users\/1"}],"replies":[{"embeddable":true,"href":"https:\/\/www.visit-ulcinj.com\/blog\/wp-json\/wp\/v2\/comments?post=63982"}],"version-history":[{"count":2,"href":"https:\/\/www.visit-ulcinj.com\/blog\/wp-json\/wp\/v2\/posts\/63982\/revisions"}],"predecessor-version":[{"id":63986,"href":"https:\/\/www.visit-ulcinj.com\/blog\/wp-json\/wp\/v2\/posts\/63982\/revisions\/63986"}],"wp:attachment":[{"href":"https:\/\/www.visit-ulcinj.com\/blog\/wp-json\/wp\/v2\/media?parent=63982"}],"wp:term":[{"taxonomy":"category","embeddable":true,"href":"https:\/\/www.visit-ulcinj.com\/blog\/wp-json\/wp\/v2\/categories?post=63982"},{"taxonomy":"post_tag","embeddable":true,"href":"https:\/\/www.visit-ulcinj.com\/blog\/wp-json\/wp\/v2\/tags?post=63982"}],"curies":[{"name":"wp","href":"https:\/\/api.w.org\/{rel}","templated":true}]}}