{"id":64020,"date":"2012-09-26T15:46:05","date_gmt":"2012-09-26T14:46:05","guid":{"rendered":"http:\/\/www.visit-ulcinj.com\/blog\/?p=64020"},"modified":"2012-10-05T07:16:06","modified_gmt":"2012-10-05T06:16:06","slug":"cungu-priti-ambasadoren-e-britanise-se-madhe-catherine-knight-sands","status":"publish","type":"post","link":"https:\/\/www.visit-ulcinj.com\/blog\/2012\/09\/26\/cungu-priti-ambasadoren-e-britanise-se-madhe-catherine-knight-sands\/","title":{"rendered":"Cungu priti Ambasadoren e Britanis\u00eb s\u00eb Madhe Catherine Knight-Sands"},"content":{"rendered":"<p><a href=\"http:\/\/www.visit-ulcinj.com\/blog\/wp-content\/uploads\/2012\/09\/Nazif-Cungu-Abasadore-Catherine-Knight-Sands.jpg\"><img loading=\"lazy\" class=\"alignleft  wp-image-64021\" title=\"Nazif Cungu - Abasadore Catherine Knight-Sands\" src=\"http:\/\/www.visit-ulcinj.com\/blog\/wp-content\/uploads\/2012\/09\/Nazif-Cungu-Abasadore-Catherine-Knight-Sands.jpg\" alt=\"\" width=\"508\" height=\"360\" \/><\/a>Kryetari i Komun\u00ebs s\u00eb Ulqinit z.Nazif Cungu priti Ambasadoren e Britanis\u00eb s\u00eb Madhe Catherine Knight-Sands dhe bashk\u00ebpun\u00ebtor\u00ebt e saj.<\/p>\n<p>Zoti Cungu i njoftoi ato me situat\u00ebn e p\u00ebrgjithshme n\u00eb qytetin e Ulqinit dhe me shum\u00eb probleme t\u00eb trash\u00ebguara nga periudha e m\u00ebparshme.<br \/>\n<a href=\"http:\/\/www.visit-ulcinj.com\/blog\/wp-content\/uploads\/2012\/09\/Nazif-Cungu-Abasadore-Catherine-Knight-Sands.1.jpg\"><img loading=\"lazy\" class=\"alignleft  wp-image-64022\" title=\"Nazif Cungu - Abasadore Catherine Knight-Sands.1\" src=\"http:\/\/www.visit-ulcinj.com\/blog\/wp-content\/uploads\/2012\/09\/Nazif-Cungu-Abasadore-Catherine-Knight-Sands.1.jpg\" alt=\"\" width=\"508\" height=\"300\" \/><\/a><\/p>\n<p>Ai theksoi se projektet q\u00eb po planifikohen dhe ato q\u00eb jan\u00eb n\u00eb realizim kryesisht n\u00eb fushen e infrastruktures, jan\u00eb projekte p\u00ebrcaktuese p\u00ebr investimet e ardh\u00ebshme kapitale. Komuna e Ulqinit muajve t\u00eb fundit ka aprovuar 16 plane urbanistike, jan\u00eb b\u00ebr\u00eb p\u00ebrpjekje p\u00ebr p\u00ebrmirsimin e furnizimit me uj\u00eb duke p\u00ebrfshir\u00eb k\u00ebtu edhe ky\u00e7jen n\u00eb ujsjellsin Rajonal, projekt q\u00eb plot\u00ebson nevojat t\u00eb pakten edhe p\u00ebr 20 vitet e ardhshem. \u00cbsht\u00eb hapur zyra p\u00ebr projekte nd\u00ebrkomb\u00ebtare p\u00ebrmes t\u00eb cil\u00ebs \u00ebsht\u00eb aplikuar n\u00eb 15 projekte te fondet IPA nga t\u00eb cil\u00ebt 5 prej tyre jan\u00eb n\u00eb implementim. Nga k\u00ebto fonde deri tani \u00ebsht\u00eb arritur vlera prej 1 100 000,00euro.<\/p>\n<p><a href=\"http:\/\/www.visit-ulcinj.com\/blog\/wp-content\/uploads\/2012\/09\/Nazif-Cungu-Abasadore-Catherine-Knight-Sands.2.jpg\"><img loading=\"lazy\" class=\"alignleft  wp-image-64023\" title=\"Nazif Cungu - Abasadore Catherine Knight-Sands.2\" src=\"http:\/\/www.visit-ulcinj.com\/blog\/wp-content\/uploads\/2012\/09\/Nazif-Cungu-Abasadore-Catherine-Knight-Sands.2.jpg\" alt=\"\" width=\"508\" height=\"300\" \/><\/a><\/p>\n<p>Ai njoftoi t\u00eb pranishmit q\u00eb \u00ebsht\u00eb shpallur zona e biznesit n\u00eb Kryth\u00eb,zon\u00eb ku kushtet p\u00ebr investitor\u00ebt e interesuar do t\u00eb jen\u00eb shum\u00eb t\u00eb volitshme,ku nj\u00ebkoh\u00ebsisht ftoi t\u00eb gjith\u00eb investitoret e interesuar nga Britania p\u00ebr t\u00eb investuar n\u00eb Ulqin.<br \/>\nZ.Cungu poashtu i b\u00ebri t\u00eb ditur ambasadores Britaneze q\u00eb qytetaret e Ulqinit jan\u00eb t\u00eb orientuar drejt integrimeve euro-atlantike.<\/p>\n<p>Ambasadorja Knight nd\u00ebr t\u00eb tjera u interesua edhe p\u00ebr atmosfer\u00ebn politike n\u00eb prag t\u00eb zgjedhjeve parlamentare.<\/p>\n<p><strong>Op\u0161tina Ulcinj \/ Komuna e Ulqinit<\/strong><br \/>\nTel: +382 30 412 050<br \/>\nFax: +382 30 412 413<br \/>\nAdresa: Bul. Skenderbeu bb, 85360 Ulcinj, MNE<\/p>\n","protected":false},"excerpt":{"rendered":"<p>Kryetari i Komun\u00ebs s\u00eb Ulqinit z.Nazif Cungu priti Ambasadoren e Britanis\u00eb s\u00eb Madhe Catherine Knight-Sands dhe bashk\u00ebpun\u00ebtor\u00ebt e saj. Zoti Cungu i njoftoi ato me situat\u00ebn e p\u00ebrgjithshme n\u00eb qytetin e Ulqinit dhe me shum\u00eb probleme t\u00eb trash\u00ebguara nga periudha e m\u00ebparshme. Ai theksoi se projektet q\u00eb po planifikohen dhe ato q\u00eb jan\u00eb n\u00eb realizim [&hellip;]<\/p>\n","protected":false},"author":1,"featured_media":0,"comment_status":"open","ping_status":"closed","sticky":false,"template":"","format":"standard","meta":{"spay_email":"","jetpack_publicize_message":"","jetpack_is_tweetstorm":false,"jetpack_publicize_feature_enabled":true},"categories":[1],"tags":[21126,18016,21127,20051,7629],"jetpack_publicize_connections":[],"yoast_head":"<!-- This site is optimized with the Yoast SEO plugin v19.1 - https:\/\/yoast.com\/wordpress\/plugins\/seo\/ -->\n<title>Cungu priti Ambasadoren e Britanis\u00eb s\u00eb Madhe Catherine Knight-Sands - Lajme nga Ulqini<\/title>\n<meta name=\"description\" content=\"Kryetari i Komun\u00ebs s\u00eb Ulqinit z.Nazif Cungu priti Ambasadoren e Britanis\u00eb s\u00eb Madhe Catherine Knight-Sands dhe bashk\u00ebpun\u00ebtor\u00ebt e saj. Zoti Cungu i njoftoi\" \/>\n<meta name=\"robots\" content=\"index, follow, max-snippet:-1, max-image-preview:large, max-video-preview:-1\" \/>\n<link rel=\"canonical\" href=\"https:\/\/www.visit-ulcinj.com\/blog\/2012\/09\/26\/cungu-priti-ambasadoren-e-britanise-se-madhe-catherine-knight-sands\/\" \/>\n<meta property=\"og:locale\" content=\"en_US\" \/>\n<meta property=\"og:type\" content=\"article\" \/>\n<meta property=\"og:title\" content=\"Cungu priti Ambasadoren e Britanis\u00eb s\u00eb Madhe Catherine Knight-Sands - Lajme nga Ulqini\" \/>\n<meta property=\"og:description\" content=\"Kryetari i Komun\u00ebs s\u00eb Ulqinit z.Nazif Cungu priti Ambasadoren e Britanis\u00eb s\u00eb Madhe Catherine Knight-Sands dhe bashk\u00ebpun\u00ebtor\u00ebt e saj. Zoti Cungu i njoftoi\" \/>\n<meta property=\"og:url\" content=\"https:\/\/www.visit-ulcinj.com\/blog\/2012\/09\/26\/cungu-priti-ambasadoren-e-britanise-se-madhe-catherine-knight-sands\/\" \/>\n<meta property=\"og:site_name\" content=\"Lajme nga Ulqini\" \/>\n<meta property=\"article:published_time\" content=\"2012-09-26T14:46:05+00:00\" \/>\n<meta property=\"article:modified_time\" content=\"2012-10-05T06:16:06+00:00\" \/>\n<meta property=\"og:image\" content=\"http:\/\/www.visit-ulcinj.com\/blog\/wp-content\/uploads\/2012\/09\/Nazif-Cungu-Abasadore-Catherine-Knight-Sands.jpg\" \/>\n<meta name=\"twitter:label1\" content=\"Written by\" \/>\n\t<meta name=\"twitter:data1\" content=\"ulqini\" \/>\n\t<meta name=\"twitter:label2\" content=\"Est. reading time\" \/>\n\t<meta name=\"twitter:data2\" content=\"1 minute\" \/>\n<script type=\"application\/ld+json\" class=\"yoast-schema-graph\">{\"@context\":\"https:\/\/schema.org\",\"@graph\":[{\"@type\":\"WebSite\",\"@id\":\"https:\/\/www.visit-ulcinj.com\/blog\/#website\",\"url\":\"https:\/\/www.visit-ulcinj.com\/blog\/\",\"name\":\"Lajme nga Ulqini\",\"description\":\"Lajme,Vijesti,Ulqini,Ulqin,Crna Gora,Mali i Zi\",\"potentialAction\":[{\"@type\":\"SearchAction\",\"target\":{\"@type\":\"EntryPoint\",\"urlTemplate\":\"https:\/\/www.visit-ulcinj.com\/blog\/?s={search_term_string}\"},\"query-input\":\"required name=search_term_string\"}],\"inLanguage\":\"en-US\"},{\"@type\":\"ImageObject\",\"inLanguage\":\"en-US\",\"@id\":\"https:\/\/www.visit-ulcinj.com\/blog\/2012\/09\/26\/cungu-priti-ambasadoren-e-britanise-se-madhe-catherine-knight-sands\/#primaryimage\",\"url\":\"https:\/\/www.visit-ulcinj.com\/blog\/wp-content\/uploads\/2012\/09\/Nazif-Cungu-Abasadore-Catherine-Knight-Sands.jpg\",\"contentUrl\":\"https:\/\/www.visit-ulcinj.com\/blog\/wp-content\/uploads\/2012\/09\/Nazif-Cungu-Abasadore-Catherine-Knight-Sands.jpg\",\"width\":\"640\",\"height\":\"424\"},{\"@type\":\"WebPage\",\"@id\":\"https:\/\/www.visit-ulcinj.com\/blog\/2012\/09\/26\/cungu-priti-ambasadoren-e-britanise-se-madhe-catherine-knight-sands\/#webpage\",\"url\":\"https:\/\/www.visit-ulcinj.com\/blog\/2012\/09\/26\/cungu-priti-ambasadoren-e-britanise-se-madhe-catherine-knight-sands\/\",\"name\":\"Cungu priti Ambasadoren e Britanis\u00eb s\u00eb Madhe Catherine Knight-Sands - Lajme nga Ulqini\",\"isPartOf\":{\"@id\":\"https:\/\/www.visit-ulcinj.com\/blog\/#website\"},\"primaryImageOfPage\":{\"@id\":\"https:\/\/www.visit-ulcinj.com\/blog\/2012\/09\/26\/cungu-priti-ambasadoren-e-britanise-se-madhe-catherine-knight-sands\/#primaryimage\"},\"datePublished\":\"2012-09-26T14:46:05+00:00\",\"dateModified\":\"2012-10-05T06:16:06+00:00\",\"author\":{\"@id\":\"https:\/\/www.visit-ulcinj.com\/blog\/#\/schema\/person\/dcab619c614d3038751c63bc2aadc06d\"},\"description\":\"Kryetari i Komun\u00ebs s\u00eb Ulqinit z.Nazif Cungu priti Ambasadoren e Britanis\u00eb s\u00eb Madhe Catherine Knight-Sands dhe bashk\u00ebpun\u00ebtor\u00ebt e saj. Zoti Cungu i njoftoi\",\"breadcrumb\":{\"@id\":\"https:\/\/www.visit-ulcinj.com\/blog\/2012\/09\/26\/cungu-priti-ambasadoren-e-britanise-se-madhe-catherine-knight-sands\/#breadcrumb\"},\"inLanguage\":\"en-US\",\"potentialAction\":[{\"@type\":\"ReadAction\",\"target\":[\"https:\/\/www.visit-ulcinj.com\/blog\/2012\/09\/26\/cungu-priti-ambasadoren-e-britanise-se-madhe-catherine-knight-sands\/\"]}]},{\"@type\":\"BreadcrumbList\",\"@id\":\"https:\/\/www.visit-ulcinj.com\/blog\/2012\/09\/26\/cungu-priti-ambasadoren-e-britanise-se-madhe-catherine-knight-sands\/#breadcrumb\",\"itemListElement\":[{\"@type\":\"ListItem\",\"position\":1,\"name\":\"Cungu priti Ambasadoren e Britanis\u00eb s\u00eb Madhe Catherine Knight-Sands\"}]},{\"@type\":\"Person\",\"@id\":\"https:\/\/www.visit-ulcinj.com\/blog\/#\/schema\/person\/dcab619c614d3038751c63bc2aadc06d\",\"name\":\"ulqini\",\"sameAs\":[\"http:\/\/www.visit-ulcinj.com\"],\"url\":\"https:\/\/www.visit-ulcinj.com\/blog\/author\/admin\/\"}]}<\/script>\n<!-- \/ Yoast SEO plugin. -->","yoast_head_json":{"title":"Cungu priti Ambasadoren e Britanis\u00eb s\u00eb Madhe Catherine Knight-Sands - Lajme nga Ulqini","description":"Kryetari i Komun\u00ebs s\u00eb Ulqinit z.Nazif Cungu priti Ambasadoren e Britanis\u00eb s\u00eb Madhe Catherine Knight-Sands dhe bashk\u00ebpun\u00ebtor\u00ebt e saj. Zoti Cungu i njoftoi","robots":{"index":"index","follow":"follow","max-snippet":"max-snippet:-1","max-image-preview":"max-image-preview:large","max-video-preview":"max-video-preview:-1"},"canonical":"https:\/\/www.visit-ulcinj.com\/blog\/2012\/09\/26\/cungu-priti-ambasadoren-e-britanise-se-madhe-catherine-knight-sands\/","og_locale":"en_US","og_type":"article","og_title":"Cungu priti Ambasadoren e Britanis\u00eb s\u00eb Madhe Catherine Knight-Sands - Lajme nga Ulqini","og_description":"Kryetari i Komun\u00ebs s\u00eb Ulqinit z.Nazif Cungu priti Ambasadoren e Britanis\u00eb s\u00eb Madhe Catherine Knight-Sands dhe bashk\u00ebpun\u00ebtor\u00ebt e saj. Zoti Cungu i njoftoi","og_url":"https:\/\/www.visit-ulcinj.com\/blog\/2012\/09\/26\/cungu-priti-ambasadoren-e-britanise-se-madhe-catherine-knight-sands\/","og_site_name":"Lajme nga Ulqini","article_published_time":"2012-09-26T14:46:05+00:00","article_modified_time":"2012-10-05T06:16:06+00:00","og_image":[{"url":"http:\/\/www.visit-ulcinj.com\/blog\/wp-content\/uploads\/2012\/09\/Nazif-Cungu-Abasadore-Catherine-Knight-Sands.jpg"}],"twitter_misc":{"Written by":"ulqini","Est. reading time":"1 minute"},"schema":{"@context":"https:\/\/schema.org","@graph":[{"@type":"WebSite","@id":"https:\/\/www.visit-ulcinj.com\/blog\/#website","url":"https:\/\/www.visit-ulcinj.com\/blog\/","name":"Lajme nga Ulqini","description":"Lajme,Vijesti,Ulqini,Ulqin,Crna Gora,Mali i Zi","potentialAction":[{"@type":"SearchAction","target":{"@type":"EntryPoint","urlTemplate":"https:\/\/www.visit-ulcinj.com\/blog\/?s={search_term_string}"},"query-input":"required name=search_term_string"}],"inLanguage":"en-US"},{"@type":"ImageObject","inLanguage":"en-US","@id":"https:\/\/www.visit-ulcinj.com\/blog\/2012\/09\/26\/cungu-priti-ambasadoren-e-britanise-se-madhe-catherine-knight-sands\/#primaryimage","url":"https:\/\/www.visit-ulcinj.com\/blog\/wp-content\/uploads\/2012\/09\/Nazif-Cungu-Abasadore-Catherine-Knight-Sands.jpg","contentUrl":"https:\/\/www.visit-ulcinj.com\/blog\/wp-content\/uploads\/2012\/09\/Nazif-Cungu-Abasadore-Catherine-Knight-Sands.jpg","width":"640","height":"424"},{"@type":"WebPage","@id":"https:\/\/www.visit-ulcinj.com\/blog\/2012\/09\/26\/cungu-priti-ambasadoren-e-britanise-se-madhe-catherine-knight-sands\/#webpage","url":"https:\/\/www.visit-ulcinj.com\/blog\/2012\/09\/26\/cungu-priti-ambasadoren-e-britanise-se-madhe-catherine-knight-sands\/","name":"Cungu priti Ambasadoren e Britanis\u00eb s\u00eb Madhe Catherine Knight-Sands - Lajme nga Ulqini","isPartOf":{"@id":"https:\/\/www.visit-ulcinj.com\/blog\/#website"},"primaryImageOfPage":{"@id":"https:\/\/www.visit-ulcinj.com\/blog\/2012\/09\/26\/cungu-priti-ambasadoren-e-britanise-se-madhe-catherine-knight-sands\/#primaryimage"},"datePublished":"2012-09-26T14:46:05+00:00","dateModified":"2012-10-05T06:16:06+00:00","author":{"@id":"https:\/\/www.visit-ulcinj.com\/blog\/#\/schema\/person\/dcab619c614d3038751c63bc2aadc06d"},"description":"Kryetari i Komun\u00ebs s\u00eb Ulqinit z.Nazif Cungu priti Ambasadoren e Britanis\u00eb s\u00eb Madhe Catherine Knight-Sands dhe bashk\u00ebpun\u00ebtor\u00ebt e saj. Zoti Cungu i njoftoi","breadcrumb":{"@id":"https:\/\/www.visit-ulcinj.com\/blog\/2012\/09\/26\/cungu-priti-ambasadoren-e-britanise-se-madhe-catherine-knight-sands\/#breadcrumb"},"inLanguage":"en-US","potentialAction":[{"@type":"ReadAction","target":["https:\/\/www.visit-ulcinj.com\/blog\/2012\/09\/26\/cungu-priti-ambasadoren-e-britanise-se-madhe-catherine-knight-sands\/"]}]},{"@type":"BreadcrumbList","@id":"https:\/\/www.visit-ulcinj.com\/blog\/2012\/09\/26\/cungu-priti-ambasadoren-e-britanise-se-madhe-catherine-knight-sands\/#breadcrumb","itemListElement":[{"@type":"ListItem","position":1,"name":"Cungu priti Ambasadoren e Britanis\u00eb s\u00eb Madhe Catherine Knight-Sands"}]},{"@type":"Person","@id":"https:\/\/www.visit-ulcinj.com\/blog\/#\/schema\/person\/dcab619c614d3038751c63bc2aadc06d","name":"ulqini","sameAs":["http:\/\/www.visit-ulcinj.com"],"url":"https:\/\/www.visit-ulcinj.com\/blog\/author\/admin\/"}]}},"jetpack_featured_media_url":"","jetpack_sharing_enabled":true,"jetpack_shortlink":"https:\/\/wp.me\/pe6lTn-gEA","_links":{"self":[{"href":"https:\/\/www.visit-ulcinj.com\/blog\/wp-json\/wp\/v2\/posts\/64020"}],"collection":[{"href":"https:\/\/www.visit-ulcinj.com\/blog\/wp-json\/wp\/v2\/posts"}],"about":[{"href":"https:\/\/www.visit-ulcinj.com\/blog\/wp-json\/wp\/v2\/types\/post"}],"author":[{"embeddable":true,"href":"https:\/\/www.visit-ulcinj.com\/blog\/wp-json\/wp\/v2\/users\/1"}],"replies":[{"embeddable":true,"href":"https:\/\/www.visit-ulcinj.com\/blog\/wp-json\/wp\/v2\/comments?post=64020"}],"version-history":[{"count":4,"href":"https:\/\/www.visit-ulcinj.com\/blog\/wp-json\/wp\/v2\/posts\/64020\/revisions"}],"predecessor-version":[{"id":64311,"href":"https:\/\/www.visit-ulcinj.com\/blog\/wp-json\/wp\/v2\/posts\/64020\/revisions\/64311"}],"wp:attachment":[{"href":"https:\/\/www.visit-ulcinj.com\/blog\/wp-json\/wp\/v2\/media?parent=64020"}],"wp:term":[{"taxonomy":"category","embeddable":true,"href":"https:\/\/www.visit-ulcinj.com\/blog\/wp-json\/wp\/v2\/categories?post=64020"},{"taxonomy":"post_tag","embeddable":true,"href":"https:\/\/www.visit-ulcinj.com\/blog\/wp-json\/wp\/v2\/tags?post=64020"}],"curies":[{"name":"wp","href":"https:\/\/api.w.org\/{rel}","templated":true}]}}