{"id":64032,"date":"2012-09-26T16:29:35","date_gmt":"2012-09-26T15:29:35","guid":{"rendered":"http:\/\/www.visit-ulcinj.com\/blog\/?p=64032"},"modified":"2012-09-26T16:29:35","modified_gmt":"2012-09-26T15:29:35","slug":"mali-i-zi-dhe-kosova-bisedojne-per-sigurimet-sociale","status":"publish","type":"post","link":"https:\/\/www.visit-ulcinj.com\/blog\/2012\/09\/26\/mali-i-zi-dhe-kosova-bisedojne-per-sigurimet-sociale\/","title":{"rendered":"Mali i Zi dhe Kosova bisedojn\u00eb p\u00ebr sigurimet sociale"},"content":{"rendered":"<p><strong><a href=\"http:\/\/www.visit-ulcinj.com\/blog\/wp-content\/uploads\/2012\/09\/Fatmir-Shurdhaj-n\u00eb-Mal-te-zi.jpg\"><img loading=\"lazy\" class=\"alignleft  wp-image-64033\" title=\"Fatmir Shurdhaj n\u00eb Mal te zi\" src=\"http:\/\/www.visit-ulcinj.com\/blog\/wp-content\/uploads\/2012\/09\/Fatmir-Shurdhaj-n\u00eb-Mal-te-zi.jpg\" alt=\"\" width=\"508\" height=\"360\" \/><\/a>Zv.Ministri i MPMS, Fatmir Shurdhaj, po q\u00ebndron n\u00eb nj\u00eb vizit\u00eb zyrtare n\u00eb Mal t\u00eb Zi<\/strong><\/p>\n<p>Me ftes\u00eb t\u00eb Ministris\u00eb s\u00eb Pun\u00ebs dhe Kujdesit Social t\u00eb Malit t\u00eb Zi, zv. Ministri i Pun\u00ebs dhe Mir\u00ebqenies Sociale, Fatmir Shurdhaj, me bashk\u00ebpun\u00ebtor\u00eb, po q\u00ebndron n\u00eb nj\u00eb vizit\u00eb zyrtare n\u00eb Republik\u00ebn e Malit t\u00eb Zi. Shurdhaj \u00ebsht\u00eb pritur nga homologu i tij malazez, Jovo Pajoviq.Gjat\u00eb takimit t\u00eb Shurdhaj dhe Pajoviq \u00ebsht\u00eb biseduar p\u00ebr mund\u00ebsin\u00eb e fillimit t\u00eb bisedimeve dypal\u00ebshe n\u00eb mes t\u00eb dy shteteve p\u00ebr sigurimet sociale.<\/p>\n<p>Gjithashtu tem\u00eb diskutimi ishte edhe forma e rregullimit t\u00eb brendsh\u00ebm t\u00eb sistemit pensional, pagesa e kontributeve dhe stazhi i pun\u00ebs p\u00ebr qytetar\u00ebt e t\u00eb dyja vendeve q\u00eb kan\u00eb punuar n\u00eb Mal t\u00eb Zi dhe anasjelltas.<\/p>\n<p>T\u00eb dy pal\u00ebt jan\u00eb pajtuar q\u00eb sa m\u00eb shpejt\u00eb q\u00eb \u00ebsht\u00eb e mundur t\u00eb formohen grupet teknike p\u00ebr negocim t\u00eb marr\u00ebveshjeve nd\u00ebrshtet\u00ebrore nga sferat q\u00eb mbulojn\u00eb k\u00ebto ministri.<\/p>\n<p>Ky ka qen\u00eb takimi i par\u00eb q\u00eb \u00ebsht\u00eb zhvilluar n\u00eb mes t\u00eb MPMS dhe Ministris\u00eb s\u00eb Pun\u00ebs dhe Kujdesit Social t\u00eb Malit t\u00eb Zi dhe ka kaluar n\u00eb nj\u00eb atmosfer\u00eb mjaft\u00eb miq\u00ebsore.<\/p>\n<p>Jovo Pajoviq, p\u00ebr homologun e tij nga Kosova, Fatmir Shurdhaj shtroi edhe nj\u00eb drek\u00eb pune.<\/p>\n<p><strong>MINISTRIA E PUN\u00cbS DHE MIR\u00cbQENJES SOCIALE E REPUBLIK\u00cbS S\u00cb KOSOV\u00cbS<\/strong><strong><\/strong><\/p>\n","protected":false},"excerpt":{"rendered":"<p>Zv.Ministri i MPMS, Fatmir Shurdhaj, po q\u00ebndron n\u00eb nj\u00eb vizit\u00eb zyrtare n\u00eb Mal t\u00eb Zi Me ftes\u00eb t\u00eb Ministris\u00eb s\u00eb Pun\u00ebs dhe Kujdesit Social t\u00eb Malit t\u00eb Zi, zv. Ministri i Pun\u00ebs dhe Mir\u00ebqenies Sociale, Fatmir Shurdhaj, me bashk\u00ebpun\u00ebtor\u00eb, po q\u00ebndron n\u00eb nj\u00eb vizit\u00eb zyrtare n\u00eb Republik\u00ebn e Malit t\u00eb Zi. Shurdhaj \u00ebsht\u00eb pritur nga [&hellip;]<\/p>\n","protected":false},"author":1,"featured_media":0,"comment_status":"open","ping_status":"closed","sticky":false,"template":"","format":"standard","meta":{"spay_email":"","jetpack_publicize_message":"","jetpack_is_tweetstorm":false,"jetpack_publicize_feature_enabled":true},"categories":[14],"tags":[21129],"jetpack_publicize_connections":[],"yoast_head":"<!-- This site is optimized with the Yoast SEO plugin v19.1 - https:\/\/yoast.com\/wordpress\/plugins\/seo\/ -->\n<title>Mali i Zi dhe Kosova bisedojn\u00eb p\u00ebr sigurimet sociale - Lajme nga Ulqini<\/title>\n<meta name=\"description\" content=\"Zv.Ministri i MPMS, Fatmir Shurdhaj, po q\u00ebndron n\u00eb nj\u00eb vizit\u00eb zyrtare n\u00eb Mal t\u00eb Zi Me ftes\u00eb t\u00eb Ministris\u00eb s\u00eb Pun\u00ebs dhe Kujdesit Social t\u00eb Malit t\u00eb Zi, zv.\" \/>\n<meta name=\"robots\" content=\"index, follow, max-snippet:-1, max-image-preview:large, max-video-preview:-1\" \/>\n<link rel=\"canonical\" href=\"https:\/\/www.visit-ulcinj.com\/blog\/2012\/09\/26\/mali-i-zi-dhe-kosova-bisedojne-per-sigurimet-sociale\/\" \/>\n<meta property=\"og:locale\" content=\"en_US\" \/>\n<meta property=\"og:type\" content=\"article\" \/>\n<meta property=\"og:title\" content=\"Mali i Zi dhe Kosova bisedojn\u00eb p\u00ebr sigurimet sociale - Lajme nga Ulqini\" \/>\n<meta property=\"og:description\" content=\"Zv.Ministri i MPMS, Fatmir Shurdhaj, po q\u00ebndron n\u00eb nj\u00eb vizit\u00eb zyrtare n\u00eb Mal t\u00eb Zi Me ftes\u00eb t\u00eb Ministris\u00eb s\u00eb Pun\u00ebs dhe Kujdesit Social t\u00eb Malit t\u00eb Zi, zv.\" \/>\n<meta property=\"og:url\" content=\"https:\/\/www.visit-ulcinj.com\/blog\/2012\/09\/26\/mali-i-zi-dhe-kosova-bisedojne-per-sigurimet-sociale\/\" \/>\n<meta property=\"og:site_name\" content=\"Lajme nga Ulqini\" \/>\n<meta property=\"article:published_time\" content=\"2012-09-26T15:29:35+00:00\" \/>\n<meta name=\"twitter:label1\" content=\"Written by\" \/>\n\t<meta name=\"twitter:data1\" content=\"ulqini\" \/>\n\t<meta name=\"twitter:label2\" content=\"Est. reading time\" \/>\n\t<meta name=\"twitter:data2\" content=\"1 minute\" \/>\n<script type=\"application\/ld+json\" class=\"yoast-schema-graph\">{\"@context\":\"https:\/\/schema.org\",\"@graph\":[{\"@type\":\"WebSite\",\"@id\":\"https:\/\/www.visit-ulcinj.com\/blog\/#website\",\"url\":\"https:\/\/www.visit-ulcinj.com\/blog\/\",\"name\":\"Lajme nga Ulqini\",\"description\":\"Lajme,Vijesti,Ulqini,Ulqin,Crna Gora,Mali i Zi\",\"potentialAction\":[{\"@type\":\"SearchAction\",\"target\":{\"@type\":\"EntryPoint\",\"urlTemplate\":\"https:\/\/www.visit-ulcinj.com\/blog\/?s={search_term_string}\"},\"query-input\":\"required name=search_term_string\"}],\"inLanguage\":\"en-US\"},{\"@type\":\"WebPage\",\"@id\":\"https:\/\/www.visit-ulcinj.com\/blog\/2012\/09\/26\/mali-i-zi-dhe-kosova-bisedojne-per-sigurimet-sociale\/#webpage\",\"url\":\"https:\/\/www.visit-ulcinj.com\/blog\/2012\/09\/26\/mali-i-zi-dhe-kosova-bisedojne-per-sigurimet-sociale\/\",\"name\":\"Mali i Zi dhe Kosova bisedojn\u00eb p\u00ebr sigurimet sociale - Lajme nga Ulqini\",\"isPartOf\":{\"@id\":\"https:\/\/www.visit-ulcinj.com\/blog\/#website\"},\"datePublished\":\"2012-09-26T15:29:35+00:00\",\"dateModified\":\"2012-09-26T15:29:35+00:00\",\"author\":{\"@id\":\"https:\/\/www.visit-ulcinj.com\/blog\/#\/schema\/person\/dcab619c614d3038751c63bc2aadc06d\"},\"description\":\"Zv.Ministri i MPMS, Fatmir Shurdhaj, po q\u00ebndron n\u00eb nj\u00eb vizit\u00eb zyrtare n\u00eb Mal t\u00eb Zi Me ftes\u00eb t\u00eb Ministris\u00eb s\u00eb Pun\u00ebs dhe Kujdesit Social t\u00eb Malit t\u00eb Zi, zv.\",\"breadcrumb\":{\"@id\":\"https:\/\/www.visit-ulcinj.com\/blog\/2012\/09\/26\/mali-i-zi-dhe-kosova-bisedojne-per-sigurimet-sociale\/#breadcrumb\"},\"inLanguage\":\"en-US\",\"potentialAction\":[{\"@type\":\"ReadAction\",\"target\":[\"https:\/\/www.visit-ulcinj.com\/blog\/2012\/09\/26\/mali-i-zi-dhe-kosova-bisedojne-per-sigurimet-sociale\/\"]}]},{\"@type\":\"BreadcrumbList\",\"@id\":\"https:\/\/www.visit-ulcinj.com\/blog\/2012\/09\/26\/mali-i-zi-dhe-kosova-bisedojne-per-sigurimet-sociale\/#breadcrumb\",\"itemListElement\":[{\"@type\":\"ListItem\",\"position\":1,\"name\":\"Mali i Zi dhe Kosova bisedojn\u00eb p\u00ebr sigurimet sociale\"}]},{\"@type\":\"Person\",\"@id\":\"https:\/\/www.visit-ulcinj.com\/blog\/#\/schema\/person\/dcab619c614d3038751c63bc2aadc06d\",\"name\":\"ulqini\",\"sameAs\":[\"http:\/\/www.visit-ulcinj.com\"],\"url\":\"https:\/\/www.visit-ulcinj.com\/blog\/author\/admin\/\"}]}<\/script>\n<!-- \/ Yoast SEO plugin. -->","yoast_head_json":{"title":"Mali i Zi dhe Kosova bisedojn\u00eb p\u00ebr sigurimet sociale - Lajme nga Ulqini","description":"Zv.Ministri i MPMS, Fatmir Shurdhaj, po q\u00ebndron n\u00eb nj\u00eb vizit\u00eb zyrtare n\u00eb Mal t\u00eb Zi Me ftes\u00eb t\u00eb Ministris\u00eb s\u00eb Pun\u00ebs dhe Kujdesit Social t\u00eb Malit t\u00eb Zi, zv.","robots":{"index":"index","follow":"follow","max-snippet":"max-snippet:-1","max-image-preview":"max-image-preview:large","max-video-preview":"max-video-preview:-1"},"canonical":"https:\/\/www.visit-ulcinj.com\/blog\/2012\/09\/26\/mali-i-zi-dhe-kosova-bisedojne-per-sigurimet-sociale\/","og_locale":"en_US","og_type":"article","og_title":"Mali i Zi dhe Kosova bisedojn\u00eb p\u00ebr sigurimet sociale - Lajme nga Ulqini","og_description":"Zv.Ministri i MPMS, Fatmir Shurdhaj, po q\u00ebndron n\u00eb nj\u00eb vizit\u00eb zyrtare n\u00eb Mal t\u00eb Zi Me ftes\u00eb t\u00eb Ministris\u00eb s\u00eb Pun\u00ebs dhe Kujdesit Social t\u00eb Malit t\u00eb Zi, zv.","og_url":"https:\/\/www.visit-ulcinj.com\/blog\/2012\/09\/26\/mali-i-zi-dhe-kosova-bisedojne-per-sigurimet-sociale\/","og_site_name":"Lajme nga Ulqini","article_published_time":"2012-09-26T15:29:35+00:00","twitter_misc":{"Written by":"ulqini","Est. reading time":"1 minute"},"schema":{"@context":"https:\/\/schema.org","@graph":[{"@type":"WebSite","@id":"https:\/\/www.visit-ulcinj.com\/blog\/#website","url":"https:\/\/www.visit-ulcinj.com\/blog\/","name":"Lajme nga Ulqini","description":"Lajme,Vijesti,Ulqini,Ulqin,Crna Gora,Mali i Zi","potentialAction":[{"@type":"SearchAction","target":{"@type":"EntryPoint","urlTemplate":"https:\/\/www.visit-ulcinj.com\/blog\/?s={search_term_string}"},"query-input":"required name=search_term_string"}],"inLanguage":"en-US"},{"@type":"WebPage","@id":"https:\/\/www.visit-ulcinj.com\/blog\/2012\/09\/26\/mali-i-zi-dhe-kosova-bisedojne-per-sigurimet-sociale\/#webpage","url":"https:\/\/www.visit-ulcinj.com\/blog\/2012\/09\/26\/mali-i-zi-dhe-kosova-bisedojne-per-sigurimet-sociale\/","name":"Mali i Zi dhe Kosova bisedojn\u00eb p\u00ebr sigurimet sociale - Lajme nga Ulqini","isPartOf":{"@id":"https:\/\/www.visit-ulcinj.com\/blog\/#website"},"datePublished":"2012-09-26T15:29:35+00:00","dateModified":"2012-09-26T15:29:35+00:00","author":{"@id":"https:\/\/www.visit-ulcinj.com\/blog\/#\/schema\/person\/dcab619c614d3038751c63bc2aadc06d"},"description":"Zv.Ministri i MPMS, Fatmir Shurdhaj, po q\u00ebndron n\u00eb nj\u00eb vizit\u00eb zyrtare n\u00eb Mal t\u00eb Zi Me ftes\u00eb t\u00eb Ministris\u00eb s\u00eb Pun\u00ebs dhe Kujdesit Social t\u00eb Malit t\u00eb Zi, zv.","breadcrumb":{"@id":"https:\/\/www.visit-ulcinj.com\/blog\/2012\/09\/26\/mali-i-zi-dhe-kosova-bisedojne-per-sigurimet-sociale\/#breadcrumb"},"inLanguage":"en-US","potentialAction":[{"@type":"ReadAction","target":["https:\/\/www.visit-ulcinj.com\/blog\/2012\/09\/26\/mali-i-zi-dhe-kosova-bisedojne-per-sigurimet-sociale\/"]}]},{"@type":"BreadcrumbList","@id":"https:\/\/www.visit-ulcinj.com\/blog\/2012\/09\/26\/mali-i-zi-dhe-kosova-bisedojne-per-sigurimet-sociale\/#breadcrumb","itemListElement":[{"@type":"ListItem","position":1,"name":"Mali i Zi dhe Kosova bisedojn\u00eb p\u00ebr sigurimet sociale"}]},{"@type":"Person","@id":"https:\/\/www.visit-ulcinj.com\/blog\/#\/schema\/person\/dcab619c614d3038751c63bc2aadc06d","name":"ulqini","sameAs":["http:\/\/www.visit-ulcinj.com"],"url":"https:\/\/www.visit-ulcinj.com\/blog\/author\/admin\/"}]}},"jetpack_featured_media_url":"","jetpack_sharing_enabled":true,"jetpack_shortlink":"https:\/\/wp.me\/pe6lTn-gEM","_links":{"self":[{"href":"https:\/\/www.visit-ulcinj.com\/blog\/wp-json\/wp\/v2\/posts\/64032"}],"collection":[{"href":"https:\/\/www.visit-ulcinj.com\/blog\/wp-json\/wp\/v2\/posts"}],"about":[{"href":"https:\/\/www.visit-ulcinj.com\/blog\/wp-json\/wp\/v2\/types\/post"}],"author":[{"embeddable":true,"href":"https:\/\/www.visit-ulcinj.com\/blog\/wp-json\/wp\/v2\/users\/1"}],"replies":[{"embeddable":true,"href":"https:\/\/www.visit-ulcinj.com\/blog\/wp-json\/wp\/v2\/comments?post=64032"}],"version-history":[{"count":1,"href":"https:\/\/www.visit-ulcinj.com\/blog\/wp-json\/wp\/v2\/posts\/64032\/revisions"}],"predecessor-version":[{"id":64034,"href":"https:\/\/www.visit-ulcinj.com\/blog\/wp-json\/wp\/v2\/posts\/64032\/revisions\/64034"}],"wp:attachment":[{"href":"https:\/\/www.visit-ulcinj.com\/blog\/wp-json\/wp\/v2\/media?parent=64032"}],"wp:term":[{"taxonomy":"category","embeddable":true,"href":"https:\/\/www.visit-ulcinj.com\/blog\/wp-json\/wp\/v2\/categories?post=64032"},{"taxonomy":"post_tag","embeddable":true,"href":"https:\/\/www.visit-ulcinj.com\/blog\/wp-json\/wp\/v2\/tags?post=64032"}],"curies":[{"name":"wp","href":"https:\/\/api.w.org\/{rel}","templated":true}]}}