{"id":64035,"date":"2012-09-26T17:24:53","date_gmt":"2012-09-26T16:24:53","guid":{"rendered":"http:\/\/www.visit-ulcinj.com\/blog\/?p=64035"},"modified":"2012-09-26T17:24:53","modified_gmt":"2012-09-26T16:24:53","slug":"mal-i-zi-perfaqesimi-politik-i-shqiptareve-video","status":"publish","type":"post","link":"https:\/\/www.visit-ulcinj.com\/blog\/2012\/09\/26\/mal-i-zi-perfaqesimi-politik-i-shqiptareve-video\/","title":{"rendered":"Mal i Zi, p\u00ebrfaq\u00ebsimi politik i shqiptar\u00ebve &#8211; Video"},"content":{"rendered":"<p><strong><a href=\"http:\/\/www.visit-ulcinj.com\/blog\/wp-content\/uploads\/2012\/09\/voto-per-zgjedhjet-parlamentare-ne-Mal-te-zi.jpg\"><img loading=\"lazy\" class=\"alignleft  wp-image-64036\" title=\"voto per zgjedhjet parlamentare ne Mal te zi\" src=\"http:\/\/www.visit-ulcinj.com\/blog\/wp-content\/uploads\/2012\/09\/voto-per-zgjedhjet-parlamentare-ne-Mal-te-zi.jpg\" alt=\"\" width=\"508\" height=\"300\" \/><\/a>Shqiptar\u00ebt e Malit t\u00eb Zi m\u00eb shum\u00eb jetojn\u00eb n\u00eb diaspor\u00eb se sa n\u00eb Mal t\u00eb Zi. Ata jan\u00eb m\u00eb pak se pes\u00eb p\u00ebr qind e popullsis\u00eb, por kan\u00eb pes\u00eb subjekte politike. <\/strong><\/p>\n<p>Ulqini \u00ebsht\u00eb kryeqyteti i shqiptar\u00ebve n\u00eb kontekstin orientues, por nj\u00eb mb\u00ebshtetje e fuqishme \u00ebsht\u00eb Tuzi, q\u00eb konsiderohet lagje e Podgoric\u00ebs, pasi pa shqiptar\u00ebt Podgorica mund t\u2019u takonte serb\u00ebve.<\/p>\n<p>Nj\u00eb ligj i ri megjithat\u00eb k\u00ebrkon q\u00eb partit\u00eb t\u00eb ken\u00eb nj\u00eb prag prej 3 p\u00ebr qind dhe k\u00ebshtu rrezikohet q\u00eb partit\u00eb shqiptare t\u00eb mos futen fare ose me nj\u00eb num\u00ebr m\u00eb t\u00eb vog\u00ebl deputet\u00ebsh n\u00eb Parlament.<\/p>\n<p>Shqiptar\u00ebt kan\u00eb dh\u00ebn\u00eb kontribut p\u00ebr krijimin e shtetit pasi pakicat qen\u00eb ato q\u00eb n\u00eb vitin 2006 i dhan\u00eb mb\u00ebshtetje referendumit p\u00ebr pavar\u00ebsi kundrejt serb\u00ebve.<\/p>\n<p>Genci Nimanbegu, i Forc\u00ebs s\u00eb Re Demokratike t\u00eb Ulqinit, shpreson p\u00ebr nj\u00eb bashkim t\u00eb shqiptar\u00ebve. Shqiptar\u00ebt n\u00eb Mal t\u00eb Zi jan\u00eb t\u00eb vetmit n\u00eb ish-Jugosllavi q\u00eb nuk kan\u00eb luftuar brenda shtetit t\u00eb tyre.<\/p>\n<p>Por, malazez\u00ebt, t\u00eb af\u00ebrt me kultur\u00eb me serb\u00ebt, kan\u00eb arritur t\u00eb krijojn\u00eb shtetin, por kombi \u00ebsht\u00eb ende i ri. Forcat shqiptare k\u00ebrkojn\u00eb q\u00eb Tuzi t\u00eb b\u00ebhet komun\u00eb dhe n\u00eb zonat bregdetare t\u00eb ket\u00eb decentralizim.<\/p>\n<p>\u201cNe \u00e7do her\u00eb jemi n\u00ebn hijen e marr\u00ebdh\u00ebnieve mes malazez\u00ebve dhe serb\u00ebve. Mali i Zi \u00ebsht\u00eb i vetmi shtet n\u00eb Ballkan ku nuk ka shumic\u00eb komb\u00ebtare. Malazez\u00ebt jan\u00eb n\u00ebn 50 p\u00ebr qind, k\u00ebshtu q\u00eb pakicat etnike b\u00ebjn\u00eb m\u00eb tep\u00ebr se 50 p\u00ebr qind dhe kjo \u00ebsht\u00eb nj\u00eb sfid\u00eb p\u00ebr shtetin e Malit t\u00eb Zi dhe p\u00ebr ne q\u00eb t\u00eb vazhdohet dhe t\u00eb mos b\u00ebhet nj\u00ebetnik\u201d, deklaron Nimanbegu.<\/p>\n<p>Mali i Zi pret q\u00eb me zgjedhjet e ardhshme, q\u00eb do t\u00eb mbahen n\u00eb jav\u00ebn e dyt\u00eb t\u00eb tetorit, <strong><a href=\"http:\/\/www.top-channel.tv\/artikull.php?id=242845\">n\u00eb vend t\u00eb vij\u00eb ndryshimi i madh<\/a> <\/strong>p\u00ebrmes partive t\u00eb reja politike.<\/p>\n<p>Por partia e Milo Gjukanovi\u00e7, tani kryeminist\u00ebr n\u00eb hije i Partis\u00eb s\u00eb Socialist\u00ebve Demokrat\u00eb, i njohur si udh\u00ebheq\u00ebs i p\u00ebrhersh\u00ebm dhe i p\u00ebrfshir\u00eb n\u00eb afera nd\u00ebrkomb\u00ebtare e hetime p\u00ebr lidhje me mafien e duhanit, ende \u00ebsht\u00eb m\u00eb e forta.<\/p>\n<p><strong>Top Channel<\/strong><strong><\/strong><br \/>\n<iframe loading=\"lazy\" src=\"http:\/\/www.youtube.com\/embed\/2R1dZwdcZdU?rel=0\" frameborder=\"0\" width=\"508\" height=\"360\"><\/iframe><\/p>\n","protected":false},"excerpt":{"rendered":"<p>Shqiptar\u00ebt e Malit t\u00eb Zi m\u00eb shum\u00eb jetojn\u00eb n\u00eb diaspor\u00eb se sa n\u00eb Mal t\u00eb Zi. Ata jan\u00eb m\u00eb pak se pes\u00eb p\u00ebr qind e popullsis\u00eb, por kan\u00eb pes\u00eb subjekte politike. Ulqini \u00ebsht\u00eb kryeqyteti i shqiptar\u00ebve n\u00eb kontekstin orientues, por nj\u00eb mb\u00ebshtetje e fuqishme \u00ebsht\u00eb Tuzi, q\u00eb konsiderohet lagje e Podgoric\u00ebs, pasi pa shqiptar\u00ebt Podgorica [&hellip;]<\/p>\n","protected":false},"author":1,"featured_media":0,"comment_status":"open","ping_status":"closed","sticky":false,"template":"","format":"standard","meta":{"spay_email":"","jetpack_publicize_message":"","jetpack_is_tweetstorm":false,"jetpack_publicize_feature_enabled":true},"categories":[6],"tags":[95,18,9896],"jetpack_publicize_connections":[],"yoast_head":"<!-- This site is optimized with the Yoast SEO plugin v19.1 - https:\/\/yoast.com\/wordpress\/plugins\/seo\/ -->\n<title>Mal i Zi, p\u00ebrfaq\u00ebsimi politik i shqiptar\u00ebve - Video - Lajme nga Ulqini<\/title>\n<meta name=\"description\" content=\"Shqiptar\u00ebt e Malit t\u00eb Zi m\u00eb shum\u00eb jetojn\u00eb n\u00eb diaspor\u00eb se sa n\u00eb Mal t\u00eb Zi. Ata jan\u00eb m\u00eb pak se pes\u00eb p\u00ebr qind e popullsis\u00eb, por kan\u00eb pes\u00eb subjekte politike.\" \/>\n<meta name=\"robots\" content=\"index, follow, max-snippet:-1, max-image-preview:large, max-video-preview:-1\" \/>\n<link rel=\"canonical\" href=\"https:\/\/www.visit-ulcinj.com\/blog\/2012\/09\/26\/mal-i-zi-perfaqesimi-politik-i-shqiptareve-video\/\" \/>\n<meta property=\"og:locale\" content=\"en_US\" \/>\n<meta property=\"og:type\" content=\"article\" \/>\n<meta property=\"og:title\" content=\"Mal i Zi, p\u00ebrfaq\u00ebsimi politik i shqiptar\u00ebve - Video - Lajme nga Ulqini\" \/>\n<meta property=\"og:description\" content=\"Shqiptar\u00ebt e Malit t\u00eb Zi m\u00eb shum\u00eb jetojn\u00eb n\u00eb diaspor\u00eb se sa n\u00eb Mal t\u00eb Zi. Ata jan\u00eb m\u00eb pak se pes\u00eb p\u00ebr qind e popullsis\u00eb, por kan\u00eb pes\u00eb subjekte politike.\" \/>\n<meta property=\"og:url\" content=\"https:\/\/www.visit-ulcinj.com\/blog\/2012\/09\/26\/mal-i-zi-perfaqesimi-politik-i-shqiptareve-video\/\" \/>\n<meta property=\"og:site_name\" content=\"Lajme nga Ulqini\" \/>\n<meta property=\"article:published_time\" content=\"2012-09-26T16:24:53+00:00\" \/>\n<meta property=\"og:image\" content=\"http:\/\/www.visit-ulcinj.com\/blog\/wp-content\/uploads\/2012\/09\/voto-per-zgjedhjet-parlamentare-ne-Mal-te-zi.jpg\" \/>\n<meta name=\"twitter:label1\" content=\"Written by\" \/>\n\t<meta name=\"twitter:data1\" content=\"ulqini\" \/>\n\t<meta name=\"twitter:label2\" content=\"Est. reading time\" \/>\n\t<meta name=\"twitter:data2\" content=\"2 minutes\" \/>\n<script type=\"application\/ld+json\" class=\"yoast-schema-graph\">{\"@context\":\"https:\/\/schema.org\",\"@graph\":[{\"@type\":\"WebSite\",\"@id\":\"https:\/\/www.visit-ulcinj.com\/blog\/#website\",\"url\":\"https:\/\/www.visit-ulcinj.com\/blog\/\",\"name\":\"Lajme nga Ulqini\",\"description\":\"Lajme,Vijesti,Ulqini,Ulqin,Crna Gora,Mali i Zi\",\"potentialAction\":[{\"@type\":\"SearchAction\",\"target\":{\"@type\":\"EntryPoint\",\"urlTemplate\":\"https:\/\/www.visit-ulcinj.com\/blog\/?s={search_term_string}\"},\"query-input\":\"required name=search_term_string\"}],\"inLanguage\":\"en-US\"},{\"@type\":\"ImageObject\",\"inLanguage\":\"en-US\",\"@id\":\"https:\/\/www.visit-ulcinj.com\/blog\/2012\/09\/26\/mal-i-zi-perfaqesimi-politik-i-shqiptareve-video\/#primaryimage\",\"url\":\"https:\/\/www.visit-ulcinj.com\/blog\/wp-content\/uploads\/2012\/09\/voto-per-zgjedhjet-parlamentare-ne-Mal-te-zi.jpg\",\"contentUrl\":\"https:\/\/www.visit-ulcinj.com\/blog\/wp-content\/uploads\/2012\/09\/voto-per-zgjedhjet-parlamentare-ne-Mal-te-zi.jpg\",\"width\":\"702\",\"height\":\"364\"},{\"@type\":\"WebPage\",\"@id\":\"https:\/\/www.visit-ulcinj.com\/blog\/2012\/09\/26\/mal-i-zi-perfaqesimi-politik-i-shqiptareve-video\/#webpage\",\"url\":\"https:\/\/www.visit-ulcinj.com\/blog\/2012\/09\/26\/mal-i-zi-perfaqesimi-politik-i-shqiptareve-video\/\",\"name\":\"Mal i Zi, p\u00ebrfaq\u00ebsimi politik i shqiptar\u00ebve - Video - Lajme nga Ulqini\",\"isPartOf\":{\"@id\":\"https:\/\/www.visit-ulcinj.com\/blog\/#website\"},\"primaryImageOfPage\":{\"@id\":\"https:\/\/www.visit-ulcinj.com\/blog\/2012\/09\/26\/mal-i-zi-perfaqesimi-politik-i-shqiptareve-video\/#primaryimage\"},\"datePublished\":\"2012-09-26T16:24:53+00:00\",\"dateModified\":\"2012-09-26T16:24:53+00:00\",\"author\":{\"@id\":\"https:\/\/www.visit-ulcinj.com\/blog\/#\/schema\/person\/dcab619c614d3038751c63bc2aadc06d\"},\"description\":\"Shqiptar\u00ebt e Malit t\u00eb Zi m\u00eb shum\u00eb jetojn\u00eb n\u00eb diaspor\u00eb se sa n\u00eb Mal t\u00eb Zi. Ata jan\u00eb m\u00eb pak se pes\u00eb p\u00ebr qind e popullsis\u00eb, por kan\u00eb pes\u00eb subjekte politike.\",\"breadcrumb\":{\"@id\":\"https:\/\/www.visit-ulcinj.com\/blog\/2012\/09\/26\/mal-i-zi-perfaqesimi-politik-i-shqiptareve-video\/#breadcrumb\"},\"inLanguage\":\"en-US\",\"potentialAction\":[{\"@type\":\"ReadAction\",\"target\":[\"https:\/\/www.visit-ulcinj.com\/blog\/2012\/09\/26\/mal-i-zi-perfaqesimi-politik-i-shqiptareve-video\/\"]}]},{\"@type\":\"BreadcrumbList\",\"@id\":\"https:\/\/www.visit-ulcinj.com\/blog\/2012\/09\/26\/mal-i-zi-perfaqesimi-politik-i-shqiptareve-video\/#breadcrumb\",\"itemListElement\":[{\"@type\":\"ListItem\",\"position\":1,\"name\":\"Mal i Zi, p\u00ebrfaq\u00ebsimi politik i shqiptar\u00ebve &#8211; Video\"}]},{\"@type\":\"Person\",\"@id\":\"https:\/\/www.visit-ulcinj.com\/blog\/#\/schema\/person\/dcab619c614d3038751c63bc2aadc06d\",\"name\":\"ulqini\",\"sameAs\":[\"http:\/\/www.visit-ulcinj.com\"],\"url\":\"https:\/\/www.visit-ulcinj.com\/blog\/author\/admin\/\"}]}<\/script>\n<!-- \/ Yoast SEO plugin. -->","yoast_head_json":{"title":"Mal i Zi, p\u00ebrfaq\u00ebsimi politik i shqiptar\u00ebve - Video - Lajme nga Ulqini","description":"Shqiptar\u00ebt e Malit t\u00eb Zi m\u00eb shum\u00eb jetojn\u00eb n\u00eb diaspor\u00eb se sa n\u00eb Mal t\u00eb Zi. Ata jan\u00eb m\u00eb pak se pes\u00eb p\u00ebr qind e popullsis\u00eb, por kan\u00eb pes\u00eb subjekte politike.","robots":{"index":"index","follow":"follow","max-snippet":"max-snippet:-1","max-image-preview":"max-image-preview:large","max-video-preview":"max-video-preview:-1"},"canonical":"https:\/\/www.visit-ulcinj.com\/blog\/2012\/09\/26\/mal-i-zi-perfaqesimi-politik-i-shqiptareve-video\/","og_locale":"en_US","og_type":"article","og_title":"Mal i Zi, p\u00ebrfaq\u00ebsimi politik i shqiptar\u00ebve - Video - Lajme nga Ulqini","og_description":"Shqiptar\u00ebt e Malit t\u00eb Zi m\u00eb shum\u00eb jetojn\u00eb n\u00eb diaspor\u00eb se sa n\u00eb Mal t\u00eb Zi. Ata jan\u00eb m\u00eb pak se pes\u00eb p\u00ebr qind e popullsis\u00eb, por kan\u00eb pes\u00eb subjekte politike.","og_url":"https:\/\/www.visit-ulcinj.com\/blog\/2012\/09\/26\/mal-i-zi-perfaqesimi-politik-i-shqiptareve-video\/","og_site_name":"Lajme nga Ulqini","article_published_time":"2012-09-26T16:24:53+00:00","og_image":[{"url":"http:\/\/www.visit-ulcinj.com\/blog\/wp-content\/uploads\/2012\/09\/voto-per-zgjedhjet-parlamentare-ne-Mal-te-zi.jpg"}],"twitter_misc":{"Written by":"ulqini","Est. reading time":"2 minutes"},"schema":{"@context":"https:\/\/schema.org","@graph":[{"@type":"WebSite","@id":"https:\/\/www.visit-ulcinj.com\/blog\/#website","url":"https:\/\/www.visit-ulcinj.com\/blog\/","name":"Lajme nga Ulqini","description":"Lajme,Vijesti,Ulqini,Ulqin,Crna Gora,Mali i Zi","potentialAction":[{"@type":"SearchAction","target":{"@type":"EntryPoint","urlTemplate":"https:\/\/www.visit-ulcinj.com\/blog\/?s={search_term_string}"},"query-input":"required name=search_term_string"}],"inLanguage":"en-US"},{"@type":"ImageObject","inLanguage":"en-US","@id":"https:\/\/www.visit-ulcinj.com\/blog\/2012\/09\/26\/mal-i-zi-perfaqesimi-politik-i-shqiptareve-video\/#primaryimage","url":"https:\/\/www.visit-ulcinj.com\/blog\/wp-content\/uploads\/2012\/09\/voto-per-zgjedhjet-parlamentare-ne-Mal-te-zi.jpg","contentUrl":"https:\/\/www.visit-ulcinj.com\/blog\/wp-content\/uploads\/2012\/09\/voto-per-zgjedhjet-parlamentare-ne-Mal-te-zi.jpg","width":"702","height":"364"},{"@type":"WebPage","@id":"https:\/\/www.visit-ulcinj.com\/blog\/2012\/09\/26\/mal-i-zi-perfaqesimi-politik-i-shqiptareve-video\/#webpage","url":"https:\/\/www.visit-ulcinj.com\/blog\/2012\/09\/26\/mal-i-zi-perfaqesimi-politik-i-shqiptareve-video\/","name":"Mal i Zi, p\u00ebrfaq\u00ebsimi politik i shqiptar\u00ebve - Video - Lajme nga Ulqini","isPartOf":{"@id":"https:\/\/www.visit-ulcinj.com\/blog\/#website"},"primaryImageOfPage":{"@id":"https:\/\/www.visit-ulcinj.com\/blog\/2012\/09\/26\/mal-i-zi-perfaqesimi-politik-i-shqiptareve-video\/#primaryimage"},"datePublished":"2012-09-26T16:24:53+00:00","dateModified":"2012-09-26T16:24:53+00:00","author":{"@id":"https:\/\/www.visit-ulcinj.com\/blog\/#\/schema\/person\/dcab619c614d3038751c63bc2aadc06d"},"description":"Shqiptar\u00ebt e Malit t\u00eb Zi m\u00eb shum\u00eb jetojn\u00eb n\u00eb diaspor\u00eb se sa n\u00eb Mal t\u00eb Zi. Ata jan\u00eb m\u00eb pak se pes\u00eb p\u00ebr qind e popullsis\u00eb, por kan\u00eb pes\u00eb subjekte politike.","breadcrumb":{"@id":"https:\/\/www.visit-ulcinj.com\/blog\/2012\/09\/26\/mal-i-zi-perfaqesimi-politik-i-shqiptareve-video\/#breadcrumb"},"inLanguage":"en-US","potentialAction":[{"@type":"ReadAction","target":["https:\/\/www.visit-ulcinj.com\/blog\/2012\/09\/26\/mal-i-zi-perfaqesimi-politik-i-shqiptareve-video\/"]}]},{"@type":"BreadcrumbList","@id":"https:\/\/www.visit-ulcinj.com\/blog\/2012\/09\/26\/mal-i-zi-perfaqesimi-politik-i-shqiptareve-video\/#breadcrumb","itemListElement":[{"@type":"ListItem","position":1,"name":"Mal i Zi, p\u00ebrfaq\u00ebsimi politik i shqiptar\u00ebve &#8211; Video"}]},{"@type":"Person","@id":"https:\/\/www.visit-ulcinj.com\/blog\/#\/schema\/person\/dcab619c614d3038751c63bc2aadc06d","name":"ulqini","sameAs":["http:\/\/www.visit-ulcinj.com"],"url":"https:\/\/www.visit-ulcinj.com\/blog\/author\/admin\/"}]}},"jetpack_featured_media_url":"","jetpack_sharing_enabled":true,"jetpack_shortlink":"https:\/\/wp.me\/pe6lTn-gEP","_links":{"self":[{"href":"https:\/\/www.visit-ulcinj.com\/blog\/wp-json\/wp\/v2\/posts\/64035"}],"collection":[{"href":"https:\/\/www.visit-ulcinj.com\/blog\/wp-json\/wp\/v2\/posts"}],"about":[{"href":"https:\/\/www.visit-ulcinj.com\/blog\/wp-json\/wp\/v2\/types\/post"}],"author":[{"embeddable":true,"href":"https:\/\/www.visit-ulcinj.com\/blog\/wp-json\/wp\/v2\/users\/1"}],"replies":[{"embeddable":true,"href":"https:\/\/www.visit-ulcinj.com\/blog\/wp-json\/wp\/v2\/comments?post=64035"}],"version-history":[{"count":1,"href":"https:\/\/www.visit-ulcinj.com\/blog\/wp-json\/wp\/v2\/posts\/64035\/revisions"}],"predecessor-version":[{"id":64037,"href":"https:\/\/www.visit-ulcinj.com\/blog\/wp-json\/wp\/v2\/posts\/64035\/revisions\/64037"}],"wp:attachment":[{"href":"https:\/\/www.visit-ulcinj.com\/blog\/wp-json\/wp\/v2\/media?parent=64035"}],"wp:term":[{"taxonomy":"category","embeddable":true,"href":"https:\/\/www.visit-ulcinj.com\/blog\/wp-json\/wp\/v2\/categories?post=64035"},{"taxonomy":"post_tag","embeddable":true,"href":"https:\/\/www.visit-ulcinj.com\/blog\/wp-json\/wp\/v2\/tags?post=64035"}],"curies":[{"name":"wp","href":"https:\/\/api.w.org\/{rel}","templated":true}]}}