{"id":64040,"date":"2012-09-27T16:39:32","date_gmt":"2012-09-27T15:39:32","guid":{"rendered":"http:\/\/www.visit-ulcinj.com\/blog\/?p=64040"},"modified":"2012-09-27T16:39:32","modified_gmt":"2012-09-27T15:39:32","slug":"nazif-cungu-takon-perfaqesuesit-e-kompanis-italplast-nga-italia","status":"publish","type":"post","link":"https:\/\/www.visit-ulcinj.com\/blog\/2012\/09\/27\/nazif-cungu-takon-perfaqesuesit-e-kompanis-italplast-nga-italia\/","title":{"rendered":"Nazif Cungu takon p\u00ebrfaq\u00ebsuesit e kompanis ItalPlast nga Italia"},"content":{"rendered":"<p><a href=\"http:\/\/www.visit-ulcinj.com\/blog\/wp-content\/uploads\/2012\/09\/Nazif-Cungu_-ItalPlast_-Italia.jpg\"><img loading=\"lazy\" class=\"alignleft  wp-image-64041\" title=\"Nazif Cungu_ ItalPlast_ Italia\" src=\"http:\/\/www.visit-ulcinj.com\/blog\/wp-content\/uploads\/2012\/09\/Nazif-Cungu_-ItalPlast_-Italia.jpg\" alt=\"\" width=\"508\" height=\"360\" \/><\/a>Kryetari i Komun\u00ebs s\u00eb Ulqinit z. Nazif Cungu u takua sot me p\u00ebrfaq\u00ebsuesit e kompanis\u00eb ItalPlast nga Italia, z. Antonio Lenzo dhe bashk\u00ebpuntorin e tij nga kompania Engineering Plast nga San Marino z. Paolo Arfilli, n\u00eb p\u00ebrcjellje t\u00eb vicekosullit t\u00eb San Marinos n\u00eb Mal t\u00eb Zi, zonj\u00ebs Dragana Poloviq. ItalPlast \u00ebsht\u00eb nj\u00eb nd\u00ebr prodhuesit m\u00eb t\u00eb m\u00ebdhenj t\u00eb tubave prej plastike p\u00ebr uj\u00ebsjell\u00ebs, gaz dhe kanalizim, t\u00eb cil\u00ebt p\u00ebrve\u00e7 n\u00eb Itali globalisht jan\u00eb m\u00eb t\u00eb p\u00ebrfaq\u00ebsuarit.<\/p>\n<p>Objektivi i ItalPlastit \u00ebsht\u00eb hapja e nj\u00eb fabrike n\u00eb Mal t\u00eb Zi e posa\u00e7\u00ebrisht jan\u00eb t\u00eb interesuar p\u00ebr Ulqin, p\u00ebr shkak t\u00eb pozit\u00ebs strategjike dhe af\u00ebrsis\u00eb me portin e Tivarit. Ata n\u00eb k\u00ebt\u00eb mbledhje kan\u00eb informuar p\u00ebr mund\u00ebsit\u00eb dhe kushtet e realizimit t\u00eb k\u00ebtij projekti n\u00eb Ulqin.<\/p>\n<p>Kryetari Cungu i ka njoftuar t\u00eb pranishmit p\u00ebr shpalljen e zon\u00ebs s\u00eb biznesit n\u00eb Kryth\u00eb si dhe t\u00eb gjitha favoret p\u00ebr investitor\u00eb n\u00eb k\u00ebt\u00eb pjes\u00eb. Ai ka theksuar se p\u00ebrfundimin e studimit t\u00eb fizibilitetit p\u00ebr k\u00ebt\u00eb zon\u00eb e pret 6 muajt e ardhsh\u00ebm, q\u00eb paketa e subvencioneve planifikohet me Qeverin\u00eb e Malit t\u00eb Zi. Kryetari Cungu gjithashtu ka shtuar q\u00eb ky investim do t\u00eb kishte nj\u00eb r\u00ebnd\u00ebsi t\u00eb madhe p\u00ebr Komun\u00ebn e Ulqinit e q\u00eb \u00ebsht\u00eb shum\u00eb e r\u00ebnd\u00ebsishme q\u00eb kjo fabrik\u00eb nuk ka ndikim negativ n\u00eb mjedisin jet\u00ebsor.<\/p>\n<p>ItalPlast nd\u00ebrtimin e fabrik\u00ebs do e fillonte n\u00eb shkurt t\u00eb vitit 2013 dhe at\u00eb me faza. S\u00eb pari do t\u00eb aft\u00ebsoheshin 2000 metra katror\u00eb, e pastaj edhe 2000 t\u00eb tjera, gjithsej 6.000 metra katror\u00eb t\u00eb hap\u00ebsir\u00ebs s\u00eb mbyllur. N\u00eb fabrik\u00eb do t\u00eb punonin rreth 100 pun\u00ebtor\u00eb. Materiali q\u00eb ata shfryt\u00ebzojn\u00eb p\u00ebr prodhimin e tubave prej plastike \u00ebsht\u00eb poliuretani q\u00eb\u00a0\u00ebsht\u00eb krejt pasiv n\u00eb aspektin e ndikimit n\u00eb mjedisin jet\u00ebsor.<\/p>\n<p><strong>Op\u0161tina Ulcinj \/ Komuna e Ulqinit<\/strong><br \/>\nTel: +382 30 412 050<br \/>\nFax: +382 30 412 413<br \/>\nAdresa: Bul. Skenderbeu bb, 85360 Ulcinj, MNE<\/p>\n\n\t\t<style type=\"text\/css\">\n\t\t\t#gallery-1 {\n\t\t\t\tmargin: auto;\n\t\t\t}\n\t\t\t#gallery-1 .gallery-item {\n\t\t\t\tfloat: left;\n\t\t\t\tmargin-top: 10px;\n\t\t\t\ttext-align: center;\n\t\t\t\twidth: 50%;\n\t\t\t}\n\t\t\t#gallery-1 img {\n\t\t\t\tborder: 2px solid #cfcfcf;\n\t\t\t}\n\t\t\t#gallery-1 .gallery-caption {\n\t\t\t\tmargin-left: 0;\n\t\t\t}\n\t\t\t\/* see gallery_shortcode() in wp-includes\/media.php *\/\n\t\t<\/style>\n\t\t<div id='gallery-1' class='gallery galleryid-64040 gallery-columns-2 gallery-size-thumbnail'><dl class='gallery-item'>\n\t\t\t<dt class='gallery-icon landscape'>\n\t\t\t\t<a href='https:\/\/www.visit-ulcinj.com\/blog\/wp-content\/uploads\/2012\/09\/Nazif-Cungu_-ItalPlast_-Italia.jpg'><img width=\"150\" height=\"150\" src=\"https:\/\/www.visit-ulcinj.com\/blog\/wp-content\/uploads\/2012\/09\/Nazif-Cungu_-ItalPlast_-Italia-150x150.jpg\" class=\"attachment-thumbnail size-thumbnail\" alt=\"\" loading=\"lazy\" \/><\/a>\n\t\t\t<\/dt><\/dl><dl class='gallery-item'>\n\t\t\t<dt class='gallery-icon landscape'>\n\t\t\t\t<a href='https:\/\/www.visit-ulcinj.com\/blog\/wp-content\/uploads\/2012\/09\/Nazif-Cungu_-ItalPlast_-Italia.1.jpg'><img width=\"150\" height=\"150\" src=\"https:\/\/www.visit-ulcinj.com\/blog\/wp-content\/uploads\/2012\/09\/Nazif-Cungu_-ItalPlast_-Italia.1-150x150.jpg\" class=\"attachment-thumbnail size-thumbnail\" alt=\"\" loading=\"lazy\" \/><\/a>\n\t\t\t<\/dt><\/dl><br style=\"clear: both\" \/><dl class='gallery-item'>\n\t\t\t<dt class='gallery-icon landscape'>\n\t\t\t\t<a href='https:\/\/www.visit-ulcinj.com\/blog\/wp-content\/uploads\/2012\/09\/Nazif-Cungu_-ItalPlast_-Italia.2.jpg'><img width=\"150\" height=\"150\" src=\"https:\/\/www.visit-ulcinj.com\/blog\/wp-content\/uploads\/2012\/09\/Nazif-Cungu_-ItalPlast_-Italia.2-150x150.jpg\" class=\"attachment-thumbnail size-thumbnail\" alt=\"\" loading=\"lazy\" \/><\/a>\n\t\t\t<\/dt><\/dl><dl class='gallery-item'>\n\t\t\t<dt class='gallery-icon landscape'>\n\t\t\t\t<a href='https:\/\/www.visit-ulcinj.com\/blog\/wp-content\/uploads\/2012\/09\/Nazif-Cungu_-ItalPlast_-Italia.3.jpg'><img width=\"150\" height=\"150\" src=\"https:\/\/www.visit-ulcinj.com\/blog\/wp-content\/uploads\/2012\/09\/Nazif-Cungu_-ItalPlast_-Italia.3-150x150.jpg\" class=\"attachment-thumbnail size-thumbnail\" alt=\"\" loading=\"lazy\" \/><\/a>\n\t\t\t<\/dt><\/dl><br style=\"clear: both\" \/>\n\t\t<\/div>\n\n","protected":false},"excerpt":{"rendered":"<p>Kryetari i Komun\u00ebs s\u00eb Ulqinit z. Nazif Cungu u takua sot me p\u00ebrfaq\u00ebsuesit e kompanis\u00eb ItalPlast nga Italia, z. Antonio Lenzo dhe bashk\u00ebpuntorin e tij nga kompania Engineering Plast nga San Marino z. Paolo Arfilli, n\u00eb p\u00ebrcjellje t\u00eb vicekosullit t\u00eb San Marinos n\u00eb Mal t\u00eb Zi, zonj\u00ebs Dragana Poloviq. ItalPlast \u00ebsht\u00eb nj\u00eb nd\u00ebr prodhuesit m\u00eb [&hellip;]<\/p>\n","protected":false},"author":1,"featured_media":0,"comment_status":"open","ping_status":"closed","sticky":false,"template":"","format":"standard","meta":{"spay_email":"","jetpack_publicize_message":"","jetpack_is_tweetstorm":false,"jetpack_publicize_feature_enabled":true},"categories":[10],"tags":[21130,5037,118,200,18],"jetpack_publicize_connections":[],"yoast_head":"<!-- This site is optimized with the Yoast SEO plugin v19.1 - https:\/\/yoast.com\/wordpress\/plugins\/seo\/ -->\n<title>Nazif Cungu takon p\u00ebrfaq\u00ebsuesit e kompanis ItalPlast nga Italia - Lajme nga Ulqini<\/title>\n<meta name=\"description\" content=\"Kryetari i Komun\u00ebs s\u00eb Ulqinit z. Nazif Cungu u takua sot me p\u00ebrfaq\u00ebsuesit e kompanis\u00eb ItalPlast nga Italia, z. Antonio Lenzo dhe bashk\u00ebpuntorin e tij nga\" \/>\n<meta name=\"robots\" content=\"index, follow, max-snippet:-1, max-image-preview:large, max-video-preview:-1\" \/>\n<link rel=\"canonical\" href=\"https:\/\/www.visit-ulcinj.com\/blog\/2012\/09\/27\/nazif-cungu-takon-perfaqesuesit-e-kompanis-italplast-nga-italia\/\" \/>\n<meta property=\"og:locale\" content=\"en_US\" \/>\n<meta property=\"og:type\" content=\"article\" \/>\n<meta property=\"og:title\" content=\"Nazif Cungu takon p\u00ebrfaq\u00ebsuesit e kompanis ItalPlast nga Italia - Lajme nga Ulqini\" \/>\n<meta property=\"og:description\" content=\"Kryetari i Komun\u00ebs s\u00eb Ulqinit z. Nazif Cungu u takua sot me p\u00ebrfaq\u00ebsuesit e kompanis\u00eb ItalPlast nga Italia, z. Antonio Lenzo dhe bashk\u00ebpuntorin e tij nga\" \/>\n<meta property=\"og:url\" content=\"https:\/\/www.visit-ulcinj.com\/blog\/2012\/09\/27\/nazif-cungu-takon-perfaqesuesit-e-kompanis-italplast-nga-italia\/\" \/>\n<meta property=\"og:site_name\" content=\"Lajme nga Ulqini\" \/>\n<meta property=\"article:published_time\" content=\"2012-09-27T15:39:32+00:00\" \/>\n<meta property=\"og:image\" content=\"https:\/\/www.visit-ulcinj.com\/blog\/wp-content\/uploads\/2012\/09\/Nazif-Cungu_-ItalPlast_-Italia-150x150.jpg\" \/>\n<meta name=\"twitter:label1\" content=\"Written by\" \/>\n\t<meta name=\"twitter:data1\" content=\"ulqini\" \/>\n\t<meta name=\"twitter:label2\" content=\"Est. reading time\" \/>\n\t<meta name=\"twitter:data2\" content=\"2 minutes\" \/>\n<script type=\"application\/ld+json\" class=\"yoast-schema-graph\">{\"@context\":\"https:\/\/schema.org\",\"@graph\":[{\"@type\":\"WebSite\",\"@id\":\"https:\/\/www.visit-ulcinj.com\/blog\/#website\",\"url\":\"https:\/\/www.visit-ulcinj.com\/blog\/\",\"name\":\"Lajme nga Ulqini\",\"description\":\"Lajme,Vijesti,Ulqini,Ulqin,Crna Gora,Mali i Zi\",\"potentialAction\":[{\"@type\":\"SearchAction\",\"target\":{\"@type\":\"EntryPoint\",\"urlTemplate\":\"https:\/\/www.visit-ulcinj.com\/blog\/?s={search_term_string}\"},\"query-input\":\"required name=search_term_string\"}],\"inLanguage\":\"en-US\"},{\"@type\":\"ImageObject\",\"inLanguage\":\"en-US\",\"@id\":\"https:\/\/www.visit-ulcinj.com\/blog\/2012\/09\/27\/nazif-cungu-takon-perfaqesuesit-e-kompanis-italplast-nga-italia\/#primaryimage\",\"url\":\"https:\/\/www.visit-ulcinj.com\/blog\/wp-content\/uploads\/2012\/09\/Nazif-Cungu_-ItalPlast_-Italia.jpg\",\"contentUrl\":\"https:\/\/www.visit-ulcinj.com\/blog\/wp-content\/uploads\/2012\/09\/Nazif-Cungu_-ItalPlast_-Italia.jpg\",\"width\":\"640\",\"height\":\"424\"},{\"@type\":\"WebPage\",\"@id\":\"https:\/\/www.visit-ulcinj.com\/blog\/2012\/09\/27\/nazif-cungu-takon-perfaqesuesit-e-kompanis-italplast-nga-italia\/#webpage\",\"url\":\"https:\/\/www.visit-ulcinj.com\/blog\/2012\/09\/27\/nazif-cungu-takon-perfaqesuesit-e-kompanis-italplast-nga-italia\/\",\"name\":\"Nazif Cungu takon p\u00ebrfaq\u00ebsuesit e kompanis ItalPlast nga Italia - Lajme nga Ulqini\",\"isPartOf\":{\"@id\":\"https:\/\/www.visit-ulcinj.com\/blog\/#website\"},\"primaryImageOfPage\":{\"@id\":\"https:\/\/www.visit-ulcinj.com\/blog\/2012\/09\/27\/nazif-cungu-takon-perfaqesuesit-e-kompanis-italplast-nga-italia\/#primaryimage\"},\"datePublished\":\"2012-09-27T15:39:32+00:00\",\"dateModified\":\"2012-09-27T15:39:32+00:00\",\"author\":{\"@id\":\"https:\/\/www.visit-ulcinj.com\/blog\/#\/schema\/person\/dcab619c614d3038751c63bc2aadc06d\"},\"description\":\"Kryetari i Komun\u00ebs s\u00eb Ulqinit z. Nazif Cungu u takua sot me p\u00ebrfaq\u00ebsuesit e kompanis\u00eb ItalPlast nga Italia, z. Antonio Lenzo dhe bashk\u00ebpuntorin e tij nga\",\"breadcrumb\":{\"@id\":\"https:\/\/www.visit-ulcinj.com\/blog\/2012\/09\/27\/nazif-cungu-takon-perfaqesuesit-e-kompanis-italplast-nga-italia\/#breadcrumb\"},\"inLanguage\":\"en-US\",\"potentialAction\":[{\"@type\":\"ReadAction\",\"target\":[\"https:\/\/www.visit-ulcinj.com\/blog\/2012\/09\/27\/nazif-cungu-takon-perfaqesuesit-e-kompanis-italplast-nga-italia\/\"]}]},{\"@type\":\"BreadcrumbList\",\"@id\":\"https:\/\/www.visit-ulcinj.com\/blog\/2012\/09\/27\/nazif-cungu-takon-perfaqesuesit-e-kompanis-italplast-nga-italia\/#breadcrumb\",\"itemListElement\":[{\"@type\":\"ListItem\",\"position\":1,\"name\":\"Nazif Cungu takon p\u00ebrfaq\u00ebsuesit e kompanis ItalPlast nga Italia\"}]},{\"@type\":\"Person\",\"@id\":\"https:\/\/www.visit-ulcinj.com\/blog\/#\/schema\/person\/dcab619c614d3038751c63bc2aadc06d\",\"name\":\"ulqini\",\"sameAs\":[\"http:\/\/www.visit-ulcinj.com\"],\"url\":\"https:\/\/www.visit-ulcinj.com\/blog\/author\/admin\/\"}]}<\/script>\n<!-- \/ Yoast SEO plugin. -->","yoast_head_json":{"title":"Nazif Cungu takon p\u00ebrfaq\u00ebsuesit e kompanis ItalPlast nga Italia - Lajme nga Ulqini","description":"Kryetari i Komun\u00ebs s\u00eb Ulqinit z. Nazif Cungu u takua sot me p\u00ebrfaq\u00ebsuesit e kompanis\u00eb ItalPlast nga Italia, z. Antonio Lenzo dhe bashk\u00ebpuntorin e tij nga","robots":{"index":"index","follow":"follow","max-snippet":"max-snippet:-1","max-image-preview":"max-image-preview:large","max-video-preview":"max-video-preview:-1"},"canonical":"https:\/\/www.visit-ulcinj.com\/blog\/2012\/09\/27\/nazif-cungu-takon-perfaqesuesit-e-kompanis-italplast-nga-italia\/","og_locale":"en_US","og_type":"article","og_title":"Nazif Cungu takon p\u00ebrfaq\u00ebsuesit e kompanis ItalPlast nga Italia - Lajme nga Ulqini","og_description":"Kryetari i Komun\u00ebs s\u00eb Ulqinit z. Nazif Cungu u takua sot me p\u00ebrfaq\u00ebsuesit e kompanis\u00eb ItalPlast nga Italia, z. Antonio Lenzo dhe bashk\u00ebpuntorin e tij nga","og_url":"https:\/\/www.visit-ulcinj.com\/blog\/2012\/09\/27\/nazif-cungu-takon-perfaqesuesit-e-kompanis-italplast-nga-italia\/","og_site_name":"Lajme nga Ulqini","article_published_time":"2012-09-27T15:39:32+00:00","og_image":[{"url":"https:\/\/www.visit-ulcinj.com\/blog\/wp-content\/uploads\/2012\/09\/Nazif-Cungu_-ItalPlast_-Italia-150x150.jpg"}],"twitter_misc":{"Written by":"ulqini","Est. reading time":"2 minutes"},"schema":{"@context":"https:\/\/schema.org","@graph":[{"@type":"WebSite","@id":"https:\/\/www.visit-ulcinj.com\/blog\/#website","url":"https:\/\/www.visit-ulcinj.com\/blog\/","name":"Lajme nga Ulqini","description":"Lajme,Vijesti,Ulqini,Ulqin,Crna Gora,Mali i Zi","potentialAction":[{"@type":"SearchAction","target":{"@type":"EntryPoint","urlTemplate":"https:\/\/www.visit-ulcinj.com\/blog\/?s={search_term_string}"},"query-input":"required name=search_term_string"}],"inLanguage":"en-US"},{"@type":"ImageObject","inLanguage":"en-US","@id":"https:\/\/www.visit-ulcinj.com\/blog\/2012\/09\/27\/nazif-cungu-takon-perfaqesuesit-e-kompanis-italplast-nga-italia\/#primaryimage","url":"https:\/\/www.visit-ulcinj.com\/blog\/wp-content\/uploads\/2012\/09\/Nazif-Cungu_-ItalPlast_-Italia.jpg","contentUrl":"https:\/\/www.visit-ulcinj.com\/blog\/wp-content\/uploads\/2012\/09\/Nazif-Cungu_-ItalPlast_-Italia.jpg","width":"640","height":"424"},{"@type":"WebPage","@id":"https:\/\/www.visit-ulcinj.com\/blog\/2012\/09\/27\/nazif-cungu-takon-perfaqesuesit-e-kompanis-italplast-nga-italia\/#webpage","url":"https:\/\/www.visit-ulcinj.com\/blog\/2012\/09\/27\/nazif-cungu-takon-perfaqesuesit-e-kompanis-italplast-nga-italia\/","name":"Nazif Cungu takon p\u00ebrfaq\u00ebsuesit e kompanis ItalPlast nga Italia - Lajme nga Ulqini","isPartOf":{"@id":"https:\/\/www.visit-ulcinj.com\/blog\/#website"},"primaryImageOfPage":{"@id":"https:\/\/www.visit-ulcinj.com\/blog\/2012\/09\/27\/nazif-cungu-takon-perfaqesuesit-e-kompanis-italplast-nga-italia\/#primaryimage"},"datePublished":"2012-09-27T15:39:32+00:00","dateModified":"2012-09-27T15:39:32+00:00","author":{"@id":"https:\/\/www.visit-ulcinj.com\/blog\/#\/schema\/person\/dcab619c614d3038751c63bc2aadc06d"},"description":"Kryetari i Komun\u00ebs s\u00eb Ulqinit z. Nazif Cungu u takua sot me p\u00ebrfaq\u00ebsuesit e kompanis\u00eb ItalPlast nga Italia, z. Antonio Lenzo dhe bashk\u00ebpuntorin e tij nga","breadcrumb":{"@id":"https:\/\/www.visit-ulcinj.com\/blog\/2012\/09\/27\/nazif-cungu-takon-perfaqesuesit-e-kompanis-italplast-nga-italia\/#breadcrumb"},"inLanguage":"en-US","potentialAction":[{"@type":"ReadAction","target":["https:\/\/www.visit-ulcinj.com\/blog\/2012\/09\/27\/nazif-cungu-takon-perfaqesuesit-e-kompanis-italplast-nga-italia\/"]}]},{"@type":"BreadcrumbList","@id":"https:\/\/www.visit-ulcinj.com\/blog\/2012\/09\/27\/nazif-cungu-takon-perfaqesuesit-e-kompanis-italplast-nga-italia\/#breadcrumb","itemListElement":[{"@type":"ListItem","position":1,"name":"Nazif Cungu takon p\u00ebrfaq\u00ebsuesit e kompanis ItalPlast nga Italia"}]},{"@type":"Person","@id":"https:\/\/www.visit-ulcinj.com\/blog\/#\/schema\/person\/dcab619c614d3038751c63bc2aadc06d","name":"ulqini","sameAs":["http:\/\/www.visit-ulcinj.com"],"url":"https:\/\/www.visit-ulcinj.com\/blog\/author\/admin\/"}]}},"jetpack_featured_media_url":"","jetpack_sharing_enabled":true,"jetpack_shortlink":"https:\/\/wp.me\/pe6lTn-gEU","_links":{"self":[{"href":"https:\/\/www.visit-ulcinj.com\/blog\/wp-json\/wp\/v2\/posts\/64040"}],"collection":[{"href":"https:\/\/www.visit-ulcinj.com\/blog\/wp-json\/wp\/v2\/posts"}],"about":[{"href":"https:\/\/www.visit-ulcinj.com\/blog\/wp-json\/wp\/v2\/types\/post"}],"author":[{"embeddable":true,"href":"https:\/\/www.visit-ulcinj.com\/blog\/wp-json\/wp\/v2\/users\/1"}],"replies":[{"embeddable":true,"href":"https:\/\/www.visit-ulcinj.com\/blog\/wp-json\/wp\/v2\/comments?post=64040"}],"version-history":[{"count":1,"href":"https:\/\/www.visit-ulcinj.com\/blog\/wp-json\/wp\/v2\/posts\/64040\/revisions"}],"predecessor-version":[{"id":64045,"href":"https:\/\/www.visit-ulcinj.com\/blog\/wp-json\/wp\/v2\/posts\/64040\/revisions\/64045"}],"wp:attachment":[{"href":"https:\/\/www.visit-ulcinj.com\/blog\/wp-json\/wp\/v2\/media?parent=64040"}],"wp:term":[{"taxonomy":"category","embeddable":true,"href":"https:\/\/www.visit-ulcinj.com\/blog\/wp-json\/wp\/v2\/categories?post=64040"},{"taxonomy":"post_tag","embeddable":true,"href":"https:\/\/www.visit-ulcinj.com\/blog\/wp-json\/wp\/v2\/tags?post=64040"}],"curies":[{"name":"wp","href":"https:\/\/api.w.org\/{rel}","templated":true}]}}