{"id":6407,"date":"2008-11-20T15:05:17","date_gmt":"2008-11-20T20:05:17","guid":{"rendered":"http:\/\/www.visit-ulcinj.com\/blog\/?p=6407"},"modified":"2008-11-21T09:12:35","modified_gmt":"2008-11-21T14:12:35","slug":"edita-sopjani","status":"publish","type":"post","link":"https:\/\/www.visit-ulcinj.com\/blog\/2008\/11\/20\/edita-sopjani\/","title":{"rendered":"Edita Sopjani:\u2018Nuk m\u00eb meriton\u2019, k\u00ebng\u00eb dhe videoklip i ri"},"content":{"rendered":"<p><a href=\"http:\/\/www.visit-ulcinj.com\/blog\/wp-content\/uploads\/2008\/11\/edita-sopjani.jpg\"><img loading=\"lazy\" class=\"alignleft size-medium wp-image-6408\" title=\"edita-sopjani\" src=\"http:\/\/www.visit-ulcinj.com\/blog\/wp-content\/uploads\/2008\/11\/edita-sopjani-198x300.jpg\" alt=\"\" width=\"198\" height=\"300\" \/><\/a><strong>\u2018Nuk m\u00eb meriton\u2019, k\u00ebng\u00eb dhe videoklip i ri<br \/>\n\u201cK\u00ebng\u00ebn e kam p\u00ebrfunduar, tani pres q\u00eb t\u00eb nis edhe xhirimet e videoklipit dhe besoj se, p\u00ebr pak jav\u00eb, klipi do t\u00eb shfaqet n\u00eb televizionet tona\u201d, ka th\u00ebn\u00eb Edita<\/strong><br \/>\nK\u00ebng\u00ebtarja e re, Edita Sopjani, s\u00eb shpejti do t\u00eb paraqitet me projekte t\u00eb reja. Ajo thot\u00eb se ka koh\u00eb q\u00eb ka nisur pun\u00ebn p\u00ebr disa projekte t\u00eb reja, t\u00eb cilat do t\u2019i zbuloj me koh\u00eb nj\u00eb nga nj\u00eb. Shum\u00eb shpejt ajo do t\u00eb lansoj\u00eb k\u00ebng\u00ebn dhe videoklipin e saj m\u00eb t\u00eb ri, i cili quhet \u201cNuk m\u00eb meriton\u201d. Sipas Edit\u00ebs, kjo k\u00ebng\u00eb ka nj\u00eb tematik\u00eb dashurie dhe shpreson se do t\u00eb p\u00eblqehet n\u00eb publik. \u201cK\u00ebng\u00ebn e kam p\u00ebrfunduar, tani pres q\u00eb t\u00eb nisi edhe xhirimet e videoklipit dhe besoj se, p\u00ebr pak jav\u00eb, klipi do t\u00eb shfaqet n\u00eb televizionet tona. K\u00ebng\u00ebn e kam punuar brenda nj\u00eb muaji, besoj se do t\u2019u p\u00eblqej\u00eb t\u00eb gjith\u00ebve, sepse kemi b\u00ebr\u00eb nj\u00eb pun\u00eb t\u00eb madhe n\u00eb t\u00eb. Tematika e k\u00ebng\u00ebs ka t\u00eb b\u00ebj\u00eb me dashurin\u00eb dhe i p\u00ebrputhet jet\u00ebs n\u00eb dit\u00ebt e sotme\u201d, shprehet ajo p\u00ebr \u201cKosova Sot\u201d. N\u00eb k\u00ebt\u00eb k\u00ebng\u00eb, Edita ka bashk\u00ebpunuar me Valdet Sopjanin, i cili e ka b\u00ebr\u00eb tekstin dhe muzik\u00ebn, nd\u00ebrsa orkestrimin e ka b\u00ebr\u00eb Artan Rexhepi. Gjat\u00eb p\u00ebrgatitjes s\u00eb k\u00ebng\u00ebs, Edita thot\u00eb se nuk ka pasur aspak v\u00ebshtir\u00ebsi, meq\u00eb nuk \u00ebsht\u00eb hera e par\u00eb q\u00eb ajo punon me k\u00ebt\u00eb ekip. \u201cNuk kam pasur fare v\u00ebshtir\u00ebsi p\u00ebr ta p\u00ebrgatitur k\u00ebng\u00ebn, gjat\u00eb t\u00ebr\u00eb muajit kam pasur vet\u00ebm k\u00ebnaq\u00ebsi dhe vullnet\u201d, shton ajo. Videoklipin e k\u00ebng\u00ebs Edita do ta punoj\u00eb m\u00eb produksionin \u201cTomato\u201d nga Maqedonia. Arsyeja p\u00ebrse punon me k\u00ebt\u00eb produksion, thot\u00eb se jan\u00eb ekip mjaft i mir\u00eb dhe profesional, dhe sa her\u00eb punon me ta korr suksese. Edita, p\u00ebrve\u00e7 k\u00ebng\u00ebs dhe videoklipin, \u00ebsht\u00eb e angazhuar me xhirime, me t\u00eb cilat do t\u00eb paraqitet p\u00ebr festat e fundvitit. \u201cP\u00ebrve\u00e7 k\u00ebng\u00ebs dhe klipit, un\u00eb p\u00ebr Vitin e Ri do t\u00eb paraqitem dhe me nj\u00eb k\u00ebng\u00eb t\u00eb re dhe kam b\u00ebr\u00eb xhirime edhe p\u00ebr k\u00ebng\u00ebn \u201cMerri krejt\u201d, n\u00eb t\u00eb cil\u00ebn k\u00ebng\u00eb kam pasur shum\u00eb suksese\u201d, thekson ajo. P\u00ebrve\u00e7 k\u00ebng\u00ebs, Edita merret edhe me m\u00ebsime, tani \u00ebsht\u00eb maturante, n\u00eb p\u00ebrfundim t\u00eb shkoll\u00ebs s\u00eb mesme t\u00eb muzik\u00ebs \u201cPrenk Jakova\u201d n\u00eb Prishtin\u00eb. \u201cShpresoj q\u00eb t\u00eb vazhdoj studimet n\u00eb muzik\u00eb, \u00ebsht\u00eb profesioni q\u00eb e dua m\u00eb s\u00eb shumti, andaj nuk mund t\u00eb ndahem prej tij\u201d, thot\u00eb ajo. Koh\u00ebn e lir\u00eb e kalon duke ushtruar balet, \u00ebsht\u00eb hobi i saj. Shpreson q\u00eb n\u00eb t\u00eb ardhmen t\u00eb realizoj albumin e dyt\u00eb, n\u00eb t\u00eb cilin preferon t\u00eb punoj\u00eb m\u00eb ngadal\u00eb dhe m\u00eb mir\u00eb.<br \/>\n<strong>K. BAJRAMI<br \/>\nKosovaSot<\/strong><\/p>\n<!--YouTube Error: bad URL entered-->\n","protected":false},"excerpt":{"rendered":"<p>\u2018Nuk m\u00eb meriton\u2019, k\u00ebng\u00eb dhe videoklip i ri \u201cK\u00ebng\u00ebn e kam p\u00ebrfunduar, tani pres q\u00eb t\u00eb nis edhe xhirimet e videoklipit dhe besoj se, p\u00ebr pak jav\u00eb, klipi do t\u00eb shfaqet n\u00eb televizionet tona\u201d, ka th\u00ebn\u00eb Edita K\u00ebng\u00ebtarja e re, Edita Sopjani, s\u00eb shpejti do t\u00eb paraqitet me projekte t\u00eb reja. Ajo thot\u00eb se ka [&hellip;]<\/p>\n","protected":false},"author":1,"featured_media":0,"comment_status":"open","ping_status":"closed","sticky":false,"template":"","format":"standard","meta":{"spay_email":"","jetpack_publicize_message":"","jetpack_is_tweetstorm":false,"jetpack_publicize_feature_enabled":true},"categories":[1],"tags":[5104],"jetpack_publicize_connections":[],"yoast_head":"<!-- This site is optimized with the Yoast SEO plugin v19.1 - https:\/\/yoast.com\/wordpress\/plugins\/seo\/ -->\n<title>Edita Sopjani:\u2018Nuk m\u00eb meriton\u2019, k\u00ebng\u00eb dhe videoklip i ri - Lajme nga Ulqini<\/title>\n<meta name=\"description\" content=\"\u2018Nuk m\u00eb meriton\u2019, k\u00ebng\u00eb dhe videoklip i ri \u201cK\u00ebng\u00ebn e kam p\u00ebrfunduar, tani pres q\u00eb t\u00eb nis edhe xhirimet e videoklipit dhe besoj se, p\u00ebr pak jav\u00eb, klipi do\" \/>\n<meta name=\"robots\" content=\"index, follow, max-snippet:-1, max-image-preview:large, max-video-preview:-1\" \/>\n<link rel=\"canonical\" href=\"https:\/\/www.visit-ulcinj.com\/blog\/2008\/11\/20\/edita-sopjani\/\" \/>\n<meta property=\"og:locale\" content=\"en_US\" \/>\n<meta property=\"og:type\" content=\"article\" \/>\n<meta property=\"og:title\" content=\"Edita Sopjani:\u2018Nuk m\u00eb meriton\u2019, k\u00ebng\u00eb dhe videoklip i ri - Lajme nga Ulqini\" \/>\n<meta property=\"og:description\" content=\"\u2018Nuk m\u00eb meriton\u2019, k\u00ebng\u00eb dhe videoklip i ri \u201cK\u00ebng\u00ebn e kam p\u00ebrfunduar, tani pres q\u00eb t\u00eb nis edhe xhirimet e videoklipit dhe besoj se, p\u00ebr pak jav\u00eb, klipi do\" \/>\n<meta property=\"og:url\" content=\"https:\/\/www.visit-ulcinj.com\/blog\/2008\/11\/20\/edita-sopjani\/\" \/>\n<meta property=\"og:site_name\" content=\"Lajme nga Ulqini\" \/>\n<meta property=\"article:published_time\" content=\"2008-11-20T20:05:17+00:00\" \/>\n<meta property=\"article:modified_time\" content=\"2008-11-21T14:12:35+00:00\" \/>\n<meta property=\"og:image\" content=\"http:\/\/www.visit-ulcinj.com\/blog\/wp-content\/uploads\/2008\/11\/edita-sopjani-198x300.jpg\" \/>\n<meta name=\"twitter:label1\" content=\"Written by\" \/>\n\t<meta name=\"twitter:data1\" content=\"ulqini\" \/>\n\t<meta name=\"twitter:label2\" content=\"Est. reading time\" \/>\n\t<meta name=\"twitter:data2\" content=\"3 minutes\" \/>\n<script type=\"application\/ld+json\" class=\"yoast-schema-graph\">{\"@context\":\"https:\/\/schema.org\",\"@graph\":[{\"@type\":\"WebSite\",\"@id\":\"https:\/\/www.visit-ulcinj.com\/blog\/#website\",\"url\":\"https:\/\/www.visit-ulcinj.com\/blog\/\",\"name\":\"Lajme nga Ulqini\",\"description\":\"Lajme,Vijesti,Ulqini,Ulqin,Crna Gora,Mali i Zi\",\"potentialAction\":[{\"@type\":\"SearchAction\",\"target\":{\"@type\":\"EntryPoint\",\"urlTemplate\":\"https:\/\/www.visit-ulcinj.com\/blog\/?s={search_term_string}\"},\"query-input\":\"required name=search_term_string\"}],\"inLanguage\":\"en-US\"},{\"@type\":\"ImageObject\",\"inLanguage\":\"en-US\",\"@id\":\"https:\/\/www.visit-ulcinj.com\/blog\/2008\/11\/20\/edita-sopjani\/#primaryimage\",\"url\":\"http:\/\/www.visit-ulcinj.com\/blog\/wp-content\/uploads\/2008\/11\/edita-sopjani-198x300.jpg\",\"contentUrl\":\"http:\/\/www.visit-ulcinj.com\/blog\/wp-content\/uploads\/2008\/11\/edita-sopjani-198x300.jpg\"},{\"@type\":\"WebPage\",\"@id\":\"https:\/\/www.visit-ulcinj.com\/blog\/2008\/11\/20\/edita-sopjani\/#webpage\",\"url\":\"https:\/\/www.visit-ulcinj.com\/blog\/2008\/11\/20\/edita-sopjani\/\",\"name\":\"Edita Sopjani:\u2018Nuk m\u00eb meriton\u2019, k\u00ebng\u00eb dhe videoklip i ri - Lajme nga Ulqini\",\"isPartOf\":{\"@id\":\"https:\/\/www.visit-ulcinj.com\/blog\/#website\"},\"primaryImageOfPage\":{\"@id\":\"https:\/\/www.visit-ulcinj.com\/blog\/2008\/11\/20\/edita-sopjani\/#primaryimage\"},\"datePublished\":\"2008-11-20T20:05:17+00:00\",\"dateModified\":\"2008-11-21T14:12:35+00:00\",\"author\":{\"@id\":\"https:\/\/www.visit-ulcinj.com\/blog\/#\/schema\/person\/dcab619c614d3038751c63bc2aadc06d\"},\"description\":\"\u2018Nuk m\u00eb meriton\u2019, k\u00ebng\u00eb dhe videoklip i ri \u201cK\u00ebng\u00ebn e kam p\u00ebrfunduar, tani pres q\u00eb t\u00eb nis edhe xhirimet e videoklipit dhe besoj se, p\u00ebr pak jav\u00eb, klipi do\",\"breadcrumb\":{\"@id\":\"https:\/\/www.visit-ulcinj.com\/blog\/2008\/11\/20\/edita-sopjani\/#breadcrumb\"},\"inLanguage\":\"en-US\",\"potentialAction\":[{\"@type\":\"ReadAction\",\"target\":[\"https:\/\/www.visit-ulcinj.com\/blog\/2008\/11\/20\/edita-sopjani\/\"]}]},{\"@type\":\"BreadcrumbList\",\"@id\":\"https:\/\/www.visit-ulcinj.com\/blog\/2008\/11\/20\/edita-sopjani\/#breadcrumb\",\"itemListElement\":[{\"@type\":\"ListItem\",\"position\":1,\"name\":\"Edita Sopjani:\u2018Nuk m\u00eb meriton\u2019, k\u00ebng\u00eb dhe videoklip i ri\"}]},{\"@type\":\"Person\",\"@id\":\"https:\/\/www.visit-ulcinj.com\/blog\/#\/schema\/person\/dcab619c614d3038751c63bc2aadc06d\",\"name\":\"ulqini\",\"sameAs\":[\"http:\/\/www.visit-ulcinj.com\"],\"url\":\"https:\/\/www.visit-ulcinj.com\/blog\/author\/admin\/\"}]}<\/script>\n<!-- \/ Yoast SEO plugin. -->","yoast_head_json":{"title":"Edita Sopjani:\u2018Nuk m\u00eb meriton\u2019, k\u00ebng\u00eb dhe videoklip i ri - Lajme nga Ulqini","description":"\u2018Nuk m\u00eb meriton\u2019, k\u00ebng\u00eb dhe videoklip i ri \u201cK\u00ebng\u00ebn e kam p\u00ebrfunduar, tani pres q\u00eb t\u00eb nis edhe xhirimet e videoklipit dhe besoj se, p\u00ebr pak jav\u00eb, klipi do","robots":{"index":"index","follow":"follow","max-snippet":"max-snippet:-1","max-image-preview":"max-image-preview:large","max-video-preview":"max-video-preview:-1"},"canonical":"https:\/\/www.visit-ulcinj.com\/blog\/2008\/11\/20\/edita-sopjani\/","og_locale":"en_US","og_type":"article","og_title":"Edita Sopjani:\u2018Nuk m\u00eb meriton\u2019, k\u00ebng\u00eb dhe videoklip i ri - Lajme nga Ulqini","og_description":"\u2018Nuk m\u00eb meriton\u2019, k\u00ebng\u00eb dhe videoklip i ri \u201cK\u00ebng\u00ebn e kam p\u00ebrfunduar, tani pres q\u00eb t\u00eb nis edhe xhirimet e videoklipit dhe besoj se, p\u00ebr pak jav\u00eb, klipi do","og_url":"https:\/\/www.visit-ulcinj.com\/blog\/2008\/11\/20\/edita-sopjani\/","og_site_name":"Lajme nga Ulqini","article_published_time":"2008-11-20T20:05:17+00:00","article_modified_time":"2008-11-21T14:12:35+00:00","og_image":[{"url":"http:\/\/www.visit-ulcinj.com\/blog\/wp-content\/uploads\/2008\/11\/edita-sopjani-198x300.jpg"}],"twitter_misc":{"Written by":"ulqini","Est. reading time":"3 minutes"},"schema":{"@context":"https:\/\/schema.org","@graph":[{"@type":"WebSite","@id":"https:\/\/www.visit-ulcinj.com\/blog\/#website","url":"https:\/\/www.visit-ulcinj.com\/blog\/","name":"Lajme nga Ulqini","description":"Lajme,Vijesti,Ulqini,Ulqin,Crna Gora,Mali i Zi","potentialAction":[{"@type":"SearchAction","target":{"@type":"EntryPoint","urlTemplate":"https:\/\/www.visit-ulcinj.com\/blog\/?s={search_term_string}"},"query-input":"required name=search_term_string"}],"inLanguage":"en-US"},{"@type":"ImageObject","inLanguage":"en-US","@id":"https:\/\/www.visit-ulcinj.com\/blog\/2008\/11\/20\/edita-sopjani\/#primaryimage","url":"http:\/\/www.visit-ulcinj.com\/blog\/wp-content\/uploads\/2008\/11\/edita-sopjani-198x300.jpg","contentUrl":"http:\/\/www.visit-ulcinj.com\/blog\/wp-content\/uploads\/2008\/11\/edita-sopjani-198x300.jpg"},{"@type":"WebPage","@id":"https:\/\/www.visit-ulcinj.com\/blog\/2008\/11\/20\/edita-sopjani\/#webpage","url":"https:\/\/www.visit-ulcinj.com\/blog\/2008\/11\/20\/edita-sopjani\/","name":"Edita Sopjani:\u2018Nuk m\u00eb meriton\u2019, k\u00ebng\u00eb dhe videoklip i ri - Lajme nga Ulqini","isPartOf":{"@id":"https:\/\/www.visit-ulcinj.com\/blog\/#website"},"primaryImageOfPage":{"@id":"https:\/\/www.visit-ulcinj.com\/blog\/2008\/11\/20\/edita-sopjani\/#primaryimage"},"datePublished":"2008-11-20T20:05:17+00:00","dateModified":"2008-11-21T14:12:35+00:00","author":{"@id":"https:\/\/www.visit-ulcinj.com\/blog\/#\/schema\/person\/dcab619c614d3038751c63bc2aadc06d"},"description":"\u2018Nuk m\u00eb meriton\u2019, k\u00ebng\u00eb dhe videoklip i ri \u201cK\u00ebng\u00ebn e kam p\u00ebrfunduar, tani pres q\u00eb t\u00eb nis edhe xhirimet e videoklipit dhe besoj se, p\u00ebr pak jav\u00eb, klipi do","breadcrumb":{"@id":"https:\/\/www.visit-ulcinj.com\/blog\/2008\/11\/20\/edita-sopjani\/#breadcrumb"},"inLanguage":"en-US","potentialAction":[{"@type":"ReadAction","target":["https:\/\/www.visit-ulcinj.com\/blog\/2008\/11\/20\/edita-sopjani\/"]}]},{"@type":"BreadcrumbList","@id":"https:\/\/www.visit-ulcinj.com\/blog\/2008\/11\/20\/edita-sopjani\/#breadcrumb","itemListElement":[{"@type":"ListItem","position":1,"name":"Edita Sopjani:\u2018Nuk m\u00eb meriton\u2019, k\u00ebng\u00eb dhe videoklip i ri"}]},{"@type":"Person","@id":"https:\/\/www.visit-ulcinj.com\/blog\/#\/schema\/person\/dcab619c614d3038751c63bc2aadc06d","name":"ulqini","sameAs":["http:\/\/www.visit-ulcinj.com"],"url":"https:\/\/www.visit-ulcinj.com\/blog\/author\/admin\/"}]}},"jetpack_featured_media_url":"","jetpack_sharing_enabled":true,"jetpack_shortlink":"https:\/\/wp.me\/pe6lTn-1Fl","_links":{"self":[{"href":"https:\/\/www.visit-ulcinj.com\/blog\/wp-json\/wp\/v2\/posts\/6407"}],"collection":[{"href":"https:\/\/www.visit-ulcinj.com\/blog\/wp-json\/wp\/v2\/posts"}],"about":[{"href":"https:\/\/www.visit-ulcinj.com\/blog\/wp-json\/wp\/v2\/types\/post"}],"author":[{"embeddable":true,"href":"https:\/\/www.visit-ulcinj.com\/blog\/wp-json\/wp\/v2\/users\/1"}],"replies":[{"embeddable":true,"href":"https:\/\/www.visit-ulcinj.com\/blog\/wp-json\/wp\/v2\/comments?post=6407"}],"version-history":[{"count":0,"href":"https:\/\/www.visit-ulcinj.com\/blog\/wp-json\/wp\/v2\/posts\/6407\/revisions"}],"wp:attachment":[{"href":"https:\/\/www.visit-ulcinj.com\/blog\/wp-json\/wp\/v2\/media?parent=6407"}],"wp:term":[{"taxonomy":"category","embeddable":true,"href":"https:\/\/www.visit-ulcinj.com\/blog\/wp-json\/wp\/v2\/categories?post=6407"},{"taxonomy":"post_tag","embeddable":true,"href":"https:\/\/www.visit-ulcinj.com\/blog\/wp-json\/wp\/v2\/tags?post=6407"}],"curies":[{"name":"wp","href":"https:\/\/api.w.org\/{rel}","templated":true}]}}