{"id":64075,"date":"2012-09-28T17:33:36","date_gmt":"2012-09-28T16:33:36","guid":{"rendered":"http:\/\/www.visit-ulcinj.com\/blog\/?p=64075"},"modified":"2012-10-03T17:22:06","modified_gmt":"2012-10-03T16:22:06","slug":"ponuda-crne-gore-na-sajmu-turizma-u-novom-sadu","status":"publish","type":"post","link":"https:\/\/www.visit-ulcinj.com\/blog\/2012\/09\/28\/ponuda-crne-gore-na-sajmu-turizma-u-novom-sadu\/","title":{"rendered":"Ponuda Crne Gore na Sajmu turizma u Novom Sadu"},"content":{"rendered":"<p><a href=\"http:\/\/www.visit-ulcinj.com\/blog\/wp-content\/uploads\/2012\/09\/Ponuda-Crne-Gore-na-Sajmu-turizma-u-Novom-Sadu.jpg\"><img loading=\"lazy\" class=\"alignleft  wp-image-64077\" title=\"Ponuda Crne Gore na Sajmu turizma u Novom Sadu\" src=\"http:\/\/www.visit-ulcinj.com\/blog\/wp-content\/uploads\/2012\/09\/Ponuda-Crne-Gore-na-Sajmu-turizma-u-Novom-Sadu-1024x635.jpg\" alt=\"\" width=\"508\" height=\"360\" \/><\/a>Lokalne turisti\u010dke organizacije Bara, Bijelog Polja, Budve, Danilovgrada, Kotora, Mojkovca, Plu\u017eina, Pljevalja, Tivta, Ulcinja i Herceg Novog, zajedno sa HG \u201eBudvanska rivijera\u201c i avio kompanijom \u201eMontenegro airlines\u201c a uz podr\u0161ku predstavni\u0161tva Nacionalne turisti\u010dke organizacije Crne Gore u Srbiji predstavljaju turisti\u010dku ponudu Crne Gore na sajmu turizma koji se odr\u017eava od 27. do 30. septembra u Novom Sadu.<\/p>\n<p>Na centralnom \u0161tandu u hali Master centra objedinjena je ponuda svih segmenata turisti\u010dke ponude Crne Gore, primorskog, kontinentalnog i sjevernog dijela zemlje, hotelijera, agencija i programima manifestacija.<\/p>\n<p>\u0160tand Crne Gore je prva dva dana sajma izazvao veliko interesovanje partnera u turisti\u010dkom biznisu ali i medija koji su informisani o aktuelnoj turisti\u010dkoj ponudi Crne Gore sa posebnim akcentom na postsezonu, segmentu MICE tr\u017ei\u0161ta (kongresi, seminari, doga\u0111aji, incentiv programi), ponudi hotelijera i agencija za predstoje\u0107i period i ponudi za zimsku i ljetnju turisti\u010dku sezonu 2013. godine.<\/p>\n<p>Direktor Predstavni\u0161tva Nacionalne turisti\u010dke organizacije Crne Gore u Srbiji, Jelena Paovi\u0107 imala je niz susreta sa partnerima iz Srbije i dala izjave za nekoliko tamo\u0161njih medija.<\/p>\n<p>U okviru programa, prvog dana sajma HG \u201eBudvanska rivijera\u201c uru\u010dena je \u201eZlatna plaketa\u201c za kvalitet i doprinos razvoju turizma, dok je hotel \u201cPodgorica\u201d osvojio dvije nagrade, Pehar u kategorijii najbolji srednji &#8211; veliki hotel, i Zlatnu medalju za gastronomsku ponudu.<\/p>\n<p>Turisti\u010dkoj agenciji \u201eCongress travel\u201c-u je dodjeljenja plaketa za kvalitet posredni\u010dkih usluga.<\/p>\n<p>Kao potvrdu za kvalitetan rad i doprinos u turizmu, Turisti\u010dka organizacija Budve je dobila dvije nagrade, \u201eZlatnu medalju\u201c za organizaciju manifestacije povodom Dana drzavnosti a ujedno i dana Turisti\u010dke organizacije Budve, 13. jula 2012, kao i \u201eZlatnu povelju\u201c za kvalitet promotivnih aktivnosti.<\/p>\n<p>Turisti\u010dka organizacija Plu\u017eina je tako\u0111e dobitnik dvije nagrade, jednu za organizaciju manifestacije \u201eRegata 2012\u201c, dok \u0107e im nagrada \u201cTuristi\u010dka prizma\u201d biti dodijeljena danas.<\/p>\n<p>Turisti\u010dka ponuda planinskog dijela Crne Gore je zna\u010dajno atraktivnija tr\u017ei\u0161tu Srbije u odnosu na prethodne godine, s obzirom da je i op\u0161tina Mojkovac dobila nagradu za unapre\u0111enje kvaliteta ponude.<\/p>\n<p>Na sajmu ove godine u\u010destvuje oko 150 izlaga\u010da iz sedam zemalja.<\/p>\n<p><strong>Montenegro.travel<\/strong><\/p>\n<!--YouTube Error: bad URL entered-->\n<p><strong><br \/>\n<\/strong><\/p>\n","protected":false},"excerpt":{"rendered":"<p>Lokalne turisti\u010dke organizacije Bara, Bijelog Polja, Budve, Danilovgrada, Kotora, Mojkovca, Plu\u017eina, Pljevalja, Tivta, Ulcinja i Herceg Novog, zajedno sa HG \u201eBudvanska rivijera\u201c i avio kompanijom \u201eMontenegro airlines\u201c a uz podr\u0161ku predstavni\u0161tva Nacionalne turisti\u010dke organizacije Crne Gore u Srbiji predstavljaju turisti\u010dku ponudu Crne Gore na sajmu turizma koji se odr\u017eava od 27. do 30. septembra u [&hellip;]<\/p>\n","protected":false},"author":1,"featured_media":0,"comment_status":"open","ping_status":"closed","sticky":false,"template":"","format":"standard","meta":{"spay_email":"","jetpack_publicize_message":"","jetpack_is_tweetstorm":false,"jetpack_publicize_feature_enabled":true},"categories":[8337],"tags":[21144],"jetpack_publicize_connections":[],"yoast_head":"<!-- This site is optimized with the Yoast SEO plugin v19.1 - https:\/\/yoast.com\/wordpress\/plugins\/seo\/ -->\n<title>Ponuda Crne Gore na Sajmu turizma u Novom Sadu - Lajme nga Ulqini<\/title>\n<meta name=\"description\" content=\"Lokalne turisti\u010dke organizacije Bara, Bijelog Polja, Budve, Danilovgrada, Kotora, Mojkovca, Plu\u017eina, Pljevalja, Tivta, Ulcinja i Herceg Novog, zajedno sa\" \/>\n<meta name=\"robots\" content=\"index, follow, max-snippet:-1, max-image-preview:large, max-video-preview:-1\" \/>\n<link rel=\"canonical\" href=\"https:\/\/www.visit-ulcinj.com\/blog\/2012\/09\/28\/ponuda-crne-gore-na-sajmu-turizma-u-novom-sadu\/\" \/>\n<meta property=\"og:locale\" content=\"en_US\" \/>\n<meta property=\"og:type\" content=\"article\" \/>\n<meta property=\"og:title\" content=\"Ponuda Crne Gore na Sajmu turizma u Novom Sadu - Lajme nga Ulqini\" \/>\n<meta property=\"og:description\" content=\"Lokalne turisti\u010dke organizacije Bara, Bijelog Polja, Budve, Danilovgrada, Kotora, Mojkovca, Plu\u017eina, Pljevalja, Tivta, Ulcinja i Herceg Novog, zajedno sa\" \/>\n<meta property=\"og:url\" content=\"https:\/\/www.visit-ulcinj.com\/blog\/2012\/09\/28\/ponuda-crne-gore-na-sajmu-turizma-u-novom-sadu\/\" \/>\n<meta property=\"og:site_name\" content=\"Lajme nga Ulqini\" \/>\n<meta property=\"article:published_time\" content=\"2012-09-28T16:33:36+00:00\" \/>\n<meta property=\"article:modified_time\" content=\"2012-10-03T16:22:06+00:00\" \/>\n<meta property=\"og:image\" content=\"http:\/\/www.visit-ulcinj.com\/blog\/wp-content\/uploads\/2012\/09\/Ponuda-Crne-Gore-na-Sajmu-turizma-u-Novom-Sadu-1024x635.jpg\" \/>\n<meta name=\"twitter:label1\" content=\"Written by\" \/>\n\t<meta name=\"twitter:data1\" content=\"ulqini\" \/>\n\t<meta name=\"twitter:label2\" content=\"Est. reading time\" \/>\n\t<meta name=\"twitter:data2\" content=\"2 minutes\" \/>\n<script type=\"application\/ld+json\" class=\"yoast-schema-graph\">{\"@context\":\"https:\/\/schema.org\",\"@graph\":[{\"@type\":\"WebSite\",\"@id\":\"https:\/\/www.visit-ulcinj.com\/blog\/#website\",\"url\":\"https:\/\/www.visit-ulcinj.com\/blog\/\",\"name\":\"Lajme nga Ulqini\",\"description\":\"Lajme,Vijesti,Ulqini,Ulqin,Crna Gora,Mali i Zi\",\"potentialAction\":[{\"@type\":\"SearchAction\",\"target\":{\"@type\":\"EntryPoint\",\"urlTemplate\":\"https:\/\/www.visit-ulcinj.com\/blog\/?s={search_term_string}\"},\"query-input\":\"required name=search_term_string\"}],\"inLanguage\":\"en-US\"},{\"@type\":\"ImageObject\",\"inLanguage\":\"en-US\",\"@id\":\"https:\/\/www.visit-ulcinj.com\/blog\/2012\/09\/28\/ponuda-crne-gore-na-sajmu-turizma-u-novom-sadu\/#primaryimage\",\"url\":\"https:\/\/www.visit-ulcinj.com\/blog\/wp-content\/uploads\/2012\/09\/Ponuda-Crne-Gore-na-Sajmu-turizma-u-Novom-Sadu.jpg\",\"contentUrl\":\"https:\/\/www.visit-ulcinj.com\/blog\/wp-content\/uploads\/2012\/09\/Ponuda-Crne-Gore-na-Sajmu-turizma-u-Novom-Sadu.jpg\",\"width\":\"1280\",\"height\":\"794\"},{\"@type\":\"WebPage\",\"@id\":\"https:\/\/www.visit-ulcinj.com\/blog\/2012\/09\/28\/ponuda-crne-gore-na-sajmu-turizma-u-novom-sadu\/#webpage\",\"url\":\"https:\/\/www.visit-ulcinj.com\/blog\/2012\/09\/28\/ponuda-crne-gore-na-sajmu-turizma-u-novom-sadu\/\",\"name\":\"Ponuda Crne Gore na Sajmu turizma u Novom Sadu - Lajme nga Ulqini\",\"isPartOf\":{\"@id\":\"https:\/\/www.visit-ulcinj.com\/blog\/#website\"},\"primaryImageOfPage\":{\"@id\":\"https:\/\/www.visit-ulcinj.com\/blog\/2012\/09\/28\/ponuda-crne-gore-na-sajmu-turizma-u-novom-sadu\/#primaryimage\"},\"datePublished\":\"2012-09-28T16:33:36+00:00\",\"dateModified\":\"2012-10-03T16:22:06+00:00\",\"author\":{\"@id\":\"https:\/\/www.visit-ulcinj.com\/blog\/#\/schema\/person\/dcab619c614d3038751c63bc2aadc06d\"},\"description\":\"Lokalne turisti\u010dke organizacije Bara, Bijelog Polja, Budve, Danilovgrada, Kotora, Mojkovca, Plu\u017eina, Pljevalja, Tivta, Ulcinja i Herceg Novog, zajedno sa\",\"breadcrumb\":{\"@id\":\"https:\/\/www.visit-ulcinj.com\/blog\/2012\/09\/28\/ponuda-crne-gore-na-sajmu-turizma-u-novom-sadu\/#breadcrumb\"},\"inLanguage\":\"en-US\",\"potentialAction\":[{\"@type\":\"ReadAction\",\"target\":[\"https:\/\/www.visit-ulcinj.com\/blog\/2012\/09\/28\/ponuda-crne-gore-na-sajmu-turizma-u-novom-sadu\/\"]}]},{\"@type\":\"BreadcrumbList\",\"@id\":\"https:\/\/www.visit-ulcinj.com\/blog\/2012\/09\/28\/ponuda-crne-gore-na-sajmu-turizma-u-novom-sadu\/#breadcrumb\",\"itemListElement\":[{\"@type\":\"ListItem\",\"position\":1,\"name\":\"Ponuda Crne Gore na Sajmu turizma u Novom Sadu\"}]},{\"@type\":\"Person\",\"@id\":\"https:\/\/www.visit-ulcinj.com\/blog\/#\/schema\/person\/dcab619c614d3038751c63bc2aadc06d\",\"name\":\"ulqini\",\"sameAs\":[\"http:\/\/www.visit-ulcinj.com\"],\"url\":\"https:\/\/www.visit-ulcinj.com\/blog\/author\/admin\/\"}]}<\/script>\n<!-- \/ Yoast SEO plugin. -->","yoast_head_json":{"title":"Ponuda Crne Gore na Sajmu turizma u Novom Sadu - Lajme nga Ulqini","description":"Lokalne turisti\u010dke organizacije Bara, Bijelog Polja, Budve, Danilovgrada, Kotora, Mojkovca, Plu\u017eina, Pljevalja, Tivta, Ulcinja i Herceg Novog, zajedno sa","robots":{"index":"index","follow":"follow","max-snippet":"max-snippet:-1","max-image-preview":"max-image-preview:large","max-video-preview":"max-video-preview:-1"},"canonical":"https:\/\/www.visit-ulcinj.com\/blog\/2012\/09\/28\/ponuda-crne-gore-na-sajmu-turizma-u-novom-sadu\/","og_locale":"en_US","og_type":"article","og_title":"Ponuda Crne Gore na Sajmu turizma u Novom Sadu - Lajme nga Ulqini","og_description":"Lokalne turisti\u010dke organizacije Bara, Bijelog Polja, Budve, Danilovgrada, Kotora, Mojkovca, Plu\u017eina, Pljevalja, Tivta, Ulcinja i Herceg Novog, zajedno sa","og_url":"https:\/\/www.visit-ulcinj.com\/blog\/2012\/09\/28\/ponuda-crne-gore-na-sajmu-turizma-u-novom-sadu\/","og_site_name":"Lajme nga Ulqini","article_published_time":"2012-09-28T16:33:36+00:00","article_modified_time":"2012-10-03T16:22:06+00:00","og_image":[{"url":"http:\/\/www.visit-ulcinj.com\/blog\/wp-content\/uploads\/2012\/09\/Ponuda-Crne-Gore-na-Sajmu-turizma-u-Novom-Sadu-1024x635.jpg"}],"twitter_misc":{"Written by":"ulqini","Est. reading time":"2 minutes"},"schema":{"@context":"https:\/\/schema.org","@graph":[{"@type":"WebSite","@id":"https:\/\/www.visit-ulcinj.com\/blog\/#website","url":"https:\/\/www.visit-ulcinj.com\/blog\/","name":"Lajme nga Ulqini","description":"Lajme,Vijesti,Ulqini,Ulqin,Crna Gora,Mali i Zi","potentialAction":[{"@type":"SearchAction","target":{"@type":"EntryPoint","urlTemplate":"https:\/\/www.visit-ulcinj.com\/blog\/?s={search_term_string}"},"query-input":"required name=search_term_string"}],"inLanguage":"en-US"},{"@type":"ImageObject","inLanguage":"en-US","@id":"https:\/\/www.visit-ulcinj.com\/blog\/2012\/09\/28\/ponuda-crne-gore-na-sajmu-turizma-u-novom-sadu\/#primaryimage","url":"https:\/\/www.visit-ulcinj.com\/blog\/wp-content\/uploads\/2012\/09\/Ponuda-Crne-Gore-na-Sajmu-turizma-u-Novom-Sadu.jpg","contentUrl":"https:\/\/www.visit-ulcinj.com\/blog\/wp-content\/uploads\/2012\/09\/Ponuda-Crne-Gore-na-Sajmu-turizma-u-Novom-Sadu.jpg","width":"1280","height":"794"},{"@type":"WebPage","@id":"https:\/\/www.visit-ulcinj.com\/blog\/2012\/09\/28\/ponuda-crne-gore-na-sajmu-turizma-u-novom-sadu\/#webpage","url":"https:\/\/www.visit-ulcinj.com\/blog\/2012\/09\/28\/ponuda-crne-gore-na-sajmu-turizma-u-novom-sadu\/","name":"Ponuda Crne Gore na Sajmu turizma u Novom Sadu - Lajme nga Ulqini","isPartOf":{"@id":"https:\/\/www.visit-ulcinj.com\/blog\/#website"},"primaryImageOfPage":{"@id":"https:\/\/www.visit-ulcinj.com\/blog\/2012\/09\/28\/ponuda-crne-gore-na-sajmu-turizma-u-novom-sadu\/#primaryimage"},"datePublished":"2012-09-28T16:33:36+00:00","dateModified":"2012-10-03T16:22:06+00:00","author":{"@id":"https:\/\/www.visit-ulcinj.com\/blog\/#\/schema\/person\/dcab619c614d3038751c63bc2aadc06d"},"description":"Lokalne turisti\u010dke organizacije Bara, Bijelog Polja, Budve, Danilovgrada, Kotora, Mojkovca, Plu\u017eina, Pljevalja, Tivta, Ulcinja i Herceg Novog, zajedno sa","breadcrumb":{"@id":"https:\/\/www.visit-ulcinj.com\/blog\/2012\/09\/28\/ponuda-crne-gore-na-sajmu-turizma-u-novom-sadu\/#breadcrumb"},"inLanguage":"en-US","potentialAction":[{"@type":"ReadAction","target":["https:\/\/www.visit-ulcinj.com\/blog\/2012\/09\/28\/ponuda-crne-gore-na-sajmu-turizma-u-novom-sadu\/"]}]},{"@type":"BreadcrumbList","@id":"https:\/\/www.visit-ulcinj.com\/blog\/2012\/09\/28\/ponuda-crne-gore-na-sajmu-turizma-u-novom-sadu\/#breadcrumb","itemListElement":[{"@type":"ListItem","position":1,"name":"Ponuda Crne Gore na Sajmu turizma u Novom Sadu"}]},{"@type":"Person","@id":"https:\/\/www.visit-ulcinj.com\/blog\/#\/schema\/person\/dcab619c614d3038751c63bc2aadc06d","name":"ulqini","sameAs":["http:\/\/www.visit-ulcinj.com"],"url":"https:\/\/www.visit-ulcinj.com\/blog\/author\/admin\/"}]}},"jetpack_featured_media_url":"","jetpack_sharing_enabled":true,"jetpack_shortlink":"https:\/\/wp.me\/pe6lTn-gFt","_links":{"self":[{"href":"https:\/\/www.visit-ulcinj.com\/blog\/wp-json\/wp\/v2\/posts\/64075"}],"collection":[{"href":"https:\/\/www.visit-ulcinj.com\/blog\/wp-json\/wp\/v2\/posts"}],"about":[{"href":"https:\/\/www.visit-ulcinj.com\/blog\/wp-json\/wp\/v2\/types\/post"}],"author":[{"embeddable":true,"href":"https:\/\/www.visit-ulcinj.com\/blog\/wp-json\/wp\/v2\/users\/1"}],"replies":[{"embeddable":true,"href":"https:\/\/www.visit-ulcinj.com\/blog\/wp-json\/wp\/v2\/comments?post=64075"}],"version-history":[{"count":4,"href":"https:\/\/www.visit-ulcinj.com\/blog\/wp-json\/wp\/v2\/posts\/64075\/revisions"}],"predecessor-version":[{"id":64247,"href":"https:\/\/www.visit-ulcinj.com\/blog\/wp-json\/wp\/v2\/posts\/64075\/revisions\/64247"}],"wp:attachment":[{"href":"https:\/\/www.visit-ulcinj.com\/blog\/wp-json\/wp\/v2\/media?parent=64075"}],"wp:term":[{"taxonomy":"category","embeddable":true,"href":"https:\/\/www.visit-ulcinj.com\/blog\/wp-json\/wp\/v2\/categories?post=64075"},{"taxonomy":"post_tag","embeddable":true,"href":"https:\/\/www.visit-ulcinj.com\/blog\/wp-json\/wp\/v2\/tags?post=64075"}],"curies":[{"name":"wp","href":"https:\/\/api.w.org\/{rel}","templated":true}]}}