{"id":641,"date":"2008-02-25T13:30:34","date_gmt":"2008-02-25T18:30:34","guid":{"rendered":"http:\/\/www.visit-ulcinj.com\/blog\/2008\/02\/25\/bashkimi-demokratik-i-shqiptareve-ne-mal-te-zi-pergezon-popullin-e-kosoves-me-rastin-e-shpalljes-se-pavaresise\/"},"modified":"2008-02-26T11:44:46","modified_gmt":"2008-02-26T16:44:46","slug":"bashkimi-demokratik-i-shqiptareve-ne-mal-te-zi-pergezon-popullin-e-kosoves-me-rastin-e-shpalljes-se-pavaresise","status":"publish","type":"post","link":"https:\/\/www.visit-ulcinj.com\/blog\/2008\/02\/25\/bashkimi-demokratik-i-shqiptareve-ne-mal-te-zi-pergezon-popullin-e-kosoves-me-rastin-e-shpalljes-se-pavaresise\/","title":{"rendered":"Bashkimi Demokratik i Shqiptar\u00ebve n\u00eb Mal t\u00eb Zi p\u00ebrg\u00ebzon popullin e Kosov\u00ebs me rastin e shpalljes s\u00eb pavar\u00ebsis\u00eb"},"content":{"rendered":"<p><a href=\"http:\/\/www.visit-ulcinj.com\/blog\/wp-content\/uploads\/2008\/02\/koalicionishqiptar-2.jpg\" rel=\"lightbox[pics-1203963790]\" title=\"Bashkimi Demokratik i Shqiptar\u00ebve n\u00eb Mal t\u00eb Zi\"><img loading=\"lazy\" src=\"http:\/\/www.visit-ulcinj.com\/blog\/wp-content\/uploads\/2008\/02\/koalicionishqiptar-2.jpg\" alt=\"Bashkimi Demokratik i Shqiptar\u00ebve n\u00eb Mal t\u00eb Zi\" align=\"left\" height=\"97\" width=\"99\" \/><\/a><strong>U korrigjua padrejt\u00ebsia historike<\/strong><br \/>\nUlqin &#8211; Bashkimi Demokratik i Shqiptar\u00ebve n\u00eb Mal t\u00eb Zi e ka uruar popullin e Kosov\u00ebs me rastin e shpalljes s\u00eb aktit historik t\u00eb Deklarat\u00ebs p\u00ebr Pavar\u00ebsin\u00eb e Kosov\u00ebs si shtet i pavarur dhe sovran.<br \/>\nBDSH vler\u00ebson se pavar\u00ebsia e shtetit t\u00eb Kosov\u00ebs u lind nga rrug\u00ebtimi i st\u00ebrmundimsh\u00ebm i popullit shqiptar t\u00eb Kosov\u00ebs rreth nj\u00eb shekulli, duke u p\u00ebrballur me sfidat m\u00eb \u00e7njer\u00ebzore e gjenocidale t\u00eb llojit bizantin nga regjimi serb.<br \/>\n&#8220;Pavar\u00ebsia e Kosov\u00ebs \u00ebsht\u00eb akt historik i popullit t\u00eb Kosov\u00ebs dhe mbar\u00eb shqiptar\u00ebve kudo q\u00eb jan\u00eb si dhe rrezaton majat m\u00eb t\u00eb larta t\u00eb historis\u00eb son\u00eb komb\u00ebtare. Padrejt\u00ebsia historike q\u00eb iu b\u00eb popullit shqiptar n\u00eb fillim t\u00eb shekullit q\u00eb shkoi \u00ebsht\u00eb nd\u00ebr precedent\u00ebt e diplomacis\u00eb europiane, dhe pik\u00ebrisht m\u00eb 17 shkurt 2008, u korrigjua kjo padrejt\u00ebsi historike, q\u00eb sido kudo merr nj\u00eb udh\u00eb t\u00eb mbar\u00eb n\u00eb zgjidhjen e p\u00ebrgjithshme t\u00eb \u00e7\u00ebshtjes komb\u00ebtare shqiptare. \u00c7do shqiptar n\u00eb bot\u00eb me g\u00ebzim dhe krenari t\u00eb ligjshme uron pavar\u00ebsin\u00eb e Kosov\u00ebs si shtet demokratik dhe i barabart\u00eb p\u00ebr t\u00eb gjith\u00eb qytetar\u00ebt e saj&#8221;, thuhet n\u00eb deklarat\u00ebn p\u00ebr shtyp t\u00eb BDSH n\u00eb MZ t\u00eb n\u00ebnshkruar nga kryetari i saj, Ali Doda.<br \/>\nKjo parti u ka d\u00ebrguar me k\u00ebt\u00eb rast telegrame urimi drejtuesve m\u00eb t\u00eb lart\u00eb t\u00eb Kosov\u00ebs, Presidentit Fatmir Sejdiu, kryetarit t\u00eb Kuvendit, Jakup Krasniqi, dhe kryeministrit Hashim Tha\u00e7i.<\/p>\n<p>(Kohapress)<\/p>\n","protected":false},"excerpt":{"rendered":"<p><img loading=\"lazy\" src=\"http:\/\/www.visit-ulcinj.com\/blog\/wp-content\/uploads\/2008\/02\/koalicionishqiptar-2.jpg\" alt=\"Bashkimi Demokratik i Shqiptar\u00ebve n\u00eb Mal t\u00eb Zi\" align=\"left\" height=\"140\" width=\"140\" \/><\/a><\/p>\n","protected":false},"author":1,"featured_media":0,"comment_status":"open","ping_status":"closed","sticky":false,"template":"","format":"standard","meta":{"spay_email":"","jetpack_publicize_message":"","jetpack_is_tweetstorm":false,"jetpack_publicize_feature_enabled":true},"categories":[6],"tags":[1888,1886,1887,1320,60,325,1891,1889,792,1912,200],"jetpack_publicize_connections":[],"yoast_head":"<!-- This site is optimized with the Yoast SEO plugin v19.1 - https:\/\/yoast.com\/wordpress\/plugins\/seo\/ -->\n<title>Bashkimi Demokratik i Shqiptar\u00ebve n\u00eb Mal t\u00eb Zi p\u00ebrg\u00ebzon popullin e Kosov\u00ebs me rastin e shpalljes s\u00eb pavar\u00ebsis\u00eb - Lajme nga Ulqini<\/title>\n<meta name=\"robots\" content=\"index, follow, max-snippet:-1, max-image-preview:large, max-video-preview:-1\" \/>\n<link rel=\"canonical\" href=\"https:\/\/www.visit-ulcinj.com\/blog\/2008\/02\/25\/bashkimi-demokratik-i-shqiptareve-ne-mal-te-zi-pergezon-popullin-e-kosoves-me-rastin-e-shpalljes-se-pavaresise\/\" \/>\n<meta property=\"og:locale\" content=\"en_US\" \/>\n<meta property=\"og:type\" content=\"article\" \/>\n<meta property=\"og:title\" content=\"Bashkimi Demokratik i Shqiptar\u00ebve n\u00eb Mal t\u00eb Zi p\u00ebrg\u00ebzon popullin e Kosov\u00ebs me rastin e shpalljes s\u00eb pavar\u00ebsis\u00eb - Lajme nga Ulqini\" \/>\n<meta property=\"og:url\" content=\"https:\/\/www.visit-ulcinj.com\/blog\/2008\/02\/25\/bashkimi-demokratik-i-shqiptareve-ne-mal-te-zi-pergezon-popullin-e-kosoves-me-rastin-e-shpalljes-se-pavaresise\/\" \/>\n<meta property=\"og:site_name\" content=\"Lajme nga Ulqini\" \/>\n<meta property=\"article:published_time\" content=\"2008-02-25T18:30:34+00:00\" \/>\n<meta property=\"article:modified_time\" content=\"2008-02-26T16:44:46+00:00\" \/>\n<meta property=\"og:image\" content=\"http:\/\/www.visit-ulcinj.com\/blog\/wp-content\/uploads\/2008\/02\/koalicionishqiptar-2.jpg\" \/>\n<meta name=\"twitter:label1\" content=\"Written by\" \/>\n\t<meta name=\"twitter:data1\" content=\"ulqini\" \/>\n\t<meta name=\"twitter:label2\" content=\"Est. reading time\" \/>\n\t<meta name=\"twitter:data2\" content=\"1 minute\" \/>\n<script type=\"application\/ld+json\" class=\"yoast-schema-graph\">{\"@context\":\"https:\/\/schema.org\",\"@graph\":[{\"@type\":\"WebSite\",\"@id\":\"https:\/\/www.visit-ulcinj.com\/blog\/#website\",\"url\":\"https:\/\/www.visit-ulcinj.com\/blog\/\",\"name\":\"Lajme nga Ulqini\",\"description\":\"Lajme,Vijesti,Ulqini,Ulqin,Crna Gora,Mali i Zi\",\"potentialAction\":[{\"@type\":\"SearchAction\",\"target\":{\"@type\":\"EntryPoint\",\"urlTemplate\":\"https:\/\/www.visit-ulcinj.com\/blog\/?s={search_term_string}\"},\"query-input\":\"required name=search_term_string\"}],\"inLanguage\":\"en-US\"},{\"@type\":\"ImageObject\",\"inLanguage\":\"en-US\",\"@id\":\"https:\/\/www.visit-ulcinj.com\/blog\/2008\/02\/25\/bashkimi-demokratik-i-shqiptareve-ne-mal-te-zi-pergezon-popullin-e-kosoves-me-rastin-e-shpalljes-se-pavaresise\/#primaryimage\",\"url\":\"http:\/\/www.visit-ulcinj.com\/blog\/wp-content\/uploads\/2008\/02\/koalicionishqiptar-2.jpg\",\"contentUrl\":\"http:\/\/www.visit-ulcinj.com\/blog\/wp-content\/uploads\/2008\/02\/koalicionishqiptar-2.jpg\"},{\"@type\":\"WebPage\",\"@id\":\"https:\/\/www.visit-ulcinj.com\/blog\/2008\/02\/25\/bashkimi-demokratik-i-shqiptareve-ne-mal-te-zi-pergezon-popullin-e-kosoves-me-rastin-e-shpalljes-se-pavaresise\/#webpage\",\"url\":\"https:\/\/www.visit-ulcinj.com\/blog\/2008\/02\/25\/bashkimi-demokratik-i-shqiptareve-ne-mal-te-zi-pergezon-popullin-e-kosoves-me-rastin-e-shpalljes-se-pavaresise\/\",\"name\":\"Bashkimi Demokratik i Shqiptar\u00ebve n\u00eb Mal t\u00eb Zi p\u00ebrg\u00ebzon popullin e Kosov\u00ebs me rastin e shpalljes s\u00eb pavar\u00ebsis\u00eb - Lajme nga Ulqini\",\"isPartOf\":{\"@id\":\"https:\/\/www.visit-ulcinj.com\/blog\/#website\"},\"primaryImageOfPage\":{\"@id\":\"https:\/\/www.visit-ulcinj.com\/blog\/2008\/02\/25\/bashkimi-demokratik-i-shqiptareve-ne-mal-te-zi-pergezon-popullin-e-kosoves-me-rastin-e-shpalljes-se-pavaresise\/#primaryimage\"},\"datePublished\":\"2008-02-25T18:30:34+00:00\",\"dateModified\":\"2008-02-26T16:44:46+00:00\",\"author\":{\"@id\":\"https:\/\/www.visit-ulcinj.com\/blog\/#\/schema\/person\/dcab619c614d3038751c63bc2aadc06d\"},\"breadcrumb\":{\"@id\":\"https:\/\/www.visit-ulcinj.com\/blog\/2008\/02\/25\/bashkimi-demokratik-i-shqiptareve-ne-mal-te-zi-pergezon-popullin-e-kosoves-me-rastin-e-shpalljes-se-pavaresise\/#breadcrumb\"},\"inLanguage\":\"en-US\",\"potentialAction\":[{\"@type\":\"ReadAction\",\"target\":[\"https:\/\/www.visit-ulcinj.com\/blog\/2008\/02\/25\/bashkimi-demokratik-i-shqiptareve-ne-mal-te-zi-pergezon-popullin-e-kosoves-me-rastin-e-shpalljes-se-pavaresise\/\"]}]},{\"@type\":\"BreadcrumbList\",\"@id\":\"https:\/\/www.visit-ulcinj.com\/blog\/2008\/02\/25\/bashkimi-demokratik-i-shqiptareve-ne-mal-te-zi-pergezon-popullin-e-kosoves-me-rastin-e-shpalljes-se-pavaresise\/#breadcrumb\",\"itemListElement\":[{\"@type\":\"ListItem\",\"position\":1,\"name\":\"Bashkimi Demokratik i Shqiptar\u00ebve n\u00eb Mal t\u00eb Zi p\u00ebrg\u00ebzon popullin e Kosov\u00ebs me rastin e shpalljes s\u00eb pavar\u00ebsis\u00eb\"}]},{\"@type\":\"Person\",\"@id\":\"https:\/\/www.visit-ulcinj.com\/blog\/#\/schema\/person\/dcab619c614d3038751c63bc2aadc06d\",\"name\":\"ulqini\",\"sameAs\":[\"http:\/\/www.visit-ulcinj.com\"],\"url\":\"https:\/\/www.visit-ulcinj.com\/blog\/author\/admin\/\"}]}<\/script>\n<!-- \/ Yoast SEO plugin. -->","yoast_head_json":{"title":"Bashkimi Demokratik i Shqiptar\u00ebve n\u00eb Mal t\u00eb Zi p\u00ebrg\u00ebzon popullin e Kosov\u00ebs me rastin e shpalljes s\u00eb pavar\u00ebsis\u00eb - Lajme nga Ulqini","robots":{"index":"index","follow":"follow","max-snippet":"max-snippet:-1","max-image-preview":"max-image-preview:large","max-video-preview":"max-video-preview:-1"},"canonical":"https:\/\/www.visit-ulcinj.com\/blog\/2008\/02\/25\/bashkimi-demokratik-i-shqiptareve-ne-mal-te-zi-pergezon-popullin-e-kosoves-me-rastin-e-shpalljes-se-pavaresise\/","og_locale":"en_US","og_type":"article","og_title":"Bashkimi Demokratik i Shqiptar\u00ebve n\u00eb Mal t\u00eb Zi p\u00ebrg\u00ebzon popullin e Kosov\u00ebs me rastin e shpalljes s\u00eb pavar\u00ebsis\u00eb - Lajme nga Ulqini","og_url":"https:\/\/www.visit-ulcinj.com\/blog\/2008\/02\/25\/bashkimi-demokratik-i-shqiptareve-ne-mal-te-zi-pergezon-popullin-e-kosoves-me-rastin-e-shpalljes-se-pavaresise\/","og_site_name":"Lajme nga Ulqini","article_published_time":"2008-02-25T18:30:34+00:00","article_modified_time":"2008-02-26T16:44:46+00:00","og_image":[{"url":"http:\/\/www.visit-ulcinj.com\/blog\/wp-content\/uploads\/2008\/02\/koalicionishqiptar-2.jpg"}],"twitter_misc":{"Written by":"ulqini","Est. reading time":"1 minute"},"schema":{"@context":"https:\/\/schema.org","@graph":[{"@type":"WebSite","@id":"https:\/\/www.visit-ulcinj.com\/blog\/#website","url":"https:\/\/www.visit-ulcinj.com\/blog\/","name":"Lajme nga Ulqini","description":"Lajme,Vijesti,Ulqini,Ulqin,Crna Gora,Mali i Zi","potentialAction":[{"@type":"SearchAction","target":{"@type":"EntryPoint","urlTemplate":"https:\/\/www.visit-ulcinj.com\/blog\/?s={search_term_string}"},"query-input":"required name=search_term_string"}],"inLanguage":"en-US"},{"@type":"ImageObject","inLanguage":"en-US","@id":"https:\/\/www.visit-ulcinj.com\/blog\/2008\/02\/25\/bashkimi-demokratik-i-shqiptareve-ne-mal-te-zi-pergezon-popullin-e-kosoves-me-rastin-e-shpalljes-se-pavaresise\/#primaryimage","url":"http:\/\/www.visit-ulcinj.com\/blog\/wp-content\/uploads\/2008\/02\/koalicionishqiptar-2.jpg","contentUrl":"http:\/\/www.visit-ulcinj.com\/blog\/wp-content\/uploads\/2008\/02\/koalicionishqiptar-2.jpg"},{"@type":"WebPage","@id":"https:\/\/www.visit-ulcinj.com\/blog\/2008\/02\/25\/bashkimi-demokratik-i-shqiptareve-ne-mal-te-zi-pergezon-popullin-e-kosoves-me-rastin-e-shpalljes-se-pavaresise\/#webpage","url":"https:\/\/www.visit-ulcinj.com\/blog\/2008\/02\/25\/bashkimi-demokratik-i-shqiptareve-ne-mal-te-zi-pergezon-popullin-e-kosoves-me-rastin-e-shpalljes-se-pavaresise\/","name":"Bashkimi Demokratik i Shqiptar\u00ebve n\u00eb Mal t\u00eb Zi p\u00ebrg\u00ebzon popullin e Kosov\u00ebs me rastin e shpalljes s\u00eb pavar\u00ebsis\u00eb - Lajme nga Ulqini","isPartOf":{"@id":"https:\/\/www.visit-ulcinj.com\/blog\/#website"},"primaryImageOfPage":{"@id":"https:\/\/www.visit-ulcinj.com\/blog\/2008\/02\/25\/bashkimi-demokratik-i-shqiptareve-ne-mal-te-zi-pergezon-popullin-e-kosoves-me-rastin-e-shpalljes-se-pavaresise\/#primaryimage"},"datePublished":"2008-02-25T18:30:34+00:00","dateModified":"2008-02-26T16:44:46+00:00","author":{"@id":"https:\/\/www.visit-ulcinj.com\/blog\/#\/schema\/person\/dcab619c614d3038751c63bc2aadc06d"},"breadcrumb":{"@id":"https:\/\/www.visit-ulcinj.com\/blog\/2008\/02\/25\/bashkimi-demokratik-i-shqiptareve-ne-mal-te-zi-pergezon-popullin-e-kosoves-me-rastin-e-shpalljes-se-pavaresise\/#breadcrumb"},"inLanguage":"en-US","potentialAction":[{"@type":"ReadAction","target":["https:\/\/www.visit-ulcinj.com\/blog\/2008\/02\/25\/bashkimi-demokratik-i-shqiptareve-ne-mal-te-zi-pergezon-popullin-e-kosoves-me-rastin-e-shpalljes-se-pavaresise\/"]}]},{"@type":"BreadcrumbList","@id":"https:\/\/www.visit-ulcinj.com\/blog\/2008\/02\/25\/bashkimi-demokratik-i-shqiptareve-ne-mal-te-zi-pergezon-popullin-e-kosoves-me-rastin-e-shpalljes-se-pavaresise\/#breadcrumb","itemListElement":[{"@type":"ListItem","position":1,"name":"Bashkimi Demokratik i Shqiptar\u00ebve n\u00eb Mal t\u00eb Zi p\u00ebrg\u00ebzon popullin e Kosov\u00ebs me rastin e shpalljes s\u00eb pavar\u00ebsis\u00eb"}]},{"@type":"Person","@id":"https:\/\/www.visit-ulcinj.com\/blog\/#\/schema\/person\/dcab619c614d3038751c63bc2aadc06d","name":"ulqini","sameAs":["http:\/\/www.visit-ulcinj.com"],"url":"https:\/\/www.visit-ulcinj.com\/blog\/author\/admin\/"}]}},"jetpack_featured_media_url":"","jetpack_sharing_enabled":true,"jetpack_shortlink":"https:\/\/wp.me\/pe6lTn-al","_links":{"self":[{"href":"https:\/\/www.visit-ulcinj.com\/blog\/wp-json\/wp\/v2\/posts\/641"}],"collection":[{"href":"https:\/\/www.visit-ulcinj.com\/blog\/wp-json\/wp\/v2\/posts"}],"about":[{"href":"https:\/\/www.visit-ulcinj.com\/blog\/wp-json\/wp\/v2\/types\/post"}],"author":[{"embeddable":true,"href":"https:\/\/www.visit-ulcinj.com\/blog\/wp-json\/wp\/v2\/users\/1"}],"replies":[{"embeddable":true,"href":"https:\/\/www.visit-ulcinj.com\/blog\/wp-json\/wp\/v2\/comments?post=641"}],"version-history":[{"count":0,"href":"https:\/\/www.visit-ulcinj.com\/blog\/wp-json\/wp\/v2\/posts\/641\/revisions"}],"wp:attachment":[{"href":"https:\/\/www.visit-ulcinj.com\/blog\/wp-json\/wp\/v2\/media?parent=641"}],"wp:term":[{"taxonomy":"category","embeddable":true,"href":"https:\/\/www.visit-ulcinj.com\/blog\/wp-json\/wp\/v2\/categories?post=641"},{"taxonomy":"post_tag","embeddable":true,"href":"https:\/\/www.visit-ulcinj.com\/blog\/wp-json\/wp\/v2\/tags?post=641"}],"curies":[{"name":"wp","href":"https:\/\/api.w.org\/{rel}","templated":true}]}}